{"id":8820,"date":"2019-05-30T06:30:36","date_gmt":"2019-05-30T10:30:36","guid":{"rendered":"https:\/\/lepetitseptieme.ca\/?p=8820"},"modified":"2024-08-02T15:41:26","modified_gmt":"2024-08-02T19:41:26","slug":"une-colonie-back-to-school","status":"publish","type":"post","link":"https:\/\/lepetitseptieme.ca\/en\/2019\/05\/30\/une-colonie-back-to-school\/","title":{"rendered":"Une colonie \u2013 Back to School"},"content":{"rendered":"<p><span style=\"font-weight: 400;\"><img loading=\"lazy\" decoding=\"async\" class=\"alignleft wp-image-8811\" src=\"https:\/\/lepetitseptieme.ca\/wp-content\/uploads\/2019\/05\/Une-colonie-affiche.jpeg\" alt=\"Une colonie - poster\" width=\"150\" height=\"233\" \/>Why is this article not available in English?<\/span><\/p>\n<p><span style=\"font-weight: 400;\">Unfortunately, we do not have the necessary financial support to provide a good translation of each of our texts.<\/span><\/p>\n<p><span style=\"font-weight: 400;\">Support us by purchasing one of <\/span><a href=\"https:\/\/lepetitseptieme.ca\/en\/store\/\"><span style=\"font-weight: 400;\">our products<\/span><\/a><span style=\"font-weight: 400;\"> or with <\/span><a href=\"https:\/\/lepetitseptieme.ca\/en\/produit\/donation\/\"><span style=\"font-weight: 400;\">a $1 donation<\/span><\/a><span style=\"font-weight: 400;\"> so we can make it!<\/span><\/p>\n<p><span style=\"font-weight: 400;\">You can still watch the trailer&#8230;<\/span><\/p>\n<p>&nbsp;<\/p>\n<div class=\"ast-oembed-container \" style=\"height: 100%;\"><iframe loading=\"lazy\" title=\"UNE COLONIE- un film de Genevi\u00e8ve Dulude-De Celles (La bande-Annonce) En salle le 1er f\u00e9vrier\" src=\"https:\/\/player.vimeo.com\/video\/307332198?dnt=1&amp;app_id=122963\" width=\"500\" height=\"281\" frameborder=\"0\" allow=\"autoplay; fullscreen; picture-in-picture; clipboard-write\"><\/iframe><\/div>\n","protected":false},"excerpt":{"rendered":"<p>Why is this article not available in English? Unfortunately, we do not have the necessary financial support to provide a good translation of each of our texts. Support us by purchasing one of our products or with a $1 donation so we can make it! You can still watch the trailer&#8230; &nbsp;<\/p>\n","protected":false},"author":2,"featured_media":8812,"comment_status":"open","ping_status":"open","sticky":false,"template":"","format":"standard","meta":{"_acf_changed":false,"site-sidebar-layout":"default","site-content-layout":"","ast-site-content-layout":"default","site-content-style":"default","site-sidebar-style":"default","ast-global-header-display":"","ast-banner-title-visibility":"","ast-main-header-display":"","ast-hfb-above-header-display":"","ast-hfb-below-header-display":"","ast-hfb-mobile-header-display":"","site-post-title":"","ast-breadcrumbs-content":"","ast-featured-img":"","footer-sml-layout":"","ast-disable-related-posts":"","theme-transparent-header-meta":"","adv-header-id-meta":"","stick-header-meta":"","header-above-stick-meta":"","header-main-stick-meta":"","header-below-stick-meta":"","astra-migrate-meta-layouts":"default","ast-page-background-enabled":"default","ast-page-background-meta":{"desktop":{"background-color":"var(--ast-global-color-4)","background-image":"","background-repeat":"repeat","background-position":"center center","background-size":"auto","background-attachment":"scroll","background-type":"","background-media":"","overlay-type":"","overlay-color":"","overlay-opacity":"","overlay-gradient":""},"tablet":{"background-color":"","background-image":"","background-repeat":"repeat","background-position":"center center","background-size":"auto","background-attachment":"scroll","background-type":"","background-media":"","overlay-type":"","overlay-color":"","overlay-opacity":"","overlay-gradient":""},"mobile":{"background-color":"","background-image":"","background-repeat":"repeat","background-position":"center center","background-size":"auto","background-attachment":"scroll","background-type":"","background-media":"","overlay-type":"","overlay-color":"","overlay-opacity":"","overlay-gradient":""}},"ast-content-background-meta":{"desktop":{"background-color":"var(--ast-global-color-5)","background-image":"","background-repeat":"repeat","background-position":"center center","background-size":"auto","background-attachment":"scroll","background-type":"","background-media":"","overlay-type":"","overlay-color":"","overlay-opacity":"","overlay-gradient":""},"tablet":{"background-color":"var(--ast-global-color-5)","background-image":"","background-repeat":"repeat","background-position":"center center","background-size":"auto","background-attachment":"scroll","background-type":"","background-media":"","overlay-type":"","overlay-color":"","overlay-opacity":"","overlay-gradient":""},"mobile":{"background-color":"var(--ast-global-color-5)","background-image":"","background-repeat":"repeat","background-position":"center center","background-size":"auto","background-attachment":"scroll","background-type":"","background-media":"","overlay-type":"","overlay-color":"","overlay-opacity":"","overlay-gradient":""}},"footnotes":""},"categories":[5162,5522],"tags":[6211,7653,7655,7657,7659],"class_list":["post-8820","post","type-post","status-publish","format-standard","has-post-thumbnail","hentry","category-news","category-quebecers-films","tag-adolescence-en","tag-emilie-bierre-en","tag-genevieve-dulude-de-celles-en","tag-noemie-godin-vigneau-en","tag-robin-aubert-en"],"acf":[],"yoast_head":"<!-- This site is optimized with the Yoast SEO plugin v27.1.1 - https:\/\/yoast.com\/product\/yoast-seo-wordpress\/ -->\n<title>Une colonie \u2013 Back to School - Le petit septi\u00e8me<\/title>\n<meta name=\"description\" content=\"With Une colonie, Genevi\u00e8ve Dulude-De Celles examines the difficulties associated with early adolescence and the changes that come with it. A film that has toured the world and is named in the category of best film at the 2019 Quebec Cinema Gala.\" \/>\n<meta name=\"robots\" content=\"index, follow, max-snippet:-1, max-image-preview:large, max-video-preview:-1\" \/>\n<link rel=\"canonical\" href=\"https:\/\/lepetitseptieme.ca\/en\/2019\/05\/30\/une-colonie-back-to-school\/\" \/>\n<meta property=\"og:locale\" content=\"en_US\" \/>\n<meta property=\"og:type\" content=\"article\" \/>\n<meta property=\"og:title\" content=\"Une colonie \u2013 Back to School - Le petit septi\u00e8me\" \/>\n<meta property=\"og:description\" content=\"Avec Une colonie, Genevi\u00e8ve Dulude-De Celles se penche sur les difficult\u00e9s reli\u00e9es au d\u00e9but de l\u2019adolescence et aux changements qui s\u2019y rattachent. Un film qui a fait le tour du monde et qui est nomm\u00e9 dans la cat\u00e9gorie du meilleur film au gala Qu\u00e9bec Cin\u00e9ma 2019.\" \/>\n<meta property=\"og:url\" content=\"https:\/\/lepetitseptieme.ca\/en\/2019\/05\/30\/une-colonie-back-to-school\/\" \/>\n<meta property=\"og:site_name\" content=\"Le petit septi\u00e8me\" \/>\n<meta property=\"article:publisher\" content=\"https:\/\/www.facebook.com\/pages\/Le-Petit-Septi%c3%a8me\/494448933948121?ref=hl\" \/>\n<meta property=\"article:author\" content=\"https:\/\/www.facebook.com\/FGrondinArt\/\" \/>\n<meta property=\"article:published_time\" content=\"2019-05-30T10:30:36+00:00\" \/>\n<meta property=\"article:modified_time\" content=\"2024-08-02T19:41:26+00:00\" \/>\n<meta property=\"og:image\" content=\"https:\/\/lepetitseptieme.ca\/wp-content\/uploads\/2019\/05\/Une-colonie-Une.jpg\" \/>\n\t<meta property=\"og:image:width\" content=\"1920\" \/>\n\t<meta property=\"og:image:height\" content=\"1080\" \/>\n\t<meta property=\"og:image:type\" content=\"image\/jpeg\" \/>\n<meta name=\"author\" content=\"Francois Grondin\" \/>\n<meta name=\"twitter:card\" content=\"summary_large_image\" \/>\n<meta name=\"twitter:creator\" content=\"@fgrondin1221\" \/>\n<meta name=\"twitter:site\" content=\"@LePetitSeptieme\" \/>\n<meta name=\"twitter:label1\" content=\"Written by\" \/>\n\t<meta name=\"twitter:data1\" content=\"Francois Grondin\" \/>\n<script type=\"application\/ld+json\" class=\"yoast-schema-graph\">{\"@context\":\"https:\/\/schema.org\",\"@graph\":[{\"@type\":\"Article\",\"@id\":\"https:\/\/lepetitseptieme.ca\/en\/2019\/05\/30\/une-colonie-back-to-school\/#article\",\"isPartOf\":{\"@id\":\"https:\/\/lepetitseptieme.ca\/en\/2019\/05\/30\/une-colonie-back-to-school\/\"},\"author\":{\"name\":\"Francois Grondin\",\"@id\":\"https:\/\/lepetitseptieme.ca\/en\/#\/schema\/person\/12a0b9476b07b0f9a7cc8a82db87e8af\"},\"headline\":\"Une colonie \u2013 Back to School\",\"datePublished\":\"2019-05-30T10:30:36+00:00\",\"dateModified\":\"2024-08-02T19:41:26+00:00\",\"mainEntityOfPage\":{\"@id\":\"https:\/\/lepetitseptieme.ca\/en\/2019\/05\/30\/une-colonie-back-to-school\/\"},\"wordCount\":59,\"commentCount\":0,\"publisher\":{\"@id\":\"https:\/\/lepetitseptieme.ca\/en\/#organization\"},\"image\":{\"@id\":\"https:\/\/lepetitseptieme.ca\/en\/2019\/05\/30\/une-colonie-back-to-school\/#primaryimage\"},\"thumbnailUrl\":\"https:\/\/lepetitseptieme.ca\/wp-content\/uploads\/2019\/05\/Une-colonie-Une.jpg\",\"keywords\":[\"adolescence\",\"\u00c9milie Bierre\",\"Genevi\u00e8ve Dulude-De Celles\",\"No\u00e9mie Godin-Vigneau\",\"Robin Aubert\"],\"articleSection\":[\"News\",\"Quebecers movies\"],\"inLanguage\":\"en-US\",\"potentialAction\":[{\"@type\":\"CommentAction\",\"name\":\"Comment\",\"target\":[\"https:\/\/lepetitseptieme.ca\/en\/2019\/05\/30\/une-colonie-back-to-school\/#respond\"]}]},{\"@type\":\"WebPage\",\"@id\":\"https:\/\/lepetitseptieme.ca\/en\/2019\/05\/30\/une-colonie-back-to-school\/\",\"url\":\"https:\/\/lepetitseptieme.ca\/en\/2019\/05\/30\/une-colonie-back-to-school\/\",\"name\":\"Une colonie \u2013 Back to School - Le petit septi\u00e8me\",\"isPartOf\":{\"@id\":\"https:\/\/lepetitseptieme.ca\/en\/#website\"},\"primaryImageOfPage\":{\"@id\":\"https:\/\/lepetitseptieme.ca\/en\/2019\/05\/30\/une-colonie-back-to-school\/#primaryimage\"},\"image\":{\"@id\":\"https:\/\/lepetitseptieme.ca\/en\/2019\/05\/30\/une-colonie-back-to-school\/#primaryimage\"},\"thumbnailUrl\":\"https:\/\/lepetitseptieme.ca\/wp-content\/uploads\/2019\/05\/Une-colonie-Une.jpg\",\"datePublished\":\"2019-05-30T10:30:36+00:00\",\"dateModified\":\"2024-08-02T19:41:26+00:00\",\"description\":\"With Une colonie, Genevi\u00e8ve Dulude-De Celles examines the difficulties associated with early adolescence and the changes that come with it. A film that has toured the world and is named in the category of best film at the 2019 Quebec Cinema Gala.\",\"breadcrumb\":{\"@id\":\"https:\/\/lepetitseptieme.ca\/en\/2019\/05\/30\/une-colonie-back-to-school\/#breadcrumb\"},\"inLanguage\":\"en-US\",\"potentialAction\":[{\"@type\":\"ReadAction\",\"target\":[\"https:\/\/lepetitseptieme.ca\/en\/2019\/05\/30\/une-colonie-back-to-school\/\"]}]},{\"@type\":\"ImageObject\",\"inLanguage\":\"en-US\",\"@id\":\"https:\/\/lepetitseptieme.ca\/en\/2019\/05\/30\/une-colonie-back-to-school\/#primaryimage\",\"url\":\"https:\/\/lepetitseptieme.ca\/wp-content\/uploads\/2019\/05\/Une-colonie-Une.jpg\",\"contentUrl\":\"https:\/\/lepetitseptieme.ca\/wp-content\/uploads\/2019\/05\/Une-colonie-Une.jpg\",\"width\":1920,\"height\":1080,\"caption\":\"Une colonie - Une critique de Fran\u00e7ois Grondin\"},{\"@type\":\"BreadcrumbList\",\"@id\":\"https:\/\/lepetitseptieme.ca\/en\/2019\/05\/30\/une-colonie-back-to-school\/#breadcrumb\",\"itemListElement\":[{\"@type\":\"ListItem\",\"position\":1,\"name\":\"Home\",\"item\":\"https:\/\/lepetitseptieme.ca\/en\/\"},{\"@type\":\"ListItem\",\"position\":2,\"name\":\"Une colonie \u2013 Back to School\"}]},{\"@type\":\"WebSite\",\"@id\":\"https:\/\/lepetitseptieme.ca\/en\/#website\",\"url\":\"https:\/\/lepetitseptieme.ca\/en\/\",\"name\":\"Le petit septi\u00e8me\",\"description\":\"Reviews and comments on Quebec, international and author cinema\",\"publisher\":{\"@id\":\"https:\/\/lepetitseptieme.ca\/en\/#organization\"},\"potentialAction\":[{\"@type\":\"SearchAction\",\"target\":{\"@type\":\"EntryPoint\",\"urlTemplate\":\"https:\/\/lepetitseptieme.ca\/en\/?s={search_term_string}\"},\"query-input\":{\"@type\":\"PropertyValueSpecification\",\"valueRequired\":true,\"valueName\":\"search_term_string\"}}],\"inLanguage\":\"en-US\"},{\"@type\":\"Organization\",\"@id\":\"https:\/\/lepetitseptieme.ca\/en\/#organization\",\"name\":\"Le Petit Septi\u00e8me\",\"url\":\"https:\/\/lepetitseptieme.ca\/en\/\",\"logo\":{\"@type\":\"ImageObject\",\"inLanguage\":\"en-US\",\"@id\":\"https:\/\/lepetitseptieme.ca\/en\/#\/schema\/logo\/image\/\",\"url\":\"https:\/\/lepetitseptieme.ca\/wp-content\/uploads\/2016\/05\/cropped-Logo-Le-Petit-Septi\u00e8me-2016-BW.png\",\"contentUrl\":\"https:\/\/lepetitseptieme.ca\/wp-content\/uploads\/2016\/05\/cropped-Logo-Le-Petit-Septi\u00e8me-2016-BW.png\",\"width\":512,\"height\":512,\"caption\":\"Le Petit Septi\u00e8me\"},\"image\":{\"@id\":\"https:\/\/lepetitseptieme.ca\/en\/#\/schema\/logo\/image\/\"},\"sameAs\":[\"https:\/\/www.facebook.com\/pages\/Le-Petit-Septi\u00e8me\/494448933948121?ref=hl\",\"https:\/\/x.com\/LePetitSeptieme\",\"https:\/\/www.youtube.com\/channel\/UC5mdhI_jJvDN1I9fkk5RcIw\"]},{\"@type\":\"Person\",\"@id\":\"https:\/\/lepetitseptieme.ca\/en\/#\/schema\/person\/12a0b9476b07b0f9a7cc8a82db87e8af\",\"name\":\"Francois Grondin\",\"image\":{\"@type\":\"ImageObject\",\"inLanguage\":\"en-US\",\"@id\":\"https:\/\/lepetitseptieme.ca\/en\/#\/schema\/person\/image\/\",\"url\":\"https:\/\/secure.gravatar.com\/avatar\/cbc7d427b20502f8a471e632a3ac28d3200b0a6f80a7e6d8056f088f651d3888?s=96&d=mm&r=r\",\"contentUrl\":\"https:\/\/secure.gravatar.com\/avatar\/cbc7d427b20502f8a471e632a3ac28d3200b0a6f80a7e6d8056f088f651d3888?s=96&d=mm&r=r\",\"caption\":\"Francois Grondin\"},\"description\":\"Sp\u00e9cialiste en cin\u00e9ma international et en communication num\u00e9rique, cin\u00e9aste, photographe et passionn\u00e9 de cin\u00e9ma italien et japonais. Membre du jury pour le festival FICMAN et le SIFA Festival 2022 et, bien s\u00fbr, fier papa de 2!\",\"sameAs\":[\"https:\/\/lepetitseptieme.ca\",\"https:\/\/www.facebook.com\/FGrondinArt\/\",\"https:\/\/www.linkedin.com\/in\/francois-grondin-05895816\/\",\"https:\/\/x.com\/fgrondin1221\"],\"url\":\"https:\/\/lepetitseptieme.ca\/en\/author\/francois\/\"}]}<\/script>\n<!-- \/ Yoast SEO plugin. -->","yoast_head_json":{"title":"Une colonie \u2013 Back to School - Le petit septi\u00e8me","description":"With Une colonie, Genevi\u00e8ve Dulude-De Celles examines the difficulties associated with early adolescence and the changes that come with it. A film that has toured the world and is named in the category of best film at the 2019 Quebec Cinema Gala.","robots":{"index":"index","follow":"follow","max-snippet":"max-snippet:-1","max-image-preview":"max-image-preview:large","max-video-preview":"max-video-preview:-1"},"canonical":"https:\/\/lepetitseptieme.ca\/en\/2019\/05\/30\/une-colonie-back-to-school\/","og_locale":"en_US","og_type":"article","og_title":"Une colonie \u2013 Back to School - Le petit septi\u00e8me","og_description":"Avec Une colonie, Genevi\u00e8ve Dulude-De Celles se penche sur les difficult\u00e9s reli\u00e9es au d\u00e9but de l\u2019adolescence et aux changements qui s\u2019y rattachent. Un film qui a fait le tour du monde et qui est nomm\u00e9 dans la cat\u00e9gorie du meilleur film au gala Qu\u00e9bec Cin\u00e9ma 2019.","og_url":"https:\/\/lepetitseptieme.ca\/en\/2019\/05\/30\/une-colonie-back-to-school\/","og_site_name":"Le petit septi\u00e8me","article_publisher":"https:\/\/www.facebook.com\/pages\/Le-Petit-Septi%c3%a8me\/494448933948121?ref=hl","article_author":"https:\/\/www.facebook.com\/FGrondinArt\/","article_published_time":"2019-05-30T10:30:36+00:00","article_modified_time":"2024-08-02T19:41:26+00:00","og_image":[{"width":1920,"height":1080,"url":"https:\/\/lepetitseptieme.ca\/wp-content\/uploads\/2019\/05\/Une-colonie-Une.jpg","type":"image\/jpeg"}],"author":"Francois Grondin","twitter_card":"summary_large_image","twitter_creator":"@fgrondin1221","twitter_site":"@LePetitSeptieme","twitter_misc":{"Written by":"Francois Grondin"},"schema":{"@context":"https:\/\/schema.org","@graph":[{"@type":"Article","@id":"https:\/\/lepetitseptieme.ca\/en\/2019\/05\/30\/une-colonie-back-to-school\/#article","isPartOf":{"@id":"https:\/\/lepetitseptieme.ca\/en\/2019\/05\/30\/une-colonie-back-to-school\/"},"author":{"name":"Francois Grondin","@id":"https:\/\/lepetitseptieme.ca\/en\/#\/schema\/person\/12a0b9476b07b0f9a7cc8a82db87e8af"},"headline":"Une colonie \u2013 Back to School","datePublished":"2019-05-30T10:30:36+00:00","dateModified":"2024-08-02T19:41:26+00:00","mainEntityOfPage":{"@id":"https:\/\/lepetitseptieme.ca\/en\/2019\/05\/30\/une-colonie-back-to-school\/"},"wordCount":59,"commentCount":0,"publisher":{"@id":"https:\/\/lepetitseptieme.ca\/en\/#organization"},"image":{"@id":"https:\/\/lepetitseptieme.ca\/en\/2019\/05\/30\/une-colonie-back-to-school\/#primaryimage"},"thumbnailUrl":"https:\/\/lepetitseptieme.ca\/wp-content\/uploads\/2019\/05\/Une-colonie-Une.jpg","keywords":["adolescence","\u00c9milie Bierre","Genevi\u00e8ve Dulude-De Celles","No\u00e9mie Godin-Vigneau","Robin Aubert"],"articleSection":["News","Quebecers movies"],"inLanguage":"en-US","potentialAction":[{"@type":"CommentAction","name":"Comment","target":["https:\/\/lepetitseptieme.ca\/en\/2019\/05\/30\/une-colonie-back-to-school\/#respond"]}]},{"@type":"WebPage","@id":"https:\/\/lepetitseptieme.ca\/en\/2019\/05\/30\/une-colonie-back-to-school\/","url":"https:\/\/lepetitseptieme.ca\/en\/2019\/05\/30\/une-colonie-back-to-school\/","name":"Une colonie \u2013 Back to School - Le petit septi\u00e8me","isPartOf":{"@id":"https:\/\/lepetitseptieme.ca\/en\/#website"},"primaryImageOfPage":{"@id":"https:\/\/lepetitseptieme.ca\/en\/2019\/05\/30\/une-colonie-back-to-school\/#primaryimage"},"image":{"@id":"https:\/\/lepetitseptieme.ca\/en\/2019\/05\/30\/une-colonie-back-to-school\/#primaryimage"},"thumbnailUrl":"https:\/\/lepetitseptieme.ca\/wp-content\/uploads\/2019\/05\/Une-colonie-Une.jpg","datePublished":"2019-05-30T10:30:36+00:00","dateModified":"2024-08-02T19:41:26+00:00","description":"With Une colonie, Genevi\u00e8ve Dulude-De Celles examines the difficulties associated with early adolescence and the changes that come with it. A film that has toured the world and is named in the category of best film at the 2019 Quebec Cinema Gala.","breadcrumb":{"@id":"https:\/\/lepetitseptieme.ca\/en\/2019\/05\/30\/une-colonie-back-to-school\/#breadcrumb"},"inLanguage":"en-US","potentialAction":[{"@type":"ReadAction","target":["https:\/\/lepetitseptieme.ca\/en\/2019\/05\/30\/une-colonie-back-to-school\/"]}]},{"@type":"ImageObject","inLanguage":"en-US","@id":"https:\/\/lepetitseptieme.ca\/en\/2019\/05\/30\/une-colonie-back-to-school\/#primaryimage","url":"https:\/\/lepetitseptieme.ca\/wp-content\/uploads\/2019\/05\/Une-colonie-Une.jpg","contentUrl":"https:\/\/lepetitseptieme.ca\/wp-content\/uploads\/2019\/05\/Une-colonie-Une.jpg","width":1920,"height":1080,"caption":"Une colonie - Une critique de Fran\u00e7ois Grondin"},{"@type":"BreadcrumbList","@id":"https:\/\/lepetitseptieme.ca\/en\/2019\/05\/30\/une-colonie-back-to-school\/#breadcrumb","itemListElement":[{"@type":"ListItem","position":1,"name":"Home","item":"https:\/\/lepetitseptieme.ca\/en\/"},{"@type":"ListItem","position":2,"name":"Une colonie \u2013 Back to School"}]},{"@type":"WebSite","@id":"https:\/\/lepetitseptieme.ca\/en\/#website","url":"https:\/\/lepetitseptieme.ca\/en\/","name":"Le petit septi\u00e8me","description":"Reviews and comments on Quebec, international and author cinema","publisher":{"@id":"https:\/\/lepetitseptieme.ca\/en\/#organization"},"potentialAction":[{"@type":"SearchAction","target":{"@type":"EntryPoint","urlTemplate":"https:\/\/lepetitseptieme.ca\/en\/?s={search_term_string}"},"query-input":{"@type":"PropertyValueSpecification","valueRequired":true,"valueName":"search_term_string"}}],"inLanguage":"en-US"},{"@type":"Organization","@id":"https:\/\/lepetitseptieme.ca\/en\/#organization","name":"Le Petit Septi\u00e8me","url":"https:\/\/lepetitseptieme.ca\/en\/","logo":{"@type":"ImageObject","inLanguage":"en-US","@id":"https:\/\/lepetitseptieme.ca\/en\/#\/schema\/logo\/image\/","url":"https:\/\/lepetitseptieme.ca\/wp-content\/uploads\/2016\/05\/cropped-Logo-Le-Petit-Septi\u00e8me-2016-BW.png","contentUrl":"https:\/\/lepetitseptieme.ca\/wp-content\/uploads\/2016\/05\/cropped-Logo-Le-Petit-Septi\u00e8me-2016-BW.png","width":512,"height":512,"caption":"Le Petit Septi\u00e8me"},"image":{"@id":"https:\/\/lepetitseptieme.ca\/en\/#\/schema\/logo\/image\/"},"sameAs":["https:\/\/www.facebook.com\/pages\/Le-Petit-Septi\u00e8me\/494448933948121?ref=hl","https:\/\/x.com\/LePetitSeptieme","https:\/\/www.youtube.com\/channel\/UC5mdhI_jJvDN1I9fkk5RcIw"]},{"@type":"Person","@id":"https:\/\/lepetitseptieme.ca\/en\/#\/schema\/person\/12a0b9476b07b0f9a7cc8a82db87e8af","name":"Francois Grondin","image":{"@type":"ImageObject","inLanguage":"en-US","@id":"https:\/\/lepetitseptieme.ca\/en\/#\/schema\/person\/image\/","url":"https:\/\/secure.gravatar.com\/avatar\/cbc7d427b20502f8a471e632a3ac28d3200b0a6f80a7e6d8056f088f651d3888?s=96&d=mm&r=r","contentUrl":"https:\/\/secure.gravatar.com\/avatar\/cbc7d427b20502f8a471e632a3ac28d3200b0a6f80a7e6d8056f088f651d3888?s=96&d=mm&r=r","caption":"Francois Grondin"},"description":"Sp\u00e9cialiste en cin\u00e9ma international et en communication num\u00e9rique, cin\u00e9aste, photographe et passionn\u00e9 de cin\u00e9ma italien et japonais. Membre du jury pour le festival FICMAN et le SIFA Festival 2022 et, bien s\u00fbr, fier papa de 2!","sameAs":["https:\/\/lepetitseptieme.ca","https:\/\/www.facebook.com\/FGrondinArt\/","https:\/\/www.linkedin.com\/in\/francois-grondin-05895816\/","https:\/\/x.com\/fgrondin1221"],"url":"https:\/\/lepetitseptieme.ca\/en\/author\/francois\/"}]}},"_links":{"self":[{"href":"https:\/\/lepetitseptieme.ca\/en\/wp-json\/wp\/v2\/posts\/8820","targetHints":{"allow":["GET"]}}],"collection":[{"href":"https:\/\/lepetitseptieme.ca\/en\/wp-json\/wp\/v2\/posts"}],"about":[{"href":"https:\/\/lepetitseptieme.ca\/en\/wp-json\/wp\/v2\/types\/post"}],"author":[{"embeddable":true,"href":"https:\/\/lepetitseptieme.ca\/en\/wp-json\/wp\/v2\/users\/2"}],"replies":[{"embeddable":true,"href":"https:\/\/lepetitseptieme.ca\/en\/wp-json\/wp\/v2\/comments?post=8820"}],"version-history":[{"count":1,"href":"https:\/\/lepetitseptieme.ca\/en\/wp-json\/wp\/v2\/posts\/8820\/revisions"}],"predecessor-version":[{"id":46720,"href":"https:\/\/lepetitseptieme.ca\/en\/wp-json\/wp\/v2\/posts\/8820\/revisions\/46720"}],"wp:featuredmedia":[{"embeddable":true,"href":"https:\/\/lepetitseptieme.ca\/en\/wp-json\/wp\/v2\/media\/8812"}],"wp:attachment":[{"href":"https:\/\/lepetitseptieme.ca\/en\/wp-json\/wp\/v2\/media?parent=8820"}],"wp:term":[{"taxonomy":"category","embeddable":true,"href":"https:\/\/lepetitseptieme.ca\/en\/wp-json\/wp\/v2\/categories?post=8820"},{"taxonomy":"post_tag","embeddable":true,"href":"https:\/\/lepetitseptieme.ca\/en\/wp-json\/wp\/v2\/tags?post=8820"}],"curies":[{"name":"wp","href":"https:\/\/api.w.org\/{rel}","templated":true}]}}