{"id":8809,"date":"2019-06-10T06:30:21","date_gmt":"2019-06-10T10:30:21","guid":{"rendered":"https:\/\/lepetitseptieme.ca\/?p=8809"},"modified":"2021-11-05T21:37:59","modified_gmt":"2021-11-06T01:37:59","slug":"the-light-within-dolomites-the-rocks-shimmering","status":"publish","type":"post","link":"https:\/\/lepetitseptieme.ca\/en\/2019\/06\/10\/the-light-within-dolomites-the-rocks-shimmering\/","title":{"rendered":"The Light within Dolomites \u2013 The rock\u2019s shimmering"},"content":{"rendered":"<p style=\"text-align: justify;\"><span style=\"font-weight: 400;\">Can mountains shine on their own? A time lapse journey chasing the unique light of Dolomites, showing how it changes in different conditions and times.<\/span><\/p>\n<figure id=\"attachment_8796\" aria-describedby=\"caption-attachment-8796\" style=\"width: 226px\" class=\"wp-caption alignleft\"><img loading=\"lazy\" decoding=\"async\" class=\"wp-image-8796\" src=\"https:\/\/lepetitseptieme.ca\/wp-content\/uploads\/2019\/05\/Dolomites_chapeau-300x199.jpg\" alt=\"Dolomites - intro\" width=\"226\" height=\"150\" srcset=\"https:\/\/lepetitseptieme.ca\/wp-content\/uploads\/2019\/05\/Dolomites_chapeau-300x199.jpg 300w, https:\/\/lepetitseptieme.ca\/wp-content\/uploads\/2019\/05\/Dolomites_chapeau-768x510.jpg 768w, https:\/\/lepetitseptieme.ca\/wp-content\/uploads\/2019\/05\/Dolomites_chapeau-451x300.jpg 451w, https:\/\/lepetitseptieme.ca\/wp-content\/uploads\/2019\/05\/Dolomites_chapeau-600x399.jpg 600w, https:\/\/lepetitseptieme.ca\/wp-content\/uploads\/2019\/05\/Dolomites_chapeau.jpg 960w\" sizes=\"auto, (max-width: 226px) 100vw, 226px\" \/><figcaption id=\"caption-attachment-8796\" class=\"wp-caption-text\">Sassolungo, Dolomites<\/figcaption><\/figure>\n<p style=\"text-align: justify;\"><span style=\"font-weight: 400;\">In <\/span><i><span style=\"font-weight: 400;\">The Light within Dolomites<\/span><\/i><span style=\"font-weight: 400;\">, <\/span><span style=\"font-weight: 400;\">Michele Colombo admirably recreates, in only three minutes, the experience of pacing these stately mountains, classified as UNESCO World Heritage since 2009.<\/span><\/p>\n<h4 style=\"text-align: justify;\">At the top of the world<\/h4>\n<figure id=\"attachment_8885\" aria-describedby=\"caption-attachment-8885\" style=\"width: 267px\" class=\"wp-caption alignright\"><img loading=\"lazy\" decoding=\"async\" class=\"wp-image-8885\" src=\"https:\/\/lepetitseptieme.ca\/wp-content\/uploads\/2019\/06\/Dolomites_Sommet-du-monde_1-300x225.jpg\" alt=\"Dolomites - Top of the world 1\" width=\"267\" height=\"200\" srcset=\"https:\/\/lepetitseptieme.ca\/wp-content\/uploads\/2019\/06\/Dolomites_Sommet-du-monde_1-300x225.jpg 300w, https:\/\/lepetitseptieme.ca\/wp-content\/uploads\/2019\/06\/Dolomites_Sommet-du-monde_1-768x576.jpg 768w, https:\/\/lepetitseptieme.ca\/wp-content\/uploads\/2019\/06\/Dolomites_Sommet-du-monde_1-400x300.jpg 400w, https:\/\/lepetitseptieme.ca\/wp-content\/uploads\/2019\/06\/Dolomites_Sommet-du-monde_1-600x450.jpg 600w, https:\/\/lepetitseptieme.ca\/wp-content\/uploads\/2019\/06\/Dolomites_Sommet-du-monde_1.jpg 995w\" sizes=\"auto, (max-width: 267px) 100vw, 267px\" \/><figcaption id=\"caption-attachment-8885\" class=\"wp-caption-text\">Alta Badia, Dolomites<\/figcaption><\/figure>\n<p style=\"text-align: justify;\"><span style=\"font-weight: 400;\">The Dolomites, a group of mountains of the Alps located northeast of Italy, is composed of numerous summits whose culminating point is the Marmolada, at 3348 meters. Reaching the top, you get the impression of being able to embrace the whole world within a glance.<\/span><\/p>\n<figure id=\"attachment_8883\" aria-describedby=\"caption-attachment-8883\" style=\"width: 267px\" class=\"wp-caption alignleft\"><img loading=\"lazy\" decoding=\"async\" class=\"wp-image-8883\" src=\"https:\/\/lepetitseptieme.ca\/wp-content\/uploads\/2019\/06\/Dolomites_Sommet-du-monde_2-300x225.jpg\" alt=\"Dolomites - Top of the world 2\" width=\"267\" height=\"200\" srcset=\"https:\/\/lepetitseptieme.ca\/wp-content\/uploads\/2019\/06\/Dolomites_Sommet-du-monde_2-300x225.jpg 300w, https:\/\/lepetitseptieme.ca\/wp-content\/uploads\/2019\/06\/Dolomites_Sommet-du-monde_2-768x576.jpg 768w, https:\/\/lepetitseptieme.ca\/wp-content\/uploads\/2019\/06\/Dolomites_Sommet-du-monde_2-400x300.jpg 400w, https:\/\/lepetitseptieme.ca\/wp-content\/uploads\/2019\/06\/Dolomites_Sommet-du-monde_2-600x450.jpg 600w, https:\/\/lepetitseptieme.ca\/wp-content\/uploads\/2019\/06\/Dolomites_Sommet-du-monde_2.jpg 995w\" sizes=\"auto, (max-width: 267px) 100vw, 267px\" \/><figcaption id=\"caption-attachment-8883\" class=\"wp-caption-text\">Lago Pisciad\u00f9, Alta Badia, Dolomites<\/figcaption><\/figure>\n<p style=\"text-align: justify;\"><span style=\"font-weight: 400;\">Shaped by an accretion of sediments in the seabed, the Dolomites surfaced thanks to the meeting of European and African tectonic plates 20 million years ago\u2026 Creating an almost lunar landscape. No wonder the light clings so well to the roughness of the stone.<\/span><\/p>\n<h4 style=\"text-align: justify;\">The time is changing<\/h4>\n<p style=\"text-align: justify;\"><span style=\"font-weight: 400;\">When hiking in the Dolomites, you need to be prepared to add, remove, and put back a coat every quarter of an hour&#8230; because the wind rises, because the sun comes out, because a cloud covers the sky and the rain starts to fall&#8230;<\/span><\/p>\n<figure id=\"attachment_8884\" aria-describedby=\"caption-attachment-8884\" style=\"width: 267px\" class=\"wp-caption alignright\"><img loading=\"lazy\" decoding=\"async\" class=\"wp-image-8884\" src=\"https:\/\/lepetitseptieme.ca\/wp-content\/uploads\/2019\/06\/Dolomites_Letempsquichange_1-300x225.jpg\" alt=\"Dolomites - Time is changing 1\" width=\"267\" height=\"200\" srcset=\"https:\/\/lepetitseptieme.ca\/wp-content\/uploads\/2019\/06\/Dolomites_Letempsquichange_1-300x225.jpg 300w, https:\/\/lepetitseptieme.ca\/wp-content\/uploads\/2019\/06\/Dolomites_Letempsquichange_1-768x576.jpg 768w, https:\/\/lepetitseptieme.ca\/wp-content\/uploads\/2019\/06\/Dolomites_Letempsquichange_1-400x300.jpg 400w, https:\/\/lepetitseptieme.ca\/wp-content\/uploads\/2019\/06\/Dolomites_Letempsquichange_1-600x450.jpg 600w, https:\/\/lepetitseptieme.ca\/wp-content\/uploads\/2019\/06\/Dolomites_Letempsquichange_1.jpg 995w\" sizes=\"auto, (max-width: 267px) 100vw, 267px\" \/><figcaption id=\"caption-attachment-8884\" class=\"wp-caption-text\">Brouillard sur les Dolomites, Passo di Val Gardena<\/figcaption><\/figure>\n<p style=\"text-align: justify;\"><span style=\"font-weight: 400;\">The mountains seem immutable under changing weather conditions, but they are not static. The atmospheric effects tint their look and transform their presence, as the <\/span><i><span style=\"font-weight: 400;\">Light within Dolomites<\/span><\/i><span style=\"font-weight: 400;\"> so aptly shows. I still remember this evening of June when, suddenly, the fog rose, making the rock formations completely invisible. Conversely, the daylight or sunset at dusk amplifies their sublime look.<\/span><\/p>\n<p style=\"text-align: justify;\"><span style=\"font-weight: 400;\">The format of the short film and the time lapse are thus perfectly suited to reflect the experience of walking these monoliths. Indeed, it took a whole month of shooting, spread on two stays during the summers of 2016 and 2017, for director Michele Colombo to get the images that fill the 3 minutes short film.<\/span><\/p>\n<h4 style=\"text-align: justify;\">A neo-impressionist fresco<\/h4>\n<figure id=\"attachment_8881\" aria-describedby=\"caption-attachment-8881\" style=\"width: 300px\" class=\"wp-caption alignleft\"><img loading=\"lazy\" decoding=\"async\" class=\"size-medium wp-image-8881\" src=\"https:\/\/lepetitseptieme.ca\/wp-content\/uploads\/2019\/06\/Dolomites_Monet-300x178.jpg\" alt=\"Dolomites - Monet\" width=\"300\" height=\"178\" srcset=\"https:\/\/lepetitseptieme.ca\/wp-content\/uploads\/2019\/06\/Dolomites_Monet-300x178.jpg 300w, https:\/\/lepetitseptieme.ca\/wp-content\/uploads\/2019\/06\/Dolomites_Monet-768x456.jpg 768w, https:\/\/lepetitseptieme.ca\/wp-content\/uploads\/2019\/06\/Dolomites_Monet-506x300.jpg 506w, https:\/\/lepetitseptieme.ca\/wp-content\/uploads\/2019\/06\/Dolomites_Monet-600x356.jpg 600w, https:\/\/lepetitseptieme.ca\/wp-content\/uploads\/2019\/06\/Dolomites_Monet.jpg 843w\" sizes=\"auto, (max-width: 300px) 100vw, 300px\" \/><figcaption id=\"caption-attachment-8881\" class=\"wp-caption-text\">Claude Monet, Les meules de foin (fin de l\u2019\u00e9t\u00e9), 1890-1891. The Art Institute of Chicago<\/figcaption><\/figure>\n<p style=\"text-align: justify;\"><span style=\"font-weight: 400;\">Probably the best known artistic movement, impressionism is not only a collection of strokes on a canvas. It is above all a question of light. The impressionists aimed to capture the variations of light. For this reason, the format of the series suited the impressionist project, allowing the same subject to appear at different times of the day or under different conditions.<\/span><\/p>\n<p style=\"text-align: justify;\"><i><span style=\"font-weight: 400;\">The Light within Dolomites<\/span><\/i><span style=\"font-weight: 400;\"> is thus a contemporary impressionist fresco, following Monet\u2019s famous series such as the <\/span><i><span style=\"font-weight: 400;\">Haystacks<\/span><\/i><span style=\"font-weight: 400;\">, which contains 25 paintings. Taking advantage of the cinematographic medium, the director is an heir of those artists who, in their day, revolutionized easel painting. And what a right choice Colombo did by taking the Dolomites as a model to revive this pictorial challenge. A beautiful, memorable, must see place. And you will of course dream of experiencing it by yourself after watching this film by Michele Colombo.<\/span><\/p>\n<p style=\"text-align: justify;\"><span style=\"font-weight: 400;\">Rating: 8\/10<\/span><\/p>\n<p style=\"text-align: justify;\"><span style=\"font-weight: 400;\">You can see the short film here :<i class=\"fa fa-arrow-down \" ><\/i><\/span><\/p>\n<div class=\"ast-oembed-container \" style=\"height: 100%;\"><iframe loading=\"lazy\" title=\"The light within Dolomites | 4K time lapse\" src=\"https:\/\/player.vimeo.com\/video\/241470767?dnt=1&amp;app_id=122963\" width=\"500\" height=\"209\" frameborder=\"0\" allow=\"autoplay; fullscreen; picture-in-picture; clipboard-write\"><\/iframe><\/div>\n","protected":false},"excerpt":{"rendered":"<p>Can mountains shine on their own? A time lapse journey chasing the unique light of Dolomites, showing how it changes in different conditions and times. In The Light within Dolomites, Michele Colombo admirably recreates, in only three minutes, the experience of pacing these stately mountains, classified as UNESCO World Heritage since 2009. At the top [&hellip;]<\/p>\n","protected":false},"author":13,"featured_media":8798,"comment_status":"open","ping_status":"open","sticky":false,"template":"","format":"standard","meta":{"_acf_changed":false,"site-sidebar-layout":"default","site-content-layout":"","ast-site-content-layout":"default","site-content-style":"default","site-sidebar-style":"default","ast-global-header-display":"","ast-banner-title-visibility":"","ast-main-header-display":"","ast-hfb-above-header-display":"","ast-hfb-below-header-display":"","ast-hfb-mobile-header-display":"","site-post-title":"","ast-breadcrumbs-content":"","ast-featured-img":"","footer-sml-layout":"","ast-disable-related-posts":"","theme-transparent-header-meta":"","adv-header-id-meta":"","stick-header-meta":"","header-above-stick-meta":"","header-main-stick-meta":"","header-below-stick-meta":"","astra-migrate-meta-layouts":"default","ast-page-background-enabled":"default","ast-page-background-meta":{"desktop":{"background-color":"var(--ast-global-color-4)","background-image":"","background-repeat":"repeat","background-position":"center center","background-size":"auto","background-attachment":"scroll","background-type":"","background-media":"","overlay-type":"","overlay-color":"","overlay-opacity":"","overlay-gradient":""},"tablet":{"background-color":"","background-image":"","background-repeat":"repeat","background-position":"center center","background-size":"auto","background-attachment":"scroll","background-type":"","background-media":"","overlay-type":"","overlay-color":"","overlay-opacity":"","overlay-gradient":""},"mobile":{"background-color":"","background-image":"","background-repeat":"repeat","background-position":"center center","background-size":"auto","background-attachment":"scroll","background-type":"","background-media":"","overlay-type":"","overlay-color":"","overlay-opacity":"","overlay-gradient":""}},"ast-content-background-meta":{"desktop":{"background-color":"var(--ast-global-color-5)","background-image":"","background-repeat":"repeat","background-position":"center center","background-size":"auto","background-attachment":"scroll","background-type":"","background-media":"","overlay-type":"","overlay-color":"","overlay-opacity":"","overlay-gradient":""},"tablet":{"background-color":"var(--ast-global-color-5)","background-image":"","background-repeat":"repeat","background-position":"center center","background-size":"auto","background-attachment":"scroll","background-type":"","background-media":"","overlay-type":"","overlay-color":"","overlay-opacity":"","overlay-gradient":""},"mobile":{"background-color":"var(--ast-global-color-5)","background-image":"","background-repeat":"repeat","background-position":"center center","background-size":"auto","background-attachment":"scroll","background-type":"","background-media":"","overlay-type":"","overlay-color":"","overlay-opacity":"","overlay-gradient":""}},"footnotes":""},"categories":[5440,5574,11825,5378],"tags":[7632,7634,7636,7630,7638,7088,7642,7644],"class_list":["post-8809","post","type-post","status-publish","format-standard","has-post-thumbnail","hentry","category-documentaries","category-european-films","category-free-films","category-short-films","tag-claude-monet-en","tag-dolomites-en","tag-dolomiti-en","tag-impressionism","tag-italia-en","tag-italy","tag-michele-colombo-en","tag-unesco-en"],"acf":[],"yoast_head":"<!-- This site is optimized with the Yoast SEO plugin v27.1.1 - https:\/\/yoast.com\/product\/yoast-seo-wordpress\/ -->\n<title>The Light within Dolomites \u2013 The rock\u2019s shimmering - Le petit septi\u00e8me<\/title>\n<meta name=\"description\" content=\"Can mountains shine on their own? A time lapse journey chasing the unique light of Dolomites, showing how it changes in different conditions and times.\" \/>\n<meta name=\"robots\" content=\"index, follow, max-snippet:-1, max-image-preview:large, max-video-preview:-1\" \/>\n<link rel=\"canonical\" href=\"https:\/\/lepetitseptieme.ca\/en\/2019\/06\/10\/the-light-within-dolomites-the-rocks-shimmering\/\" \/>\n<meta property=\"og:locale\" content=\"en_US\" \/>\n<meta property=\"og:type\" content=\"article\" \/>\n<meta property=\"og:title\" content=\"The Light within Dolomites \u2013 The rock\u2019s shimmering - Le petit septi\u00e8me\" \/>\n<meta property=\"og:description\" content=\"Les montagnes peuvent-elles briller d\u2019elles-m\u00eames? Un voyage en acc\u00e9l\u00e9r\u00e9 \u00e0 la conqu\u00eate de la lumi\u00e8re unique des Dolomites, montrant comment elle change selon les conditions atmosph\u00e9riques et le temps.\" \/>\n<meta property=\"og:url\" content=\"https:\/\/lepetitseptieme.ca\/en\/2019\/06\/10\/the-light-within-dolomites-the-rocks-shimmering\/\" \/>\n<meta property=\"og:site_name\" content=\"Le petit septi\u00e8me\" \/>\n<meta property=\"article:publisher\" content=\"https:\/\/www.facebook.com\/pages\/Le-Petit-Septi%c3%a8me\/494448933948121?ref=hl\" \/>\n<meta property=\"article:published_time\" content=\"2019-06-10T10:30:21+00:00\" \/>\n<meta property=\"article:modified_time\" content=\"2021-11-06T01:37:59+00:00\" \/>\n<meta property=\"og:image\" content=\"https:\/\/lepetitseptieme.ca\/wp-content\/uploads\/2019\/05\/Dolomites_UneX.jpg\" \/>\n\t<meta property=\"og:image:width\" content=\"1920\" \/>\n\t<meta property=\"og:image:height\" content=\"1080\" \/>\n\t<meta property=\"og:image:type\" content=\"image\/jpeg\" \/>\n<meta name=\"author\" content=\"Fannie Caron-Roy\" \/>\n<meta name=\"twitter:card\" content=\"summary_large_image\" \/>\n<meta name=\"twitter:creator\" content=\"@LePetitSeptieme\" \/>\n<meta name=\"twitter:site\" content=\"@LePetitSeptieme\" \/>\n<meta name=\"twitter:label1\" content=\"Written by\" \/>\n\t<meta name=\"twitter:data1\" content=\"Fannie Caron-Roy\" \/>\n\t<meta name=\"twitter:label2\" content=\"Est. reading time\" \/>\n\t<meta name=\"twitter:data2\" content=\"3 minutes\" \/>\n<script type=\"application\/ld+json\" class=\"yoast-schema-graph\">{\"@context\":\"https:\/\/schema.org\",\"@graph\":[{\"@type\":\"Article\",\"@id\":\"https:\/\/lepetitseptieme.ca\/en\/2019\/06\/10\/the-light-within-dolomites-the-rocks-shimmering\/#article\",\"isPartOf\":{\"@id\":\"https:\/\/lepetitseptieme.ca\/en\/2019\/06\/10\/the-light-within-dolomites-the-rocks-shimmering\/\"},\"author\":{\"name\":\"Fannie Caron-Roy\",\"@id\":\"https:\/\/lepetitseptieme.ca\/en\/#\/schema\/person\/b69b741e09ef1ac0b2f445f0ff0a4ab6\"},\"headline\":\"The Light within Dolomites \u2013 The rock\u2019s shimmering\",\"datePublished\":\"2019-06-10T10:30:21+00:00\",\"dateModified\":\"2021-11-06T01:37:59+00:00\",\"mainEntityOfPage\":{\"@id\":\"https:\/\/lepetitseptieme.ca\/en\/2019\/06\/10\/the-light-within-dolomites-the-rocks-shimmering\/\"},\"wordCount\":550,\"commentCount\":0,\"publisher\":{\"@id\":\"https:\/\/lepetitseptieme.ca\/en\/#organization\"},\"image\":{\"@id\":\"https:\/\/lepetitseptieme.ca\/en\/2019\/06\/10\/the-light-within-dolomites-the-rocks-shimmering\/#primaryimage\"},\"thumbnailUrl\":\"https:\/\/lepetitseptieme.ca\/wp-content\/uploads\/2019\/05\/Dolomites_UneX.jpg\",\"keywords\":[\"Claude Monet\",\"Dolomites\",\"Dolomiti\",\"Impressionism\",\"Italia\",\"Italy\",\"Michele Colombo\",\"Unesco\"],\"articleSection\":[\"Documentaries\",\"European movies\",\"Free films available\",\"Short films\"],\"inLanguage\":\"en-US\",\"potentialAction\":[{\"@type\":\"CommentAction\",\"name\":\"Comment\",\"target\":[\"https:\/\/lepetitseptieme.ca\/en\/2019\/06\/10\/the-light-within-dolomites-the-rocks-shimmering\/#respond\"]}]},{\"@type\":\"WebPage\",\"@id\":\"https:\/\/lepetitseptieme.ca\/en\/2019\/06\/10\/the-light-within-dolomites-the-rocks-shimmering\/\",\"url\":\"https:\/\/lepetitseptieme.ca\/en\/2019\/06\/10\/the-light-within-dolomites-the-rocks-shimmering\/\",\"name\":\"The Light within Dolomites \u2013 The rock\u2019s shimmering - Le petit septi\u00e8me\",\"isPartOf\":{\"@id\":\"https:\/\/lepetitseptieme.ca\/en\/#website\"},\"primaryImageOfPage\":{\"@id\":\"https:\/\/lepetitseptieme.ca\/en\/2019\/06\/10\/the-light-within-dolomites-the-rocks-shimmering\/#primaryimage\"},\"image\":{\"@id\":\"https:\/\/lepetitseptieme.ca\/en\/2019\/06\/10\/the-light-within-dolomites-the-rocks-shimmering\/#primaryimage\"},\"thumbnailUrl\":\"https:\/\/lepetitseptieme.ca\/wp-content\/uploads\/2019\/05\/Dolomites_UneX.jpg\",\"datePublished\":\"2019-06-10T10:30:21+00:00\",\"dateModified\":\"2021-11-06T01:37:59+00:00\",\"description\":\"Can mountains shine on their own? A time lapse journey chasing the unique light of Dolomites, showing how it changes in different conditions and times.\",\"breadcrumb\":{\"@id\":\"https:\/\/lepetitseptieme.ca\/en\/2019\/06\/10\/the-light-within-dolomites-the-rocks-shimmering\/#breadcrumb\"},\"inLanguage\":\"en-US\",\"potentialAction\":[{\"@type\":\"ReadAction\",\"target\":[\"https:\/\/lepetitseptieme.ca\/en\/2019\/06\/10\/the-light-within-dolomites-the-rocks-shimmering\/\"]}]},{\"@type\":\"ImageObject\",\"inLanguage\":\"en-US\",\"@id\":\"https:\/\/lepetitseptieme.ca\/en\/2019\/06\/10\/the-light-within-dolomites-the-rocks-shimmering\/#primaryimage\",\"url\":\"https:\/\/lepetitseptieme.ca\/wp-content\/uploads\/2019\/05\/Dolomites_UneX.jpg\",\"contentUrl\":\"https:\/\/lepetitseptieme.ca\/wp-content\/uploads\/2019\/05\/Dolomites_UneX.jpg\",\"width\":1920,\"height\":1080,\"caption\":\"Dolomites - Une\"},{\"@type\":\"BreadcrumbList\",\"@id\":\"https:\/\/lepetitseptieme.ca\/en\/2019\/06\/10\/the-light-within-dolomites-the-rocks-shimmering\/#breadcrumb\",\"itemListElement\":[{\"@type\":\"ListItem\",\"position\":1,\"name\":\"Home\",\"item\":\"https:\/\/lepetitseptieme.ca\/en\/\"},{\"@type\":\"ListItem\",\"position\":2,\"name\":\"The Light within Dolomites \u2013 The rock\u2019s shimmering\"}]},{\"@type\":\"WebSite\",\"@id\":\"https:\/\/lepetitseptieme.ca\/en\/#website\",\"url\":\"https:\/\/lepetitseptieme.ca\/en\/\",\"name\":\"Le petit septi\u00e8me\",\"description\":\"Reviews and comments on Quebec, international and author cinema\",\"publisher\":{\"@id\":\"https:\/\/lepetitseptieme.ca\/en\/#organization\"},\"potentialAction\":[{\"@type\":\"SearchAction\",\"target\":{\"@type\":\"EntryPoint\",\"urlTemplate\":\"https:\/\/lepetitseptieme.ca\/en\/?s={search_term_string}\"},\"query-input\":{\"@type\":\"PropertyValueSpecification\",\"valueRequired\":true,\"valueName\":\"search_term_string\"}}],\"inLanguage\":\"en-US\"},{\"@type\":\"Organization\",\"@id\":\"https:\/\/lepetitseptieme.ca\/en\/#organization\",\"name\":\"Le Petit Septi\u00e8me\",\"url\":\"https:\/\/lepetitseptieme.ca\/en\/\",\"logo\":{\"@type\":\"ImageObject\",\"inLanguage\":\"en-US\",\"@id\":\"https:\/\/lepetitseptieme.ca\/en\/#\/schema\/logo\/image\/\",\"url\":\"https:\/\/lepetitseptieme.ca\/wp-content\/uploads\/2016\/05\/cropped-Logo-Le-Petit-Septi\u00e8me-2016-BW.png\",\"contentUrl\":\"https:\/\/lepetitseptieme.ca\/wp-content\/uploads\/2016\/05\/cropped-Logo-Le-Petit-Septi\u00e8me-2016-BW.png\",\"width\":512,\"height\":512,\"caption\":\"Le Petit Septi\u00e8me\"},\"image\":{\"@id\":\"https:\/\/lepetitseptieme.ca\/en\/#\/schema\/logo\/image\/\"},\"sameAs\":[\"https:\/\/www.facebook.com\/pages\/Le-Petit-Septi\u00e8me\/494448933948121?ref=hl\",\"https:\/\/x.com\/LePetitSeptieme\",\"https:\/\/www.youtube.com\/channel\/UC5mdhI_jJvDN1I9fkk5RcIw\"]},{\"@type\":\"Person\",\"@id\":\"https:\/\/lepetitseptieme.ca\/en\/#\/schema\/person\/b69b741e09ef1ac0b2f445f0ff0a4ab6\",\"name\":\"Fannie Caron-Roy\",\"image\":{\"@type\":\"ImageObject\",\"inLanguage\":\"en-US\",\"@id\":\"https:\/\/lepetitseptieme.ca\/en\/#\/schema\/person\/image\/\",\"url\":\"https:\/\/secure.gravatar.com\/avatar\/389ff4113204a9f214f37cacc0f0d1033c9943fa9b47a5c445848cc29759e2a5?s=96&d=mm&r=r\",\"contentUrl\":\"https:\/\/secure.gravatar.com\/avatar\/389ff4113204a9f214f37cacc0f0d1033c9943fa9b47a5c445848cc29759e2a5?s=96&d=mm&r=r\",\"caption\":\"Fannie Caron-Roy\"},\"description\":\"Doctorante en histoire de l'art, sp\u00e9cialiste de la Renaissance et de l'image religieuse, passionn\u00e9e par tous les types d'art, dont le 7e.\",\"url\":\"https:\/\/lepetitseptieme.ca\/en\/author\/fannie\/\"}]}<\/script>\n<!-- \/ Yoast SEO plugin. -->","yoast_head_json":{"title":"The Light within Dolomites \u2013 The rock\u2019s shimmering - Le petit septi\u00e8me","description":"Can mountains shine on their own? A time lapse journey chasing the unique light of Dolomites, showing how it changes in different conditions and times.","robots":{"index":"index","follow":"follow","max-snippet":"max-snippet:-1","max-image-preview":"max-image-preview:large","max-video-preview":"max-video-preview:-1"},"canonical":"https:\/\/lepetitseptieme.ca\/en\/2019\/06\/10\/the-light-within-dolomites-the-rocks-shimmering\/","og_locale":"en_US","og_type":"article","og_title":"The Light within Dolomites \u2013 The rock\u2019s shimmering - Le petit septi\u00e8me","og_description":"Les montagnes peuvent-elles briller d\u2019elles-m\u00eames? Un voyage en acc\u00e9l\u00e9r\u00e9 \u00e0 la conqu\u00eate de la lumi\u00e8re unique des Dolomites, montrant comment elle change selon les conditions atmosph\u00e9riques et le temps.","og_url":"https:\/\/lepetitseptieme.ca\/en\/2019\/06\/10\/the-light-within-dolomites-the-rocks-shimmering\/","og_site_name":"Le petit septi\u00e8me","article_publisher":"https:\/\/www.facebook.com\/pages\/Le-Petit-Septi%c3%a8me\/494448933948121?ref=hl","article_published_time":"2019-06-10T10:30:21+00:00","article_modified_time":"2021-11-06T01:37:59+00:00","og_image":[{"width":1920,"height":1080,"url":"https:\/\/lepetitseptieme.ca\/wp-content\/uploads\/2019\/05\/Dolomites_UneX.jpg","type":"image\/jpeg"}],"author":"Fannie Caron-Roy","twitter_card":"summary_large_image","twitter_creator":"@LePetitSeptieme","twitter_site":"@LePetitSeptieme","twitter_misc":{"Written by":"Fannie Caron-Roy","Est. reading time":"3 minutes"},"schema":{"@context":"https:\/\/schema.org","@graph":[{"@type":"Article","@id":"https:\/\/lepetitseptieme.ca\/en\/2019\/06\/10\/the-light-within-dolomites-the-rocks-shimmering\/#article","isPartOf":{"@id":"https:\/\/lepetitseptieme.ca\/en\/2019\/06\/10\/the-light-within-dolomites-the-rocks-shimmering\/"},"author":{"name":"Fannie Caron-Roy","@id":"https:\/\/lepetitseptieme.ca\/en\/#\/schema\/person\/b69b741e09ef1ac0b2f445f0ff0a4ab6"},"headline":"The Light within Dolomites \u2013 The rock\u2019s shimmering","datePublished":"2019-06-10T10:30:21+00:00","dateModified":"2021-11-06T01:37:59+00:00","mainEntityOfPage":{"@id":"https:\/\/lepetitseptieme.ca\/en\/2019\/06\/10\/the-light-within-dolomites-the-rocks-shimmering\/"},"wordCount":550,"commentCount":0,"publisher":{"@id":"https:\/\/lepetitseptieme.ca\/en\/#organization"},"image":{"@id":"https:\/\/lepetitseptieme.ca\/en\/2019\/06\/10\/the-light-within-dolomites-the-rocks-shimmering\/#primaryimage"},"thumbnailUrl":"https:\/\/lepetitseptieme.ca\/wp-content\/uploads\/2019\/05\/Dolomites_UneX.jpg","keywords":["Claude Monet","Dolomites","Dolomiti","Impressionism","Italia","Italy","Michele Colombo","Unesco"],"articleSection":["Documentaries","European movies","Free films available","Short films"],"inLanguage":"en-US","potentialAction":[{"@type":"CommentAction","name":"Comment","target":["https:\/\/lepetitseptieme.ca\/en\/2019\/06\/10\/the-light-within-dolomites-the-rocks-shimmering\/#respond"]}]},{"@type":"WebPage","@id":"https:\/\/lepetitseptieme.ca\/en\/2019\/06\/10\/the-light-within-dolomites-the-rocks-shimmering\/","url":"https:\/\/lepetitseptieme.ca\/en\/2019\/06\/10\/the-light-within-dolomites-the-rocks-shimmering\/","name":"The Light within Dolomites \u2013 The rock\u2019s shimmering - Le petit septi\u00e8me","isPartOf":{"@id":"https:\/\/lepetitseptieme.ca\/en\/#website"},"primaryImageOfPage":{"@id":"https:\/\/lepetitseptieme.ca\/en\/2019\/06\/10\/the-light-within-dolomites-the-rocks-shimmering\/#primaryimage"},"image":{"@id":"https:\/\/lepetitseptieme.ca\/en\/2019\/06\/10\/the-light-within-dolomites-the-rocks-shimmering\/#primaryimage"},"thumbnailUrl":"https:\/\/lepetitseptieme.ca\/wp-content\/uploads\/2019\/05\/Dolomites_UneX.jpg","datePublished":"2019-06-10T10:30:21+00:00","dateModified":"2021-11-06T01:37:59+00:00","description":"Can mountains shine on their own? A time lapse journey chasing the unique light of Dolomites, showing how it changes in different conditions and times.","breadcrumb":{"@id":"https:\/\/lepetitseptieme.ca\/en\/2019\/06\/10\/the-light-within-dolomites-the-rocks-shimmering\/#breadcrumb"},"inLanguage":"en-US","potentialAction":[{"@type":"ReadAction","target":["https:\/\/lepetitseptieme.ca\/en\/2019\/06\/10\/the-light-within-dolomites-the-rocks-shimmering\/"]}]},{"@type":"ImageObject","inLanguage":"en-US","@id":"https:\/\/lepetitseptieme.ca\/en\/2019\/06\/10\/the-light-within-dolomites-the-rocks-shimmering\/#primaryimage","url":"https:\/\/lepetitseptieme.ca\/wp-content\/uploads\/2019\/05\/Dolomites_UneX.jpg","contentUrl":"https:\/\/lepetitseptieme.ca\/wp-content\/uploads\/2019\/05\/Dolomites_UneX.jpg","width":1920,"height":1080,"caption":"Dolomites - Une"},{"@type":"BreadcrumbList","@id":"https:\/\/lepetitseptieme.ca\/en\/2019\/06\/10\/the-light-within-dolomites-the-rocks-shimmering\/#breadcrumb","itemListElement":[{"@type":"ListItem","position":1,"name":"Home","item":"https:\/\/lepetitseptieme.ca\/en\/"},{"@type":"ListItem","position":2,"name":"The Light within Dolomites \u2013 The rock\u2019s shimmering"}]},{"@type":"WebSite","@id":"https:\/\/lepetitseptieme.ca\/en\/#website","url":"https:\/\/lepetitseptieme.ca\/en\/","name":"Le petit septi\u00e8me","description":"Reviews and comments on Quebec, international and author cinema","publisher":{"@id":"https:\/\/lepetitseptieme.ca\/en\/#organization"},"potentialAction":[{"@type":"SearchAction","target":{"@type":"EntryPoint","urlTemplate":"https:\/\/lepetitseptieme.ca\/en\/?s={search_term_string}"},"query-input":{"@type":"PropertyValueSpecification","valueRequired":true,"valueName":"search_term_string"}}],"inLanguage":"en-US"},{"@type":"Organization","@id":"https:\/\/lepetitseptieme.ca\/en\/#organization","name":"Le Petit Septi\u00e8me","url":"https:\/\/lepetitseptieme.ca\/en\/","logo":{"@type":"ImageObject","inLanguage":"en-US","@id":"https:\/\/lepetitseptieme.ca\/en\/#\/schema\/logo\/image\/","url":"https:\/\/lepetitseptieme.ca\/wp-content\/uploads\/2016\/05\/cropped-Logo-Le-Petit-Septi\u00e8me-2016-BW.png","contentUrl":"https:\/\/lepetitseptieme.ca\/wp-content\/uploads\/2016\/05\/cropped-Logo-Le-Petit-Septi\u00e8me-2016-BW.png","width":512,"height":512,"caption":"Le Petit Septi\u00e8me"},"image":{"@id":"https:\/\/lepetitseptieme.ca\/en\/#\/schema\/logo\/image\/"},"sameAs":["https:\/\/www.facebook.com\/pages\/Le-Petit-Septi\u00e8me\/494448933948121?ref=hl","https:\/\/x.com\/LePetitSeptieme","https:\/\/www.youtube.com\/channel\/UC5mdhI_jJvDN1I9fkk5RcIw"]},{"@type":"Person","@id":"https:\/\/lepetitseptieme.ca\/en\/#\/schema\/person\/b69b741e09ef1ac0b2f445f0ff0a4ab6","name":"Fannie Caron-Roy","image":{"@type":"ImageObject","inLanguage":"en-US","@id":"https:\/\/lepetitseptieme.ca\/en\/#\/schema\/person\/image\/","url":"https:\/\/secure.gravatar.com\/avatar\/389ff4113204a9f214f37cacc0f0d1033c9943fa9b47a5c445848cc29759e2a5?s=96&d=mm&r=r","contentUrl":"https:\/\/secure.gravatar.com\/avatar\/389ff4113204a9f214f37cacc0f0d1033c9943fa9b47a5c445848cc29759e2a5?s=96&d=mm&r=r","caption":"Fannie Caron-Roy"},"description":"Doctorante en histoire de l'art, sp\u00e9cialiste de la Renaissance et de l'image religieuse, passionn\u00e9e par tous les types d'art, dont le 7e.","url":"https:\/\/lepetitseptieme.ca\/en\/author\/fannie\/"}]}},"_links":{"self":[{"href":"https:\/\/lepetitseptieme.ca\/en\/wp-json\/wp\/v2\/posts\/8809","targetHints":{"allow":["GET"]}}],"collection":[{"href":"https:\/\/lepetitseptieme.ca\/en\/wp-json\/wp\/v2\/posts"}],"about":[{"href":"https:\/\/lepetitseptieme.ca\/en\/wp-json\/wp\/v2\/types\/post"}],"author":[{"embeddable":true,"href":"https:\/\/lepetitseptieme.ca\/en\/wp-json\/wp\/v2\/users\/13"}],"replies":[{"embeddable":true,"href":"https:\/\/lepetitseptieme.ca\/en\/wp-json\/wp\/v2\/comments?post=8809"}],"version-history":[{"count":0,"href":"https:\/\/lepetitseptieme.ca\/en\/wp-json\/wp\/v2\/posts\/8809\/revisions"}],"wp:featuredmedia":[{"embeddable":true,"href":"https:\/\/lepetitseptieme.ca\/en\/wp-json\/wp\/v2\/media\/8798"}],"wp:attachment":[{"href":"https:\/\/lepetitseptieme.ca\/en\/wp-json\/wp\/v2\/media?parent=8809"}],"wp:term":[{"taxonomy":"category","embeddable":true,"href":"https:\/\/lepetitseptieme.ca\/en\/wp-json\/wp\/v2\/categories?post=8809"},{"taxonomy":"post_tag","embeddable":true,"href":"https:\/\/lepetitseptieme.ca\/en\/wp-json\/wp\/v2\/tags?post=8809"}],"curies":[{"name":"wp","href":"https:\/\/api.w.org\/{rel}","templated":true}]}}