{"id":8514,"date":"2019-04-22T06:30:48","date_gmt":"2019-04-22T10:30:48","guid":{"rendered":"https:\/\/lepetitseptieme.ca\/?p=8514"},"modified":"2024-08-12T11:49:26","modified_gmt":"2024-08-12T15:49:26","slug":"le-vieil-age-et-lesperance-lets-talk-about-it-finally","status":"publish","type":"post","link":"https:\/\/lepetitseptieme.ca\/en\/2019\/04\/22\/le-vieil-age-et-lesperance-lets-talk-about-it-finally\/","title":{"rendered":"Le vieil \u00e2ge et l\u2019esp\u00e9rance \u2013 Let\u2019s talk about it finally!"},"content":{"rendered":"<p><span style=\"font-weight: 400;\"><img loading=\"lazy\" decoding=\"async\" class=\"alignleft wp-image-8515\" src=\"https:\/\/lepetitseptieme.ca\/wp-content\/uploads\/2019\/04\/Le-vieil-\u00e2ge-et-lesp\u00e9rence-affiche-1-208x300.jpg\" alt=\"Le vieil \u00e2ge et l'esp\u00e9rance - poster\" width=\"150\" height=\"217\" srcset=\"https:\/\/lepetitseptieme.ca\/wp-content\/uploads\/2019\/04\/Le-vieil-\u00e2ge-et-lesp\u00e9rence-affiche-1-208x300.jpg 208w, https:\/\/lepetitseptieme.ca\/wp-content\/uploads\/2019\/04\/Le-vieil-\u00e2ge-et-lesp\u00e9rence-affiche-1.jpg 554w\" sizes=\"auto, (max-width: 150px) 100vw, 150px\" \/>Why is this article not available in English?<\/span><\/p>\n<p><span style=\"font-weight: 400;\">Unfortunately, we do not have the necessary financial support to provide a good translation of each of our texts.<\/span><\/p>\n<p><span style=\"font-weight: 400;\">Support us by purchasing one of <\/span><a href=\"https:\/\/lepetitseptieme.ca\/en\/store\/\"><span style=\"font-weight: 400;\">our products<\/span><\/a><span style=\"font-weight: 400;\"> or with a donation so we can make it!<\/span><\/p>\n<p><span style=\"font-weight: 400;\">You can still watch the trailer&#8230;<\/span><\/p>\n<p>&nbsp;<\/p>\n<p><iframe loading=\"lazy\" src=\"\/\/player.vimeo.com\/video\/320566181?title=0&amp;byline=0&amp;portrait=0&amp;color=8dc7dc\" width=\"425\" height=\"350\" allowfullscreen=\"allowfullscreen\"><\/iframe><\/p>\n","protected":false},"excerpt":{"rendered":"<p>Why is this article not available in English? Unfortunately, we do not have the necessary financial support to provide a good translation of each of our texts. Support us by purchasing one of our products or with a donation so we can make it! You can still watch the trailer&#8230; &nbsp;<\/p>\n","protected":false},"author":9,"featured_media":8505,"comment_status":"open","ping_status":"open","sticky":false,"template":"","format":"standard","meta":{"_acf_changed":false,"site-sidebar-layout":"default","site-content-layout":"","ast-site-content-layout":"default","site-content-style":"default","site-sidebar-style":"default","ast-global-header-display":"","ast-banner-title-visibility":"","ast-main-header-display":"","ast-hfb-above-header-display":"","ast-hfb-below-header-display":"","ast-hfb-mobile-header-display":"","site-post-title":"","ast-breadcrumbs-content":"","ast-featured-img":"","footer-sml-layout":"","ast-disable-related-posts":"","theme-transparent-header-meta":"","adv-header-id-meta":"","stick-header-meta":"","header-above-stick-meta":"","header-main-stick-meta":"","header-below-stick-meta":"","astra-migrate-meta-layouts":"default","ast-page-background-enabled":"default","ast-page-background-meta":{"desktop":{"background-color":"var(--ast-global-color-4)","background-image":"","background-repeat":"repeat","background-position":"center center","background-size":"auto","background-attachment":"scroll","background-type":"","background-media":"","overlay-type":"","overlay-color":"","overlay-opacity":"","overlay-gradient":""},"tablet":{"background-color":"","background-image":"","background-repeat":"repeat","background-position":"center center","background-size":"auto","background-attachment":"scroll","background-type":"","background-media":"","overlay-type":"","overlay-color":"","overlay-opacity":"","overlay-gradient":""},"mobile":{"background-color":"","background-image":"","background-repeat":"repeat","background-position":"center center","background-size":"auto","background-attachment":"scroll","background-type":"","background-media":"","overlay-type":"","overlay-color":"","overlay-opacity":"","overlay-gradient":""}},"ast-content-background-meta":{"desktop":{"background-color":"var(--ast-global-color-5)","background-image":"","background-repeat":"repeat","background-position":"center center","background-size":"auto","background-attachment":"scroll","background-type":"","background-media":"","overlay-type":"","overlay-color":"","overlay-opacity":"","overlay-gradient":""},"tablet":{"background-color":"var(--ast-global-color-5)","background-image":"","background-repeat":"repeat","background-position":"center center","background-size":"auto","background-attachment":"scroll","background-type":"","background-media":"","overlay-type":"","overlay-color":"","overlay-opacity":"","overlay-gradient":""},"mobile":{"background-color":"var(--ast-global-color-5)","background-image":"","background-repeat":"repeat","background-position":"center center","background-size":"auto","background-attachment":"scroll","background-type":"","background-media":"","overlay-type":"","overlay-color":"","overlay-opacity":"","overlay-gradient":""}},"footnotes":""},"categories":[5440,5164,5522],"tags":[6222,7343,7345,7178],"class_list":["post-8514","post","type-post","status-publish","format-standard","has-post-thumbnail","hentry","category-documentaries","category-newly-available","category-quebecers-films","tag-canada-en","tag-gerontology","tag-palliative-care","tag-psychology"],"acf":[],"yoast_head":"<!-- This site is optimized with the Yoast SEO plugin v27.1.1 - https:\/\/yoast.com\/product\/yoast-seo-wordpress\/ -->\n<title>Le vieil \u00e2ge et l\u2019esp\u00e9rance \u2013 Let\u2019s talk about it finally! - Le petit septi\u00e8me<\/title>\n<meta name=\"description\" content=\"When getting old imposes physical and sometimes mental decay, is there any way to keep hope in life and its mysteries? This is the question asked by Fernand Dansereau\u2019s documentary Le vieil \u00e2ge et l\u2019esp\u00e9rance.\" \/>\n<meta name=\"robots\" content=\"index, follow, max-snippet:-1, max-image-preview:large, max-video-preview:-1\" \/>\n<link rel=\"canonical\" href=\"https:\/\/lepetitseptieme.ca\/en\/2019\/04\/22\/le-vieil-age-et-lesperance-lets-talk-about-it-finally\/\" \/>\n<meta property=\"og:locale\" content=\"en_US\" \/>\n<meta property=\"og:type\" content=\"article\" \/>\n<meta property=\"og:title\" content=\"Le vieil \u00e2ge et l\u2019esp\u00e9rance \u2013 Let\u2019s talk about it finally! - Le petit septi\u00e8me\" \/>\n<meta property=\"og:description\" content=\"Quand le grand \u00e2ge impose la d\u00e9ch\u00e9ance physique, et parfois mentale, y a-t-il moyen de garder espoir face \u00e0 la vie et ses myst\u00e8res? C\u2019est la question que pose le film documentaire Le vieil \u00e2ge et l\u2019esp\u00e9rance de Fernand Dansereau.\" \/>\n<meta property=\"og:url\" content=\"https:\/\/lepetitseptieme.ca\/en\/2019\/04\/22\/le-vieil-age-et-lesperance-lets-talk-about-it-finally\/\" \/>\n<meta property=\"og:site_name\" content=\"Le petit septi\u00e8me\" \/>\n<meta property=\"article:publisher\" content=\"https:\/\/www.facebook.com\/pages\/Le-Petit-Septi%c3%a8me\/494448933948121?ref=hl\" \/>\n<meta property=\"article:published_time\" content=\"2019-04-22T10:30:48+00:00\" \/>\n<meta property=\"article:modified_time\" content=\"2024-08-12T15:49:26+00:00\" \/>\n<meta property=\"og:image\" content=\"https:\/\/lepetitseptieme.ca\/wp-content\/uploads\/2019\/04\/Vieil-age-et-esp\u00e9rence-une.jpg\" \/>\n\t<meta property=\"og:image:width\" content=\"1920\" \/>\n\t<meta property=\"og:image:height\" content=\"1080\" \/>\n\t<meta property=\"og:image:type\" content=\"image\/jpeg\" \/>\n<meta name=\"author\" content=\"Andrea Krotthammer\" \/>\n<meta name=\"twitter:card\" content=\"summary_large_image\" \/>\n<meta name=\"twitter:creator\" content=\"@LePetitSeptieme\" \/>\n<meta name=\"twitter:site\" content=\"@LePetitSeptieme\" \/>\n<meta name=\"twitter:label1\" content=\"Written by\" \/>\n\t<meta name=\"twitter:data1\" content=\"Andrea Krotthammer\" \/>\n<script type=\"application\/ld+json\" class=\"yoast-schema-graph\">{\"@context\":\"https:\/\/schema.org\",\"@graph\":[{\"@type\":\"Article\",\"@id\":\"https:\/\/lepetitseptieme.ca\/en\/2019\/04\/22\/le-vieil-age-et-lesperance-lets-talk-about-it-finally\/#article\",\"isPartOf\":{\"@id\":\"https:\/\/lepetitseptieme.ca\/en\/2019\/04\/22\/le-vieil-age-et-lesperance-lets-talk-about-it-finally\/\"},\"author\":{\"name\":\"Andrea Krotthammer\",\"@id\":\"https:\/\/lepetitseptieme.ca\/en\/#\/schema\/person\/edb89acaad9919c257f8bf83f96c86c1\"},\"headline\":\"Le vieil \u00e2ge et l\u2019esp\u00e9rance \u2013 Let\u2019s talk about it finally!\",\"datePublished\":\"2019-04-22T10:30:48+00:00\",\"dateModified\":\"2024-08-12T15:49:26+00:00\",\"mainEntityOfPage\":{\"@id\":\"https:\/\/lepetitseptieme.ca\/en\/2019\/04\/22\/le-vieil-age-et-lesperance-lets-talk-about-it-finally\/\"},\"wordCount\":64,\"commentCount\":0,\"publisher\":{\"@id\":\"https:\/\/lepetitseptieme.ca\/en\/#organization\"},\"image\":{\"@id\":\"https:\/\/lepetitseptieme.ca\/en\/2019\/04\/22\/le-vieil-age-et-lesperance-lets-talk-about-it-finally\/#primaryimage\"},\"thumbnailUrl\":\"https:\/\/lepetitseptieme.ca\/wp-content\/uploads\/2019\/04\/Vieil-age-et-esp\u00e9rence-une.jpg\",\"keywords\":[\"Canada\",\"gerontology\",\"palliative care\",\"psychology\"],\"articleSection\":[\"Documentaries\",\"Newly available\",\"Quebecers movies\"],\"inLanguage\":\"en-US\",\"potentialAction\":[{\"@type\":\"CommentAction\",\"name\":\"Comment\",\"target\":[\"https:\/\/lepetitseptieme.ca\/en\/2019\/04\/22\/le-vieil-age-et-lesperance-lets-talk-about-it-finally\/#respond\"]}]},{\"@type\":\"WebPage\",\"@id\":\"https:\/\/lepetitseptieme.ca\/en\/2019\/04\/22\/le-vieil-age-et-lesperance-lets-talk-about-it-finally\/\",\"url\":\"https:\/\/lepetitseptieme.ca\/en\/2019\/04\/22\/le-vieil-age-et-lesperance-lets-talk-about-it-finally\/\",\"name\":\"Le vieil \u00e2ge et l\u2019esp\u00e9rance \u2013 Let\u2019s talk about it finally! - Le petit septi\u00e8me\",\"isPartOf\":{\"@id\":\"https:\/\/lepetitseptieme.ca\/en\/#website\"},\"primaryImageOfPage\":{\"@id\":\"https:\/\/lepetitseptieme.ca\/en\/2019\/04\/22\/le-vieil-age-et-lesperance-lets-talk-about-it-finally\/#primaryimage\"},\"image\":{\"@id\":\"https:\/\/lepetitseptieme.ca\/en\/2019\/04\/22\/le-vieil-age-et-lesperance-lets-talk-about-it-finally\/#primaryimage\"},\"thumbnailUrl\":\"https:\/\/lepetitseptieme.ca\/wp-content\/uploads\/2019\/04\/Vieil-age-et-esp\u00e9rence-une.jpg\",\"datePublished\":\"2019-04-22T10:30:48+00:00\",\"dateModified\":\"2024-08-12T15:49:26+00:00\",\"description\":\"When getting old imposes physical and sometimes mental decay, is there any way to keep hope in life and its mysteries? This is the question asked by Fernand Dansereau\u2019s documentary Le vieil \u00e2ge et l\u2019esp\u00e9rance.\",\"breadcrumb\":{\"@id\":\"https:\/\/lepetitseptieme.ca\/en\/2019\/04\/22\/le-vieil-age-et-lesperance-lets-talk-about-it-finally\/#breadcrumb\"},\"inLanguage\":\"en-US\",\"potentialAction\":[{\"@type\":\"ReadAction\",\"target\":[\"https:\/\/lepetitseptieme.ca\/en\/2019\/04\/22\/le-vieil-age-et-lesperance-lets-talk-about-it-finally\/\"]}]},{\"@type\":\"ImageObject\",\"inLanguage\":\"en-US\",\"@id\":\"https:\/\/lepetitseptieme.ca\/en\/2019\/04\/22\/le-vieil-age-et-lesperance-lets-talk-about-it-finally\/#primaryimage\",\"url\":\"https:\/\/lepetitseptieme.ca\/wp-content\/uploads\/2019\/04\/Vieil-age-et-esp\u00e9rence-une.jpg\",\"contentUrl\":\"https:\/\/lepetitseptieme.ca\/wp-content\/uploads\/2019\/04\/Vieil-age-et-esp\u00e9rence-une.jpg\",\"width\":1920,\"height\":1080,\"caption\":\"Vieil age et l'esp\u00e9rance - une\"},{\"@type\":\"BreadcrumbList\",\"@id\":\"https:\/\/lepetitseptieme.ca\/en\/2019\/04\/22\/le-vieil-age-et-lesperance-lets-talk-about-it-finally\/#breadcrumb\",\"itemListElement\":[{\"@type\":\"ListItem\",\"position\":1,\"name\":\"Home\",\"item\":\"https:\/\/lepetitseptieme.ca\/en\/\"},{\"@type\":\"ListItem\",\"position\":2,\"name\":\"Le vieil \u00e2ge et l\u2019esp\u00e9rance \u2013 Let\u2019s talk about it finally!\"}]},{\"@type\":\"WebSite\",\"@id\":\"https:\/\/lepetitseptieme.ca\/en\/#website\",\"url\":\"https:\/\/lepetitseptieme.ca\/en\/\",\"name\":\"Le petit septi\u00e8me\",\"description\":\"Reviews and comments on Quebec, international and author cinema\",\"publisher\":{\"@id\":\"https:\/\/lepetitseptieme.ca\/en\/#organization\"},\"potentialAction\":[{\"@type\":\"SearchAction\",\"target\":{\"@type\":\"EntryPoint\",\"urlTemplate\":\"https:\/\/lepetitseptieme.ca\/en\/?s={search_term_string}\"},\"query-input\":{\"@type\":\"PropertyValueSpecification\",\"valueRequired\":true,\"valueName\":\"search_term_string\"}}],\"inLanguage\":\"en-US\"},{\"@type\":\"Organization\",\"@id\":\"https:\/\/lepetitseptieme.ca\/en\/#organization\",\"name\":\"Le Petit Septi\u00e8me\",\"url\":\"https:\/\/lepetitseptieme.ca\/en\/\",\"logo\":{\"@type\":\"ImageObject\",\"inLanguage\":\"en-US\",\"@id\":\"https:\/\/lepetitseptieme.ca\/en\/#\/schema\/logo\/image\/\",\"url\":\"https:\/\/lepetitseptieme.ca\/wp-content\/uploads\/2016\/05\/cropped-Logo-Le-Petit-Septi\u00e8me-2016-BW.png\",\"contentUrl\":\"https:\/\/lepetitseptieme.ca\/wp-content\/uploads\/2016\/05\/cropped-Logo-Le-Petit-Septi\u00e8me-2016-BW.png\",\"width\":512,\"height\":512,\"caption\":\"Le Petit Septi\u00e8me\"},\"image\":{\"@id\":\"https:\/\/lepetitseptieme.ca\/en\/#\/schema\/logo\/image\/\"},\"sameAs\":[\"https:\/\/www.facebook.com\/pages\/Le-Petit-Septi\u00e8me\/494448933948121?ref=hl\",\"https:\/\/x.com\/LePetitSeptieme\",\"https:\/\/www.youtube.com\/channel\/UC5mdhI_jJvDN1I9fkk5RcIw\"]},{\"@type\":\"Person\",\"@id\":\"https:\/\/lepetitseptieme.ca\/en\/#\/schema\/person\/edb89acaad9919c257f8bf83f96c86c1\",\"name\":\"Andrea Krotthammer\",\"image\":{\"@type\":\"ImageObject\",\"inLanguage\":\"en-US\",\"@id\":\"https:\/\/lepetitseptieme.ca\/en\/#\/schema\/person\/image\/\",\"url\":\"https:\/\/secure.gravatar.com\/avatar\/c877aebf9a20151514d9dde592fd7a6939619a279dd1b474a0ffd8253decde65?s=96&d=mm&r=r\",\"contentUrl\":\"https:\/\/secure.gravatar.com\/avatar\/c877aebf9a20151514d9dde592fd7a6939619a279dd1b474a0ffd8253decde65?s=96&d=mm&r=r\",\"caption\":\"Andrea Krotthammer\"},\"description\":\"Voyageuse passionn\u00e9e habitant en Autriche et titulaire d'un master en fran\u00e7ais et allemand.\",\"url\":\"https:\/\/lepetitseptieme.ca\/en\/author\/andrea\/\"}]}<\/script>\n<!-- \/ Yoast SEO plugin. -->","yoast_head_json":{"title":"Le vieil \u00e2ge et l\u2019esp\u00e9rance \u2013 Let\u2019s talk about it finally! - Le petit septi\u00e8me","description":"When getting old imposes physical and sometimes mental decay, is there any way to keep hope in life and its mysteries? This is the question asked by Fernand Dansereau\u2019s documentary Le vieil \u00e2ge et l\u2019esp\u00e9rance.","robots":{"index":"index","follow":"follow","max-snippet":"max-snippet:-1","max-image-preview":"max-image-preview:large","max-video-preview":"max-video-preview:-1"},"canonical":"https:\/\/lepetitseptieme.ca\/en\/2019\/04\/22\/le-vieil-age-et-lesperance-lets-talk-about-it-finally\/","og_locale":"en_US","og_type":"article","og_title":"Le vieil \u00e2ge et l\u2019esp\u00e9rance \u2013 Let\u2019s talk about it finally! - Le petit septi\u00e8me","og_description":"Quand le grand \u00e2ge impose la d\u00e9ch\u00e9ance physique, et parfois mentale, y a-t-il moyen de garder espoir face \u00e0 la vie et ses myst\u00e8res? C\u2019est la question que pose le film documentaire Le vieil \u00e2ge et l\u2019esp\u00e9rance de Fernand Dansereau.","og_url":"https:\/\/lepetitseptieme.ca\/en\/2019\/04\/22\/le-vieil-age-et-lesperance-lets-talk-about-it-finally\/","og_site_name":"Le petit septi\u00e8me","article_publisher":"https:\/\/www.facebook.com\/pages\/Le-Petit-Septi%c3%a8me\/494448933948121?ref=hl","article_published_time":"2019-04-22T10:30:48+00:00","article_modified_time":"2024-08-12T15:49:26+00:00","og_image":[{"width":1920,"height":1080,"url":"https:\/\/lepetitseptieme.ca\/wp-content\/uploads\/2019\/04\/Vieil-age-et-esp\u00e9rence-une.jpg","type":"image\/jpeg"}],"author":"Andrea Krotthammer","twitter_card":"summary_large_image","twitter_creator":"@LePetitSeptieme","twitter_site":"@LePetitSeptieme","twitter_misc":{"Written by":"Andrea Krotthammer"},"schema":{"@context":"https:\/\/schema.org","@graph":[{"@type":"Article","@id":"https:\/\/lepetitseptieme.ca\/en\/2019\/04\/22\/le-vieil-age-et-lesperance-lets-talk-about-it-finally\/#article","isPartOf":{"@id":"https:\/\/lepetitseptieme.ca\/en\/2019\/04\/22\/le-vieil-age-et-lesperance-lets-talk-about-it-finally\/"},"author":{"name":"Andrea Krotthammer","@id":"https:\/\/lepetitseptieme.ca\/en\/#\/schema\/person\/edb89acaad9919c257f8bf83f96c86c1"},"headline":"Le vieil \u00e2ge et l\u2019esp\u00e9rance \u2013 Let\u2019s talk about it finally!","datePublished":"2019-04-22T10:30:48+00:00","dateModified":"2024-08-12T15:49:26+00:00","mainEntityOfPage":{"@id":"https:\/\/lepetitseptieme.ca\/en\/2019\/04\/22\/le-vieil-age-et-lesperance-lets-talk-about-it-finally\/"},"wordCount":64,"commentCount":0,"publisher":{"@id":"https:\/\/lepetitseptieme.ca\/en\/#organization"},"image":{"@id":"https:\/\/lepetitseptieme.ca\/en\/2019\/04\/22\/le-vieil-age-et-lesperance-lets-talk-about-it-finally\/#primaryimage"},"thumbnailUrl":"https:\/\/lepetitseptieme.ca\/wp-content\/uploads\/2019\/04\/Vieil-age-et-esp\u00e9rence-une.jpg","keywords":["Canada","gerontology","palliative care","psychology"],"articleSection":["Documentaries","Newly available","Quebecers movies"],"inLanguage":"en-US","potentialAction":[{"@type":"CommentAction","name":"Comment","target":["https:\/\/lepetitseptieme.ca\/en\/2019\/04\/22\/le-vieil-age-et-lesperance-lets-talk-about-it-finally\/#respond"]}]},{"@type":"WebPage","@id":"https:\/\/lepetitseptieme.ca\/en\/2019\/04\/22\/le-vieil-age-et-lesperance-lets-talk-about-it-finally\/","url":"https:\/\/lepetitseptieme.ca\/en\/2019\/04\/22\/le-vieil-age-et-lesperance-lets-talk-about-it-finally\/","name":"Le vieil \u00e2ge et l\u2019esp\u00e9rance \u2013 Let\u2019s talk about it finally! - Le petit septi\u00e8me","isPartOf":{"@id":"https:\/\/lepetitseptieme.ca\/en\/#website"},"primaryImageOfPage":{"@id":"https:\/\/lepetitseptieme.ca\/en\/2019\/04\/22\/le-vieil-age-et-lesperance-lets-talk-about-it-finally\/#primaryimage"},"image":{"@id":"https:\/\/lepetitseptieme.ca\/en\/2019\/04\/22\/le-vieil-age-et-lesperance-lets-talk-about-it-finally\/#primaryimage"},"thumbnailUrl":"https:\/\/lepetitseptieme.ca\/wp-content\/uploads\/2019\/04\/Vieil-age-et-esp\u00e9rence-une.jpg","datePublished":"2019-04-22T10:30:48+00:00","dateModified":"2024-08-12T15:49:26+00:00","description":"When getting old imposes physical and sometimes mental decay, is there any way to keep hope in life and its mysteries? This is the question asked by Fernand Dansereau\u2019s documentary Le vieil \u00e2ge et l\u2019esp\u00e9rance.","breadcrumb":{"@id":"https:\/\/lepetitseptieme.ca\/en\/2019\/04\/22\/le-vieil-age-et-lesperance-lets-talk-about-it-finally\/#breadcrumb"},"inLanguage":"en-US","potentialAction":[{"@type":"ReadAction","target":["https:\/\/lepetitseptieme.ca\/en\/2019\/04\/22\/le-vieil-age-et-lesperance-lets-talk-about-it-finally\/"]}]},{"@type":"ImageObject","inLanguage":"en-US","@id":"https:\/\/lepetitseptieme.ca\/en\/2019\/04\/22\/le-vieil-age-et-lesperance-lets-talk-about-it-finally\/#primaryimage","url":"https:\/\/lepetitseptieme.ca\/wp-content\/uploads\/2019\/04\/Vieil-age-et-esp\u00e9rence-une.jpg","contentUrl":"https:\/\/lepetitseptieme.ca\/wp-content\/uploads\/2019\/04\/Vieil-age-et-esp\u00e9rence-une.jpg","width":1920,"height":1080,"caption":"Vieil age et l'esp\u00e9rance - une"},{"@type":"BreadcrumbList","@id":"https:\/\/lepetitseptieme.ca\/en\/2019\/04\/22\/le-vieil-age-et-lesperance-lets-talk-about-it-finally\/#breadcrumb","itemListElement":[{"@type":"ListItem","position":1,"name":"Home","item":"https:\/\/lepetitseptieme.ca\/en\/"},{"@type":"ListItem","position":2,"name":"Le vieil \u00e2ge et l\u2019esp\u00e9rance \u2013 Let\u2019s talk about it finally!"}]},{"@type":"WebSite","@id":"https:\/\/lepetitseptieme.ca\/en\/#website","url":"https:\/\/lepetitseptieme.ca\/en\/","name":"Le petit septi\u00e8me","description":"Reviews and comments on Quebec, international and author cinema","publisher":{"@id":"https:\/\/lepetitseptieme.ca\/en\/#organization"},"potentialAction":[{"@type":"SearchAction","target":{"@type":"EntryPoint","urlTemplate":"https:\/\/lepetitseptieme.ca\/en\/?s={search_term_string}"},"query-input":{"@type":"PropertyValueSpecification","valueRequired":true,"valueName":"search_term_string"}}],"inLanguage":"en-US"},{"@type":"Organization","@id":"https:\/\/lepetitseptieme.ca\/en\/#organization","name":"Le Petit Septi\u00e8me","url":"https:\/\/lepetitseptieme.ca\/en\/","logo":{"@type":"ImageObject","inLanguage":"en-US","@id":"https:\/\/lepetitseptieme.ca\/en\/#\/schema\/logo\/image\/","url":"https:\/\/lepetitseptieme.ca\/wp-content\/uploads\/2016\/05\/cropped-Logo-Le-Petit-Septi\u00e8me-2016-BW.png","contentUrl":"https:\/\/lepetitseptieme.ca\/wp-content\/uploads\/2016\/05\/cropped-Logo-Le-Petit-Septi\u00e8me-2016-BW.png","width":512,"height":512,"caption":"Le Petit Septi\u00e8me"},"image":{"@id":"https:\/\/lepetitseptieme.ca\/en\/#\/schema\/logo\/image\/"},"sameAs":["https:\/\/www.facebook.com\/pages\/Le-Petit-Septi\u00e8me\/494448933948121?ref=hl","https:\/\/x.com\/LePetitSeptieme","https:\/\/www.youtube.com\/channel\/UC5mdhI_jJvDN1I9fkk5RcIw"]},{"@type":"Person","@id":"https:\/\/lepetitseptieme.ca\/en\/#\/schema\/person\/edb89acaad9919c257f8bf83f96c86c1","name":"Andrea Krotthammer","image":{"@type":"ImageObject","inLanguage":"en-US","@id":"https:\/\/lepetitseptieme.ca\/en\/#\/schema\/person\/image\/","url":"https:\/\/secure.gravatar.com\/avatar\/c877aebf9a20151514d9dde592fd7a6939619a279dd1b474a0ffd8253decde65?s=96&d=mm&r=r","contentUrl":"https:\/\/secure.gravatar.com\/avatar\/c877aebf9a20151514d9dde592fd7a6939619a279dd1b474a0ffd8253decde65?s=96&d=mm&r=r","caption":"Andrea Krotthammer"},"description":"Voyageuse passionn\u00e9e habitant en Autriche et titulaire d'un master en fran\u00e7ais et allemand.","url":"https:\/\/lepetitseptieme.ca\/en\/author\/andrea\/"}]}},"_links":{"self":[{"href":"https:\/\/lepetitseptieme.ca\/en\/wp-json\/wp\/v2\/posts\/8514","targetHints":{"allow":["GET"]}}],"collection":[{"href":"https:\/\/lepetitseptieme.ca\/en\/wp-json\/wp\/v2\/posts"}],"about":[{"href":"https:\/\/lepetitseptieme.ca\/en\/wp-json\/wp\/v2\/types\/post"}],"author":[{"embeddable":true,"href":"https:\/\/lepetitseptieme.ca\/en\/wp-json\/wp\/v2\/users\/9"}],"replies":[{"embeddable":true,"href":"https:\/\/lepetitseptieme.ca\/en\/wp-json\/wp\/v2\/comments?post=8514"}],"version-history":[{"count":1,"href":"https:\/\/lepetitseptieme.ca\/en\/wp-json\/wp\/v2\/posts\/8514\/revisions"}],"predecessor-version":[{"id":46922,"href":"https:\/\/lepetitseptieme.ca\/en\/wp-json\/wp\/v2\/posts\/8514\/revisions\/46922"}],"wp:featuredmedia":[{"embeddable":true,"href":"https:\/\/lepetitseptieme.ca\/en\/wp-json\/wp\/v2\/media\/8505"}],"wp:attachment":[{"href":"https:\/\/lepetitseptieme.ca\/en\/wp-json\/wp\/v2\/media?parent=8514"}],"wp:term":[{"taxonomy":"category","embeddable":true,"href":"https:\/\/lepetitseptieme.ca\/en\/wp-json\/wp\/v2\/categories?post=8514"},{"taxonomy":"post_tag","embeddable":true,"href":"https:\/\/lepetitseptieme.ca\/en\/wp-json\/wp\/v2\/tags?post=8514"}],"curies":[{"name":"wp","href":"https:\/\/api.w.org\/{rel}","templated":true}]}}