{"id":8454,"date":"2019-04-10T06:30:24","date_gmt":"2019-04-10T10:30:24","guid":{"rendered":"https:\/\/lepetitseptieme.ca\/?p=8454"},"modified":"2024-08-12T11:50:55","modified_gmt":"2024-08-12T15:50:55","slug":"lempereur-de-paris-convict-and-hero","status":"publish","type":"post","link":"https:\/\/lepetitseptieme.ca\/en\/2019\/04\/10\/lempereur-de-paris-convict-and-hero\/","title":{"rendered":"L&#8217;empereur de Paris \u2013 Convict and Hero"},"content":{"rendered":"<p><span style=\"font-weight: 400;\"><img loading=\"lazy\" decoding=\"async\" class=\"alignleft wp-image-8451\" src=\"https:\/\/lepetitseptieme.ca\/wp-content\/uploads\/2019\/04\/Empereur-de-Paris-affiche-1-221x300.jpg\" alt=\"Empereur de Paris - poster\" width=\"150\" height=\"203\" srcset=\"https:\/\/lepetitseptieme.ca\/wp-content\/uploads\/2019\/04\/Empereur-de-Paris-affiche-1-221x300.jpg 221w, https:\/\/lepetitseptieme.ca\/wp-content\/uploads\/2019\/04\/Empereur-de-Paris-affiche-1-768x1042.jpg 768w, https:\/\/lepetitseptieme.ca\/wp-content\/uploads\/2019\/04\/Empereur-de-Paris-affiche-1-755x1024.jpg 755w, https:\/\/lepetitseptieme.ca\/wp-content\/uploads\/2019\/04\/Empereur-de-Paris-affiche-1-600x814.jpg 600w, https:\/\/lepetitseptieme.ca\/wp-content\/uploads\/2019\/04\/Empereur-de-Paris-affiche-1.jpg 800w\" sizes=\"auto, (max-width: 150px) 100vw, 150px\" \/>Why is this article not available in English?<\/span><\/p>\n<p><span style=\"font-weight: 400;\">Unfortunately, we do not have the necessary financial support to provide a good translation of each of our texts.<\/span><\/p>\n<p><span style=\"font-weight: 400;\">Support us by purchasing one of <\/span><a href=\"https:\/\/lepetitseptieme.ca\/en\/store\/\"><span style=\"font-weight: 400;\">our products<\/span><\/a><span style=\"font-weight: 400;\"> or with <a href=\"https:\/\/lepetitseptieme.ca\/en\/produit\/donation\/\">a donation<\/a> so we can make it!<\/span><\/p>\n<p><span style=\"font-weight: 400;\">You can still watch the trailer&#8230;<\/span><\/p>\n<p>&nbsp;<\/p>\n<p><iframe loading=\"lazy\" src=\"\/\/www.youtube.com\/embed\/xxCkqbpbGJI?feature=youtu\" width=\"560\" height=\"314\" allowfullscreen=\"allowfullscreen\"><\/iframe><\/p>\n","protected":false},"excerpt":{"rendered":"<p>Why is this article not available in English? Unfortunately, we do not have the necessary financial support to provide a good translation of each of our texts. Support us by purchasing one of our products or with a donation so we can make it! You can still watch the trailer&#8230; &nbsp;<\/p>\n","protected":false},"author":2,"featured_media":8449,"comment_status":"open","ping_status":"open","sticky":false,"template":"","format":"standard","meta":{"_acf_changed":false,"site-sidebar-layout":"default","site-content-layout":"","ast-site-content-layout":"default","site-content-style":"default","site-sidebar-style":"default","ast-global-header-display":"","ast-banner-title-visibility":"","ast-main-header-display":"","ast-hfb-above-header-display":"","ast-hfb-below-header-display":"","ast-hfb-mobile-header-display":"","site-post-title":"","ast-breadcrumbs-content":"","ast-featured-img":"","footer-sml-layout":"","ast-disable-related-posts":"","theme-transparent-header-meta":"","adv-header-id-meta":"","stick-header-meta":"","header-above-stick-meta":"","header-main-stick-meta":"","header-below-stick-meta":"","astra-migrate-meta-layouts":"default","ast-page-background-enabled":"default","ast-page-background-meta":{"desktop":{"background-color":"var(--ast-global-color-4)","background-image":"","background-repeat":"repeat","background-position":"center center","background-size":"auto","background-attachment":"scroll","background-type":"","background-media":"","overlay-type":"","overlay-color":"","overlay-opacity":"","overlay-gradient":""},"tablet":{"background-color":"","background-image":"","background-repeat":"repeat","background-position":"center center","background-size":"auto","background-attachment":"scroll","background-type":"","background-media":"","overlay-type":"","overlay-color":"","overlay-opacity":"","overlay-gradient":""},"mobile":{"background-color":"","background-image":"","background-repeat":"repeat","background-position":"center center","background-size":"auto","background-attachment":"scroll","background-type":"","background-media":"","overlay-type":"","overlay-color":"","overlay-opacity":"","overlay-gradient":""}},"ast-content-background-meta":{"desktop":{"background-color":"var(--ast-global-color-5)","background-image":"","background-repeat":"repeat","background-position":"center center","background-size":"auto","background-attachment":"scroll","background-type":"","background-media":"","overlay-type":"","overlay-color":"","overlay-opacity":"","overlay-gradient":""},"tablet":{"background-color":"var(--ast-global-color-5)","background-image":"","background-repeat":"repeat","background-position":"center center","background-size":"auto","background-attachment":"scroll","background-type":"","background-media":"","overlay-type":"","overlay-color":"","overlay-opacity":"","overlay-gradient":""},"mobile":{"background-color":"var(--ast-global-color-5)","background-image":"","background-repeat":"repeat","background-position":"center center","background-size":"auto","background-attachment":"scroll","background-type":"","background-media":"","overlay-type":"","overlay-color":"","overlay-opacity":"","overlay-gradient":""}},"footnotes":""},"categories":[5574,5164],"tags":[6636,6344,7290,7292,7294],"class_list":["post-8454","post","type-post","status-publish","format-standard","has-post-thumbnail","hentry","category-european-films","category-newly-available","tag-fabrice-luchini-en","tag-freya-mavor-en","tag-jean-francois-richet-en","tag-napoleon-en","tag-vincent-cassel-en"],"acf":[],"yoast_head":"<!-- This site is optimized with the Yoast SEO plugin v27.1.1 - https:\/\/yoast.com\/product\/yoast-seo-wordpress\/ -->\n<title>L&#039;empereur de Paris \u2013 Convict and Hero - Le petit septi\u00e8me<\/title>\n<meta name=\"description\" content=\"With L&#039;empereur de Paris, Jean-Fran\u00e7ois Richet proposes a historical action film, based on a character of French folklore. A genre film worthy of Hollywood.\" \/>\n<meta name=\"robots\" content=\"index, follow, max-snippet:-1, max-image-preview:large, max-video-preview:-1\" \/>\n<link rel=\"canonical\" href=\"https:\/\/lepetitseptieme.ca\/en\/2019\/04\/10\/lempereur-de-paris-convict-and-hero\/\" \/>\n<meta property=\"og:locale\" content=\"en_US\" \/>\n<meta property=\"og:type\" content=\"article\" \/>\n<meta property=\"og:title\" content=\"L&#039;empereur de Paris \u2013 Convict and Hero - Le petit septi\u00e8me\" \/>\n<meta property=\"og:description\" content=\"Avec L&#039;empereur de Paris, Jean-Fran\u00e7ois Richet propose un film d&#039;action, historique, bas\u00e9 sur un personnage du folklore fran\u00e7ais. Un film de genre digne de Hollywood.\" \/>\n<meta property=\"og:url\" content=\"https:\/\/lepetitseptieme.ca\/en\/2019\/04\/10\/lempereur-de-paris-convict-and-hero\/\" \/>\n<meta property=\"og:site_name\" content=\"Le petit septi\u00e8me\" \/>\n<meta property=\"article:publisher\" content=\"https:\/\/www.facebook.com\/pages\/Le-Petit-Septi%c3%a8me\/494448933948121?ref=hl\" \/>\n<meta property=\"article:author\" content=\"https:\/\/www.facebook.com\/FGrondinArt\/\" \/>\n<meta property=\"article:published_time\" content=\"2019-04-10T10:30:24+00:00\" \/>\n<meta property=\"article:modified_time\" content=\"2024-08-12T15:50:55+00:00\" \/>\n<meta property=\"og:image\" content=\"https:\/\/lepetitseptieme.ca\/wp-content\/uploads\/2019\/04\/Empereur-de-Paris-une.jpg\" \/>\n\t<meta property=\"og:image:width\" content=\"2000\" \/>\n\t<meta property=\"og:image:height\" content=\"1125\" \/>\n\t<meta property=\"og:image:type\" content=\"image\/jpeg\" \/>\n<meta name=\"author\" content=\"Francois Grondin\" \/>\n<meta name=\"twitter:card\" content=\"summary_large_image\" \/>\n<meta name=\"twitter:creator\" content=\"@fgrondin1221\" \/>\n<meta name=\"twitter:site\" content=\"@LePetitSeptieme\" \/>\n<meta name=\"twitter:label1\" content=\"Written by\" \/>\n\t<meta name=\"twitter:data1\" content=\"Francois Grondin\" \/>\n<script type=\"application\/ld+json\" class=\"yoast-schema-graph\">{\"@context\":\"https:\/\/schema.org\",\"@graph\":[{\"@type\":\"Article\",\"@id\":\"https:\/\/lepetitseptieme.ca\/en\/2019\/04\/10\/lempereur-de-paris-convict-and-hero\/#article\",\"isPartOf\":{\"@id\":\"https:\/\/lepetitseptieme.ca\/en\/2019\/04\/10\/lempereur-de-paris-convict-and-hero\/\"},\"author\":{\"name\":\"Francois Grondin\",\"@id\":\"https:\/\/lepetitseptieme.ca\/en\/#\/schema\/person\/12a0b9476b07b0f9a7cc8a82db87e8af\"},\"headline\":\"L&#8217;empereur de Paris \u2013 Convict and Hero\",\"datePublished\":\"2019-04-10T10:30:24+00:00\",\"dateModified\":\"2024-08-12T15:50:55+00:00\",\"mainEntityOfPage\":{\"@id\":\"https:\/\/lepetitseptieme.ca\/en\/2019\/04\/10\/lempereur-de-paris-convict-and-hero\/\"},\"wordCount\":58,\"commentCount\":0,\"publisher\":{\"@id\":\"https:\/\/lepetitseptieme.ca\/en\/#organization\"},\"image\":{\"@id\":\"https:\/\/lepetitseptieme.ca\/en\/2019\/04\/10\/lempereur-de-paris-convict-and-hero\/#primaryimage\"},\"thumbnailUrl\":\"https:\/\/lepetitseptieme.ca\/wp-content\/uploads\/2019\/04\/Empereur-de-Paris-une.jpg\",\"keywords\":[\"Fabrice Luchini\",\"Freya Mavor\",\"Jean-Fran\u00e7ois Richet\",\"Napol\u00e9on\",\"Vincent Cassel\"],\"articleSection\":[\"European movies\",\"Newly available\"],\"inLanguage\":\"en-US\",\"potentialAction\":[{\"@type\":\"CommentAction\",\"name\":\"Comment\",\"target\":[\"https:\/\/lepetitseptieme.ca\/en\/2019\/04\/10\/lempereur-de-paris-convict-and-hero\/#respond\"]}]},{\"@type\":\"WebPage\",\"@id\":\"https:\/\/lepetitseptieme.ca\/en\/2019\/04\/10\/lempereur-de-paris-convict-and-hero\/\",\"url\":\"https:\/\/lepetitseptieme.ca\/en\/2019\/04\/10\/lempereur-de-paris-convict-and-hero\/\",\"name\":\"L'empereur de Paris \u2013 Convict and Hero - Le petit septi\u00e8me\",\"isPartOf\":{\"@id\":\"https:\/\/lepetitseptieme.ca\/en\/#website\"},\"primaryImageOfPage\":{\"@id\":\"https:\/\/lepetitseptieme.ca\/en\/2019\/04\/10\/lempereur-de-paris-convict-and-hero\/#primaryimage\"},\"image\":{\"@id\":\"https:\/\/lepetitseptieme.ca\/en\/2019\/04\/10\/lempereur-de-paris-convict-and-hero\/#primaryimage\"},\"thumbnailUrl\":\"https:\/\/lepetitseptieme.ca\/wp-content\/uploads\/2019\/04\/Empereur-de-Paris-une.jpg\",\"datePublished\":\"2019-04-10T10:30:24+00:00\",\"dateModified\":\"2024-08-12T15:50:55+00:00\",\"description\":\"With L'empereur de Paris, Jean-Fran\u00e7ois Richet proposes a historical action film, based on a character of French folklore. A genre film worthy of Hollywood.\",\"breadcrumb\":{\"@id\":\"https:\/\/lepetitseptieme.ca\/en\/2019\/04\/10\/lempereur-de-paris-convict-and-hero\/#breadcrumb\"},\"inLanguage\":\"en-US\",\"potentialAction\":[{\"@type\":\"ReadAction\",\"target\":[\"https:\/\/lepetitseptieme.ca\/en\/2019\/04\/10\/lempereur-de-paris-convict-and-hero\/\"]}]},{\"@type\":\"ImageObject\",\"inLanguage\":\"en-US\",\"@id\":\"https:\/\/lepetitseptieme.ca\/en\/2019\/04\/10\/lempereur-de-paris-convict-and-hero\/#primaryimage\",\"url\":\"https:\/\/lepetitseptieme.ca\/wp-content\/uploads\/2019\/04\/Empereur-de-Paris-une.jpg\",\"contentUrl\":\"https:\/\/lepetitseptieme.ca\/wp-content\/uploads\/2019\/04\/Empereur-de-Paris-une.jpg\",\"width\":2000,\"height\":1125,\"caption\":\"Empereur de Paris - une\"},{\"@type\":\"BreadcrumbList\",\"@id\":\"https:\/\/lepetitseptieme.ca\/en\/2019\/04\/10\/lempereur-de-paris-convict-and-hero\/#breadcrumb\",\"itemListElement\":[{\"@type\":\"ListItem\",\"position\":1,\"name\":\"Home\",\"item\":\"https:\/\/lepetitseptieme.ca\/en\/\"},{\"@type\":\"ListItem\",\"position\":2,\"name\":\"L&#8217;empereur de Paris \u2013 Convict and Hero\"}]},{\"@type\":\"WebSite\",\"@id\":\"https:\/\/lepetitseptieme.ca\/en\/#website\",\"url\":\"https:\/\/lepetitseptieme.ca\/en\/\",\"name\":\"Le petit septi\u00e8me\",\"description\":\"Reviews and comments on Quebec, international and author cinema\",\"publisher\":{\"@id\":\"https:\/\/lepetitseptieme.ca\/en\/#organization\"},\"potentialAction\":[{\"@type\":\"SearchAction\",\"target\":{\"@type\":\"EntryPoint\",\"urlTemplate\":\"https:\/\/lepetitseptieme.ca\/en\/?s={search_term_string}\"},\"query-input\":{\"@type\":\"PropertyValueSpecification\",\"valueRequired\":true,\"valueName\":\"search_term_string\"}}],\"inLanguage\":\"en-US\"},{\"@type\":\"Organization\",\"@id\":\"https:\/\/lepetitseptieme.ca\/en\/#organization\",\"name\":\"Le Petit Septi\u00e8me\",\"url\":\"https:\/\/lepetitseptieme.ca\/en\/\",\"logo\":{\"@type\":\"ImageObject\",\"inLanguage\":\"en-US\",\"@id\":\"https:\/\/lepetitseptieme.ca\/en\/#\/schema\/logo\/image\/\",\"url\":\"https:\/\/lepetitseptieme.ca\/wp-content\/uploads\/2016\/05\/cropped-Logo-Le-Petit-Septi\u00e8me-2016-BW.png\",\"contentUrl\":\"https:\/\/lepetitseptieme.ca\/wp-content\/uploads\/2016\/05\/cropped-Logo-Le-Petit-Septi\u00e8me-2016-BW.png\",\"width\":512,\"height\":512,\"caption\":\"Le Petit Septi\u00e8me\"},\"image\":{\"@id\":\"https:\/\/lepetitseptieme.ca\/en\/#\/schema\/logo\/image\/\"},\"sameAs\":[\"https:\/\/www.facebook.com\/pages\/Le-Petit-Septi\u00e8me\/494448933948121?ref=hl\",\"https:\/\/x.com\/LePetitSeptieme\",\"https:\/\/www.youtube.com\/channel\/UC5mdhI_jJvDN1I9fkk5RcIw\"]},{\"@type\":\"Person\",\"@id\":\"https:\/\/lepetitseptieme.ca\/en\/#\/schema\/person\/12a0b9476b07b0f9a7cc8a82db87e8af\",\"name\":\"Francois Grondin\",\"image\":{\"@type\":\"ImageObject\",\"inLanguage\":\"en-US\",\"@id\":\"https:\/\/lepetitseptieme.ca\/en\/#\/schema\/person\/image\/\",\"url\":\"https:\/\/secure.gravatar.com\/avatar\/cbc7d427b20502f8a471e632a3ac28d3200b0a6f80a7e6d8056f088f651d3888?s=96&d=mm&r=r\",\"contentUrl\":\"https:\/\/secure.gravatar.com\/avatar\/cbc7d427b20502f8a471e632a3ac28d3200b0a6f80a7e6d8056f088f651d3888?s=96&d=mm&r=r\",\"caption\":\"Francois Grondin\"},\"description\":\"Sp\u00e9cialiste en cin\u00e9ma international et en communication num\u00e9rique, cin\u00e9aste, photographe et passionn\u00e9 de cin\u00e9ma italien et japonais. Membre du jury pour le festival FICMAN et le SIFA Festival 2022 et, bien s\u00fbr, fier papa de 2!\",\"sameAs\":[\"https:\/\/lepetitseptieme.ca\",\"https:\/\/www.facebook.com\/FGrondinArt\/\",\"https:\/\/www.linkedin.com\/in\/francois-grondin-05895816\/\",\"https:\/\/x.com\/fgrondin1221\"],\"url\":\"https:\/\/lepetitseptieme.ca\/en\/author\/francois\/\"}]}<\/script>\n<!-- \/ Yoast SEO plugin. -->","yoast_head_json":{"title":"L'empereur de Paris \u2013 Convict and Hero - Le petit septi\u00e8me","description":"With L'empereur de Paris, Jean-Fran\u00e7ois Richet proposes a historical action film, based on a character of French folklore. A genre film worthy of Hollywood.","robots":{"index":"index","follow":"follow","max-snippet":"max-snippet:-1","max-image-preview":"max-image-preview:large","max-video-preview":"max-video-preview:-1"},"canonical":"https:\/\/lepetitseptieme.ca\/en\/2019\/04\/10\/lempereur-de-paris-convict-and-hero\/","og_locale":"en_US","og_type":"article","og_title":"L'empereur de Paris \u2013 Convict and Hero - Le petit septi\u00e8me","og_description":"Avec L'empereur de Paris, Jean-Fran\u00e7ois Richet propose un film d'action, historique, bas\u00e9 sur un personnage du folklore fran\u00e7ais. Un film de genre digne de Hollywood.","og_url":"https:\/\/lepetitseptieme.ca\/en\/2019\/04\/10\/lempereur-de-paris-convict-and-hero\/","og_site_name":"Le petit septi\u00e8me","article_publisher":"https:\/\/www.facebook.com\/pages\/Le-Petit-Septi%c3%a8me\/494448933948121?ref=hl","article_author":"https:\/\/www.facebook.com\/FGrondinArt\/","article_published_time":"2019-04-10T10:30:24+00:00","article_modified_time":"2024-08-12T15:50:55+00:00","og_image":[{"width":2000,"height":1125,"url":"https:\/\/lepetitseptieme.ca\/wp-content\/uploads\/2019\/04\/Empereur-de-Paris-une.jpg","type":"image\/jpeg"}],"author":"Francois Grondin","twitter_card":"summary_large_image","twitter_creator":"@fgrondin1221","twitter_site":"@LePetitSeptieme","twitter_misc":{"Written by":"Francois Grondin"},"schema":{"@context":"https:\/\/schema.org","@graph":[{"@type":"Article","@id":"https:\/\/lepetitseptieme.ca\/en\/2019\/04\/10\/lempereur-de-paris-convict-and-hero\/#article","isPartOf":{"@id":"https:\/\/lepetitseptieme.ca\/en\/2019\/04\/10\/lempereur-de-paris-convict-and-hero\/"},"author":{"name":"Francois Grondin","@id":"https:\/\/lepetitseptieme.ca\/en\/#\/schema\/person\/12a0b9476b07b0f9a7cc8a82db87e8af"},"headline":"L&#8217;empereur de Paris \u2013 Convict and Hero","datePublished":"2019-04-10T10:30:24+00:00","dateModified":"2024-08-12T15:50:55+00:00","mainEntityOfPage":{"@id":"https:\/\/lepetitseptieme.ca\/en\/2019\/04\/10\/lempereur-de-paris-convict-and-hero\/"},"wordCount":58,"commentCount":0,"publisher":{"@id":"https:\/\/lepetitseptieme.ca\/en\/#organization"},"image":{"@id":"https:\/\/lepetitseptieme.ca\/en\/2019\/04\/10\/lempereur-de-paris-convict-and-hero\/#primaryimage"},"thumbnailUrl":"https:\/\/lepetitseptieme.ca\/wp-content\/uploads\/2019\/04\/Empereur-de-Paris-une.jpg","keywords":["Fabrice Luchini","Freya Mavor","Jean-Fran\u00e7ois Richet","Napol\u00e9on","Vincent Cassel"],"articleSection":["European movies","Newly available"],"inLanguage":"en-US","potentialAction":[{"@type":"CommentAction","name":"Comment","target":["https:\/\/lepetitseptieme.ca\/en\/2019\/04\/10\/lempereur-de-paris-convict-and-hero\/#respond"]}]},{"@type":"WebPage","@id":"https:\/\/lepetitseptieme.ca\/en\/2019\/04\/10\/lempereur-de-paris-convict-and-hero\/","url":"https:\/\/lepetitseptieme.ca\/en\/2019\/04\/10\/lempereur-de-paris-convict-and-hero\/","name":"L'empereur de Paris \u2013 Convict and Hero - Le petit septi\u00e8me","isPartOf":{"@id":"https:\/\/lepetitseptieme.ca\/en\/#website"},"primaryImageOfPage":{"@id":"https:\/\/lepetitseptieme.ca\/en\/2019\/04\/10\/lempereur-de-paris-convict-and-hero\/#primaryimage"},"image":{"@id":"https:\/\/lepetitseptieme.ca\/en\/2019\/04\/10\/lempereur-de-paris-convict-and-hero\/#primaryimage"},"thumbnailUrl":"https:\/\/lepetitseptieme.ca\/wp-content\/uploads\/2019\/04\/Empereur-de-Paris-une.jpg","datePublished":"2019-04-10T10:30:24+00:00","dateModified":"2024-08-12T15:50:55+00:00","description":"With L'empereur de Paris, Jean-Fran\u00e7ois Richet proposes a historical action film, based on a character of French folklore. A genre film worthy of Hollywood.","breadcrumb":{"@id":"https:\/\/lepetitseptieme.ca\/en\/2019\/04\/10\/lempereur-de-paris-convict-and-hero\/#breadcrumb"},"inLanguage":"en-US","potentialAction":[{"@type":"ReadAction","target":["https:\/\/lepetitseptieme.ca\/en\/2019\/04\/10\/lempereur-de-paris-convict-and-hero\/"]}]},{"@type":"ImageObject","inLanguage":"en-US","@id":"https:\/\/lepetitseptieme.ca\/en\/2019\/04\/10\/lempereur-de-paris-convict-and-hero\/#primaryimage","url":"https:\/\/lepetitseptieme.ca\/wp-content\/uploads\/2019\/04\/Empereur-de-Paris-une.jpg","contentUrl":"https:\/\/lepetitseptieme.ca\/wp-content\/uploads\/2019\/04\/Empereur-de-Paris-une.jpg","width":2000,"height":1125,"caption":"Empereur de Paris - une"},{"@type":"BreadcrumbList","@id":"https:\/\/lepetitseptieme.ca\/en\/2019\/04\/10\/lempereur-de-paris-convict-and-hero\/#breadcrumb","itemListElement":[{"@type":"ListItem","position":1,"name":"Home","item":"https:\/\/lepetitseptieme.ca\/en\/"},{"@type":"ListItem","position":2,"name":"L&#8217;empereur de Paris \u2013 Convict and Hero"}]},{"@type":"WebSite","@id":"https:\/\/lepetitseptieme.ca\/en\/#website","url":"https:\/\/lepetitseptieme.ca\/en\/","name":"Le petit septi\u00e8me","description":"Reviews and comments on Quebec, international and author cinema","publisher":{"@id":"https:\/\/lepetitseptieme.ca\/en\/#organization"},"potentialAction":[{"@type":"SearchAction","target":{"@type":"EntryPoint","urlTemplate":"https:\/\/lepetitseptieme.ca\/en\/?s={search_term_string}"},"query-input":{"@type":"PropertyValueSpecification","valueRequired":true,"valueName":"search_term_string"}}],"inLanguage":"en-US"},{"@type":"Organization","@id":"https:\/\/lepetitseptieme.ca\/en\/#organization","name":"Le Petit Septi\u00e8me","url":"https:\/\/lepetitseptieme.ca\/en\/","logo":{"@type":"ImageObject","inLanguage":"en-US","@id":"https:\/\/lepetitseptieme.ca\/en\/#\/schema\/logo\/image\/","url":"https:\/\/lepetitseptieme.ca\/wp-content\/uploads\/2016\/05\/cropped-Logo-Le-Petit-Septi\u00e8me-2016-BW.png","contentUrl":"https:\/\/lepetitseptieme.ca\/wp-content\/uploads\/2016\/05\/cropped-Logo-Le-Petit-Septi\u00e8me-2016-BW.png","width":512,"height":512,"caption":"Le Petit Septi\u00e8me"},"image":{"@id":"https:\/\/lepetitseptieme.ca\/en\/#\/schema\/logo\/image\/"},"sameAs":["https:\/\/www.facebook.com\/pages\/Le-Petit-Septi\u00e8me\/494448933948121?ref=hl","https:\/\/x.com\/LePetitSeptieme","https:\/\/www.youtube.com\/channel\/UC5mdhI_jJvDN1I9fkk5RcIw"]},{"@type":"Person","@id":"https:\/\/lepetitseptieme.ca\/en\/#\/schema\/person\/12a0b9476b07b0f9a7cc8a82db87e8af","name":"Francois Grondin","image":{"@type":"ImageObject","inLanguage":"en-US","@id":"https:\/\/lepetitseptieme.ca\/en\/#\/schema\/person\/image\/","url":"https:\/\/secure.gravatar.com\/avatar\/cbc7d427b20502f8a471e632a3ac28d3200b0a6f80a7e6d8056f088f651d3888?s=96&d=mm&r=r","contentUrl":"https:\/\/secure.gravatar.com\/avatar\/cbc7d427b20502f8a471e632a3ac28d3200b0a6f80a7e6d8056f088f651d3888?s=96&d=mm&r=r","caption":"Francois Grondin"},"description":"Sp\u00e9cialiste en cin\u00e9ma international et en communication num\u00e9rique, cin\u00e9aste, photographe et passionn\u00e9 de cin\u00e9ma italien et japonais. Membre du jury pour le festival FICMAN et le SIFA Festival 2022 et, bien s\u00fbr, fier papa de 2!","sameAs":["https:\/\/lepetitseptieme.ca","https:\/\/www.facebook.com\/FGrondinArt\/","https:\/\/www.linkedin.com\/in\/francois-grondin-05895816\/","https:\/\/x.com\/fgrondin1221"],"url":"https:\/\/lepetitseptieme.ca\/en\/author\/francois\/"}]}},"_links":{"self":[{"href":"https:\/\/lepetitseptieme.ca\/en\/wp-json\/wp\/v2\/posts\/8454","targetHints":{"allow":["GET"]}}],"collection":[{"href":"https:\/\/lepetitseptieme.ca\/en\/wp-json\/wp\/v2\/posts"}],"about":[{"href":"https:\/\/lepetitseptieme.ca\/en\/wp-json\/wp\/v2\/types\/post"}],"author":[{"embeddable":true,"href":"https:\/\/lepetitseptieme.ca\/en\/wp-json\/wp\/v2\/users\/2"}],"replies":[{"embeddable":true,"href":"https:\/\/lepetitseptieme.ca\/en\/wp-json\/wp\/v2\/comments?post=8454"}],"version-history":[{"count":1,"href":"https:\/\/lepetitseptieme.ca\/en\/wp-json\/wp\/v2\/posts\/8454\/revisions"}],"predecessor-version":[{"id":46923,"href":"https:\/\/lepetitseptieme.ca\/en\/wp-json\/wp\/v2\/posts\/8454\/revisions\/46923"}],"wp:featuredmedia":[{"embeddable":true,"href":"https:\/\/lepetitseptieme.ca\/en\/wp-json\/wp\/v2\/media\/8449"}],"wp:attachment":[{"href":"https:\/\/lepetitseptieme.ca\/en\/wp-json\/wp\/v2\/media?parent=8454"}],"wp:term":[{"taxonomy":"category","embeddable":true,"href":"https:\/\/lepetitseptieme.ca\/en\/wp-json\/wp\/v2\/categories?post=8454"},{"taxonomy":"post_tag","embeddable":true,"href":"https:\/\/lepetitseptieme.ca\/en\/wp-json\/wp\/v2\/tags?post=8454"}],"curies":[{"name":"wp","href":"https:\/\/api.w.org\/{rel}","templated":true}]}}