{"id":8225,"date":"2019-02-25T11:00:42","date_gmt":"2019-02-25T16:00:42","guid":{"rendered":"https:\/\/lepetitseptieme.ca\/?p=8225"},"modified":"2024-08-15T13:26:53","modified_gmt":"2024-08-15T17:26:53","slug":"la-fille-du-cratere-vernacular","status":"publish","type":"post","link":"https:\/\/lepetitseptieme.ca\/en\/2019\/02\/25\/la-fille-du-cratere-vernacular\/","title":{"rendered":"La fille du crat\u00e8re &#8211; Vernacular"},"content":{"rendered":"<p><span style=\"font-weight: 400;\"><img loading=\"lazy\" decoding=\"async\" class=\"alignleft wp-image-8216\" src=\"https:\/\/lepetitseptieme.ca\/wp-content\/uploads\/2019\/02\/La-fille-du-crat\u00e8re-affiche-200x300.jpg\" alt=\"La fille du crat\u00e8re - poster\" width=\"150\" height=\"225\" srcset=\"https:\/\/lepetitseptieme.ca\/wp-content\/uploads\/2019\/02\/La-fille-du-crat\u00e8re-affiche-200x300.jpg 200w, https:\/\/lepetitseptieme.ca\/wp-content\/uploads\/2019\/02\/La-fille-du-crat\u00e8re-affiche-768x1151.jpg 768w, https:\/\/lepetitseptieme.ca\/wp-content\/uploads\/2019\/02\/La-fille-du-crat\u00e8re-affiche-683x1024.jpg 683w, https:\/\/lepetitseptieme.ca\/wp-content\/uploads\/2019\/02\/La-fille-du-crat\u00e8re-affiche-600x899.jpg 600w, https:\/\/lepetitseptieme.ca\/wp-content\/uploads\/2019\/02\/La-fille-du-crat\u00e8re-affiche.jpg 800w\" sizes=\"auto, (max-width: 150px) 100vw, 150px\" \/>Why is this article not available in English?<\/span><\/p>\n<p><span style=\"font-weight: 400;\">Unfortunately, we do not have the necessary financial support to provide a good translation of each of our texts.<\/span><\/p>\n<p><span style=\"font-weight: 400;\">Support us by <a href=\"https:\/\/lepetitseptieme.ca\/en\/store\/\">purchasing one of our products<\/a> or with <a href=\"https:\/\/lepetitseptieme.ca\/en\/produit\/donation\/\">a donation<\/a> so we can make it!<\/span><\/p>\n<p>&nbsp;<\/p>\n<p>&nbsp;<\/p>\n","protected":false},"excerpt":{"rendered":"<p>Why is this article not available in English? Unfortunately, we do not have the necessary financial support to provide a good translation of each of our texts. Support us by purchasing one of our products or with a donation so we can make it! &nbsp; &nbsp;<\/p>\n","protected":false},"author":2,"featured_media":8218,"comment_status":"open","ping_status":"open","sticky":false,"template":"","format":"standard","meta":{"_acf_changed":false,"site-sidebar-layout":"default","site-content-layout":"","ast-site-content-layout":"default","site-content-style":"default","site-sidebar-style":"default","ast-global-header-display":"","ast-banner-title-visibility":"","ast-main-header-display":"","ast-hfb-above-header-display":"","ast-hfb-below-header-display":"","ast-hfb-mobile-header-display":"","site-post-title":"","ast-breadcrumbs-content":"","ast-featured-img":"","footer-sml-layout":"","ast-disable-related-posts":"","theme-transparent-header-meta":"","adv-header-id-meta":"","stick-header-meta":"","header-above-stick-meta":"","header-main-stick-meta":"","header-below-stick-meta":"","astra-migrate-meta-layouts":"default","ast-page-background-enabled":"default","ast-page-background-meta":{"desktop":{"background-color":"var(--ast-global-color-4)","background-image":"","background-repeat":"repeat","background-position":"center center","background-size":"auto","background-attachment":"scroll","background-type":"","background-media":"","overlay-type":"","overlay-color":"","overlay-opacity":"","overlay-gradient":""},"tablet":{"background-color":"","background-image":"","background-repeat":"repeat","background-position":"center center","background-size":"auto","background-attachment":"scroll","background-type":"","background-media":"","overlay-type":"","overlay-color":"","overlay-opacity":"","overlay-gradient":""},"mobile":{"background-color":"","background-image":"","background-repeat":"repeat","background-position":"center center","background-size":"auto","background-attachment":"scroll","background-type":"","background-media":"","overlay-type":"","overlay-color":"","overlay-opacity":"","overlay-gradient":""}},"ast-content-background-meta":{"desktop":{"background-color":"var(--ast-global-color-5)","background-image":"","background-repeat":"repeat","background-position":"center center","background-size":"auto","background-attachment":"scroll","background-type":"","background-media":"","overlay-type":"","overlay-color":"","overlay-opacity":"","overlay-gradient":""},"tablet":{"background-color":"var(--ast-global-color-5)","background-image":"","background-repeat":"repeat","background-position":"center center","background-size":"auto","background-attachment":"scroll","background-type":"","background-media":"","overlay-type":"","overlay-color":"","overlay-opacity":"","overlay-gradient":""},"mobile":{"background-color":"var(--ast-global-color-5)","background-image":"","background-repeat":"repeat","background-position":"center center","background-size":"auto","background-attachment":"scroll","background-type":"","background-media":"","overlay-type":"","overlay-color":"","overlay-opacity":"","overlay-gradient":""}},"footnotes":""},"categories":[5440,20833,5164,5522],"tags":[7062,5721,6177,7064,7066,7068,7070],"class_list":["post-8225","post","type-post","status-publish","format-standard","has-post-thumbnail","hentry","category-documentaries","category-festivals-coverage","category-newly-available","category-quebecers-films","tag-charlevoix-en","tag-festivals-en","tag-nfb","tag-pierre-perrault-en","tag-rvqc-en","tag-rvqc-2019-en","tag-yolande-simard-perrault-en"],"acf":[],"yoast_head":"<!-- This site is optimized with the Yoast SEO plugin v27.1.1 - https:\/\/yoast.com\/product\/yoast-seo-wordpress\/ -->\n<title>La fille du crat\u00e8re - Vernacular - Le petit septi\u00e8me<\/title>\n<meta name=\"description\" content=\"Nadine Beaudet and Danic Champoux\u2019s La fille du crat\u00e8re is, in fact, an impact film that shows how a seismic love between two beings has come to shake the history of Quebec documentary.\" \/>\n<meta name=\"robots\" content=\"index, follow, max-snippet:-1, max-image-preview:large, max-video-preview:-1\" \/>\n<link rel=\"canonical\" href=\"https:\/\/lepetitseptieme.ca\/en\/2019\/02\/25\/la-fille-du-cratere-vernacular\/\" \/>\n<meta property=\"og:locale\" content=\"en_US\" \/>\n<meta property=\"og:type\" content=\"article\" \/>\n<meta property=\"og:title\" content=\"La fille du crat\u00e8re - Vernacular - Le petit septi\u00e8me\" \/>\n<meta property=\"og:description\" content=\"La fille du crat\u00e8re, de Nadine Beaudet et Danic Champoux, est de fait un film d\u2019impact qui montre comment un amour sismique entre deux \u00eatres en est venu \u00e0 bousculer l\u2019histoire du documentaire qu\u00e9b\u00e9cois.\" \/>\n<meta property=\"og:url\" content=\"https:\/\/lepetitseptieme.ca\/en\/2019\/02\/25\/la-fille-du-cratere-vernacular\/\" \/>\n<meta property=\"og:site_name\" content=\"Le petit septi\u00e8me\" \/>\n<meta property=\"article:publisher\" content=\"https:\/\/www.facebook.com\/pages\/Le-Petit-Septi%c3%a8me\/494448933948121?ref=hl\" \/>\n<meta property=\"article:author\" content=\"https:\/\/www.facebook.com\/FGrondinArt\/\" \/>\n<meta property=\"article:published_time\" content=\"2019-02-25T16:00:42+00:00\" \/>\n<meta property=\"article:modified_time\" content=\"2024-08-15T17:26:53+00:00\" \/>\n<meta property=\"og:image\" content=\"https:\/\/lepetitseptieme.ca\/wp-content\/uploads\/2019\/02\/La-fille-du-cratere-une.jpg\" \/>\n\t<meta property=\"og:image:width\" content=\"1920\" \/>\n\t<meta property=\"og:image:height\" content=\"1080\" \/>\n\t<meta property=\"og:image:type\" content=\"image\/jpeg\" \/>\n<meta name=\"author\" content=\"Francois Grondin\" \/>\n<meta name=\"twitter:card\" content=\"summary_large_image\" \/>\n<meta name=\"twitter:creator\" content=\"@fgrondin1221\" \/>\n<meta name=\"twitter:site\" content=\"@LePetitSeptieme\" \/>\n<meta name=\"twitter:label1\" content=\"Written by\" \/>\n\t<meta name=\"twitter:data1\" content=\"Francois Grondin\" \/>\n<script type=\"application\/ld+json\" class=\"yoast-schema-graph\">{\"@context\":\"https:\/\/schema.org\",\"@graph\":[{\"@type\":\"Article\",\"@id\":\"https:\/\/lepetitseptieme.ca\/en\/2019\/02\/25\/la-fille-du-cratere-vernacular\/#article\",\"isPartOf\":{\"@id\":\"https:\/\/lepetitseptieme.ca\/en\/2019\/02\/25\/la-fille-du-cratere-vernacular\/\"},\"author\":{\"name\":\"Francois Grondin\",\"@id\":\"https:\/\/lepetitseptieme.ca\/en\/#\/schema\/person\/12a0b9476b07b0f9a7cc8a82db87e8af\"},\"headline\":\"La fille du crat\u00e8re &#8211; Vernacular\",\"datePublished\":\"2019-02-25T16:00:42+00:00\",\"dateModified\":\"2024-08-15T17:26:53+00:00\",\"mainEntityOfPage\":{\"@id\":\"https:\/\/lepetitseptieme.ca\/en\/2019\/02\/25\/la-fille-du-cratere-vernacular\/\"},\"wordCount\":53,\"commentCount\":0,\"publisher\":{\"@id\":\"https:\/\/lepetitseptieme.ca\/en\/#organization\"},\"image\":{\"@id\":\"https:\/\/lepetitseptieme.ca\/en\/2019\/02\/25\/la-fille-du-cratere-vernacular\/#primaryimage\"},\"thumbnailUrl\":\"https:\/\/lepetitseptieme.ca\/wp-content\/uploads\/2019\/02\/La-fille-du-cratere-une.jpg\",\"keywords\":[\"Charlevoix\",\"Festivals\",\"NFB\",\"Pierre Perrault\",\"RVQC\",\"RVQC 2019\",\"Yolande Simard Perrault\"],\"articleSection\":[\"Documentaries\",\"Festivals coverage\",\"Newly available\",\"Quebecers movies\"],\"inLanguage\":\"en-US\",\"potentialAction\":[{\"@type\":\"CommentAction\",\"name\":\"Comment\",\"target\":[\"https:\/\/lepetitseptieme.ca\/en\/2019\/02\/25\/la-fille-du-cratere-vernacular\/#respond\"]}]},{\"@type\":\"WebPage\",\"@id\":\"https:\/\/lepetitseptieme.ca\/en\/2019\/02\/25\/la-fille-du-cratere-vernacular\/\",\"url\":\"https:\/\/lepetitseptieme.ca\/en\/2019\/02\/25\/la-fille-du-cratere-vernacular\/\",\"name\":\"La fille du crat\u00e8re - Vernacular - Le petit septi\u00e8me\",\"isPartOf\":{\"@id\":\"https:\/\/lepetitseptieme.ca\/en\/#website\"},\"primaryImageOfPage\":{\"@id\":\"https:\/\/lepetitseptieme.ca\/en\/2019\/02\/25\/la-fille-du-cratere-vernacular\/#primaryimage\"},\"image\":{\"@id\":\"https:\/\/lepetitseptieme.ca\/en\/2019\/02\/25\/la-fille-du-cratere-vernacular\/#primaryimage\"},\"thumbnailUrl\":\"https:\/\/lepetitseptieme.ca\/wp-content\/uploads\/2019\/02\/La-fille-du-cratere-une.jpg\",\"datePublished\":\"2019-02-25T16:00:42+00:00\",\"dateModified\":\"2024-08-15T17:26:53+00:00\",\"description\":\"Nadine Beaudet and Danic Champoux\u2019s La fille du crat\u00e8re is, in fact, an impact film that shows how a seismic love between two beings has come to shake the history of Quebec documentary.\",\"breadcrumb\":{\"@id\":\"https:\/\/lepetitseptieme.ca\/en\/2019\/02\/25\/la-fille-du-cratere-vernacular\/#breadcrumb\"},\"inLanguage\":\"en-US\",\"potentialAction\":[{\"@type\":\"ReadAction\",\"target\":[\"https:\/\/lepetitseptieme.ca\/en\/2019\/02\/25\/la-fille-du-cratere-vernacular\/\"]}]},{\"@type\":\"ImageObject\",\"inLanguage\":\"en-US\",\"@id\":\"https:\/\/lepetitseptieme.ca\/en\/2019\/02\/25\/la-fille-du-cratere-vernacular\/#primaryimage\",\"url\":\"https:\/\/lepetitseptieme.ca\/wp-content\/uploads\/2019\/02\/La-fille-du-cratere-une.jpg\",\"contentUrl\":\"https:\/\/lepetitseptieme.ca\/wp-content\/uploads\/2019\/02\/La-fille-du-cratere-une.jpg\",\"width\":1920,\"height\":1080,\"caption\":\"La fille du cratere - une\"},{\"@type\":\"BreadcrumbList\",\"@id\":\"https:\/\/lepetitseptieme.ca\/en\/2019\/02\/25\/la-fille-du-cratere-vernacular\/#breadcrumb\",\"itemListElement\":[{\"@type\":\"ListItem\",\"position\":1,\"name\":\"Home\",\"item\":\"https:\/\/lepetitseptieme.ca\/en\/\"},{\"@type\":\"ListItem\",\"position\":2,\"name\":\"La fille du crat\u00e8re &#8211; Vernacular\"}]},{\"@type\":\"WebSite\",\"@id\":\"https:\/\/lepetitseptieme.ca\/en\/#website\",\"url\":\"https:\/\/lepetitseptieme.ca\/en\/\",\"name\":\"Le petit septi\u00e8me\",\"description\":\"Reviews and comments on Quebec, international and author cinema\",\"publisher\":{\"@id\":\"https:\/\/lepetitseptieme.ca\/en\/#organization\"},\"potentialAction\":[{\"@type\":\"SearchAction\",\"target\":{\"@type\":\"EntryPoint\",\"urlTemplate\":\"https:\/\/lepetitseptieme.ca\/en\/?s={search_term_string}\"},\"query-input\":{\"@type\":\"PropertyValueSpecification\",\"valueRequired\":true,\"valueName\":\"search_term_string\"}}],\"inLanguage\":\"en-US\"},{\"@type\":\"Organization\",\"@id\":\"https:\/\/lepetitseptieme.ca\/en\/#organization\",\"name\":\"Le Petit Septi\u00e8me\",\"url\":\"https:\/\/lepetitseptieme.ca\/en\/\",\"logo\":{\"@type\":\"ImageObject\",\"inLanguage\":\"en-US\",\"@id\":\"https:\/\/lepetitseptieme.ca\/en\/#\/schema\/logo\/image\/\",\"url\":\"https:\/\/lepetitseptieme.ca\/wp-content\/uploads\/2016\/05\/cropped-Logo-Le-Petit-Septi\u00e8me-2016-BW.png\",\"contentUrl\":\"https:\/\/lepetitseptieme.ca\/wp-content\/uploads\/2016\/05\/cropped-Logo-Le-Petit-Septi\u00e8me-2016-BW.png\",\"width\":512,\"height\":512,\"caption\":\"Le Petit Septi\u00e8me\"},\"image\":{\"@id\":\"https:\/\/lepetitseptieme.ca\/en\/#\/schema\/logo\/image\/\"},\"sameAs\":[\"https:\/\/www.facebook.com\/pages\/Le-Petit-Septi\u00e8me\/494448933948121?ref=hl\",\"https:\/\/x.com\/LePetitSeptieme\",\"https:\/\/www.youtube.com\/channel\/UC5mdhI_jJvDN1I9fkk5RcIw\"]},{\"@type\":\"Person\",\"@id\":\"https:\/\/lepetitseptieme.ca\/en\/#\/schema\/person\/12a0b9476b07b0f9a7cc8a82db87e8af\",\"name\":\"Francois Grondin\",\"image\":{\"@type\":\"ImageObject\",\"inLanguage\":\"en-US\",\"@id\":\"https:\/\/lepetitseptieme.ca\/en\/#\/schema\/person\/image\/\",\"url\":\"https:\/\/secure.gravatar.com\/avatar\/cbc7d427b20502f8a471e632a3ac28d3200b0a6f80a7e6d8056f088f651d3888?s=96&d=mm&r=r\",\"contentUrl\":\"https:\/\/secure.gravatar.com\/avatar\/cbc7d427b20502f8a471e632a3ac28d3200b0a6f80a7e6d8056f088f651d3888?s=96&d=mm&r=r\",\"caption\":\"Francois Grondin\"},\"description\":\"Sp\u00e9cialiste en cin\u00e9ma international et en communication num\u00e9rique, cin\u00e9aste, photographe et passionn\u00e9 de cin\u00e9ma italien et japonais. Membre du jury pour le festival FICMAN et le SIFA Festival 2022 et, bien s\u00fbr, fier papa de 2!\",\"sameAs\":[\"https:\/\/lepetitseptieme.ca\",\"https:\/\/www.facebook.com\/FGrondinArt\/\",\"https:\/\/www.linkedin.com\/in\/francois-grondin-05895816\/\",\"https:\/\/x.com\/fgrondin1221\"],\"url\":\"https:\/\/lepetitseptieme.ca\/en\/author\/francois\/\"}]}<\/script>\n<!-- \/ Yoast SEO plugin. -->","yoast_head_json":{"title":"La fille du crat\u00e8re - Vernacular - Le petit septi\u00e8me","description":"Nadine Beaudet and Danic Champoux\u2019s La fille du crat\u00e8re is, in fact, an impact film that shows how a seismic love between two beings has come to shake the history of Quebec documentary.","robots":{"index":"index","follow":"follow","max-snippet":"max-snippet:-1","max-image-preview":"max-image-preview:large","max-video-preview":"max-video-preview:-1"},"canonical":"https:\/\/lepetitseptieme.ca\/en\/2019\/02\/25\/la-fille-du-cratere-vernacular\/","og_locale":"en_US","og_type":"article","og_title":"La fille du crat\u00e8re - Vernacular - Le petit septi\u00e8me","og_description":"La fille du crat\u00e8re, de Nadine Beaudet et Danic Champoux, est de fait un film d\u2019impact qui montre comment un amour sismique entre deux \u00eatres en est venu \u00e0 bousculer l\u2019histoire du documentaire qu\u00e9b\u00e9cois.","og_url":"https:\/\/lepetitseptieme.ca\/en\/2019\/02\/25\/la-fille-du-cratere-vernacular\/","og_site_name":"Le petit septi\u00e8me","article_publisher":"https:\/\/www.facebook.com\/pages\/Le-Petit-Septi%c3%a8me\/494448933948121?ref=hl","article_author":"https:\/\/www.facebook.com\/FGrondinArt\/","article_published_time":"2019-02-25T16:00:42+00:00","article_modified_time":"2024-08-15T17:26:53+00:00","og_image":[{"width":1920,"height":1080,"url":"https:\/\/lepetitseptieme.ca\/wp-content\/uploads\/2019\/02\/La-fille-du-cratere-une.jpg","type":"image\/jpeg"}],"author":"Francois Grondin","twitter_card":"summary_large_image","twitter_creator":"@fgrondin1221","twitter_site":"@LePetitSeptieme","twitter_misc":{"Written by":"Francois Grondin"},"schema":{"@context":"https:\/\/schema.org","@graph":[{"@type":"Article","@id":"https:\/\/lepetitseptieme.ca\/en\/2019\/02\/25\/la-fille-du-cratere-vernacular\/#article","isPartOf":{"@id":"https:\/\/lepetitseptieme.ca\/en\/2019\/02\/25\/la-fille-du-cratere-vernacular\/"},"author":{"name":"Francois Grondin","@id":"https:\/\/lepetitseptieme.ca\/en\/#\/schema\/person\/12a0b9476b07b0f9a7cc8a82db87e8af"},"headline":"La fille du crat\u00e8re &#8211; Vernacular","datePublished":"2019-02-25T16:00:42+00:00","dateModified":"2024-08-15T17:26:53+00:00","mainEntityOfPage":{"@id":"https:\/\/lepetitseptieme.ca\/en\/2019\/02\/25\/la-fille-du-cratere-vernacular\/"},"wordCount":53,"commentCount":0,"publisher":{"@id":"https:\/\/lepetitseptieme.ca\/en\/#organization"},"image":{"@id":"https:\/\/lepetitseptieme.ca\/en\/2019\/02\/25\/la-fille-du-cratere-vernacular\/#primaryimage"},"thumbnailUrl":"https:\/\/lepetitseptieme.ca\/wp-content\/uploads\/2019\/02\/La-fille-du-cratere-une.jpg","keywords":["Charlevoix","Festivals","NFB","Pierre Perrault","RVQC","RVQC 2019","Yolande Simard Perrault"],"articleSection":["Documentaries","Festivals coverage","Newly available","Quebecers movies"],"inLanguage":"en-US","potentialAction":[{"@type":"CommentAction","name":"Comment","target":["https:\/\/lepetitseptieme.ca\/en\/2019\/02\/25\/la-fille-du-cratere-vernacular\/#respond"]}]},{"@type":"WebPage","@id":"https:\/\/lepetitseptieme.ca\/en\/2019\/02\/25\/la-fille-du-cratere-vernacular\/","url":"https:\/\/lepetitseptieme.ca\/en\/2019\/02\/25\/la-fille-du-cratere-vernacular\/","name":"La fille du crat\u00e8re - Vernacular - Le petit septi\u00e8me","isPartOf":{"@id":"https:\/\/lepetitseptieme.ca\/en\/#website"},"primaryImageOfPage":{"@id":"https:\/\/lepetitseptieme.ca\/en\/2019\/02\/25\/la-fille-du-cratere-vernacular\/#primaryimage"},"image":{"@id":"https:\/\/lepetitseptieme.ca\/en\/2019\/02\/25\/la-fille-du-cratere-vernacular\/#primaryimage"},"thumbnailUrl":"https:\/\/lepetitseptieme.ca\/wp-content\/uploads\/2019\/02\/La-fille-du-cratere-une.jpg","datePublished":"2019-02-25T16:00:42+00:00","dateModified":"2024-08-15T17:26:53+00:00","description":"Nadine Beaudet and Danic Champoux\u2019s La fille du crat\u00e8re is, in fact, an impact film that shows how a seismic love between two beings has come to shake the history of Quebec documentary.","breadcrumb":{"@id":"https:\/\/lepetitseptieme.ca\/en\/2019\/02\/25\/la-fille-du-cratere-vernacular\/#breadcrumb"},"inLanguage":"en-US","potentialAction":[{"@type":"ReadAction","target":["https:\/\/lepetitseptieme.ca\/en\/2019\/02\/25\/la-fille-du-cratere-vernacular\/"]}]},{"@type":"ImageObject","inLanguage":"en-US","@id":"https:\/\/lepetitseptieme.ca\/en\/2019\/02\/25\/la-fille-du-cratere-vernacular\/#primaryimage","url":"https:\/\/lepetitseptieme.ca\/wp-content\/uploads\/2019\/02\/La-fille-du-cratere-une.jpg","contentUrl":"https:\/\/lepetitseptieme.ca\/wp-content\/uploads\/2019\/02\/La-fille-du-cratere-une.jpg","width":1920,"height":1080,"caption":"La fille du cratere - une"},{"@type":"BreadcrumbList","@id":"https:\/\/lepetitseptieme.ca\/en\/2019\/02\/25\/la-fille-du-cratere-vernacular\/#breadcrumb","itemListElement":[{"@type":"ListItem","position":1,"name":"Home","item":"https:\/\/lepetitseptieme.ca\/en\/"},{"@type":"ListItem","position":2,"name":"La fille du crat\u00e8re &#8211; Vernacular"}]},{"@type":"WebSite","@id":"https:\/\/lepetitseptieme.ca\/en\/#website","url":"https:\/\/lepetitseptieme.ca\/en\/","name":"Le petit septi\u00e8me","description":"Reviews and comments on Quebec, international and author cinema","publisher":{"@id":"https:\/\/lepetitseptieme.ca\/en\/#organization"},"potentialAction":[{"@type":"SearchAction","target":{"@type":"EntryPoint","urlTemplate":"https:\/\/lepetitseptieme.ca\/en\/?s={search_term_string}"},"query-input":{"@type":"PropertyValueSpecification","valueRequired":true,"valueName":"search_term_string"}}],"inLanguage":"en-US"},{"@type":"Organization","@id":"https:\/\/lepetitseptieme.ca\/en\/#organization","name":"Le Petit Septi\u00e8me","url":"https:\/\/lepetitseptieme.ca\/en\/","logo":{"@type":"ImageObject","inLanguage":"en-US","@id":"https:\/\/lepetitseptieme.ca\/en\/#\/schema\/logo\/image\/","url":"https:\/\/lepetitseptieme.ca\/wp-content\/uploads\/2016\/05\/cropped-Logo-Le-Petit-Septi\u00e8me-2016-BW.png","contentUrl":"https:\/\/lepetitseptieme.ca\/wp-content\/uploads\/2016\/05\/cropped-Logo-Le-Petit-Septi\u00e8me-2016-BW.png","width":512,"height":512,"caption":"Le Petit Septi\u00e8me"},"image":{"@id":"https:\/\/lepetitseptieme.ca\/en\/#\/schema\/logo\/image\/"},"sameAs":["https:\/\/www.facebook.com\/pages\/Le-Petit-Septi\u00e8me\/494448933948121?ref=hl","https:\/\/x.com\/LePetitSeptieme","https:\/\/www.youtube.com\/channel\/UC5mdhI_jJvDN1I9fkk5RcIw"]},{"@type":"Person","@id":"https:\/\/lepetitseptieme.ca\/en\/#\/schema\/person\/12a0b9476b07b0f9a7cc8a82db87e8af","name":"Francois Grondin","image":{"@type":"ImageObject","inLanguage":"en-US","@id":"https:\/\/lepetitseptieme.ca\/en\/#\/schema\/person\/image\/","url":"https:\/\/secure.gravatar.com\/avatar\/cbc7d427b20502f8a471e632a3ac28d3200b0a6f80a7e6d8056f088f651d3888?s=96&d=mm&r=r","contentUrl":"https:\/\/secure.gravatar.com\/avatar\/cbc7d427b20502f8a471e632a3ac28d3200b0a6f80a7e6d8056f088f651d3888?s=96&d=mm&r=r","caption":"Francois Grondin"},"description":"Sp\u00e9cialiste en cin\u00e9ma international et en communication num\u00e9rique, cin\u00e9aste, photographe et passionn\u00e9 de cin\u00e9ma italien et japonais. Membre du jury pour le festival FICMAN et le SIFA Festival 2022 et, bien s\u00fbr, fier papa de 2!","sameAs":["https:\/\/lepetitseptieme.ca","https:\/\/www.facebook.com\/FGrondinArt\/","https:\/\/www.linkedin.com\/in\/francois-grondin-05895816\/","https:\/\/x.com\/fgrondin1221"],"url":"https:\/\/lepetitseptieme.ca\/en\/author\/francois\/"}]}},"_links":{"self":[{"href":"https:\/\/lepetitseptieme.ca\/en\/wp-json\/wp\/v2\/posts\/8225","targetHints":{"allow":["GET"]}}],"collection":[{"href":"https:\/\/lepetitseptieme.ca\/en\/wp-json\/wp\/v2\/posts"}],"about":[{"href":"https:\/\/lepetitseptieme.ca\/en\/wp-json\/wp\/v2\/types\/post"}],"author":[{"embeddable":true,"href":"https:\/\/lepetitseptieme.ca\/en\/wp-json\/wp\/v2\/users\/2"}],"replies":[{"embeddable":true,"href":"https:\/\/lepetitseptieme.ca\/en\/wp-json\/wp\/v2\/comments?post=8225"}],"version-history":[{"count":1,"href":"https:\/\/lepetitseptieme.ca\/en\/wp-json\/wp\/v2\/posts\/8225\/revisions"}],"predecessor-version":[{"id":46966,"href":"https:\/\/lepetitseptieme.ca\/en\/wp-json\/wp\/v2\/posts\/8225\/revisions\/46966"}],"wp:featuredmedia":[{"embeddable":true,"href":"https:\/\/lepetitseptieme.ca\/en\/wp-json\/wp\/v2\/media\/8218"}],"wp:attachment":[{"href":"https:\/\/lepetitseptieme.ca\/en\/wp-json\/wp\/v2\/media?parent=8225"}],"wp:term":[{"taxonomy":"category","embeddable":true,"href":"https:\/\/lepetitseptieme.ca\/en\/wp-json\/wp\/v2\/categories?post=8225"},{"taxonomy":"post_tag","embeddable":true,"href":"https:\/\/lepetitseptieme.ca\/en\/wp-json\/wp\/v2\/tags?post=8225"}],"curies":[{"name":"wp","href":"https:\/\/api.w.org\/{rel}","templated":true}]}}