{"id":7024,"date":"2018-10-03T06:30:04","date_gmt":"2018-10-03T10:30:04","guid":{"rendered":"https:\/\/lepetitseptieme.ca\/?p=7024"},"modified":"2024-09-01T19:02:42","modified_gmt":"2024-09-01T23:02:42","slug":"italian-short-films-at-the-fnc","status":"publish","type":"post","link":"https:\/\/lepetitseptieme.ca\/en\/2018\/10\/03\/italian-short-films-at-the-fnc\/","title":{"rendered":"Italian Short Films at the FNC"},"content":{"rendered":"<p>&nbsp;<\/p>\n<p><span style=\"font-weight: 400;\"><a href=\"https:\/\/lepetitseptieme.ca\/wp-content\/uploads\/2018\/10\/Gli-anni.jpg\"><img loading=\"lazy\" decoding=\"async\" class=\"alignleft size-medium wp-image-7016\" src=\"https:\/\/lepetitseptieme.ca\/wp-content\/uploads\/2018\/10\/Gli-anni-300x226.jpg\" alt=\"Gli anni\" width=\"300\" height=\"226\" srcset=\"https:\/\/lepetitseptieme.ca\/wp-content\/uploads\/2018\/10\/Gli-anni-300x226.jpg 300w, https:\/\/lepetitseptieme.ca\/wp-content\/uploads\/2018\/10\/Gli-anni-600x452.jpg 600w, https:\/\/lepetitseptieme.ca\/wp-content\/uploads\/2018\/10\/Gli-anni-768x579.jpg 768w, https:\/\/lepetitseptieme.ca\/wp-content\/uploads\/2018\/10\/Gli-anni-1024x772.jpg 1024w, https:\/\/lepetitseptieme.ca\/wp-content\/uploads\/2018\/10\/Gli-anni.jpg 1433w\" sizes=\"auto, (max-width: 300px) 100vw, 300px\" \/><\/a><em>Why is this article not available in English?<\/em><\/span><\/p>\n<p><em><span style=\"font-weight: 400;\">Unfortunately, we do not have the necessary financial support to provide a good translation of each of our texts.<\/span><\/em><\/p>\n<p><em><span style=\"font-weight: 400;\">Support us by purchasing one of our product or with a <a href=\"https:\/\/lepetitseptieme.ca\/en\/produit\/donation\/\">donation<\/a> so we can make it!<\/span><\/em><\/p>\n<p>You can still\u00a0<a href=\"https:\/\/nouveaucinema.ca\/en\" target=\"_blank\" rel=\"noopener\">visit the FNC website<\/a>.<\/p>\n<p>&nbsp;<\/p>\n","protected":false},"excerpt":{"rendered":"<p>&nbsp; Why is this article not available in English? Unfortunately, we do not have the necessary financial support to provide a good translation of each of our texts. Support us by purchasing one of our product or with a donation so we can make it! You can still\u00a0visit the FNC website. &nbsp;<\/p>\n","protected":false},"author":2,"featured_media":7019,"comment_status":"open","ping_status":"open","sticky":false,"template":"","format":"standard","meta":{"_acf_changed":false,"site-sidebar-layout":"default","site-content-layout":"","ast-site-content-layout":"default","site-content-style":"default","site-sidebar-style":"default","ast-global-header-display":"","ast-banner-title-visibility":"","ast-main-header-display":"","ast-hfb-above-header-display":"","ast-hfb-below-header-display":"","ast-hfb-mobile-header-display":"","site-post-title":"","ast-breadcrumbs-content":"","ast-featured-img":"","footer-sml-layout":"","ast-disable-related-posts":"","theme-transparent-header-meta":"","adv-header-id-meta":"","stick-header-meta":"","header-above-stick-meta":"","header-main-stick-meta":"","header-below-stick-meta":"","astra-migrate-meta-layouts":"default","ast-page-background-enabled":"default","ast-page-background-meta":{"desktop":{"background-color":"var(--ast-global-color-4)","background-image":"","background-repeat":"repeat","background-position":"center center","background-size":"auto","background-attachment":"scroll","background-type":"","background-media":"","overlay-type":"","overlay-color":"","overlay-opacity":"","overlay-gradient":""},"tablet":{"background-color":"","background-image":"","background-repeat":"repeat","background-position":"center center","background-size":"auto","background-attachment":"scroll","background-type":"","background-media":"","overlay-type":"","overlay-color":"","overlay-opacity":"","overlay-gradient":""},"mobile":{"background-color":"","background-image":"","background-repeat":"repeat","background-position":"center center","background-size":"auto","background-attachment":"scroll","background-type":"","background-media":"","overlay-type":"","overlay-color":"","overlay-opacity":"","overlay-gradient":""}},"ast-content-background-meta":{"desktop":{"background-color":"var(--ast-global-color-5)","background-image":"","background-repeat":"repeat","background-position":"center center","background-size":"auto","background-attachment":"scroll","background-type":"","background-media":"","overlay-type":"","overlay-color":"","overlay-opacity":"","overlay-gradient":""},"tablet":{"background-color":"var(--ast-global-color-5)","background-image":"","background-repeat":"repeat","background-position":"center center","background-size":"auto","background-attachment":"scroll","background-type":"","background-media":"","overlay-type":"","overlay-color":"","overlay-opacity":"","overlay-gradient":""},"mobile":{"background-color":"var(--ast-global-color-5)","background-image":"","background-repeat":"repeat","background-position":"center center","background-size":"auto","background-attachment":"scroll","background-type":"","background-media":"","overlay-type":"","overlay-color":"","overlay-opacity":"","overlay-gradient":""}},"footnotes":""},"categories":[20833,5378],"tags":[5150,5152,5651,5649,5653,5655,5657],"class_list":["post-7024","post","type-post","status-publish","format-standard","has-post-thumbnail","hentry","category-festivals-coverage","category-short-films","tag-fnc-en","tag-fnc-2018-en","tag-gli-anni-en","tag-italian-films","tag-magic-alps-en","tag-ninfe-en","tag-vesuvius-at-home-en"],"acf":[],"yoast_head":"<!-- This site is optimized with the Yoast SEO plugin v27.1.1 - https:\/\/yoast.com\/product\/yoast-seo-wordpress\/ -->\n<title>Italian Short Films at the FNC - Le petit septi\u00e8me<\/title>\n<meta name=\"description\" content=\"Le FNC offre une tr\u00e8s grande quantit\u00e9 de court m\u00e9trages. Pour d\u00e9buter ma couverture de la 47 \u00e9dition du festival, je vous parle de 4 courts m\u00e9trages qui y sont pr\u00e9sent\u00e9s cette semaine.\" \/>\n<meta name=\"robots\" content=\"index, follow, max-snippet:-1, max-image-preview:large, max-video-preview:-1\" \/>\n<link rel=\"canonical\" href=\"https:\/\/lepetitseptieme.ca\/en\/2018\/10\/03\/italian-short-films-at-the-fnc\/\" \/>\n<meta property=\"og:locale\" content=\"en_US\" \/>\n<meta property=\"og:type\" content=\"article\" \/>\n<meta property=\"og:title\" content=\"Italian Short Films at the FNC - Le petit septi\u00e8me\" \/>\n<meta property=\"og:description\" content=\"Le FNC offre une tr\u00e8s grande quantit\u00e9 de court m\u00e9trages. Pour d\u00e9buter ma couverture de la 47 \u00e9dition du festival, je vous parle de 4 courts m\u00e9trages qui y sont pr\u00e9sent\u00e9s cette semaine.\" \/>\n<meta property=\"og:url\" content=\"https:\/\/lepetitseptieme.ca\/en\/2018\/10\/03\/italian-short-films-at-the-fnc\/\" \/>\n<meta property=\"og:site_name\" content=\"Le petit septi\u00e8me\" \/>\n<meta property=\"article:publisher\" content=\"https:\/\/www.facebook.com\/pages\/Le-Petit-Septi%c3%a8me\/494448933948121?ref=hl\" \/>\n<meta property=\"article:author\" content=\"https:\/\/www.facebook.com\/FGrondinArt\/\" \/>\n<meta property=\"article:published_time\" content=\"2018-10-03T10:30:04+00:00\" \/>\n<meta property=\"article:modified_time\" content=\"2024-09-01T23:02:42+00:00\" \/>\n<meta property=\"og:image\" content=\"https:\/\/lepetitseptieme.ca\/wp-content\/uploads\/2018\/10\/Ninfe-une.jpg\" \/>\n\t<meta property=\"og:image:width\" content=\"1920\" \/>\n\t<meta property=\"og:image:height\" content=\"1080\" \/>\n\t<meta property=\"og:image:type\" content=\"image\/jpeg\" \/>\n<meta name=\"author\" content=\"Francois Grondin\" \/>\n<meta name=\"twitter:card\" content=\"summary_large_image\" \/>\n<meta name=\"twitter:creator\" content=\"@fgrondin1221\" \/>\n<meta name=\"twitter:site\" content=\"@LePetitSeptieme\" \/>\n<meta name=\"twitter:label1\" content=\"Written by\" \/>\n\t<meta name=\"twitter:data1\" content=\"Francois Grondin\" \/>\n<script type=\"application\/ld+json\" class=\"yoast-schema-graph\">{\"@context\":\"https:\/\/schema.org\",\"@graph\":[{\"@type\":\"Article\",\"@id\":\"https:\/\/lepetitseptieme.ca\/en\/2018\/10\/03\/italian-short-films-at-the-fnc\/#article\",\"isPartOf\":{\"@id\":\"https:\/\/lepetitseptieme.ca\/en\/2018\/10\/03\/italian-short-films-at-the-fnc\/\"},\"author\":{\"name\":\"Francois Grondin\",\"@id\":\"https:\/\/lepetitseptieme.ca\/en\/#\/schema\/person\/12a0b9476b07b0f9a7cc8a82db87e8af\"},\"headline\":\"Italian Short Films at the FNC\",\"datePublished\":\"2018-10-03T10:30:04+00:00\",\"dateModified\":\"2024-09-01T23:02:42+00:00\",\"mainEntityOfPage\":{\"@id\":\"https:\/\/lepetitseptieme.ca\/en\/2018\/10\/03\/italian-short-films-at-the-fnc\/\"},\"wordCount\":59,\"commentCount\":0,\"publisher\":{\"@id\":\"https:\/\/lepetitseptieme.ca\/en\/#organization\"},\"image\":{\"@id\":\"https:\/\/lepetitseptieme.ca\/en\/2018\/10\/03\/italian-short-films-at-the-fnc\/#primaryimage\"},\"thumbnailUrl\":\"https:\/\/lepetitseptieme.ca\/wp-content\/uploads\/2018\/10\/Ninfe-une.jpg\",\"keywords\":[\"FNC\",\"FNC 2018\",\"Gli anni\",\"Italian films\",\"Magic Alps\",\"Ninfe\",\"Vesuvius at Home\"],\"articleSection\":[\"Festivals coverage\",\"Short films\"],\"inLanguage\":\"en-US\",\"potentialAction\":[{\"@type\":\"CommentAction\",\"name\":\"Comment\",\"target\":[\"https:\/\/lepetitseptieme.ca\/en\/2018\/10\/03\/italian-short-films-at-the-fnc\/#respond\"]}]},{\"@type\":\"WebPage\",\"@id\":\"https:\/\/lepetitseptieme.ca\/en\/2018\/10\/03\/italian-short-films-at-the-fnc\/\",\"url\":\"https:\/\/lepetitseptieme.ca\/en\/2018\/10\/03\/italian-short-films-at-the-fnc\/\",\"name\":\"Italian Short Films at the FNC - Le petit septi\u00e8me\",\"isPartOf\":{\"@id\":\"https:\/\/lepetitseptieme.ca\/en\/#website\"},\"primaryImageOfPage\":{\"@id\":\"https:\/\/lepetitseptieme.ca\/en\/2018\/10\/03\/italian-short-films-at-the-fnc\/#primaryimage\"},\"image\":{\"@id\":\"https:\/\/lepetitseptieme.ca\/en\/2018\/10\/03\/italian-short-films-at-the-fnc\/#primaryimage\"},\"thumbnailUrl\":\"https:\/\/lepetitseptieme.ca\/wp-content\/uploads\/2018\/10\/Ninfe-une.jpg\",\"datePublished\":\"2018-10-03T10:30:04+00:00\",\"dateModified\":\"2024-09-01T23:02:42+00:00\",\"description\":\"Le FNC offre une tr\u00e8s grande quantit\u00e9 de court m\u00e9trages. Pour d\u00e9buter ma couverture de la 47 \u00e9dition du festival, je vous parle de 4 courts m\u00e9trages qui y sont pr\u00e9sent\u00e9s cette semaine.\",\"breadcrumb\":{\"@id\":\"https:\/\/lepetitseptieme.ca\/en\/2018\/10\/03\/italian-short-films-at-the-fnc\/#breadcrumb\"},\"inLanguage\":\"en-US\",\"potentialAction\":[{\"@type\":\"ReadAction\",\"target\":[\"https:\/\/lepetitseptieme.ca\/en\/2018\/10\/03\/italian-short-films-at-the-fnc\/\"]}]},{\"@type\":\"ImageObject\",\"inLanguage\":\"en-US\",\"@id\":\"https:\/\/lepetitseptieme.ca\/en\/2018\/10\/03\/italian-short-films-at-the-fnc\/#primaryimage\",\"url\":\"https:\/\/lepetitseptieme.ca\/wp-content\/uploads\/2018\/10\/Ninfe-une.jpg\",\"contentUrl\":\"https:\/\/lepetitseptieme.ca\/wp-content\/uploads\/2018\/10\/Ninfe-une.jpg\",\"width\":1920,\"height\":1080,\"caption\":\"Ninfe - une\"},{\"@type\":\"BreadcrumbList\",\"@id\":\"https:\/\/lepetitseptieme.ca\/en\/2018\/10\/03\/italian-short-films-at-the-fnc\/#breadcrumb\",\"itemListElement\":[{\"@type\":\"ListItem\",\"position\":1,\"name\":\"Home\",\"item\":\"https:\/\/lepetitseptieme.ca\/en\/\"},{\"@type\":\"ListItem\",\"position\":2,\"name\":\"Italian Short Films at the FNC\"}]},{\"@type\":\"WebSite\",\"@id\":\"https:\/\/lepetitseptieme.ca\/en\/#website\",\"url\":\"https:\/\/lepetitseptieme.ca\/en\/\",\"name\":\"Le petit septi\u00e8me\",\"description\":\"Reviews and comments on Quebec, international and author cinema\",\"publisher\":{\"@id\":\"https:\/\/lepetitseptieme.ca\/en\/#organization\"},\"potentialAction\":[{\"@type\":\"SearchAction\",\"target\":{\"@type\":\"EntryPoint\",\"urlTemplate\":\"https:\/\/lepetitseptieme.ca\/en\/?s={search_term_string}\"},\"query-input\":{\"@type\":\"PropertyValueSpecification\",\"valueRequired\":true,\"valueName\":\"search_term_string\"}}],\"inLanguage\":\"en-US\"},{\"@type\":\"Organization\",\"@id\":\"https:\/\/lepetitseptieme.ca\/en\/#organization\",\"name\":\"Le Petit Septi\u00e8me\",\"url\":\"https:\/\/lepetitseptieme.ca\/en\/\",\"logo\":{\"@type\":\"ImageObject\",\"inLanguage\":\"en-US\",\"@id\":\"https:\/\/lepetitseptieme.ca\/en\/#\/schema\/logo\/image\/\",\"url\":\"https:\/\/lepetitseptieme.ca\/wp-content\/uploads\/2016\/05\/cropped-Logo-Le-Petit-Septi\u00e8me-2016-BW.png\",\"contentUrl\":\"https:\/\/lepetitseptieme.ca\/wp-content\/uploads\/2016\/05\/cropped-Logo-Le-Petit-Septi\u00e8me-2016-BW.png\",\"width\":512,\"height\":512,\"caption\":\"Le Petit Septi\u00e8me\"},\"image\":{\"@id\":\"https:\/\/lepetitseptieme.ca\/en\/#\/schema\/logo\/image\/\"},\"sameAs\":[\"https:\/\/www.facebook.com\/pages\/Le-Petit-Septi\u00e8me\/494448933948121?ref=hl\",\"https:\/\/x.com\/LePetitSeptieme\",\"https:\/\/www.youtube.com\/channel\/UC5mdhI_jJvDN1I9fkk5RcIw\"]},{\"@type\":\"Person\",\"@id\":\"https:\/\/lepetitseptieme.ca\/en\/#\/schema\/person\/12a0b9476b07b0f9a7cc8a82db87e8af\",\"name\":\"Francois Grondin\",\"image\":{\"@type\":\"ImageObject\",\"inLanguage\":\"en-US\",\"@id\":\"https:\/\/lepetitseptieme.ca\/en\/#\/schema\/person\/image\/\",\"url\":\"https:\/\/secure.gravatar.com\/avatar\/cbc7d427b20502f8a471e632a3ac28d3200b0a6f80a7e6d8056f088f651d3888?s=96&d=mm&r=r\",\"contentUrl\":\"https:\/\/secure.gravatar.com\/avatar\/cbc7d427b20502f8a471e632a3ac28d3200b0a6f80a7e6d8056f088f651d3888?s=96&d=mm&r=r\",\"caption\":\"Francois Grondin\"},\"description\":\"Sp\u00e9cialiste en cin\u00e9ma international et en communication num\u00e9rique, cin\u00e9aste, photographe et passionn\u00e9 de cin\u00e9ma italien et japonais. Membre du jury pour le festival FICMAN et le SIFA Festival 2022 et, bien s\u00fbr, fier papa de 2!\",\"sameAs\":[\"https:\/\/lepetitseptieme.ca\",\"https:\/\/www.facebook.com\/FGrondinArt\/\",\"https:\/\/www.linkedin.com\/in\/francois-grondin-05895816\/\",\"https:\/\/x.com\/fgrondin1221\"],\"url\":\"https:\/\/lepetitseptieme.ca\/en\/author\/francois\/\"}]}<\/script>\n<!-- \/ Yoast SEO plugin. -->","yoast_head_json":{"title":"Italian Short Films at the FNC - Le petit septi\u00e8me","description":"Le FNC offre une tr\u00e8s grande quantit\u00e9 de court m\u00e9trages. Pour d\u00e9buter ma couverture de la 47 \u00e9dition du festival, je vous parle de 4 courts m\u00e9trages qui y sont pr\u00e9sent\u00e9s cette semaine.","robots":{"index":"index","follow":"follow","max-snippet":"max-snippet:-1","max-image-preview":"max-image-preview:large","max-video-preview":"max-video-preview:-1"},"canonical":"https:\/\/lepetitseptieme.ca\/en\/2018\/10\/03\/italian-short-films-at-the-fnc\/","og_locale":"en_US","og_type":"article","og_title":"Italian Short Films at the FNC - Le petit septi\u00e8me","og_description":"Le FNC offre une tr\u00e8s grande quantit\u00e9 de court m\u00e9trages. Pour d\u00e9buter ma couverture de la 47 \u00e9dition du festival, je vous parle de 4 courts m\u00e9trages qui y sont pr\u00e9sent\u00e9s cette semaine.","og_url":"https:\/\/lepetitseptieme.ca\/en\/2018\/10\/03\/italian-short-films-at-the-fnc\/","og_site_name":"Le petit septi\u00e8me","article_publisher":"https:\/\/www.facebook.com\/pages\/Le-Petit-Septi%c3%a8me\/494448933948121?ref=hl","article_author":"https:\/\/www.facebook.com\/FGrondinArt\/","article_published_time":"2018-10-03T10:30:04+00:00","article_modified_time":"2024-09-01T23:02:42+00:00","og_image":[{"width":1920,"height":1080,"url":"https:\/\/lepetitseptieme.ca\/wp-content\/uploads\/2018\/10\/Ninfe-une.jpg","type":"image\/jpeg"}],"author":"Francois Grondin","twitter_card":"summary_large_image","twitter_creator":"@fgrondin1221","twitter_site":"@LePetitSeptieme","twitter_misc":{"Written by":"Francois Grondin"},"schema":{"@context":"https:\/\/schema.org","@graph":[{"@type":"Article","@id":"https:\/\/lepetitseptieme.ca\/en\/2018\/10\/03\/italian-short-films-at-the-fnc\/#article","isPartOf":{"@id":"https:\/\/lepetitseptieme.ca\/en\/2018\/10\/03\/italian-short-films-at-the-fnc\/"},"author":{"name":"Francois Grondin","@id":"https:\/\/lepetitseptieme.ca\/en\/#\/schema\/person\/12a0b9476b07b0f9a7cc8a82db87e8af"},"headline":"Italian Short Films at the FNC","datePublished":"2018-10-03T10:30:04+00:00","dateModified":"2024-09-01T23:02:42+00:00","mainEntityOfPage":{"@id":"https:\/\/lepetitseptieme.ca\/en\/2018\/10\/03\/italian-short-films-at-the-fnc\/"},"wordCount":59,"commentCount":0,"publisher":{"@id":"https:\/\/lepetitseptieme.ca\/en\/#organization"},"image":{"@id":"https:\/\/lepetitseptieme.ca\/en\/2018\/10\/03\/italian-short-films-at-the-fnc\/#primaryimage"},"thumbnailUrl":"https:\/\/lepetitseptieme.ca\/wp-content\/uploads\/2018\/10\/Ninfe-une.jpg","keywords":["FNC","FNC 2018","Gli anni","Italian films","Magic Alps","Ninfe","Vesuvius at Home"],"articleSection":["Festivals coverage","Short films"],"inLanguage":"en-US","potentialAction":[{"@type":"CommentAction","name":"Comment","target":["https:\/\/lepetitseptieme.ca\/en\/2018\/10\/03\/italian-short-films-at-the-fnc\/#respond"]}]},{"@type":"WebPage","@id":"https:\/\/lepetitseptieme.ca\/en\/2018\/10\/03\/italian-short-films-at-the-fnc\/","url":"https:\/\/lepetitseptieme.ca\/en\/2018\/10\/03\/italian-short-films-at-the-fnc\/","name":"Italian Short Films at the FNC - Le petit septi\u00e8me","isPartOf":{"@id":"https:\/\/lepetitseptieme.ca\/en\/#website"},"primaryImageOfPage":{"@id":"https:\/\/lepetitseptieme.ca\/en\/2018\/10\/03\/italian-short-films-at-the-fnc\/#primaryimage"},"image":{"@id":"https:\/\/lepetitseptieme.ca\/en\/2018\/10\/03\/italian-short-films-at-the-fnc\/#primaryimage"},"thumbnailUrl":"https:\/\/lepetitseptieme.ca\/wp-content\/uploads\/2018\/10\/Ninfe-une.jpg","datePublished":"2018-10-03T10:30:04+00:00","dateModified":"2024-09-01T23:02:42+00:00","description":"Le FNC offre une tr\u00e8s grande quantit\u00e9 de court m\u00e9trages. Pour d\u00e9buter ma couverture de la 47 \u00e9dition du festival, je vous parle de 4 courts m\u00e9trages qui y sont pr\u00e9sent\u00e9s cette semaine.","breadcrumb":{"@id":"https:\/\/lepetitseptieme.ca\/en\/2018\/10\/03\/italian-short-films-at-the-fnc\/#breadcrumb"},"inLanguage":"en-US","potentialAction":[{"@type":"ReadAction","target":["https:\/\/lepetitseptieme.ca\/en\/2018\/10\/03\/italian-short-films-at-the-fnc\/"]}]},{"@type":"ImageObject","inLanguage":"en-US","@id":"https:\/\/lepetitseptieme.ca\/en\/2018\/10\/03\/italian-short-films-at-the-fnc\/#primaryimage","url":"https:\/\/lepetitseptieme.ca\/wp-content\/uploads\/2018\/10\/Ninfe-une.jpg","contentUrl":"https:\/\/lepetitseptieme.ca\/wp-content\/uploads\/2018\/10\/Ninfe-une.jpg","width":1920,"height":1080,"caption":"Ninfe - une"},{"@type":"BreadcrumbList","@id":"https:\/\/lepetitseptieme.ca\/en\/2018\/10\/03\/italian-short-films-at-the-fnc\/#breadcrumb","itemListElement":[{"@type":"ListItem","position":1,"name":"Home","item":"https:\/\/lepetitseptieme.ca\/en\/"},{"@type":"ListItem","position":2,"name":"Italian Short Films at the FNC"}]},{"@type":"WebSite","@id":"https:\/\/lepetitseptieme.ca\/en\/#website","url":"https:\/\/lepetitseptieme.ca\/en\/","name":"Le petit septi\u00e8me","description":"Reviews and comments on Quebec, international and author cinema","publisher":{"@id":"https:\/\/lepetitseptieme.ca\/en\/#organization"},"potentialAction":[{"@type":"SearchAction","target":{"@type":"EntryPoint","urlTemplate":"https:\/\/lepetitseptieme.ca\/en\/?s={search_term_string}"},"query-input":{"@type":"PropertyValueSpecification","valueRequired":true,"valueName":"search_term_string"}}],"inLanguage":"en-US"},{"@type":"Organization","@id":"https:\/\/lepetitseptieme.ca\/en\/#organization","name":"Le Petit Septi\u00e8me","url":"https:\/\/lepetitseptieme.ca\/en\/","logo":{"@type":"ImageObject","inLanguage":"en-US","@id":"https:\/\/lepetitseptieme.ca\/en\/#\/schema\/logo\/image\/","url":"https:\/\/lepetitseptieme.ca\/wp-content\/uploads\/2016\/05\/cropped-Logo-Le-Petit-Septi\u00e8me-2016-BW.png","contentUrl":"https:\/\/lepetitseptieme.ca\/wp-content\/uploads\/2016\/05\/cropped-Logo-Le-Petit-Septi\u00e8me-2016-BW.png","width":512,"height":512,"caption":"Le Petit Septi\u00e8me"},"image":{"@id":"https:\/\/lepetitseptieme.ca\/en\/#\/schema\/logo\/image\/"},"sameAs":["https:\/\/www.facebook.com\/pages\/Le-Petit-Septi\u00e8me\/494448933948121?ref=hl","https:\/\/x.com\/LePetitSeptieme","https:\/\/www.youtube.com\/channel\/UC5mdhI_jJvDN1I9fkk5RcIw"]},{"@type":"Person","@id":"https:\/\/lepetitseptieme.ca\/en\/#\/schema\/person\/12a0b9476b07b0f9a7cc8a82db87e8af","name":"Francois Grondin","image":{"@type":"ImageObject","inLanguage":"en-US","@id":"https:\/\/lepetitseptieme.ca\/en\/#\/schema\/person\/image\/","url":"https:\/\/secure.gravatar.com\/avatar\/cbc7d427b20502f8a471e632a3ac28d3200b0a6f80a7e6d8056f088f651d3888?s=96&d=mm&r=r","contentUrl":"https:\/\/secure.gravatar.com\/avatar\/cbc7d427b20502f8a471e632a3ac28d3200b0a6f80a7e6d8056f088f651d3888?s=96&d=mm&r=r","caption":"Francois Grondin"},"description":"Sp\u00e9cialiste en cin\u00e9ma international et en communication num\u00e9rique, cin\u00e9aste, photographe et passionn\u00e9 de cin\u00e9ma italien et japonais. Membre du jury pour le festival FICMAN et le SIFA Festival 2022 et, bien s\u00fbr, fier papa de 2!","sameAs":["https:\/\/lepetitseptieme.ca","https:\/\/www.facebook.com\/FGrondinArt\/","https:\/\/www.linkedin.com\/in\/francois-grondin-05895816\/","https:\/\/x.com\/fgrondin1221"],"url":"https:\/\/lepetitseptieme.ca\/en\/author\/francois\/"}]}},"_links":{"self":[{"href":"https:\/\/lepetitseptieme.ca\/en\/wp-json\/wp\/v2\/posts\/7024","targetHints":{"allow":["GET"]}}],"collection":[{"href":"https:\/\/lepetitseptieme.ca\/en\/wp-json\/wp\/v2\/posts"}],"about":[{"href":"https:\/\/lepetitseptieme.ca\/en\/wp-json\/wp\/v2\/types\/post"}],"author":[{"embeddable":true,"href":"https:\/\/lepetitseptieme.ca\/en\/wp-json\/wp\/v2\/users\/2"}],"replies":[{"embeddable":true,"href":"https:\/\/lepetitseptieme.ca\/en\/wp-json\/wp\/v2\/comments?post=7024"}],"version-history":[{"count":1,"href":"https:\/\/lepetitseptieme.ca\/en\/wp-json\/wp\/v2\/posts\/7024\/revisions"}],"predecessor-version":[{"id":47359,"href":"https:\/\/lepetitseptieme.ca\/en\/wp-json\/wp\/v2\/posts\/7024\/revisions\/47359"}],"wp:featuredmedia":[{"embeddable":true,"href":"https:\/\/lepetitseptieme.ca\/en\/wp-json\/wp\/v2\/media\/7019"}],"wp:attachment":[{"href":"https:\/\/lepetitseptieme.ca\/en\/wp-json\/wp\/v2\/media?parent=7024"}],"wp:term":[{"taxonomy":"category","embeddable":true,"href":"https:\/\/lepetitseptieme.ca\/en\/wp-json\/wp\/v2\/categories?post=7024"},{"taxonomy":"post_tag","embeddable":true,"href":"https:\/\/lepetitseptieme.ca\/en\/wp-json\/wp\/v2\/tags?post=7024"}],"curies":[{"name":"wp","href":"https:\/\/api.w.org\/{rel}","templated":true}]}}