{"id":61047,"date":"2026-08-31T07:00:00","date_gmt":"2026-08-31T11:00:00","guid":{"rendered":"https:\/\/lepetitseptieme.ca\/?p=61047"},"modified":"2026-08-29T21:56:33","modified_gmt":"2026-08-30T01:56:33","slug":"coming-to-mubi-september-2026","status":"publish","type":"post","link":"https:\/\/lepetitseptieme.ca\/en\/2026\/08\/31\/coming-to-mubi-september-2026\/","title":{"rendered":"Coming to Mubi | September 2026"},"content":{"rendered":"\n<p class=\"wp-block-paragraph\">September brings an exciting lineup to MUBI, featuring major international festival hits, event series, and bold independent cinema.&nbsp;<\/p>\n\n\n\n<p class=\"wp-block-paragraph\">From highly anticipated exclusives to standout works arriving on the platform, here is everything you won&#8217;t want to miss this month.<\/p>\n\n\n\n<h2 class=\"wp-block-heading\"><strong>New Releases<\/strong><\/h2>\n\n\n\n<h3 class=\"wp-block-heading\"><strong>Movies<\/strong><\/h3>\n\n\n\n<h4 class=\"wp-block-heading\"><strong>Pulp: What Do You Do For An Encore? (Music, Documentary) | Streaming exclusively on MUBI starting September 25, 2026&nbsp;<\/strong><\/h4>\n\n\n\n<p class=\"wp-block-paragraph\">Dir. Garth Jennings, 2026&nbsp;<\/p>\n\n\n\n<figure class=\"wp-block-image aligncenter size-full\"><img loading=\"lazy\" decoding=\"async\" width=\"2024\" height=\"864\" src=\"https:\/\/lepetitseptieme.ca\/wp-content\/uploads\/2026\/08\/Pulp-What-Do-You-Do-For-An-Encore.jpg\" alt=\"Pulp: What Do You Do For An EncorePulp: What Do You Do For An Encore\" class=\"wp-image-61032\" srcset=\"https:\/\/lepetitseptieme.ca\/wp-content\/uploads\/2026\/08\/Pulp-What-Do-You-Do-For-An-Encore.jpg 2024w, https:\/\/lepetitseptieme.ca\/wp-content\/uploads\/2026\/08\/Pulp-What-Do-You-Do-For-An-Encore-300x128.jpg 300w, https:\/\/lepetitseptieme.ca\/wp-content\/uploads\/2026\/08\/Pulp-What-Do-You-Do-For-An-Encore-1024x437.jpg 1024w, https:\/\/lepetitseptieme.ca\/wp-content\/uploads\/2026\/08\/Pulp-What-Do-You-Do-For-An-Encore-768x328.jpg 768w, https:\/\/lepetitseptieme.ca\/wp-content\/uploads\/2026\/08\/Pulp-What-Do-You-Do-For-An-Encore-1536x656.jpg 1536w, https:\/\/lepetitseptieme.ca\/wp-content\/uploads\/2026\/08\/Pulp-What-Do-You-Do-For-An-Encore-600x256.jpg 600w\" sizes=\"auto, (max-width: 2024px) 100vw, 2024px\" \/><\/figure>\n\n\n\n<p class=\"wp-block-paragraph\"><em>Pulp: What Do You Do For An Encore?<\/em> is a celebration of one of Britain&#8217;s most unusual bands, captured during their triumphant 2025 tour. Directed by longtime collaborator Garth Jennings and narrated by PULP frontman Jarvis Cocker, the film weaves together footage from their ingenious live show with four decades of never-before-seen archival material, charting the band\u2019s circuitous journey from Sheffield outsiders to unlikely cultural icons.<\/p>\n\n\n\n<h4 class=\"wp-block-heading\"><strong>Bouchra (Animation, Avant-Garde, LGBTQ+) | Streaming exclusively on MUBI on September 12, 2026&nbsp;<\/strong><\/h4>\n\n\n\n<p class=\"wp-block-paragraph\">Dir. Orian Barki, Meriem Bennani, 2025&nbsp;<\/p>\n\n\n\n<figure class=\"wp-block-image aligncenter size-full\"><img loading=\"lazy\" decoding=\"async\" width=\"1976\" height=\"1084\" src=\"https:\/\/lepetitseptieme.ca\/wp-content\/uploads\/2026\/08\/Bouchra.jpg\" alt=\"Bouchra\" class=\"wp-image-61028\" srcset=\"https:\/\/lepetitseptieme.ca\/wp-content\/uploads\/2026\/08\/Bouchra.jpg 1976w, https:\/\/lepetitseptieme.ca\/wp-content\/uploads\/2026\/08\/Bouchra-300x165.jpg 300w, https:\/\/lepetitseptieme.ca\/wp-content\/uploads\/2026\/08\/Bouchra-1024x562.jpg 1024w, https:\/\/lepetitseptieme.ca\/wp-content\/uploads\/2026\/08\/Bouchra-768x421.jpg 768w, https:\/\/lepetitseptieme.ca\/wp-content\/uploads\/2026\/08\/Bouchra-1536x843.jpg 1536w, https:\/\/lepetitseptieme.ca\/wp-content\/uploads\/2026\/08\/Bouchra-600x329.jpg 600w\" sizes=\"auto, (max-width: 1976px) 100vw, 1976px\" \/><\/figure>\n\n\n\n<p class=\"wp-block-paragraph\">Bouchra, a 35-year-old, New York\u2013based Moroccan filmmaker\u2014and coyote\u2014begins work on a film based on her own life. Seeking to confront the complicated dynamics of her past relationships and queer identity, she begins a long-distance correspondence with her mother, Aicha, who still lives in Casablanca.&nbsp;<\/p>\n\n\n\n<p class=\"wp-block-paragraph\"><em>Bouchra<\/em> had its North American premiere at Toronto International Film Festival in 2025 before screening at Cinemania in the same year.<\/p>\n\n\n\n<h4 class=\"wp-block-heading\"><strong>Dry Leaf (Drama) | Streaming exclusively on MUBI on September 18, 2026&nbsp;<\/strong><\/h4>\n\n\n\n<p class=\"wp-block-paragraph\">Dir. Alexandre Koberidze, 2025&nbsp;<\/p>\n\n\n\n<figure class=\"wp-block-image aligncenter size-full\"><img loading=\"lazy\" decoding=\"async\" width=\"1800\" height=\"1352\" src=\"https:\/\/lepetitseptieme.ca\/wp-content\/uploads\/2025\/09\/Dry-Leaf-Enquete.jpg\" alt=\"Dry Leaf - Enqu\u00eate\" class=\"wp-image-55013\" srcset=\"https:\/\/lepetitseptieme.ca\/wp-content\/uploads\/2025\/09\/Dry-Leaf-Enquete.jpg 1800w, https:\/\/lepetitseptieme.ca\/wp-content\/uploads\/2025\/09\/Dry-Leaf-Enquete-300x225.jpg 300w, https:\/\/lepetitseptieme.ca\/wp-content\/uploads\/2025\/09\/Dry-Leaf-Enquete-1024x769.jpg 1024w, https:\/\/lepetitseptieme.ca\/wp-content\/uploads\/2025\/09\/Dry-Leaf-Enquete-768x577.jpg 768w, https:\/\/lepetitseptieme.ca\/wp-content\/uploads\/2025\/09\/Dry-Leaf-Enquete-1536x1154.jpg 1536w, https:\/\/lepetitseptieme.ca\/wp-content\/uploads\/2025\/09\/Dry-Leaf-Enquete-600x451.jpg 600w\" sizes=\"auto, (max-width: 1800px) 100vw, 1800px\" \/><\/figure>\n\n\n\n<p class=\"wp-block-paragraph\">Lisa, a sports photographer, goes missing while working on a series about the community football pitches of rural Georgia. Lisa\u2019s father, Irakli, embarks on an odyssey through the remote reaches of the nation in search of his daughter.&nbsp;<\/p>\n\n\n\n<p class=\"wp-block-paragraph\">Shot entirely on Koberidze\u2019s Sony Ericsson W595 cellphone, <em>Dry Leaf<\/em> premiered in 2025 at the Locarno Film Festival and later had its North American premiere in the Wavelengths section of TIFF 2025.<\/p>\n\n\n\n<h3 class=\"wp-block-heading\"><strong>Series<\/strong><\/h3>\n\n\n\n<h4 class=\"wp-block-heading\"><strong>La Mes\u00edas (Thriller, TV Mini-series) | Streaming exclusively on MUBI starting September 3, 2026&nbsp;<\/strong><\/h4>\n\n\n\n<p class=\"wp-block-paragraph\">Dir. Javier Ambrossi, Javier Calvo, 2023&nbsp;<\/p>\n\n\n\n<figure class=\"wp-block-image aligncenter size-full\"><img loading=\"lazy\" decoding=\"async\" width=\"1800\" height=\"1013\" src=\"https:\/\/lepetitseptieme.ca\/wp-content\/uploads\/2026\/08\/LA-MESIAS-EP03.jpg\" alt=\"LA MESIAS -EP03\" class=\"wp-image-61034\" srcset=\"https:\/\/lepetitseptieme.ca\/wp-content\/uploads\/2026\/08\/LA-MESIAS-EP03.jpg 1800w, https:\/\/lepetitseptieme.ca\/wp-content\/uploads\/2026\/08\/LA-MESIAS-EP03-300x169.jpg 300w, https:\/\/lepetitseptieme.ca\/wp-content\/uploads\/2026\/08\/LA-MESIAS-EP03-1024x576.jpg 1024w, https:\/\/lepetitseptieme.ca\/wp-content\/uploads\/2026\/08\/LA-MESIAS-EP03-768x432.jpg 768w, https:\/\/lepetitseptieme.ca\/wp-content\/uploads\/2026\/08\/LA-MESIAS-EP03-1536x864.jpg 1536w, https:\/\/lepetitseptieme.ca\/wp-content\/uploads\/2026\/08\/LA-MESIAS-EP03-600x338.jpg 600w\" sizes=\"auto, (max-width: 1800px) 100vw, 1800px\" \/><\/figure>\n\n\n\n<p class=\"wp-block-paragraph\">Enric\u2019s childhood was shaped by religious fanaticism and a mother with messianic delusions. After witnessing the viral fame of Stella Maris, a mysterious Catholic pop group of young sisters, his memories come flooding back, along with secrets he and his sister Irene have spent years trying to bury.&nbsp;<\/p>\n\n\n\n<p class=\"wp-block-paragraph\">Spanning three decades, <em>La Mes\u00edas<\/em> is the acclaimed miniseries from director duo \u2018Los Javis\u2019 (<em>La Bola Negra<\/em>), and the first Spanish series to premiere at the Sundance Film Festival. The first two episodes will premiere on MUBI on September 3, with subsequent episodes dropping weekly through October.<\/p>\n\n\n\n<h2 class=\"wp-block-heading\"><strong>Incoming Classics<\/strong><\/h2>\n\n\n\n<h4 class=\"wp-block-heading\"><strong>We&#8217;re All Going to the World&#8217;s Fair (Drama, Horror, LGBTQ+) | Streaming on September 1, 2026&nbsp;<\/strong><\/h4>\n\n\n\n<p class=\"wp-block-paragraph\">Dir. Jane Schoenbrun, 2021&nbsp;<\/p>\n\n\n\n<figure class=\"wp-block-image aligncenter size-full\"><img loading=\"lazy\" decoding=\"async\" width=\"1920\" height=\"1080\" src=\"https:\/\/lepetitseptieme.ca\/wp-content\/uploads\/2026\/08\/WE-RE-ALL-GOING-TO-THE-WORLD-S-FAIR.jpg\" alt=\"WE RE ALL GOING TO THE WORLD S FAIR\" class=\"wp-image-61036\" srcset=\"https:\/\/lepetitseptieme.ca\/wp-content\/uploads\/2026\/08\/WE-RE-ALL-GOING-TO-THE-WORLD-S-FAIR.jpg 1920w, https:\/\/lepetitseptieme.ca\/wp-content\/uploads\/2026\/08\/WE-RE-ALL-GOING-TO-THE-WORLD-S-FAIR-300x169.jpg 300w, https:\/\/lepetitseptieme.ca\/wp-content\/uploads\/2026\/08\/WE-RE-ALL-GOING-TO-THE-WORLD-S-FAIR-1024x576.jpg 1024w, https:\/\/lepetitseptieme.ca\/wp-content\/uploads\/2026\/08\/WE-RE-ALL-GOING-TO-THE-WORLD-S-FAIR-768x432.jpg 768w, https:\/\/lepetitseptieme.ca\/wp-content\/uploads\/2026\/08\/WE-RE-ALL-GOING-TO-THE-WORLD-S-FAIR-1536x864.jpg 1536w, https:\/\/lepetitseptieme.ca\/wp-content\/uploads\/2026\/08\/WE-RE-ALL-GOING-TO-THE-WORLD-S-FAIR-600x338.jpg 600w\" sizes=\"auto, (max-width: 1920px) 100vw, 1920px\" \/><\/figure>\n\n\n\n<p class=\"wp-block-paragraph\">In her attic bedroom, smalltown teenager Casey joins an online role-playing horror game. As she becomes absorbed, she begins to record herself, documenting strange shifts that blur the line between imagination and reality.&nbsp;<\/p>\n\n\n\n<p class=\"wp-block-paragraph\"><em>We&#8217;re All Going to the World&#8217;s Fair<\/em> premiered at Sundance Film Festival in 2021. The film is directed by Jane Schoenbrun (<em>I Saw the TV Glow<\/em>), whose film <em>Teenage Sex and Death at Camp Miasma<\/em> is now in theatres.<\/p>\n\n\n\n<h4 class=\"wp-block-heading\"><strong>20,000 Species of Bees (Drama, LGBTQ+) | Streaming on September 15, 2026&nbsp;<\/strong><\/h4>\n\n\n\n<p class=\"wp-block-paragraph\">Dir. Estibaliz Urresola Solaguren, 2023&nbsp;<\/p>\n\n\n\n<figure class=\"wp-block-image aligncenter size-full\"><img loading=\"lazy\" decoding=\"async\" width=\"1800\" height=\"968\" src=\"https:\/\/lepetitseptieme.ca\/wp-content\/uploads\/2026\/08\/20-000-SPECIES-OF-BEES.jpg\" alt=\"20 000 SPECIES OF BEES\" class=\"wp-image-61030\" srcset=\"https:\/\/lepetitseptieme.ca\/wp-content\/uploads\/2026\/08\/20-000-SPECIES-OF-BEES.jpg 1800w, https:\/\/lepetitseptieme.ca\/wp-content\/uploads\/2026\/08\/20-000-SPECIES-OF-BEES-300x161.jpg 300w, https:\/\/lepetitseptieme.ca\/wp-content\/uploads\/2026\/08\/20-000-SPECIES-OF-BEES-1024x551.jpg 1024w, https:\/\/lepetitseptieme.ca\/wp-content\/uploads\/2026\/08\/20-000-SPECIES-OF-BEES-768x413.jpg 768w, https:\/\/lepetitseptieme.ca\/wp-content\/uploads\/2026\/08\/20-000-SPECIES-OF-BEES-1536x826.jpg 1536w, https:\/\/lepetitseptieme.ca\/wp-content\/uploads\/2026\/08\/20-000-SPECIES-OF-BEES-600x323.jpg 600w\" sizes=\"auto, (max-width: 1800px) 100vw, 1800px\" \/><\/figure>\n\n\n\n<p class=\"wp-block-paragraph\">An eight-year-old child struggles with the fact that people keep addressing her in confusing ways. During a summer in the Basque Country among the beehives, she explores her identity alongside the women of her family, who at the same time reflect on their own lives and desires.&nbsp;<\/p>\n\n\n\n<p class=\"wp-block-paragraph\"><em>20,000 Species of Bees<\/em> premiered at the 2023 Berlin International Film Festival and later screened at the San Sebasti\u00e1n International Film Festival where it received the Sebastiane Award.&nbsp;<\/p>\n\n\n\n<p class=\"wp-block-paragraph\"><\/p>\n","protected":false},"excerpt":{"rendered":"<p>September brings an exciting lineup to MUBI, featuring major international festival hits, event series, and bold independent cinema.&nbsp; From highly anticipated exclusives to standout works arriving on the platform, here is everything you won&#8217;t want to miss this month. New Releases Movies Pulp: What Do You Do For An Encore? (Music, Documentary) | Streaming exclusively [&hellip;]<\/p>\n","protected":false},"author":2,"featured_media":61038,"comment_status":"open","ping_status":"open","sticky":false,"template":"","format":"standard","meta":{"_acf_changed":false,"site-sidebar-layout":"default","site-content-layout":"","ast-site-content-layout":"default","site-content-style":"default","site-sidebar-style":"default","ast-global-header-display":"","ast-banner-title-visibility":"","ast-main-header-display":"","ast-hfb-above-header-display":"","ast-hfb-below-header-display":"","ast-hfb-mobile-header-display":"","site-post-title":"","ast-breadcrumbs-content":"","ast-featured-img":"","footer-sml-layout":"","ast-disable-related-posts":"","theme-transparent-header-meta":"","adv-header-id-meta":"","stick-header-meta":"","header-above-stick-meta":"","header-main-stick-meta":"","header-below-stick-meta":"","astra-migrate-meta-layouts":"set","ast-page-background-enabled":"default","ast-page-background-meta":{"desktop":{"background-color":"var(--ast-global-color-4)","background-image":"","background-repeat":"repeat","background-position":"center center","background-size":"auto","background-attachment":"scroll","background-type":"","background-media":"","overlay-type":"","overlay-color":"","overlay-opacity":"","overlay-gradient":""},"tablet":{"background-color":"","background-image":"","background-repeat":"repeat","background-position":"center center","background-size":"auto","background-attachment":"scroll","background-type":"","background-media":"","overlay-type":"","overlay-color":"","overlay-opacity":"","overlay-gradient":""},"mobile":{"background-color":"","background-image":"","background-repeat":"repeat","background-position":"center center","background-size":"auto","background-attachment":"scroll","background-type":"","background-media":"","overlay-type":"","overlay-color":"","overlay-opacity":"","overlay-gradient":""}},"ast-content-background-meta":{"desktop":{"background-color":"var(--ast-global-color-5)","background-image":"","background-repeat":"repeat","background-position":"center center","background-size":"auto","background-attachment":"scroll","background-type":"","background-media":"","overlay-type":"","overlay-color":"","overlay-opacity":"","overlay-gradient":""},"tablet":{"background-color":"var(--ast-global-color-5)","background-image":"","background-repeat":"repeat","background-position":"center center","background-size":"auto","background-attachment":"scroll","background-type":"","background-media":"","overlay-type":"","overlay-color":"","overlay-opacity":"","overlay-gradient":""},"mobile":{"background-color":"var(--ast-global-color-5)","background-image":"","background-repeat":"repeat","background-position":"center center","background-size":"auto","background-attachment":"scroll","background-type":"","background-media":"","overlay-type":"","overlay-color":"","overlay-opacity":"","overlay-gradient":""}},"footnotes":""},"categories":[5162,5600],"tags":[28077,21791],"class_list":["post-61047","post","type-post","status-publish","format-standard","has-post-thumbnail","hentry","category-news","category-series","tag-mubi","tag-streaming-2"],"acf":[],"yoast_head":"<!-- This site is optimized with the Yoast SEO plugin v28.1 - https:\/\/yoast.com\/product\/yoast-seo-wordpress\/ -->\n<title>Coming to Mubi | September 2026 - Le petit septi\u00e8me<\/title>\n<meta name=\"description\" content=\"Discover what&#039;s streaming on MUBI this September, including exclusive releases like Pulp: What Do You Do For An Encore? and La Mes\u00edas, plus acclaimed incoming classics like 20,000 Species of Bees.\" \/>\n<meta name=\"robots\" content=\"index, follow, max-snippet:-1, max-image-preview:large, max-video-preview:-1\" \/>\n<link rel=\"canonical\" href=\"https:\/\/lepetitseptieme.ca\/en\/2026\/08\/31\/coming-to-mubi-september-2026\/\" \/>\n<meta property=\"og:locale\" content=\"en_US\" \/>\n<meta property=\"og:type\" content=\"article\" \/>\n<meta property=\"og:title\" content=\"Coming to Mubi | September 2026\" \/>\n<meta property=\"og:description\" content=\"Discover what&#039;s streaming on MUBI this September, including exclusive releases like Pulp: What Do You Do For An Encore? and La Mes\u00edas, plus acclaimed incoming classics like 20,000 Species of Bees.\" \/>\n<meta property=\"og:url\" content=\"https:\/\/lepetitseptieme.ca\/en\/2026\/08\/31\/coming-to-mubi-september-2026\/\" \/>\n<meta property=\"og:site_name\" content=\"Le petit septi\u00e8me\" \/>\n<meta property=\"article:publisher\" content=\"https:\/\/www.facebook.com\/pages\/Le-Petit-Septi%c3%a8me\/494448933948121?ref=hl\" \/>\n<meta property=\"article:author\" content=\"https:\/\/www.facebook.com\/FGrondinArt\/\" \/>\n<meta property=\"article:published_time\" content=\"2026-08-31T11:00:00+00:00\" \/>\n<meta property=\"og:image\" content=\"https:\/\/lepetitseptieme.ca\/wp-content\/uploads\/2026\/08\/Nouveautes-Mubi-Septembre-2026-Une.jpg\" \/>\n\t<meta property=\"og:image:width\" content=\"1920\" \/>\n\t<meta property=\"og:image:height\" content=\"1080\" \/>\n\t<meta property=\"og:image:type\" content=\"image\/jpeg\" \/>\n<meta name=\"author\" content=\"Francois Grondin\" \/>\n<meta name=\"twitter:card\" content=\"summary_large_image\" \/>\n<meta name=\"twitter:title\" content=\"Coming to Mubi | September 2026\" \/>\n<meta name=\"twitter:description\" content=\"Discover what&#039;s streaming on MUBI this September, including exclusive releases like Pulp: What Do You Do For An Encore? and La Mes\u00edas, plus acclaimed incoming classics like 20,000 Species of Bees.\" \/>\n<meta name=\"twitter:image\" content=\"https:\/\/lepetitseptieme.ca\/wp-content\/uploads\/2026\/08\/Nouveautes-Mubi-Septembre-2026-Une.jpg\" \/>\n<meta name=\"twitter:creator\" content=\"@fgrondin1221\" \/>\n<meta name=\"twitter:site\" content=\"@LePetitSeptieme\" \/>\n<meta name=\"twitter:label1\" content=\"Written by\" \/>\n\t<meta name=\"twitter:data1\" content=\"Francois Grondin\" \/>\n\t<meta name=\"twitter:label2\" content=\"Est. reading time\" \/>\n\t<meta name=\"twitter:data2\" content=\"5 minutes\" \/>\n<script type=\"application\/ld+json\" class=\"yoast-schema-graph\">{\"@context\":\"https:\\\/\\\/schema.org\",\"@graph\":[{\"@type\":\"Article\",\"@id\":\"https:\\\/\\\/lepetitseptieme.ca\\\/en\\\/2026\\\/08\\\/31\\\/coming-to-mubi-september-2026\\\/#article\",\"isPartOf\":{\"@id\":\"https:\\\/\\\/lepetitseptieme.ca\\\/en\\\/2026\\\/08\\\/31\\\/coming-to-mubi-september-2026\\\/\"},\"author\":{\"name\":\"Francois Grondin\",\"@id\":\"https:\\\/\\\/lepetitseptieme.ca\\\/en\\\/#\\\/schema\\\/person\\\/12a0b9476b07b0f9a7cc8a82db87e8af\"},\"headline\":\"Coming to Mubi | September 2026\",\"datePublished\":\"2026-08-31T11:00:00+00:00\",\"mainEntityOfPage\":{\"@id\":\"https:\\\/\\\/lepetitseptieme.ca\\\/en\\\/2026\\\/08\\\/31\\\/coming-to-mubi-september-2026\\\/\"},\"wordCount\":609,\"commentCount\":0,\"publisher\":{\"@id\":\"https:\\\/\\\/lepetitseptieme.ca\\\/en\\\/#organization\"},\"image\":{\"@id\":\"https:\\\/\\\/lepetitseptieme.ca\\\/en\\\/2026\\\/08\\\/31\\\/coming-to-mubi-september-2026\\\/#primaryimage\"},\"thumbnailUrl\":\"https:\\\/\\\/lepetitseptieme.ca\\\/wp-content\\\/uploads\\\/2026\\\/08\\\/Nouveautes-Mubi-Septembre-2026-Une.jpg\",\"keywords\":[\"MUBI\",\"Streaming\"],\"articleSection\":[\"News\",\"Series in streaming\"],\"inLanguage\":\"en-US\",\"potentialAction\":[{\"@type\":\"CommentAction\",\"name\":\"Comment\",\"target\":[\"https:\\\/\\\/lepetitseptieme.ca\\\/en\\\/2026\\\/08\\\/31\\\/coming-to-mubi-september-2026\\\/#respond\"]}]},{\"@type\":\"WebPage\",\"@id\":\"https:\\\/\\\/lepetitseptieme.ca\\\/en\\\/2026\\\/08\\\/31\\\/coming-to-mubi-september-2026\\\/\",\"url\":\"https:\\\/\\\/lepetitseptieme.ca\\\/en\\\/2026\\\/08\\\/31\\\/coming-to-mubi-september-2026\\\/\",\"name\":\"Coming to Mubi | September 2026 - Le petit septi\u00e8me\",\"isPartOf\":{\"@id\":\"https:\\\/\\\/lepetitseptieme.ca\\\/en\\\/#website\"},\"primaryImageOfPage\":{\"@id\":\"https:\\\/\\\/lepetitseptieme.ca\\\/en\\\/2026\\\/08\\\/31\\\/coming-to-mubi-september-2026\\\/#primaryimage\"},\"image\":{\"@id\":\"https:\\\/\\\/lepetitseptieme.ca\\\/en\\\/2026\\\/08\\\/31\\\/coming-to-mubi-september-2026\\\/#primaryimage\"},\"thumbnailUrl\":\"https:\\\/\\\/lepetitseptieme.ca\\\/wp-content\\\/uploads\\\/2026\\\/08\\\/Nouveautes-Mubi-Septembre-2026-Une.jpg\",\"datePublished\":\"2026-08-31T11:00:00+00:00\",\"description\":\"Discover what's streaming on MUBI this September, including exclusive releases like Pulp: What Do You Do For An Encore? and La Mes\u00edas, plus acclaimed incoming classics like 20,000 Species of Bees.\",\"breadcrumb\":{\"@id\":\"https:\\\/\\\/lepetitseptieme.ca\\\/en\\\/2026\\\/08\\\/31\\\/coming-to-mubi-september-2026\\\/#breadcrumb\"},\"inLanguage\":\"en-US\",\"potentialAction\":[{\"@type\":\"ReadAction\",\"target\":[\"https:\\\/\\\/lepetitseptieme.ca\\\/en\\\/2026\\\/08\\\/31\\\/coming-to-mubi-september-2026\\\/\"]}]},{\"@type\":\"ImageObject\",\"inLanguage\":\"en-US\",\"@id\":\"https:\\\/\\\/lepetitseptieme.ca\\\/en\\\/2026\\\/08\\\/31\\\/coming-to-mubi-september-2026\\\/#primaryimage\",\"url\":\"https:\\\/\\\/lepetitseptieme.ca\\\/wp-content\\\/uploads\\\/2026\\\/08\\\/Nouveautes-Mubi-Septembre-2026-Une.jpg\",\"contentUrl\":\"https:\\\/\\\/lepetitseptieme.ca\\\/wp-content\\\/uploads\\\/2026\\\/08\\\/Nouveautes-Mubi-Septembre-2026-Une.jpg\",\"width\":1920,\"height\":1080,\"caption\":\"Nouveaut\u00e9s Mubi Septembre 2026 - Une\"},{\"@type\":\"BreadcrumbList\",\"@id\":\"https:\\\/\\\/lepetitseptieme.ca\\\/en\\\/2026\\\/08\\\/31\\\/coming-to-mubi-september-2026\\\/#breadcrumb\",\"itemListElement\":[{\"@type\":\"ListItem\",\"position\":1,\"name\":\"Home\",\"item\":\"https:\\\/\\\/lepetitseptieme.ca\\\/en\\\/\"},{\"@type\":\"ListItem\",\"position\":2,\"name\":\"Coming to Mubi | September 2026\"}]},{\"@type\":\"WebSite\",\"@id\":\"https:\\\/\\\/lepetitseptieme.ca\\\/en\\\/#website\",\"url\":\"https:\\\/\\\/lepetitseptieme.ca\\\/en\\\/\",\"name\":\"Le petit septi\u00e8me\",\"description\":\"Reviews and comments on Quebec, international and author cinema\",\"publisher\":{\"@id\":\"https:\\\/\\\/lepetitseptieme.ca\\\/en\\\/#organization\"},\"potentialAction\":[{\"@type\":\"SearchAction\",\"target\":{\"@type\":\"EntryPoint\",\"urlTemplate\":\"https:\\\/\\\/lepetitseptieme.ca\\\/en\\\/?s={search_term_string}\"},\"query-input\":{\"@type\":\"PropertyValueSpecification\",\"valueRequired\":true,\"valueName\":\"search_term_string\"}}],\"inLanguage\":\"en-US\"},{\"@type\":\"Organization\",\"@id\":\"https:\\\/\\\/lepetitseptieme.ca\\\/en\\\/#organization\",\"name\":\"Le Petit Septi\u00e8me\",\"url\":\"https:\\\/\\\/lepetitseptieme.ca\\\/en\\\/\",\"logo\":{\"@type\":\"ImageObject\",\"inLanguage\":\"en-US\",\"@id\":\"https:\\\/\\\/lepetitseptieme.ca\\\/en\\\/#\\\/schema\\\/logo\\\/image\\\/\",\"url\":\"https:\\\/\\\/lepetitseptieme.ca\\\/wp-content\\\/uploads\\\/2016\\\/05\\\/cropped-Logo-Le-Petit-Septi\u00e8me-2016-BW.png\",\"contentUrl\":\"https:\\\/\\\/lepetitseptieme.ca\\\/wp-content\\\/uploads\\\/2016\\\/05\\\/cropped-Logo-Le-Petit-Septi\u00e8me-2016-BW.png\",\"width\":512,\"height\":512,\"caption\":\"Le Petit Septi\u00e8me\"},\"image\":{\"@id\":\"https:\\\/\\\/lepetitseptieme.ca\\\/en\\\/#\\\/schema\\\/logo\\\/image\\\/\"},\"sameAs\":[\"https:\\\/\\\/www.facebook.com\\\/pages\\\/Le-Petit-Septi\u00e8me\\\/494448933948121?ref=hl\",\"https:\\\/\\\/x.com\\\/LePetitSeptieme\",\"https:\\\/\\\/www.youtube.com\\\/channel\\\/UC5mdhI_jJvDN1I9fkk5RcIw\"]},{\"@type\":\"Person\",\"@id\":\"https:\\\/\\\/lepetitseptieme.ca\\\/en\\\/#\\\/schema\\\/person\\\/12a0b9476b07b0f9a7cc8a82db87e8af\",\"name\":\"Francois Grondin\",\"image\":{\"@type\":\"ImageObject\",\"inLanguage\":\"en-US\",\"@id\":\"https:\\\/\\\/secure.gravatar.com\\\/avatar\\\/cbc7d427b20502f8a471e632a3ac28d3200b0a6f80a7e6d8056f088f651d3888?s=96&d=mm&r=r\",\"url\":\"https:\\\/\\\/secure.gravatar.com\\\/avatar\\\/cbc7d427b20502f8a471e632a3ac28d3200b0a6f80a7e6d8056f088f651d3888?s=96&d=mm&r=r\",\"contentUrl\":\"https:\\\/\\\/secure.gravatar.com\\\/avatar\\\/cbc7d427b20502f8a471e632a3ac28d3200b0a6f80a7e6d8056f088f651d3888?s=96&d=mm&r=r\",\"caption\":\"Francois Grondin\"},\"description\":\"Sp\u00e9cialiste en cin\u00e9ma international et en communication num\u00e9rique, cin\u00e9aste, photographe et passionn\u00e9 de cin\u00e9ma italien et japonais. Membre du jury pour le festival FICMAN et le SIFA Festival 2022 et, bien s\u00fbr, fier papa de 2!\",\"sameAs\":[\"https:\\\/\\\/lepetitseptieme.ca\",\"https:\\\/\\\/www.facebook.com\\\/FGrondinArt\\\/\",\"https:\\\/\\\/www.linkedin.com\\\/in\\\/francois-grondin-05895816\\\/\",\"https:\\\/\\\/x.com\\\/fgrondin1221\"],\"url\":\"https:\\\/\\\/lepetitseptieme.ca\\\/en\\\/author\\\/francois\\\/\"}]}<\/script>\n<!-- \/ Yoast SEO plugin. -->","yoast_head_json":{"title":"Coming to Mubi | September 2026 - Le petit septi\u00e8me","description":"Discover what's streaming on MUBI this September, including exclusive releases like Pulp: What Do You Do For An Encore? and La Mes\u00edas, plus acclaimed incoming classics like 20,000 Species of Bees.","robots":{"index":"index","follow":"follow","max-snippet":"max-snippet:-1","max-image-preview":"max-image-preview:large","max-video-preview":"max-video-preview:-1"},"canonical":"https:\/\/lepetitseptieme.ca\/en\/2026\/08\/31\/coming-to-mubi-september-2026\/","og_locale":"en_US","og_type":"article","og_title":"Coming to Mubi | September 2026","og_description":"Discover what's streaming on MUBI this September, including exclusive releases like Pulp: What Do You Do For An Encore? and La Mes\u00edas, plus acclaimed incoming classics like 20,000 Species of Bees.","og_url":"https:\/\/lepetitseptieme.ca\/en\/2026\/08\/31\/coming-to-mubi-september-2026\/","og_site_name":"Le petit septi\u00e8me","article_publisher":"https:\/\/www.facebook.com\/pages\/Le-Petit-Septi%c3%a8me\/494448933948121?ref=hl","article_author":"https:\/\/www.facebook.com\/FGrondinArt\/","article_published_time":"2026-08-31T11:00:00+00:00","og_image":[{"width":1920,"height":1080,"url":"https:\/\/lepetitseptieme.ca\/wp-content\/uploads\/2026\/08\/Nouveautes-Mubi-Septembre-2026-Une.jpg","type":"image\/jpeg"}],"author":"Francois Grondin","twitter_card":"summary_large_image","twitter_title":"Coming to Mubi | September 2026","twitter_description":"Discover what's streaming on MUBI this September, including exclusive releases like Pulp: What Do You Do For An Encore? and La Mes\u00edas, plus acclaimed incoming classics like 20,000 Species of Bees.","twitter_image":"https:\/\/lepetitseptieme.ca\/wp-content\/uploads\/2026\/08\/Nouveautes-Mubi-Septembre-2026-Une.jpg","twitter_creator":"@fgrondin1221","twitter_site":"@LePetitSeptieme","twitter_misc":{"Written by":"Francois Grondin","Est. reading time":"5 minutes"},"schema":{"@context":"https:\/\/schema.org","@graph":[{"@type":"Article","@id":"https:\/\/lepetitseptieme.ca\/en\/2026\/08\/31\/coming-to-mubi-september-2026\/#article","isPartOf":{"@id":"https:\/\/lepetitseptieme.ca\/en\/2026\/08\/31\/coming-to-mubi-september-2026\/"},"author":{"name":"Francois Grondin","@id":"https:\/\/lepetitseptieme.ca\/en\/#\/schema\/person\/12a0b9476b07b0f9a7cc8a82db87e8af"},"headline":"Coming to Mubi | September 2026","datePublished":"2026-08-31T11:00:00+00:00","mainEntityOfPage":{"@id":"https:\/\/lepetitseptieme.ca\/en\/2026\/08\/31\/coming-to-mubi-september-2026\/"},"wordCount":609,"commentCount":0,"publisher":{"@id":"https:\/\/lepetitseptieme.ca\/en\/#organization"},"image":{"@id":"https:\/\/lepetitseptieme.ca\/en\/2026\/08\/31\/coming-to-mubi-september-2026\/#primaryimage"},"thumbnailUrl":"https:\/\/lepetitseptieme.ca\/wp-content\/uploads\/2026\/08\/Nouveautes-Mubi-Septembre-2026-Une.jpg","keywords":["MUBI","Streaming"],"articleSection":["News","Series in streaming"],"inLanguage":"en-US","potentialAction":[{"@type":"CommentAction","name":"Comment","target":["https:\/\/lepetitseptieme.ca\/en\/2026\/08\/31\/coming-to-mubi-september-2026\/#respond"]}]},{"@type":"WebPage","@id":"https:\/\/lepetitseptieme.ca\/en\/2026\/08\/31\/coming-to-mubi-september-2026\/","url":"https:\/\/lepetitseptieme.ca\/en\/2026\/08\/31\/coming-to-mubi-september-2026\/","name":"Coming to Mubi | September 2026 - Le petit septi\u00e8me","isPartOf":{"@id":"https:\/\/lepetitseptieme.ca\/en\/#website"},"primaryImageOfPage":{"@id":"https:\/\/lepetitseptieme.ca\/en\/2026\/08\/31\/coming-to-mubi-september-2026\/#primaryimage"},"image":{"@id":"https:\/\/lepetitseptieme.ca\/en\/2026\/08\/31\/coming-to-mubi-september-2026\/#primaryimage"},"thumbnailUrl":"https:\/\/lepetitseptieme.ca\/wp-content\/uploads\/2026\/08\/Nouveautes-Mubi-Septembre-2026-Une.jpg","datePublished":"2026-08-31T11:00:00+00:00","description":"Discover what's streaming on MUBI this September, including exclusive releases like Pulp: What Do You Do For An Encore? and La Mes\u00edas, plus acclaimed incoming classics like 20,000 Species of Bees.","breadcrumb":{"@id":"https:\/\/lepetitseptieme.ca\/en\/2026\/08\/31\/coming-to-mubi-september-2026\/#breadcrumb"},"inLanguage":"en-US","potentialAction":[{"@type":"ReadAction","target":["https:\/\/lepetitseptieme.ca\/en\/2026\/08\/31\/coming-to-mubi-september-2026\/"]}]},{"@type":"ImageObject","inLanguage":"en-US","@id":"https:\/\/lepetitseptieme.ca\/en\/2026\/08\/31\/coming-to-mubi-september-2026\/#primaryimage","url":"https:\/\/lepetitseptieme.ca\/wp-content\/uploads\/2026\/08\/Nouveautes-Mubi-Septembre-2026-Une.jpg","contentUrl":"https:\/\/lepetitseptieme.ca\/wp-content\/uploads\/2026\/08\/Nouveautes-Mubi-Septembre-2026-Une.jpg","width":1920,"height":1080,"caption":"Nouveaut\u00e9s Mubi Septembre 2026 - Une"},{"@type":"BreadcrumbList","@id":"https:\/\/lepetitseptieme.ca\/en\/2026\/08\/31\/coming-to-mubi-september-2026\/#breadcrumb","itemListElement":[{"@type":"ListItem","position":1,"name":"Home","item":"https:\/\/lepetitseptieme.ca\/en\/"},{"@type":"ListItem","position":2,"name":"Coming to Mubi | September 2026"}]},{"@type":"WebSite","@id":"https:\/\/lepetitseptieme.ca\/en\/#website","url":"https:\/\/lepetitseptieme.ca\/en\/","name":"Le petit septi\u00e8me","description":"Reviews and comments on Quebec, international and author cinema","publisher":{"@id":"https:\/\/lepetitseptieme.ca\/en\/#organization"},"potentialAction":[{"@type":"SearchAction","target":{"@type":"EntryPoint","urlTemplate":"https:\/\/lepetitseptieme.ca\/en\/?s={search_term_string}"},"query-input":{"@type":"PropertyValueSpecification","valueRequired":true,"valueName":"search_term_string"}}],"inLanguage":"en-US"},{"@type":"Organization","@id":"https:\/\/lepetitseptieme.ca\/en\/#organization","name":"Le Petit Septi\u00e8me","url":"https:\/\/lepetitseptieme.ca\/en\/","logo":{"@type":"ImageObject","inLanguage":"en-US","@id":"https:\/\/lepetitseptieme.ca\/en\/#\/schema\/logo\/image\/","url":"https:\/\/lepetitseptieme.ca\/wp-content\/uploads\/2016\/05\/cropped-Logo-Le-Petit-Septi\u00e8me-2016-BW.png","contentUrl":"https:\/\/lepetitseptieme.ca\/wp-content\/uploads\/2016\/05\/cropped-Logo-Le-Petit-Septi\u00e8me-2016-BW.png","width":512,"height":512,"caption":"Le Petit Septi\u00e8me"},"image":{"@id":"https:\/\/lepetitseptieme.ca\/en\/#\/schema\/logo\/image\/"},"sameAs":["https:\/\/www.facebook.com\/pages\/Le-Petit-Septi\u00e8me\/494448933948121?ref=hl","https:\/\/x.com\/LePetitSeptieme","https:\/\/www.youtube.com\/channel\/UC5mdhI_jJvDN1I9fkk5RcIw"]},{"@type":"Person","@id":"https:\/\/lepetitseptieme.ca\/en\/#\/schema\/person\/12a0b9476b07b0f9a7cc8a82db87e8af","name":"Francois Grondin","image":{"@type":"ImageObject","inLanguage":"en-US","@id":"https:\/\/secure.gravatar.com\/avatar\/cbc7d427b20502f8a471e632a3ac28d3200b0a6f80a7e6d8056f088f651d3888?s=96&d=mm&r=r","url":"https:\/\/secure.gravatar.com\/avatar\/cbc7d427b20502f8a471e632a3ac28d3200b0a6f80a7e6d8056f088f651d3888?s=96&d=mm&r=r","contentUrl":"https:\/\/secure.gravatar.com\/avatar\/cbc7d427b20502f8a471e632a3ac28d3200b0a6f80a7e6d8056f088f651d3888?s=96&d=mm&r=r","caption":"Francois Grondin"},"description":"Sp\u00e9cialiste en cin\u00e9ma international et en communication num\u00e9rique, cin\u00e9aste, photographe et passionn\u00e9 de cin\u00e9ma italien et japonais. Membre du jury pour le festival FICMAN et le SIFA Festival 2022 et, bien s\u00fbr, fier papa de 2!","sameAs":["https:\/\/lepetitseptieme.ca","https:\/\/www.facebook.com\/FGrondinArt\/","https:\/\/www.linkedin.com\/in\/francois-grondin-05895816\/","https:\/\/x.com\/fgrondin1221"],"url":"https:\/\/lepetitseptieme.ca\/en\/author\/francois\/"}]}},"_links":{"self":[{"href":"https:\/\/lepetitseptieme.ca\/en\/wp-json\/wp\/v2\/posts\/61047","targetHints":{"allow":["GET"]}}],"collection":[{"href":"https:\/\/lepetitseptieme.ca\/en\/wp-json\/wp\/v2\/posts"}],"about":[{"href":"https:\/\/lepetitseptieme.ca\/en\/wp-json\/wp\/v2\/types\/post"}],"author":[{"embeddable":true,"href":"https:\/\/lepetitseptieme.ca\/en\/wp-json\/wp\/v2\/users\/2"}],"replies":[{"embeddable":true,"href":"https:\/\/lepetitseptieme.ca\/en\/wp-json\/wp\/v2\/comments?post=61047"}],"version-history":[{"count":1,"href":"https:\/\/lepetitseptieme.ca\/en\/wp-json\/wp\/v2\/posts\/61047\/revisions"}],"predecessor-version":[{"id":61048,"href":"https:\/\/lepetitseptieme.ca\/en\/wp-json\/wp\/v2\/posts\/61047\/revisions\/61048"}],"wp:featuredmedia":[{"embeddable":true,"href":"https:\/\/lepetitseptieme.ca\/en\/wp-json\/wp\/v2\/media\/61038"}],"wp:attachment":[{"href":"https:\/\/lepetitseptieme.ca\/en\/wp-json\/wp\/v2\/media?parent=61047"}],"wp:term":[{"taxonomy":"category","embeddable":true,"href":"https:\/\/lepetitseptieme.ca\/en\/wp-json\/wp\/v2\/categories?post=61047"},{"taxonomy":"post_tag","embeddable":true,"href":"https:\/\/lepetitseptieme.ca\/en\/wp-json\/wp\/v2\/tags?post=61047"}],"curies":[{"name":"wp","href":"https:\/\/api.w.org\/{rel}","templated":true}]}}