{"id":58874,"date":"2026-04-30T16:00:00","date_gmt":"2026-04-30T20:00:00","guid":{"rendered":"https:\/\/lepetitseptieme.ca\/?p=58874"},"modified":"2026-04-29T11:33:33","modified_gmt":"2026-04-29T15:33:33","slug":"hot-docs-ghost-in-the-machine-eugenics","status":"publish","type":"post","link":"https:\/\/lepetitseptieme.ca\/en\/2026\/04\/30\/hot-docs-ghost-in-the-machine-eugenics\/","title":{"rendered":"[Hot Docs] Ghost in the Machine \u2013 Eugenics?"},"content":{"rendered":"\n<p class=\"has-text-align-right\"><em>\u201cCan you define for us what is Artificial intelligence?\u201d<\/em><\/p>\n\n\n\n<figure class=\"wp-block-image alignleft size-large is-resized\"><img loading=\"lazy\" decoding=\"async\" width=\"819\" height=\"1024\" src=\"https:\/\/lepetitseptieme.ca\/wp-content\/uploads\/2026\/04\/Ghost-in-the-machine-affiche-819x1024.jpg\" alt=\"Ghost in the machine - affiche\" class=\"wp-image-58865\" style=\"width:150px\" srcset=\"https:\/\/lepetitseptieme.ca\/wp-content\/uploads\/2026\/04\/Ghost-in-the-machine-affiche-819x1024.jpg 819w, https:\/\/lepetitseptieme.ca\/wp-content\/uploads\/2026\/04\/Ghost-in-the-machine-affiche-240x300.jpg 240w, https:\/\/lepetitseptieme.ca\/wp-content\/uploads\/2026\/04\/Ghost-in-the-machine-affiche-768x960.jpg 768w, https:\/\/lepetitseptieme.ca\/wp-content\/uploads\/2026\/04\/Ghost-in-the-machine-affiche-600x750.jpg 600w, https:\/\/lepetitseptieme.ca\/wp-content\/uploads\/2026\/04\/Ghost-in-the-machine-affiche.jpg 1000w\" sizes=\"auto, (max-width: 819px) 100vw, 819px\" \/><\/figure>\n\n\n\n<p>The untold origins of artificial intelligence lie not in machines but in power, revealing the fantasies behind the hype that got us here and where we go next.<\/p>\n\n\n\n<p>With <em>Ghost in the Machine<\/em>, Valerie Veatch offers an investigative documentary that explores how emerging technologies are redefining identity, culture, and global power.<\/p>\n\n\n\n<h3 class=\"wp-block-heading\"><strong>Origins&nbsp;<\/strong><\/h3>\n\n\n\n<p>Do you know when the term \u201cartificial intelligence\u201d was first used? Around the 2000s, right? Well, no. Much earlier, Professor John McCarthy used it as early as 1955, and later employed it to boost a research project and attract investors.<\/p>\n\n\n\n<figure class=\"wp-block-image aligncenter size-full\"><img loading=\"lazy\" decoding=\"async\" width=\"1800\" height=\"1013\" src=\"https:\/\/lepetitseptieme.ca\/wp-content\/uploads\/2026\/04\/Ghost-in-the-machine-Les-origines.jpg\" alt=\"Ghost in the machine - Les origines\" class=\"wp-image-58863\" srcset=\"https:\/\/lepetitseptieme.ca\/wp-content\/uploads\/2026\/04\/Ghost-in-the-machine-Les-origines.jpg 1800w, https:\/\/lepetitseptieme.ca\/wp-content\/uploads\/2026\/04\/Ghost-in-the-machine-Les-origines-300x169.jpg 300w, https:\/\/lepetitseptieme.ca\/wp-content\/uploads\/2026\/04\/Ghost-in-the-machine-Les-origines-1024x576.jpg 1024w, https:\/\/lepetitseptieme.ca\/wp-content\/uploads\/2026\/04\/Ghost-in-the-machine-Les-origines-768x432.jpg 768w, https:\/\/lepetitseptieme.ca\/wp-content\/uploads\/2026\/04\/Ghost-in-the-machine-Les-origines-1536x864.jpg 1536w, https:\/\/lepetitseptieme.ca\/wp-content\/uploads\/2026\/04\/Ghost-in-the-machine-Les-origines-600x338.jpg 600w\" sizes=\"auto, (max-width: 1800px) 100vw, 1800px\" \/><\/figure>\n\n\n\n<p><em>Ghost in the Machine<\/em> spends a significant amount of time explaining the origins of this term. Obviously, it makes sense to understand the past to comprehend where we are going. It is therefore interesting to see how far the roots of this technological field reach.<\/p>\n\n\n\n<p>On the other hand, too much time is spent there. At a certain point, one gets the impression that we won&#8217;t learn much about the state of the field in 2025. This is one of the film&#8217;s weak points. It remains too focused on the past. Yes, it is relevant and fascinating to see where the expression comes from and who contributed to advancing this field. But we would like to learn a little more&#8230; about what is happening right now.<\/p>\n\n\n\n<h3 class=\"wp-block-heading\"><strong>Scare tactics&nbsp;<\/strong><\/h3>\n\n\n\n<figure class=\"wp-block-image alignright size-medium\"><img loading=\"lazy\" decoding=\"async\" width=\"202\" height=\"300\" src=\"https:\/\/lepetitseptieme.ca\/wp-content\/uploads\/2026\/04\/Valerie-Veatch-Director-Faire-peur-202x300.jpg\" alt=\"Valerie Veatch - Director - Faire peur\" class=\"wp-image-58867\" srcset=\"https:\/\/lepetitseptieme.ca\/wp-content\/uploads\/2026\/04\/Valerie-Veatch-Director-Faire-peur-202x300.jpg 202w, https:\/\/lepetitseptieme.ca\/wp-content\/uploads\/2026\/04\/Valerie-Veatch-Director-Faire-peur.jpg 519w\" sizes=\"auto, (max-width: 202px) 100vw, 202px\" \/><figcaption class=\"wp-element-caption\"><em>Valerie Veatch<\/em><\/figcaption><\/figure>\n\n\n\n<p>In eight chapters, Veatch leads an exploration of the philosophical, cultural, and political forces underpinning the global rise of AI. Consciously, she attempts to frighten. As is too often the case, the emphasis is on dangers, excesses, and the negative. Elon Musk, Big Tech, billionaires, &#8220;bad men&#8221;&#8230; everything is there to remind us that we are but small humans facing the big bad wolves.<\/p>\n\n\n\n<p><em>Ghost in the Machine<\/em> is part of a movement bringing together people eager to challenge dominant narratives about the technologies we choose to develop, their reasons for being, and their beneficiaries. Obviously, questioning and challenging is important. But at times, one gets the impression that the documentary will fall into dubious conspiracy theories.<\/p>\n\n\n\n<p>The movie feels much more like a pamphlet against AI than a real documentary. This is not a problem in itself, but it must be presented as such. Otherwise, it is dishonest. That is where my problem lies with Valerie Veatch&#8217;s film.<\/p>\n\n\n\n<p>At one point, Dr. Johnathan Flowers says: \u201cIn the age of AI, the most radical thing we can do is ask this very simple question: do we need AI for this? And if you can&#8217;t answer yes, then refuse to use it. Repeatedly.\u201d<\/p>\n\n\n\n<p>Therein lies the main value behind this film.<\/p>\n\n\n\n<h3 class=\"wp-block-heading\"><strong>A little more&#8230;&nbsp;<\/strong><\/h3>\n\n\n\n<p>I have no problem with films that sell values or want to stir up ideas. However, the filmmakers who create them must do so honestly. Don&#8217;t talk about a documentary on a specific subject when, in fact, you are offering a pamphlet on that subject.<\/p>\n\n\n\n<p>One of the elements the director relies on is the idea that the people who invented and developed AI did so with racist intentions. There is an insistence on algorithms being adjusted to promote misogynistic, racist, and eugenic theories. Certainly, some exist. But is it really the norm? Is it truly the starting point of artificial intelligence? I take the liberty of doubting it, and of doubting the honesty of this film.<\/p>\n\n\n\n<p>From a purely filmic point of view, this work is fascinating. But one should not watch it thinking they will finally understand everything. Let&#8217;s just say it must be viewed with a critical eye.<\/p>\n\n\n\n<p><em>Ghost in the Machine<\/em> is being presented at Hot Docs on April 30 and May 1, 2026.<\/p>\n\n\n\n<p>Trailer <i class=\"fas fa-arrow-alt-circle-down \" ><\/i><\/p>\n\n\n\n<figure class=\"wp-block-embed is-type-video is-provider-youtube wp-block-embed-youtube wp-embed-aspect-16-9 wp-has-aspect-ratio\"><div class=\"wp-block-embed__wrapper\">\n<iframe loading=\"lazy\" title=\"GHOST IN THE MACHINE (2026) OFFICIAL TRAILER\" width=\"500\" height=\"281\" src=\"https:\/\/www.youtube.com\/embed\/i9DAv0D7tnY?feature=oembed\" frameborder=\"0\" allow=\"accelerometer; autoplay; clipboard-write; encrypted-media; gyroscope; picture-in-picture; web-share\" referrerpolicy=\"strict-origin-when-cross-origin\" allowfullscreen><\/iframe>\n<\/div><\/figure>\n","protected":false},"excerpt":{"rendered":"<p>\u201cCan you define for us what is Artificial intelligence?\u201d The untold origins of artificial intelligence lie not in machines but in power, revealing the fantasies behind the hype that got us here and where we go next. With Ghost in the Machine, Valerie Veatch offers an investigative documentary that explores how emerging technologies are redefining [&hellip;]<\/p>\n","protected":false},"author":2,"featured_media":58861,"comment_status":"open","ping_status":"open","sticky":false,"template":"","format":"standard","meta":{"_acf_changed":false,"site-sidebar-layout":"default","site-content-layout":"","ast-site-content-layout":"default","site-content-style":"default","site-sidebar-style":"default","ast-global-header-display":"","ast-banner-title-visibility":"","ast-main-header-display":"","ast-hfb-above-header-display":"","ast-hfb-below-header-display":"","ast-hfb-mobile-header-display":"","site-post-title":"","ast-breadcrumbs-content":"","ast-featured-img":"","footer-sml-layout":"","ast-disable-related-posts":"","theme-transparent-header-meta":"","adv-header-id-meta":"","stick-header-meta":"","header-above-stick-meta":"","header-main-stick-meta":"","header-below-stick-meta":"","astra-migrate-meta-layouts":"set","ast-page-background-enabled":"default","ast-page-background-meta":{"desktop":{"background-color":"var(--ast-global-color-4)","background-image":"","background-repeat":"repeat","background-position":"center center","background-size":"auto","background-attachment":"scroll","background-type":"","background-media":"","overlay-type":"","overlay-color":"","overlay-opacity":"","overlay-gradient":""},"tablet":{"background-color":"","background-image":"","background-repeat":"repeat","background-position":"center center","background-size":"auto","background-attachment":"scroll","background-type":"","background-media":"","overlay-type":"","overlay-color":"","overlay-opacity":"","overlay-gradient":""},"mobile":{"background-color":"","background-image":"","background-repeat":"repeat","background-position":"center center","background-size":"auto","background-attachment":"scroll","background-type":"","background-media":"","overlay-type":"","overlay-color":"","overlay-opacity":"","overlay-gradient":""}},"ast-content-background-meta":{"desktop":{"background-color":"var(--ast-global-color-5)","background-image":"","background-repeat":"repeat","background-position":"center center","background-size":"auto","background-attachment":"scroll","background-type":"","background-media":"","overlay-type":"","overlay-color":"","overlay-opacity":"","overlay-gradient":""},"tablet":{"background-color":"var(--ast-global-color-5)","background-image":"","background-repeat":"repeat","background-position":"center center","background-size":"auto","background-attachment":"scroll","background-type":"","background-media":"","overlay-type":"","overlay-color":"","overlay-opacity":"","overlay-gradient":""},"mobile":{"background-color":"var(--ast-global-color-5)","background-image":"","background-repeat":"repeat","background-position":"center center","background-size":"auto","background-attachment":"scroll","background-type":"","background-media":"","overlay-type":"","overlay-color":"","overlay-opacity":"","overlay-gradient":""}},"footnotes":""},"categories":[5460,5440,20833],"tags":[25724,25725,16326,33904,6306,34053],"class_list":["post-58874","post","type-post","status-publish","format-standard","has-post-thumbnail","hentry","category-american-films","category-documentaries","category-festivals-coverage","tag-ai","tag-artificial-intelligence","tag-hot-docs-en","tag-hot-docs-2026","tag-technology","tag-valerie-veatch"],"acf":[],"yoast_head":"<!-- This site is optimized with the Yoast SEO plugin v27.1.1 - https:\/\/yoast.com\/product\/yoast-seo-wordpress\/ -->\n<title>[Hot Docs] Ghost in the Machine \u2013 Eugenics? - Le petit septi\u00e8me<\/title>\n<meta name=\"description\" content=\"With Ghost in the Machine, Valerie Veatch offers an investigative documentary that explores how emerging technologies are redefining identity, culture, and global power.\" \/>\n<meta name=\"robots\" content=\"index, follow, max-snippet:-1, max-image-preview:large, max-video-preview:-1\" \/>\n<link rel=\"canonical\" href=\"https:\/\/lepetitseptieme.ca\/en\/2026\/04\/30\/hot-docs-ghost-in-the-machine-eugenics\/\" \/>\n<meta property=\"og:locale\" content=\"en_US\" \/>\n<meta property=\"og:type\" content=\"article\" \/>\n<meta property=\"og:title\" content=\"[Hot Docs] Ghost in the Machine \u2013 Eugenics?\" \/>\n<meta property=\"og:description\" content=\"With Ghost in the Machine, Valerie Veatch offers an investigative documentary that explores how emerging technologies are redefining identity, culture, and global power.\" \/>\n<meta property=\"og:url\" content=\"https:\/\/lepetitseptieme.ca\/en\/2026\/04\/30\/hot-docs-ghost-in-the-machine-eugenics\/\" \/>\n<meta property=\"og:site_name\" content=\"Le petit septi\u00e8me\" \/>\n<meta property=\"article:publisher\" content=\"https:\/\/www.facebook.com\/pages\/Le-Petit-Septi%c3%a8me\/494448933948121?ref=hl\" \/>\n<meta property=\"article:author\" content=\"https:\/\/www.facebook.com\/FGrondinArt\/\" \/>\n<meta property=\"article:published_time\" content=\"2026-04-30T20:00:00+00:00\" \/>\n<meta property=\"og:image\" content=\"https:\/\/lepetitseptieme.ca\/wp-content\/uploads\/2026\/04\/Ghost-in-the-machine-Une.jpg\" \/>\n\t<meta property=\"og:image:width\" content=\"1920\" \/>\n\t<meta property=\"og:image:height\" content=\"1080\" \/>\n\t<meta property=\"og:image:type\" content=\"image\/jpeg\" \/>\n<meta name=\"author\" content=\"Francois Grondin\" \/>\n<meta name=\"twitter:card\" content=\"summary_large_image\" \/>\n<meta name=\"twitter:title\" content=\"[Hot Docs] Ghost in the Machine \u2013 Eugenics?\" \/>\n<meta name=\"twitter:description\" content=\"With Ghost in the Machine, Valerie Veatch offers an investigative documentary that explores how emerging technologies are redefining identity, culture, and global power.\" \/>\n<meta name=\"twitter:image\" content=\"https:\/\/lepetitseptieme.ca\/wp-content\/uploads\/2026\/04\/Ghost-in-the-machine-Une.jpg\" \/>\n<meta name=\"twitter:creator\" content=\"@fgrondin1221\" \/>\n<meta name=\"twitter:site\" content=\"@LePetitSeptieme\" \/>\n<meta name=\"twitter:label1\" content=\"Written by\" \/>\n\t<meta name=\"twitter:data1\" content=\"Francois Grondin\" \/>\n\t<meta name=\"twitter:label2\" content=\"Est. reading time\" \/>\n\t<meta name=\"twitter:data2\" content=\"4 minutes\" \/>\n<script type=\"application\/ld+json\" class=\"yoast-schema-graph\">{\"@context\":\"https:\/\/schema.org\",\"@graph\":[{\"@type\":\"Article\",\"@id\":\"https:\/\/lepetitseptieme.ca\/en\/2026\/04\/30\/hot-docs-ghost-in-the-machine-eugenics\/#article\",\"isPartOf\":{\"@id\":\"https:\/\/lepetitseptieme.ca\/en\/2026\/04\/30\/hot-docs-ghost-in-the-machine-eugenics\/\"},\"author\":{\"name\":\"Francois Grondin\",\"@id\":\"https:\/\/lepetitseptieme.ca\/en\/#\/schema\/person\/12a0b9476b07b0f9a7cc8a82db87e8af\"},\"headline\":\"[Hot Docs] Ghost in the Machine \u2013 Eugenics?\",\"datePublished\":\"2026-04-30T20:00:00+00:00\",\"mainEntityOfPage\":{\"@id\":\"https:\/\/lepetitseptieme.ca\/en\/2026\/04\/30\/hot-docs-ghost-in-the-machine-eugenics\/\"},\"wordCount\":642,\"commentCount\":0,\"publisher\":{\"@id\":\"https:\/\/lepetitseptieme.ca\/en\/#organization\"},\"image\":{\"@id\":\"https:\/\/lepetitseptieme.ca\/en\/2026\/04\/30\/hot-docs-ghost-in-the-machine-eugenics\/#primaryimage\"},\"thumbnailUrl\":\"https:\/\/lepetitseptieme.ca\/wp-content\/uploads\/2026\/04\/Ghost-in-the-machine-Une.jpg\",\"keywords\":[\"AI\",\"Artificial Intelligence\",\"Hot Docs\",\"Hot Docs 2026\",\"Technology\",\"Valerie Veatch\"],\"articleSection\":[\"American movies\",\"Documentaries\",\"Festivals coverage\"],\"inLanguage\":\"en-US\",\"potentialAction\":[{\"@type\":\"CommentAction\",\"name\":\"Comment\",\"target\":[\"https:\/\/lepetitseptieme.ca\/en\/2026\/04\/30\/hot-docs-ghost-in-the-machine-eugenics\/#respond\"]}]},{\"@type\":\"WebPage\",\"@id\":\"https:\/\/lepetitseptieme.ca\/en\/2026\/04\/30\/hot-docs-ghost-in-the-machine-eugenics\/\",\"url\":\"https:\/\/lepetitseptieme.ca\/en\/2026\/04\/30\/hot-docs-ghost-in-the-machine-eugenics\/\",\"name\":\"[Hot Docs] Ghost in the Machine \u2013 Eugenics? - Le petit septi\u00e8me\",\"isPartOf\":{\"@id\":\"https:\/\/lepetitseptieme.ca\/en\/#website\"},\"primaryImageOfPage\":{\"@id\":\"https:\/\/lepetitseptieme.ca\/en\/2026\/04\/30\/hot-docs-ghost-in-the-machine-eugenics\/#primaryimage\"},\"image\":{\"@id\":\"https:\/\/lepetitseptieme.ca\/en\/2026\/04\/30\/hot-docs-ghost-in-the-machine-eugenics\/#primaryimage\"},\"thumbnailUrl\":\"https:\/\/lepetitseptieme.ca\/wp-content\/uploads\/2026\/04\/Ghost-in-the-machine-Une.jpg\",\"datePublished\":\"2026-04-30T20:00:00+00:00\",\"description\":\"With Ghost in the Machine, Valerie Veatch offers an investigative documentary that explores how emerging technologies are redefining identity, culture, and global power.\",\"breadcrumb\":{\"@id\":\"https:\/\/lepetitseptieme.ca\/en\/2026\/04\/30\/hot-docs-ghost-in-the-machine-eugenics\/#breadcrumb\"},\"inLanguage\":\"en-US\",\"potentialAction\":[{\"@type\":\"ReadAction\",\"target\":[\"https:\/\/lepetitseptieme.ca\/en\/2026\/04\/30\/hot-docs-ghost-in-the-machine-eugenics\/\"]}]},{\"@type\":\"ImageObject\",\"inLanguage\":\"en-US\",\"@id\":\"https:\/\/lepetitseptieme.ca\/en\/2026\/04\/30\/hot-docs-ghost-in-the-machine-eugenics\/#primaryimage\",\"url\":\"https:\/\/lepetitseptieme.ca\/wp-content\/uploads\/2026\/04\/Ghost-in-the-machine-Une.jpg\",\"contentUrl\":\"https:\/\/lepetitseptieme.ca\/wp-content\/uploads\/2026\/04\/Ghost-in-the-machine-Une.jpg\",\"width\":1920,\"height\":1080,\"caption\":\"Ghost in the machine - Une\"},{\"@type\":\"BreadcrumbList\",\"@id\":\"https:\/\/lepetitseptieme.ca\/en\/2026\/04\/30\/hot-docs-ghost-in-the-machine-eugenics\/#breadcrumb\",\"itemListElement\":[{\"@type\":\"ListItem\",\"position\":1,\"name\":\"Home\",\"item\":\"https:\/\/lepetitseptieme.ca\/en\/\"},{\"@type\":\"ListItem\",\"position\":2,\"name\":\"[Hot Docs] Ghost in the Machine \u2013 Eugenics?\"}]},{\"@type\":\"WebSite\",\"@id\":\"https:\/\/lepetitseptieme.ca\/en\/#website\",\"url\":\"https:\/\/lepetitseptieme.ca\/en\/\",\"name\":\"Le petit septi\u00e8me\",\"description\":\"Reviews and comments on Quebec, international and author cinema\",\"publisher\":{\"@id\":\"https:\/\/lepetitseptieme.ca\/en\/#organization\"},\"potentialAction\":[{\"@type\":\"SearchAction\",\"target\":{\"@type\":\"EntryPoint\",\"urlTemplate\":\"https:\/\/lepetitseptieme.ca\/en\/?s={search_term_string}\"},\"query-input\":{\"@type\":\"PropertyValueSpecification\",\"valueRequired\":true,\"valueName\":\"search_term_string\"}}],\"inLanguage\":\"en-US\"},{\"@type\":\"Organization\",\"@id\":\"https:\/\/lepetitseptieme.ca\/en\/#organization\",\"name\":\"Le Petit Septi\u00e8me\",\"url\":\"https:\/\/lepetitseptieme.ca\/en\/\",\"logo\":{\"@type\":\"ImageObject\",\"inLanguage\":\"en-US\",\"@id\":\"https:\/\/lepetitseptieme.ca\/en\/#\/schema\/logo\/image\/\",\"url\":\"https:\/\/lepetitseptieme.ca\/wp-content\/uploads\/2016\/05\/cropped-Logo-Le-Petit-Septi\u00e8me-2016-BW.png\",\"contentUrl\":\"https:\/\/lepetitseptieme.ca\/wp-content\/uploads\/2016\/05\/cropped-Logo-Le-Petit-Septi\u00e8me-2016-BW.png\",\"width\":512,\"height\":512,\"caption\":\"Le Petit Septi\u00e8me\"},\"image\":{\"@id\":\"https:\/\/lepetitseptieme.ca\/en\/#\/schema\/logo\/image\/\"},\"sameAs\":[\"https:\/\/www.facebook.com\/pages\/Le-Petit-Septi\u00e8me\/494448933948121?ref=hl\",\"https:\/\/x.com\/LePetitSeptieme\",\"https:\/\/www.youtube.com\/channel\/UC5mdhI_jJvDN1I9fkk5RcIw\"]},{\"@type\":\"Person\",\"@id\":\"https:\/\/lepetitseptieme.ca\/en\/#\/schema\/person\/12a0b9476b07b0f9a7cc8a82db87e8af\",\"name\":\"Francois Grondin\",\"image\":{\"@type\":\"ImageObject\",\"inLanguage\":\"en-US\",\"@id\":\"https:\/\/lepetitseptieme.ca\/en\/#\/schema\/person\/image\/\",\"url\":\"https:\/\/secure.gravatar.com\/avatar\/cbc7d427b20502f8a471e632a3ac28d3200b0a6f80a7e6d8056f088f651d3888?s=96&d=mm&r=r\",\"contentUrl\":\"https:\/\/secure.gravatar.com\/avatar\/cbc7d427b20502f8a471e632a3ac28d3200b0a6f80a7e6d8056f088f651d3888?s=96&d=mm&r=r\",\"caption\":\"Francois Grondin\"},\"description\":\"Sp\u00e9cialiste en cin\u00e9ma international et en communication num\u00e9rique, cin\u00e9aste, photographe et passionn\u00e9 de cin\u00e9ma italien et japonais. Membre du jury pour le festival FICMAN et le SIFA Festival 2022 et, bien s\u00fbr, fier papa de 2!\",\"sameAs\":[\"https:\/\/lepetitseptieme.ca\",\"https:\/\/www.facebook.com\/FGrondinArt\/\",\"https:\/\/www.linkedin.com\/in\/francois-grondin-05895816\/\",\"https:\/\/x.com\/fgrondin1221\"],\"url\":\"https:\/\/lepetitseptieme.ca\/en\/author\/francois\/\"}]}<\/script>\n<!-- \/ Yoast SEO plugin. -->","yoast_head_json":{"title":"[Hot Docs] Ghost in the Machine \u2013 Eugenics? - Le petit septi\u00e8me","description":"With Ghost in the Machine, Valerie Veatch offers an investigative documentary that explores how emerging technologies are redefining identity, culture, and global power.","robots":{"index":"index","follow":"follow","max-snippet":"max-snippet:-1","max-image-preview":"max-image-preview:large","max-video-preview":"max-video-preview:-1"},"canonical":"https:\/\/lepetitseptieme.ca\/en\/2026\/04\/30\/hot-docs-ghost-in-the-machine-eugenics\/","og_locale":"en_US","og_type":"article","og_title":"[Hot Docs] Ghost in the Machine \u2013 Eugenics?","og_description":"With Ghost in the Machine, Valerie Veatch offers an investigative documentary that explores how emerging technologies are redefining identity, culture, and global power.","og_url":"https:\/\/lepetitseptieme.ca\/en\/2026\/04\/30\/hot-docs-ghost-in-the-machine-eugenics\/","og_site_name":"Le petit septi\u00e8me","article_publisher":"https:\/\/www.facebook.com\/pages\/Le-Petit-Septi%c3%a8me\/494448933948121?ref=hl","article_author":"https:\/\/www.facebook.com\/FGrondinArt\/","article_published_time":"2026-04-30T20:00:00+00:00","og_image":[{"width":1920,"height":1080,"url":"https:\/\/lepetitseptieme.ca\/wp-content\/uploads\/2026\/04\/Ghost-in-the-machine-Une.jpg","type":"image\/jpeg"}],"author":"Francois Grondin","twitter_card":"summary_large_image","twitter_title":"[Hot Docs] Ghost in the Machine \u2013 Eugenics?","twitter_description":"With Ghost in the Machine, Valerie Veatch offers an investigative documentary that explores how emerging technologies are redefining identity, culture, and global power.","twitter_image":"https:\/\/lepetitseptieme.ca\/wp-content\/uploads\/2026\/04\/Ghost-in-the-machine-Une.jpg","twitter_creator":"@fgrondin1221","twitter_site":"@LePetitSeptieme","twitter_misc":{"Written by":"Francois Grondin","Est. reading time":"4 minutes"},"schema":{"@context":"https:\/\/schema.org","@graph":[{"@type":"Article","@id":"https:\/\/lepetitseptieme.ca\/en\/2026\/04\/30\/hot-docs-ghost-in-the-machine-eugenics\/#article","isPartOf":{"@id":"https:\/\/lepetitseptieme.ca\/en\/2026\/04\/30\/hot-docs-ghost-in-the-machine-eugenics\/"},"author":{"name":"Francois Grondin","@id":"https:\/\/lepetitseptieme.ca\/en\/#\/schema\/person\/12a0b9476b07b0f9a7cc8a82db87e8af"},"headline":"[Hot Docs] Ghost in the Machine \u2013 Eugenics?","datePublished":"2026-04-30T20:00:00+00:00","mainEntityOfPage":{"@id":"https:\/\/lepetitseptieme.ca\/en\/2026\/04\/30\/hot-docs-ghost-in-the-machine-eugenics\/"},"wordCount":642,"commentCount":0,"publisher":{"@id":"https:\/\/lepetitseptieme.ca\/en\/#organization"},"image":{"@id":"https:\/\/lepetitseptieme.ca\/en\/2026\/04\/30\/hot-docs-ghost-in-the-machine-eugenics\/#primaryimage"},"thumbnailUrl":"https:\/\/lepetitseptieme.ca\/wp-content\/uploads\/2026\/04\/Ghost-in-the-machine-Une.jpg","keywords":["AI","Artificial Intelligence","Hot Docs","Hot Docs 2026","Technology","Valerie Veatch"],"articleSection":["American movies","Documentaries","Festivals coverage"],"inLanguage":"en-US","potentialAction":[{"@type":"CommentAction","name":"Comment","target":["https:\/\/lepetitseptieme.ca\/en\/2026\/04\/30\/hot-docs-ghost-in-the-machine-eugenics\/#respond"]}]},{"@type":"WebPage","@id":"https:\/\/lepetitseptieme.ca\/en\/2026\/04\/30\/hot-docs-ghost-in-the-machine-eugenics\/","url":"https:\/\/lepetitseptieme.ca\/en\/2026\/04\/30\/hot-docs-ghost-in-the-machine-eugenics\/","name":"[Hot Docs] Ghost in the Machine \u2013 Eugenics? - Le petit septi\u00e8me","isPartOf":{"@id":"https:\/\/lepetitseptieme.ca\/en\/#website"},"primaryImageOfPage":{"@id":"https:\/\/lepetitseptieme.ca\/en\/2026\/04\/30\/hot-docs-ghost-in-the-machine-eugenics\/#primaryimage"},"image":{"@id":"https:\/\/lepetitseptieme.ca\/en\/2026\/04\/30\/hot-docs-ghost-in-the-machine-eugenics\/#primaryimage"},"thumbnailUrl":"https:\/\/lepetitseptieme.ca\/wp-content\/uploads\/2026\/04\/Ghost-in-the-machine-Une.jpg","datePublished":"2026-04-30T20:00:00+00:00","description":"With Ghost in the Machine, Valerie Veatch offers an investigative documentary that explores how emerging technologies are redefining identity, culture, and global power.","breadcrumb":{"@id":"https:\/\/lepetitseptieme.ca\/en\/2026\/04\/30\/hot-docs-ghost-in-the-machine-eugenics\/#breadcrumb"},"inLanguage":"en-US","potentialAction":[{"@type":"ReadAction","target":["https:\/\/lepetitseptieme.ca\/en\/2026\/04\/30\/hot-docs-ghost-in-the-machine-eugenics\/"]}]},{"@type":"ImageObject","inLanguage":"en-US","@id":"https:\/\/lepetitseptieme.ca\/en\/2026\/04\/30\/hot-docs-ghost-in-the-machine-eugenics\/#primaryimage","url":"https:\/\/lepetitseptieme.ca\/wp-content\/uploads\/2026\/04\/Ghost-in-the-machine-Une.jpg","contentUrl":"https:\/\/lepetitseptieme.ca\/wp-content\/uploads\/2026\/04\/Ghost-in-the-machine-Une.jpg","width":1920,"height":1080,"caption":"Ghost in the machine - Une"},{"@type":"BreadcrumbList","@id":"https:\/\/lepetitseptieme.ca\/en\/2026\/04\/30\/hot-docs-ghost-in-the-machine-eugenics\/#breadcrumb","itemListElement":[{"@type":"ListItem","position":1,"name":"Home","item":"https:\/\/lepetitseptieme.ca\/en\/"},{"@type":"ListItem","position":2,"name":"[Hot Docs] Ghost in the Machine \u2013 Eugenics?"}]},{"@type":"WebSite","@id":"https:\/\/lepetitseptieme.ca\/en\/#website","url":"https:\/\/lepetitseptieme.ca\/en\/","name":"Le petit septi\u00e8me","description":"Reviews and comments on Quebec, international and author cinema","publisher":{"@id":"https:\/\/lepetitseptieme.ca\/en\/#organization"},"potentialAction":[{"@type":"SearchAction","target":{"@type":"EntryPoint","urlTemplate":"https:\/\/lepetitseptieme.ca\/en\/?s={search_term_string}"},"query-input":{"@type":"PropertyValueSpecification","valueRequired":true,"valueName":"search_term_string"}}],"inLanguage":"en-US"},{"@type":"Organization","@id":"https:\/\/lepetitseptieme.ca\/en\/#organization","name":"Le Petit Septi\u00e8me","url":"https:\/\/lepetitseptieme.ca\/en\/","logo":{"@type":"ImageObject","inLanguage":"en-US","@id":"https:\/\/lepetitseptieme.ca\/en\/#\/schema\/logo\/image\/","url":"https:\/\/lepetitseptieme.ca\/wp-content\/uploads\/2016\/05\/cropped-Logo-Le-Petit-Septi\u00e8me-2016-BW.png","contentUrl":"https:\/\/lepetitseptieme.ca\/wp-content\/uploads\/2016\/05\/cropped-Logo-Le-Petit-Septi\u00e8me-2016-BW.png","width":512,"height":512,"caption":"Le Petit Septi\u00e8me"},"image":{"@id":"https:\/\/lepetitseptieme.ca\/en\/#\/schema\/logo\/image\/"},"sameAs":["https:\/\/www.facebook.com\/pages\/Le-Petit-Septi\u00e8me\/494448933948121?ref=hl","https:\/\/x.com\/LePetitSeptieme","https:\/\/www.youtube.com\/channel\/UC5mdhI_jJvDN1I9fkk5RcIw"]},{"@type":"Person","@id":"https:\/\/lepetitseptieme.ca\/en\/#\/schema\/person\/12a0b9476b07b0f9a7cc8a82db87e8af","name":"Francois Grondin","image":{"@type":"ImageObject","inLanguage":"en-US","@id":"https:\/\/lepetitseptieme.ca\/en\/#\/schema\/person\/image\/","url":"https:\/\/secure.gravatar.com\/avatar\/cbc7d427b20502f8a471e632a3ac28d3200b0a6f80a7e6d8056f088f651d3888?s=96&d=mm&r=r","contentUrl":"https:\/\/secure.gravatar.com\/avatar\/cbc7d427b20502f8a471e632a3ac28d3200b0a6f80a7e6d8056f088f651d3888?s=96&d=mm&r=r","caption":"Francois Grondin"},"description":"Sp\u00e9cialiste en cin\u00e9ma international et en communication num\u00e9rique, cin\u00e9aste, photographe et passionn\u00e9 de cin\u00e9ma italien et japonais. Membre du jury pour le festival FICMAN et le SIFA Festival 2022 et, bien s\u00fbr, fier papa de 2!","sameAs":["https:\/\/lepetitseptieme.ca","https:\/\/www.facebook.com\/FGrondinArt\/","https:\/\/www.linkedin.com\/in\/francois-grondin-05895816\/","https:\/\/x.com\/fgrondin1221"],"url":"https:\/\/lepetitseptieme.ca\/en\/author\/francois\/"}]}},"_links":{"self":[{"href":"https:\/\/lepetitseptieme.ca\/en\/wp-json\/wp\/v2\/posts\/58874","targetHints":{"allow":["GET"]}}],"collection":[{"href":"https:\/\/lepetitseptieme.ca\/en\/wp-json\/wp\/v2\/posts"}],"about":[{"href":"https:\/\/lepetitseptieme.ca\/en\/wp-json\/wp\/v2\/types\/post"}],"author":[{"embeddable":true,"href":"https:\/\/lepetitseptieme.ca\/en\/wp-json\/wp\/v2\/users\/2"}],"replies":[{"embeddable":true,"href":"https:\/\/lepetitseptieme.ca\/en\/wp-json\/wp\/v2\/comments?post=58874"}],"version-history":[{"count":1,"href":"https:\/\/lepetitseptieme.ca\/en\/wp-json\/wp\/v2\/posts\/58874\/revisions"}],"predecessor-version":[{"id":58875,"href":"https:\/\/lepetitseptieme.ca\/en\/wp-json\/wp\/v2\/posts\/58874\/revisions\/58875"}],"wp:featuredmedia":[{"embeddable":true,"href":"https:\/\/lepetitseptieme.ca\/en\/wp-json\/wp\/v2\/media\/58861"}],"wp:attachment":[{"href":"https:\/\/lepetitseptieme.ca\/en\/wp-json\/wp\/v2\/media?parent=58874"}],"wp:term":[{"taxonomy":"category","embeddable":true,"href":"https:\/\/lepetitseptieme.ca\/en\/wp-json\/wp\/v2\/categories?post=58874"},{"taxonomy":"post_tag","embeddable":true,"href":"https:\/\/lepetitseptieme.ca\/en\/wp-json\/wp\/v2\/tags?post=58874"}],"curies":[{"name":"wp","href":"https:\/\/api.w.org\/{rel}","templated":true}]}}