{"id":58870,"date":"2026-04-30T12:00:00","date_gmt":"2026-04-30T16:00:00","guid":{"rendered":"https:\/\/lepetitseptieme.ca\/?p=58870"},"modified":"2026-04-29T11:18:48","modified_gmt":"2026-04-29T15:18:48","slug":"coming-to-mubi-may-2026","status":"publish","type":"post","link":"https:\/\/lepetitseptieme.ca\/en\/2026\/04\/30\/coming-to-mubi-may-2026\/","title":{"rendered":"Coming to Mubi | May 2026"},"content":{"rendered":"\n<p>This May, MUBI presents a curated selection of cinema that spans the globe, from the high-stakes corporate satire of Park Chan-wook\u2019s latest masterwork to the raw, intimate energy of Mitski\u2019s live performances. The lineup also features a deep dive into the rich history of African filmmaking with the African Cinema at Cannes panorama, alongside award-winning new visions from Chile, Morocco, and beyond.&nbsp;<\/p>\n\n\n\n<p>Whether you are looking for legendary concert films or the future of animation, this month offers a front-row seat to the best of international cinema.<\/p>\n\n\n\n<h3 class=\"wp-block-heading\"><strong>New releases<\/strong><\/h3>\n\n\n\n<h4 class=\"wp-block-heading\"><strong>No Other Choice (Comedy, Crime, Drama) \u2013 Streaming exclusively on May 1<\/strong><\/h4>\n\n\n\n<p>Dir. Park Chan-wook, 2025&nbsp;<\/p>\n\n\n\n<figure class=\"wp-block-image aligncenter size-full\"><img loading=\"lazy\" decoding=\"async\" width=\"1800\" height=\"836\" src=\"https:\/\/lepetitseptieme.ca\/wp-content\/uploads\/2026\/04\/No-other-choice-Mubi.jpg\" alt=\"No other choice \" class=\"wp-image-58855\" srcset=\"https:\/\/lepetitseptieme.ca\/wp-content\/uploads\/2026\/04\/No-other-choice-Mubi.jpg 1800w, https:\/\/lepetitseptieme.ca\/wp-content\/uploads\/2026\/04\/No-other-choice-Mubi-300x139.jpg 300w, https:\/\/lepetitseptieme.ca\/wp-content\/uploads\/2026\/04\/No-other-choice-Mubi-1024x476.jpg 1024w, https:\/\/lepetitseptieme.ca\/wp-content\/uploads\/2026\/04\/No-other-choice-Mubi-768x357.jpg 768w, https:\/\/lepetitseptieme.ca\/wp-content\/uploads\/2026\/04\/No-other-choice-Mubi-1536x713.jpg 1536w, https:\/\/lepetitseptieme.ca\/wp-content\/uploads\/2026\/04\/No-other-choice-Mubi-600x279.jpg 600w\" sizes=\"auto, (max-width: 1800px) 100vw, 1800px\" \/><\/figure>\n\n\n\n<p>Looking for a job? When a happy family man is dismissed after twenty-five years of loyal service at a paper company, he finds the perfect solution to land his next role: truly eliminate the competition.&nbsp;<\/p>\n\n\n\n<p><em>No Other Choice<\/em> premiered at the Venice International Film Festival in 2025. The film stars Lee Byung-hun (<em>Inside Men<\/em>, <em>I Saw the Devil<\/em>) and was later nominated at the Golden Globe Awards for Best Motion Picture \u2013 Musical or Comedy, Best Foreign Language Film, and Best Actor for Lee Byung-hun. The film was selected as South Korea\u2019s submission for Best International Feature Film at the Academy Awards\u00ae.<\/p>\n\n\n\n<h4 class=\"wp-block-heading\"><strong>Mitski: The Land (Music, Documentary) \u2013 Streaming exclusively on May 1<\/strong><\/h4>\n\n\n\n<p>Dir. Grant James, 2025&nbsp;<\/p>\n\n\n\n<figure class=\"wp-block-image aligncenter size-full\"><img loading=\"lazy\" decoding=\"async\" width=\"1800\" height=\"1010\" src=\"https:\/\/lepetitseptieme.ca\/wp-content\/uploads\/2026\/04\/Mitski-the-land-Mubi.jpg\" alt=\"Mitski the land Mubi\" class=\"wp-image-58851\" srcset=\"https:\/\/lepetitseptieme.ca\/wp-content\/uploads\/2026\/04\/Mitski-the-land-Mubi.jpg 1800w, https:\/\/lepetitseptieme.ca\/wp-content\/uploads\/2026\/04\/Mitski-the-land-Mubi-300x168.jpg 300w, https:\/\/lepetitseptieme.ca\/wp-content\/uploads\/2026\/04\/Mitski-the-land-Mubi-1024x575.jpg 1024w, https:\/\/lepetitseptieme.ca\/wp-content\/uploads\/2026\/04\/Mitski-the-land-Mubi-768x431.jpg 768w, https:\/\/lepetitseptieme.ca\/wp-content\/uploads\/2026\/04\/Mitski-the-land-Mubi-1536x862.jpg 1536w, https:\/\/lepetitseptieme.ca\/wp-content\/uploads\/2026\/04\/Mitski-the-land-Mubi-600x337.jpg 600w\" sizes=\"auto, (max-width: 1800px) 100vw, 1800px\" \/><\/figure>\n\n\n\n<p>Indie singer-songwriter Mitski takes the stage at Atlanta\u2019s Fox Theater with a seven-piece band. Over the course of three nights in September 2024, their performances blend tracks from her latest album <em>The Land Is Inhospitable and So Are We<\/em> with reimaginings of her earlier work.&nbsp;<\/p>\n\n\n\n<p>Directed by Grant James and mixed by her long-standing producer Patrick Hyland, <em>Mitski: The Land<\/em> preserves the rich, raw aura of having experienced these shows first-hand, whilst offering fans the opportunity to remember together or witness Mitski\u2019s magic for the very first time.<\/p>\n\n\n\n<h4 class=\"wp-block-heading\"><strong>Sir\u00e2t (Drama, Thriller) \u2013 Streaming exclusively on May 15<\/strong><\/h4>\n\n\n\n<p>Dir. Oliver Laxe, 2025&nbsp;<\/p>\n\n\n\n<figure class=\"wp-block-image aligncenter size-full\"><img loading=\"lazy\" decoding=\"async\" width=\"1800\" height=\"1010\" src=\"https:\/\/lepetitseptieme.ca\/wp-content\/uploads\/2026\/04\/Sirat.jpg\" alt=\"Sirat\" class=\"wp-image-58857\" srcset=\"https:\/\/lepetitseptieme.ca\/wp-content\/uploads\/2026\/04\/Sirat.jpg 1800w, https:\/\/lepetitseptieme.ca\/wp-content\/uploads\/2026\/04\/Sirat-300x168.jpg 300w, https:\/\/lepetitseptieme.ca\/wp-content\/uploads\/2026\/04\/Sirat-1024x575.jpg 1024w, https:\/\/lepetitseptieme.ca\/wp-content\/uploads\/2026\/04\/Sirat-768x431.jpg 768w, https:\/\/lepetitseptieme.ca\/wp-content\/uploads\/2026\/04\/Sirat-1536x862.jpg 1536w, https:\/\/lepetitseptieme.ca\/wp-content\/uploads\/2026\/04\/Sirat-600x337.jpg 600w\" sizes=\"auto, (max-width: 1800px) 100vw, 1800px\" \/><\/figure>\n\n\n\n<p>A man and his son arrive at a rave lost in the mountains of Morocco. They are looking for Marina, their daughter and sister, who disappeared months ago at another rave. Driven by fate, they decide to follow a group of ravers in search of one last party, in the hope that Marina will be there.&nbsp;<\/p>\n\n\n\n<p><em>Sir\u00e2t<\/em> won the Jury Prize when it premiered at Cannes in 2025 and was nominated for Best International Feature Film and Best Sound at the 2026 Academy Awards\u00ae.<\/p>\n\n\n\n<h4 class=\"wp-block-heading\"><strong>The Mysterious Gaze of the Flamingo (Drama) \u2013 Streaming exclusively on May 15<\/strong><\/h4>\n\n\n\n<p>Dir. Diego C\u00e9spedes, 2025&nbsp;<\/p>\n\n\n\n<figure class=\"wp-block-image aligncenter size-full\"><img loading=\"lazy\" decoding=\"async\" width=\"1800\" height=\"1010\" src=\"https:\/\/lepetitseptieme.ca\/wp-content\/uploads\/2026\/04\/The-mysterious-gaze-of-the-flamengo-mubi.jpg\" alt=\"The mysterious gaze of the flamengo mubi\" class=\"wp-image-58853\" srcset=\"https:\/\/lepetitseptieme.ca\/wp-content\/uploads\/2026\/04\/The-mysterious-gaze-of-the-flamengo-mubi.jpg 1800w, https:\/\/lepetitseptieme.ca\/wp-content\/uploads\/2026\/04\/The-mysterious-gaze-of-the-flamengo-mubi-300x168.jpg 300w, https:\/\/lepetitseptieme.ca\/wp-content\/uploads\/2026\/04\/The-mysterious-gaze-of-the-flamengo-mubi-1024x575.jpg 1024w, https:\/\/lepetitseptieme.ca\/wp-content\/uploads\/2026\/04\/The-mysterious-gaze-of-the-flamengo-mubi-768x431.jpg 768w, https:\/\/lepetitseptieme.ca\/wp-content\/uploads\/2026\/04\/The-mysterious-gaze-of-the-flamengo-mubi-1536x862.jpg 1536w, https:\/\/lepetitseptieme.ca\/wp-content\/uploads\/2026\/04\/The-mysterious-gaze-of-the-flamengo-mubi-600x337.jpg 600w\" sizes=\"auto, (max-width: 1800px) 100vw, 1800px\" \/><\/figure>\n\n\n\n<p>1982. As an unknown disease begins to spread in a small mining town in the Chilean desert, gay men are accused of transmitting it through their eyes. Eleven-year-old Lidia, the only girl in the community, sets out in search of the truth.&nbsp;<\/p>\n\n\n\n<p><em>The Mysterious Gaze of the Flamingo<\/em> premiered in 2025 at the Cannes Film Festival, and was Chile\u2019s selection for Best International Feature Film at the 2025 Academy Awards\u00ae.<\/p>\n\n\n\n<h4 class=\"wp-block-heading\"><strong>Arco (Animation, Adventure, Sci-Fi) \u2013 Streaming exclusively on May 22<\/strong><\/h4>\n\n\n\n<p>Dir. Ugo Bienvenu, 2025&nbsp;<\/p>\n\n\n\n<p>In 2075, Iris, a 10-year-old girl, sees a mysterious boy in a rainbow suit fall from the sky. It\u2019s Arco. Iris will take him in and help him by any means possible to get home.&nbsp;<\/p>\n\n\n\n<p><em>Arco<\/em> premiered at the Cannes Film Festival in 2025 before being nominated for Best Animated Feature at the Academy Awards\u00ae. The voice cast for the film\u2019s English dub features Mark Ruffalo, Will Ferrell, Andy Samberg and Natalie Portman.<\/p>\n\n\n\n<h3 class=\"wp-block-heading\"><strong>Classics arriving on the platform<\/strong><\/h3>\n\n\n\n<h4 class=\"wp-block-heading\"><strong>The Last Waltz (Documentary, Music) \u2013 Streaming on May 1<\/strong><\/h4>\n\n\n\n<p>Dir. Martin Scorsese, 1978&nbsp;<\/p>\n\n\n\n<p>On Thanksgiving 1976, Canadian rock band The Band played its farewell concert at San Francisco\u2019s Winterland Ballroom. They are joined by Bob Dylan, Joni Mitchell, Van Morrison, the Staple Singers, Muddy Waters, and Neil Young for a landmark night of rock and roll performances.&nbsp;<\/p>\n\n\n\n<p><em>The Last Waltz<\/em> was featured on The New York Times\u2019 <em>Best 1000 Films Ever Made<\/em>, and was added to the National Film Registry in 2019.<\/p>\n\n\n\n<h3 class=\"wp-block-heading\"><strong>AFRICAN CINEMA AT CANNES: A PANORAMA<\/strong><\/h3>\n\n\n\n<p>This collection traces the presence of African filmmaking at the Croisette, bringing together landmark works from North and Sub-Saharan Africa that premiered at the festival. Spanning the 1960s to the present, the collection highlights a rich and varied cinematic history and charts a lineage of political urgency, formal innovation, and enduring cultural impact.<\/p>\n\n\n\n<figure class=\"wp-block-image aligncenter size-full\"><img loading=\"lazy\" decoding=\"async\" width=\"1800\" height=\"977\" src=\"https:\/\/lepetitseptieme.ca\/wp-content\/uploads\/2026\/04\/African-cinema-mubi.jpg\" alt=\"African cinema on mubi\" class=\"wp-image-58859\" srcset=\"https:\/\/lepetitseptieme.ca\/wp-content\/uploads\/2026\/04\/African-cinema-mubi.jpg 1800w, https:\/\/lepetitseptieme.ca\/wp-content\/uploads\/2026\/04\/African-cinema-mubi-300x163.jpg 300w, https:\/\/lepetitseptieme.ca\/wp-content\/uploads\/2026\/04\/African-cinema-mubi-1024x556.jpg 1024w, https:\/\/lepetitseptieme.ca\/wp-content\/uploads\/2026\/04\/African-cinema-mubi-768x417.jpg 768w, https:\/\/lepetitseptieme.ca\/wp-content\/uploads\/2026\/04\/African-cinema-mubi-1536x834.jpg 1536w, https:\/\/lepetitseptieme.ca\/wp-content\/uploads\/2026\/04\/African-cinema-mubi-600x326.jpg 600w\" sizes=\"auto, (max-width: 1800px) 100vw, 1800px\" \/><\/figure>\n\n\n\n<h4 class=\"wp-block-heading\"><strong>Abouna (Drama) \u2013 Streaming on May 8<\/strong><\/h4>\n\n\n\n<p>Dir. Mahamat-Saleh Haroun, 2002&nbsp;<\/p>\n\n\n\n<p>Tahir and Amine, who live in N\u2019djamena, wake up one morning to learn that their father has left home. The brothers go looking for him and end up hanging about and going to the movies. At the cinema, they see their father on the big screen and decide to steal the reel as a memory of their absent dad.<\/p>\n\n\n\n<h4 class=\"wp-block-heading\"><strong>Monangambeee (Drama) \u2013 Streaming on May 8<\/strong><\/h4>\n\n\n\n<p>Dir. Sarah Maldoror, 1968&nbsp;<\/p>\n\n\n\n<p>In a Portuguese colonial prison in Angola, a woman visits her husband, who has been arrested for his suspected involvement in a revolutionary uprising. Their tender reunion angers the jailers, who inflict increasingly brutal abuse on the prisoners due to a linguistic and cultural misunderstanding.<\/p>\n\n\n\n<h4 class=\"wp-block-heading\"><strong>Rafiki (Drama, Romance, LGBTQ+) \u2013 Streaming on May 12<\/strong><\/h4>\n\n\n\n<p>Dir. Wanuri Kahiu, 2018&nbsp;<\/p>\n\n\n\n<p>In Nairobi, Kenya, Kena and Ziki long for a life beyond their circumstances. Despite the political rivalry between their families, the two girls support each other in pursuing their dreams within a conservative society. But Kena and Ziki face a difficult choice when love blossoms between them.&nbsp;<\/p>\n\n\n\n<h4 class=\"wp-block-heading\"><strong>A Screaming Man (Drama) \u2013 Streaming on May 12<\/strong><\/h4>\n\n\n\n<p>Dir. Mahamat-Saleh Haroun, 2010&nbsp;<\/p>\n\n\n\n<p>Adam Ousmane is a pool attendant at a local resort. When the new managers decide to downsize, Adam loses his job to his own son, Abdel. Shattered by the turn of events, Adam is pressured into contributing to the Chadian war effort. With no money to speak of, the only asset he can donate is his son.&nbsp;<\/p>\n","protected":false},"excerpt":{"rendered":"<p>This May, MUBI presents a curated selection of cinema that spans the globe, from the high-stakes corporate satire of Park Chan-wook\u2019s latest masterwork to the raw, intimate energy of Mitski\u2019s live performances. The lineup also features a deep dive into the rich history of African filmmaking with the African Cinema at Cannes panorama, alongside award-winning [&hellip;]<\/p>\n","protected":false},"author":2,"featured_media":58849,"comment_status":"open","ping_status":"open","sticky":false,"template":"","format":"standard","meta":{"_acf_changed":false,"site-sidebar-layout":"default","site-content-layout":"","ast-site-content-layout":"default","site-content-style":"default","site-sidebar-style":"default","ast-global-header-display":"","ast-banner-title-visibility":"","ast-main-header-display":"","ast-hfb-above-header-display":"","ast-hfb-below-header-display":"","ast-hfb-mobile-header-display":"","site-post-title":"","ast-breadcrumbs-content":"","ast-featured-img":"","footer-sml-layout":"","ast-disable-related-posts":"","theme-transparent-header-meta":"","adv-header-id-meta":"","stick-header-meta":"","header-above-stick-meta":"","header-main-stick-meta":"","header-below-stick-meta":"","astra-migrate-meta-layouts":"set","ast-page-background-enabled":"default","ast-page-background-meta":{"desktop":{"background-color":"var(--ast-global-color-4)","background-image":"","background-repeat":"repeat","background-position":"center center","background-size":"auto","background-attachment":"scroll","background-type":"","background-media":"","overlay-type":"","overlay-color":"","overlay-opacity":"","overlay-gradient":""},"tablet":{"background-color":"","background-image":"","background-repeat":"repeat","background-position":"center center","background-size":"auto","background-attachment":"scroll","background-type":"","background-media":"","overlay-type":"","overlay-color":"","overlay-opacity":"","overlay-gradient":""},"mobile":{"background-color":"","background-image":"","background-repeat":"repeat","background-position":"center center","background-size":"auto","background-attachment":"scroll","background-type":"","background-media":"","overlay-type":"","overlay-color":"","overlay-opacity":"","overlay-gradient":""}},"ast-content-background-meta":{"desktop":{"background-color":"var(--ast-global-color-5)","background-image":"","background-repeat":"repeat","background-position":"center center","background-size":"auto","background-attachment":"scroll","background-type":"","background-media":"","overlay-type":"","overlay-color":"","overlay-opacity":"","overlay-gradient":""},"tablet":{"background-color":"var(--ast-global-color-5)","background-image":"","background-repeat":"repeat","background-position":"center center","background-size":"auto","background-attachment":"scroll","background-type":"","background-media":"","overlay-type":"","overlay-color":"","overlay-opacity":"","overlay-gradient":""},"mobile":{"background-color":"var(--ast-global-color-5)","background-image":"","background-repeat":"repeat","background-position":"center center","background-size":"auto","background-attachment":"scroll","background-type":"","background-media":"","overlay-type":"","overlay-color":"","overlay-opacity":"","overlay-gradient":""}},"footnotes":""},"categories":[5162],"tags":[28077,21791],"class_list":["post-58870","post","type-post","status-publish","format-standard","has-post-thumbnail","hentry","category-news","tag-mubi","tag-streaming-2"],"acf":[],"yoast_head":"<!-- This site is optimized with the Yoast SEO plugin v27.1.1 - https:\/\/yoast.com\/product\/yoast-seo-wordpress\/ -->\n<title>Coming to Mubi | May 2026 - Le petit septi\u00e8me<\/title>\n<meta name=\"description\" content=\"Discover the best of international cinema on MUBI this May. From Park Chan-wook\u2019s latest thriller to a stunning panorama of African films and Mitski\u2019s live performance, explore our curated selection of award-winning releases and hidden gems.\" \/>\n<meta name=\"robots\" content=\"index, follow, max-snippet:-1, max-image-preview:large, max-video-preview:-1\" \/>\n<link rel=\"canonical\" href=\"https:\/\/lepetitseptieme.ca\/en\/2026\/04\/30\/coming-to-mubi-may-2026\/\" \/>\n<meta property=\"og:locale\" content=\"en_US\" \/>\n<meta property=\"og:type\" content=\"article\" \/>\n<meta property=\"og:title\" content=\"Coming to Mubi | May 2026\" \/>\n<meta property=\"og:description\" content=\"Discover the best of international cinema on MUBI this May. From Park Chan-wook\u2019s latest thriller to a stunning panorama of African films and Mitski\u2019s live performance, explore our curated selection of award-winning releases and hidden gems.\" \/>\n<meta property=\"og:url\" content=\"https:\/\/lepetitseptieme.ca\/en\/2026\/04\/30\/coming-to-mubi-may-2026\/\" \/>\n<meta property=\"og:site_name\" content=\"Le petit septi\u00e8me\" \/>\n<meta property=\"article:publisher\" content=\"https:\/\/www.facebook.com\/pages\/Le-Petit-Septi%c3%a8me\/494448933948121?ref=hl\" \/>\n<meta property=\"article:author\" content=\"https:\/\/www.facebook.com\/FGrondinArt\/\" \/>\n<meta property=\"article:published_time\" content=\"2026-04-30T16:00:00+00:00\" \/>\n<meta property=\"og:image\" content=\"https:\/\/lepetitseptieme.ca\/wp-content\/uploads\/2026\/04\/Nouveautes-Mubi-Mai-2026-Une.jpg\" \/>\n\t<meta property=\"og:image:width\" content=\"1920\" \/>\n\t<meta property=\"og:image:height\" content=\"1080\" \/>\n\t<meta property=\"og:image:type\" content=\"image\/jpeg\" \/>\n<meta name=\"author\" content=\"Francois Grondin\" \/>\n<meta name=\"twitter:card\" content=\"summary_large_image\" \/>\n<meta name=\"twitter:title\" content=\"Coming to Mubi | May 2026\" \/>\n<meta name=\"twitter:description\" content=\"Discover the best of international cinema on MUBI this May. From Park Chan-wook\u2019s latest thriller to a stunning panorama of African films and Mitski\u2019s live performance, explore our curated selection of award-winning releases and hidden gems.\" \/>\n<meta name=\"twitter:image\" content=\"https:\/\/lepetitseptieme.ca\/wp-content\/uploads\/2026\/04\/Nouveautes-Mubi-Mai-2026-Une.jpg\" \/>\n<meta name=\"twitter:creator\" content=\"@fgrondin1221\" \/>\n<meta name=\"twitter:site\" content=\"@LePetitSeptieme\" \/>\n<meta name=\"twitter:label1\" content=\"Written by\" \/>\n\t<meta name=\"twitter:data1\" content=\"Francois Grondin\" \/>\n\t<meta name=\"twitter:label2\" content=\"Est. reading time\" \/>\n\t<meta name=\"twitter:data2\" content=\"7 minutes\" \/>\n<script type=\"application\/ld+json\" class=\"yoast-schema-graph\">{\"@context\":\"https:\/\/schema.org\",\"@graph\":[{\"@type\":\"Article\",\"@id\":\"https:\/\/lepetitseptieme.ca\/en\/2026\/04\/30\/coming-to-mubi-may-2026\/#article\",\"isPartOf\":{\"@id\":\"https:\/\/lepetitseptieme.ca\/en\/2026\/04\/30\/coming-to-mubi-may-2026\/\"},\"author\":{\"name\":\"Francois Grondin\",\"@id\":\"https:\/\/lepetitseptieme.ca\/en\/#\/schema\/person\/12a0b9476b07b0f9a7cc8a82db87e8af\"},\"headline\":\"Coming to Mubi | May 2026\",\"datePublished\":\"2026-04-30T16:00:00+00:00\",\"mainEntityOfPage\":{\"@id\":\"https:\/\/lepetitseptieme.ca\/en\/2026\/04\/30\/coming-to-mubi-may-2026\/\"},\"wordCount\":977,\"commentCount\":0,\"publisher\":{\"@id\":\"https:\/\/lepetitseptieme.ca\/en\/#organization\"},\"image\":{\"@id\":\"https:\/\/lepetitseptieme.ca\/en\/2026\/04\/30\/coming-to-mubi-may-2026\/#primaryimage\"},\"thumbnailUrl\":\"https:\/\/lepetitseptieme.ca\/wp-content\/uploads\/2026\/04\/Nouveautes-Mubi-Mai-2026-Une.jpg\",\"keywords\":[\"MUBI\",\"Streaming\"],\"articleSection\":[\"News\"],\"inLanguage\":\"en-US\",\"potentialAction\":[{\"@type\":\"CommentAction\",\"name\":\"Comment\",\"target\":[\"https:\/\/lepetitseptieme.ca\/en\/2026\/04\/30\/coming-to-mubi-may-2026\/#respond\"]}]},{\"@type\":\"WebPage\",\"@id\":\"https:\/\/lepetitseptieme.ca\/en\/2026\/04\/30\/coming-to-mubi-may-2026\/\",\"url\":\"https:\/\/lepetitseptieme.ca\/en\/2026\/04\/30\/coming-to-mubi-may-2026\/\",\"name\":\"Coming to Mubi | May 2026 - Le petit septi\u00e8me\",\"isPartOf\":{\"@id\":\"https:\/\/lepetitseptieme.ca\/en\/#website\"},\"primaryImageOfPage\":{\"@id\":\"https:\/\/lepetitseptieme.ca\/en\/2026\/04\/30\/coming-to-mubi-may-2026\/#primaryimage\"},\"image\":{\"@id\":\"https:\/\/lepetitseptieme.ca\/en\/2026\/04\/30\/coming-to-mubi-may-2026\/#primaryimage\"},\"thumbnailUrl\":\"https:\/\/lepetitseptieme.ca\/wp-content\/uploads\/2026\/04\/Nouveautes-Mubi-Mai-2026-Une.jpg\",\"datePublished\":\"2026-04-30T16:00:00+00:00\",\"description\":\"Discover the best of international cinema on MUBI this May. From Park Chan-wook\u2019s latest thriller to a stunning panorama of African films and Mitski\u2019s live performance, explore our curated selection of award-winning releases and hidden gems.\",\"breadcrumb\":{\"@id\":\"https:\/\/lepetitseptieme.ca\/en\/2026\/04\/30\/coming-to-mubi-may-2026\/#breadcrumb\"},\"inLanguage\":\"en-US\",\"potentialAction\":[{\"@type\":\"ReadAction\",\"target\":[\"https:\/\/lepetitseptieme.ca\/en\/2026\/04\/30\/coming-to-mubi-may-2026\/\"]}]},{\"@type\":\"ImageObject\",\"inLanguage\":\"en-US\",\"@id\":\"https:\/\/lepetitseptieme.ca\/en\/2026\/04\/30\/coming-to-mubi-may-2026\/#primaryimage\",\"url\":\"https:\/\/lepetitseptieme.ca\/wp-content\/uploads\/2026\/04\/Nouveautes-Mubi-Mai-2026-Une.jpg\",\"contentUrl\":\"https:\/\/lepetitseptieme.ca\/wp-content\/uploads\/2026\/04\/Nouveautes-Mubi-Mai-2026-Une.jpg\",\"width\":1920,\"height\":1080,\"caption\":\"Nouveaut\u00e9s Mubi Mai 2026 - Une\"},{\"@type\":\"BreadcrumbList\",\"@id\":\"https:\/\/lepetitseptieme.ca\/en\/2026\/04\/30\/coming-to-mubi-may-2026\/#breadcrumb\",\"itemListElement\":[{\"@type\":\"ListItem\",\"position\":1,\"name\":\"Home\",\"item\":\"https:\/\/lepetitseptieme.ca\/en\/\"},{\"@type\":\"ListItem\",\"position\":2,\"name\":\"Coming to Mubi | May 2026\"}]},{\"@type\":\"WebSite\",\"@id\":\"https:\/\/lepetitseptieme.ca\/en\/#website\",\"url\":\"https:\/\/lepetitseptieme.ca\/en\/\",\"name\":\"Le petit septi\u00e8me\",\"description\":\"Reviews and comments on Quebec, international and author cinema\",\"publisher\":{\"@id\":\"https:\/\/lepetitseptieme.ca\/en\/#organization\"},\"potentialAction\":[{\"@type\":\"SearchAction\",\"target\":{\"@type\":\"EntryPoint\",\"urlTemplate\":\"https:\/\/lepetitseptieme.ca\/en\/?s={search_term_string}\"},\"query-input\":{\"@type\":\"PropertyValueSpecification\",\"valueRequired\":true,\"valueName\":\"search_term_string\"}}],\"inLanguage\":\"en-US\"},{\"@type\":\"Organization\",\"@id\":\"https:\/\/lepetitseptieme.ca\/en\/#organization\",\"name\":\"Le Petit Septi\u00e8me\",\"url\":\"https:\/\/lepetitseptieme.ca\/en\/\",\"logo\":{\"@type\":\"ImageObject\",\"inLanguage\":\"en-US\",\"@id\":\"https:\/\/lepetitseptieme.ca\/en\/#\/schema\/logo\/image\/\",\"url\":\"https:\/\/lepetitseptieme.ca\/wp-content\/uploads\/2016\/05\/cropped-Logo-Le-Petit-Septi\u00e8me-2016-BW.png\",\"contentUrl\":\"https:\/\/lepetitseptieme.ca\/wp-content\/uploads\/2016\/05\/cropped-Logo-Le-Petit-Septi\u00e8me-2016-BW.png\",\"width\":512,\"height\":512,\"caption\":\"Le Petit Septi\u00e8me\"},\"image\":{\"@id\":\"https:\/\/lepetitseptieme.ca\/en\/#\/schema\/logo\/image\/\"},\"sameAs\":[\"https:\/\/www.facebook.com\/pages\/Le-Petit-Septi\u00e8me\/494448933948121?ref=hl\",\"https:\/\/x.com\/LePetitSeptieme\",\"https:\/\/www.youtube.com\/channel\/UC5mdhI_jJvDN1I9fkk5RcIw\"]},{\"@type\":\"Person\",\"@id\":\"https:\/\/lepetitseptieme.ca\/en\/#\/schema\/person\/12a0b9476b07b0f9a7cc8a82db87e8af\",\"name\":\"Francois Grondin\",\"image\":{\"@type\":\"ImageObject\",\"inLanguage\":\"en-US\",\"@id\":\"https:\/\/lepetitseptieme.ca\/en\/#\/schema\/person\/image\/\",\"url\":\"https:\/\/secure.gravatar.com\/avatar\/cbc7d427b20502f8a471e632a3ac28d3200b0a6f80a7e6d8056f088f651d3888?s=96&d=mm&r=r\",\"contentUrl\":\"https:\/\/secure.gravatar.com\/avatar\/cbc7d427b20502f8a471e632a3ac28d3200b0a6f80a7e6d8056f088f651d3888?s=96&d=mm&r=r\",\"caption\":\"Francois Grondin\"},\"description\":\"Sp\u00e9cialiste en cin\u00e9ma international et en communication num\u00e9rique, cin\u00e9aste, photographe et passionn\u00e9 de cin\u00e9ma italien et japonais. Membre du jury pour le festival FICMAN et le SIFA Festival 2022 et, bien s\u00fbr, fier papa de 2!\",\"sameAs\":[\"https:\/\/lepetitseptieme.ca\",\"https:\/\/www.facebook.com\/FGrondinArt\/\",\"https:\/\/www.linkedin.com\/in\/francois-grondin-05895816\/\",\"https:\/\/x.com\/fgrondin1221\"],\"url\":\"https:\/\/lepetitseptieme.ca\/en\/author\/francois\/\"}]}<\/script>\n<!-- \/ Yoast SEO plugin. -->","yoast_head_json":{"title":"Coming to Mubi | May 2026 - Le petit septi\u00e8me","description":"Discover the best of international cinema on MUBI this May. From Park Chan-wook\u2019s latest thriller to a stunning panorama of African films and Mitski\u2019s live performance, explore our curated selection of award-winning releases and hidden gems.","robots":{"index":"index","follow":"follow","max-snippet":"max-snippet:-1","max-image-preview":"max-image-preview:large","max-video-preview":"max-video-preview:-1"},"canonical":"https:\/\/lepetitseptieme.ca\/en\/2026\/04\/30\/coming-to-mubi-may-2026\/","og_locale":"en_US","og_type":"article","og_title":"Coming to Mubi | May 2026","og_description":"Discover the best of international cinema on MUBI this May. From Park Chan-wook\u2019s latest thriller to a stunning panorama of African films and Mitski\u2019s live performance, explore our curated selection of award-winning releases and hidden gems.","og_url":"https:\/\/lepetitseptieme.ca\/en\/2026\/04\/30\/coming-to-mubi-may-2026\/","og_site_name":"Le petit septi\u00e8me","article_publisher":"https:\/\/www.facebook.com\/pages\/Le-Petit-Septi%c3%a8me\/494448933948121?ref=hl","article_author":"https:\/\/www.facebook.com\/FGrondinArt\/","article_published_time":"2026-04-30T16:00:00+00:00","og_image":[{"width":1920,"height":1080,"url":"https:\/\/lepetitseptieme.ca\/wp-content\/uploads\/2026\/04\/Nouveautes-Mubi-Mai-2026-Une.jpg","type":"image\/jpeg"}],"author":"Francois Grondin","twitter_card":"summary_large_image","twitter_title":"Coming to Mubi | May 2026","twitter_description":"Discover the best of international cinema on MUBI this May. From Park Chan-wook\u2019s latest thriller to a stunning panorama of African films and Mitski\u2019s live performance, explore our curated selection of award-winning releases and hidden gems.","twitter_image":"https:\/\/lepetitseptieme.ca\/wp-content\/uploads\/2026\/04\/Nouveautes-Mubi-Mai-2026-Une.jpg","twitter_creator":"@fgrondin1221","twitter_site":"@LePetitSeptieme","twitter_misc":{"Written by":"Francois Grondin","Est. reading time":"7 minutes"},"schema":{"@context":"https:\/\/schema.org","@graph":[{"@type":"Article","@id":"https:\/\/lepetitseptieme.ca\/en\/2026\/04\/30\/coming-to-mubi-may-2026\/#article","isPartOf":{"@id":"https:\/\/lepetitseptieme.ca\/en\/2026\/04\/30\/coming-to-mubi-may-2026\/"},"author":{"name":"Francois Grondin","@id":"https:\/\/lepetitseptieme.ca\/en\/#\/schema\/person\/12a0b9476b07b0f9a7cc8a82db87e8af"},"headline":"Coming to Mubi | May 2026","datePublished":"2026-04-30T16:00:00+00:00","mainEntityOfPage":{"@id":"https:\/\/lepetitseptieme.ca\/en\/2026\/04\/30\/coming-to-mubi-may-2026\/"},"wordCount":977,"commentCount":0,"publisher":{"@id":"https:\/\/lepetitseptieme.ca\/en\/#organization"},"image":{"@id":"https:\/\/lepetitseptieme.ca\/en\/2026\/04\/30\/coming-to-mubi-may-2026\/#primaryimage"},"thumbnailUrl":"https:\/\/lepetitseptieme.ca\/wp-content\/uploads\/2026\/04\/Nouveautes-Mubi-Mai-2026-Une.jpg","keywords":["MUBI","Streaming"],"articleSection":["News"],"inLanguage":"en-US","potentialAction":[{"@type":"CommentAction","name":"Comment","target":["https:\/\/lepetitseptieme.ca\/en\/2026\/04\/30\/coming-to-mubi-may-2026\/#respond"]}]},{"@type":"WebPage","@id":"https:\/\/lepetitseptieme.ca\/en\/2026\/04\/30\/coming-to-mubi-may-2026\/","url":"https:\/\/lepetitseptieme.ca\/en\/2026\/04\/30\/coming-to-mubi-may-2026\/","name":"Coming to Mubi | May 2026 - Le petit septi\u00e8me","isPartOf":{"@id":"https:\/\/lepetitseptieme.ca\/en\/#website"},"primaryImageOfPage":{"@id":"https:\/\/lepetitseptieme.ca\/en\/2026\/04\/30\/coming-to-mubi-may-2026\/#primaryimage"},"image":{"@id":"https:\/\/lepetitseptieme.ca\/en\/2026\/04\/30\/coming-to-mubi-may-2026\/#primaryimage"},"thumbnailUrl":"https:\/\/lepetitseptieme.ca\/wp-content\/uploads\/2026\/04\/Nouveautes-Mubi-Mai-2026-Une.jpg","datePublished":"2026-04-30T16:00:00+00:00","description":"Discover the best of international cinema on MUBI this May. From Park Chan-wook\u2019s latest thriller to a stunning panorama of African films and Mitski\u2019s live performance, explore our curated selection of award-winning releases and hidden gems.","breadcrumb":{"@id":"https:\/\/lepetitseptieme.ca\/en\/2026\/04\/30\/coming-to-mubi-may-2026\/#breadcrumb"},"inLanguage":"en-US","potentialAction":[{"@type":"ReadAction","target":["https:\/\/lepetitseptieme.ca\/en\/2026\/04\/30\/coming-to-mubi-may-2026\/"]}]},{"@type":"ImageObject","inLanguage":"en-US","@id":"https:\/\/lepetitseptieme.ca\/en\/2026\/04\/30\/coming-to-mubi-may-2026\/#primaryimage","url":"https:\/\/lepetitseptieme.ca\/wp-content\/uploads\/2026\/04\/Nouveautes-Mubi-Mai-2026-Une.jpg","contentUrl":"https:\/\/lepetitseptieme.ca\/wp-content\/uploads\/2026\/04\/Nouveautes-Mubi-Mai-2026-Une.jpg","width":1920,"height":1080,"caption":"Nouveaut\u00e9s Mubi Mai 2026 - Une"},{"@type":"BreadcrumbList","@id":"https:\/\/lepetitseptieme.ca\/en\/2026\/04\/30\/coming-to-mubi-may-2026\/#breadcrumb","itemListElement":[{"@type":"ListItem","position":1,"name":"Home","item":"https:\/\/lepetitseptieme.ca\/en\/"},{"@type":"ListItem","position":2,"name":"Coming to Mubi | May 2026"}]},{"@type":"WebSite","@id":"https:\/\/lepetitseptieme.ca\/en\/#website","url":"https:\/\/lepetitseptieme.ca\/en\/","name":"Le petit septi\u00e8me","description":"Reviews and comments on Quebec, international and author cinema","publisher":{"@id":"https:\/\/lepetitseptieme.ca\/en\/#organization"},"potentialAction":[{"@type":"SearchAction","target":{"@type":"EntryPoint","urlTemplate":"https:\/\/lepetitseptieme.ca\/en\/?s={search_term_string}"},"query-input":{"@type":"PropertyValueSpecification","valueRequired":true,"valueName":"search_term_string"}}],"inLanguage":"en-US"},{"@type":"Organization","@id":"https:\/\/lepetitseptieme.ca\/en\/#organization","name":"Le Petit Septi\u00e8me","url":"https:\/\/lepetitseptieme.ca\/en\/","logo":{"@type":"ImageObject","inLanguage":"en-US","@id":"https:\/\/lepetitseptieme.ca\/en\/#\/schema\/logo\/image\/","url":"https:\/\/lepetitseptieme.ca\/wp-content\/uploads\/2016\/05\/cropped-Logo-Le-Petit-Septi\u00e8me-2016-BW.png","contentUrl":"https:\/\/lepetitseptieme.ca\/wp-content\/uploads\/2016\/05\/cropped-Logo-Le-Petit-Septi\u00e8me-2016-BW.png","width":512,"height":512,"caption":"Le Petit Septi\u00e8me"},"image":{"@id":"https:\/\/lepetitseptieme.ca\/en\/#\/schema\/logo\/image\/"},"sameAs":["https:\/\/www.facebook.com\/pages\/Le-Petit-Septi\u00e8me\/494448933948121?ref=hl","https:\/\/x.com\/LePetitSeptieme","https:\/\/www.youtube.com\/channel\/UC5mdhI_jJvDN1I9fkk5RcIw"]},{"@type":"Person","@id":"https:\/\/lepetitseptieme.ca\/en\/#\/schema\/person\/12a0b9476b07b0f9a7cc8a82db87e8af","name":"Francois Grondin","image":{"@type":"ImageObject","inLanguage":"en-US","@id":"https:\/\/lepetitseptieme.ca\/en\/#\/schema\/person\/image\/","url":"https:\/\/secure.gravatar.com\/avatar\/cbc7d427b20502f8a471e632a3ac28d3200b0a6f80a7e6d8056f088f651d3888?s=96&d=mm&r=r","contentUrl":"https:\/\/secure.gravatar.com\/avatar\/cbc7d427b20502f8a471e632a3ac28d3200b0a6f80a7e6d8056f088f651d3888?s=96&d=mm&r=r","caption":"Francois Grondin"},"description":"Sp\u00e9cialiste en cin\u00e9ma international et en communication num\u00e9rique, cin\u00e9aste, photographe et passionn\u00e9 de cin\u00e9ma italien et japonais. Membre du jury pour le festival FICMAN et le SIFA Festival 2022 et, bien s\u00fbr, fier papa de 2!","sameAs":["https:\/\/lepetitseptieme.ca","https:\/\/www.facebook.com\/FGrondinArt\/","https:\/\/www.linkedin.com\/in\/francois-grondin-05895816\/","https:\/\/x.com\/fgrondin1221"],"url":"https:\/\/lepetitseptieme.ca\/en\/author\/francois\/"}]}},"_links":{"self":[{"href":"https:\/\/lepetitseptieme.ca\/en\/wp-json\/wp\/v2\/posts\/58870","targetHints":{"allow":["GET"]}}],"collection":[{"href":"https:\/\/lepetitseptieme.ca\/en\/wp-json\/wp\/v2\/posts"}],"about":[{"href":"https:\/\/lepetitseptieme.ca\/en\/wp-json\/wp\/v2\/types\/post"}],"author":[{"embeddable":true,"href":"https:\/\/lepetitseptieme.ca\/en\/wp-json\/wp\/v2\/users\/2"}],"replies":[{"embeddable":true,"href":"https:\/\/lepetitseptieme.ca\/en\/wp-json\/wp\/v2\/comments?post=58870"}],"version-history":[{"count":1,"href":"https:\/\/lepetitseptieme.ca\/en\/wp-json\/wp\/v2\/posts\/58870\/revisions"}],"predecessor-version":[{"id":58871,"href":"https:\/\/lepetitseptieme.ca\/en\/wp-json\/wp\/v2\/posts\/58870\/revisions\/58871"}],"wp:featuredmedia":[{"embeddable":true,"href":"https:\/\/lepetitseptieme.ca\/en\/wp-json\/wp\/v2\/media\/58849"}],"wp:attachment":[{"href":"https:\/\/lepetitseptieme.ca\/en\/wp-json\/wp\/v2\/media?parent=58870"}],"wp:term":[{"taxonomy":"category","embeddable":true,"href":"https:\/\/lepetitseptieme.ca\/en\/wp-json\/wp\/v2\/categories?post=58870"},{"taxonomy":"post_tag","embeddable":true,"href":"https:\/\/lepetitseptieme.ca\/en\/wp-json\/wp\/v2\/tags?post=58870"}],"curies":[{"name":"wp","href":"https:\/\/api.w.org\/{rel}","templated":true}]}}