{"id":57083,"date":"2026-01-06T10:50:00","date_gmt":"2026-01-06T15:50:00","guid":{"rendered":"https:\/\/lepetitseptieme.ca\/?p=57083"},"modified":"2026-01-06T10:38:27","modified_gmt":"2026-01-06T15:38:27","slug":"the-girl-who-cried-pearls-nominated-for-annie-asifa-hollywood-awards","status":"publish","type":"post","link":"https:\/\/lepetitseptieme.ca\/en\/2026\/01\/06\/the-girl-who-cried-pearls-nominated-for-annie-asifa-hollywood-awards\/","title":{"rendered":"The Girl Who Cried Pearls nominated for Annie-ASIFA-Hollywood Awards"},"content":{"rendered":"\n<p>The animated short film <em>The Girl Who Cried Pearls<\/em> (<em>La jeune fille qui pleurait des perles<\/em>), directed by Chris Lavis and Maciek Szczerbowski for the National Film Board of Canada, is in the running for an award in the \u201cBest Animated Short Subject\u201d category for the Annie Awards in Hollywood.<\/p>\n\n\n\n<p>This is the latest tribute to this stop-motion animation fable, among the 15 films on the shortlist for the \u201cBest Animated Short Film\u201d category for the Oscars.<\/p>\n\n\n\n<p>The Montreal duo first captured the world\u2019s attention with the NFB short <em>Madame Tutli-Putli<\/em>, which won 45 awards and distinctions, including an Oscar nomination for \u201cBest Animated Short\u201d in 2007.<\/p>\n\n\n\n<figure class=\"wp-block-image aligncenter size-full\"><img loading=\"lazy\" decoding=\"async\" width=\"1800\" height=\"1350\" src=\"https:\/\/lepetitseptieme.ca\/wp-content\/uploads\/2026\/01\/La-jeune-fille-qui-pleurait-des-perles-aux-ASIFA-Credit-Clyde-Henry.jpeg\" alt=\"La jeune fille qui pleurait des perles aux ASIFA - Credit - Clyde Henry\" class=\"wp-image-57074\" srcset=\"https:\/\/lepetitseptieme.ca\/wp-content\/uploads\/2026\/01\/La-jeune-fille-qui-pleurait-des-perles-aux-ASIFA-Credit-Clyde-Henry.jpeg 1800w, https:\/\/lepetitseptieme.ca\/wp-content\/uploads\/2026\/01\/La-jeune-fille-qui-pleurait-des-perles-aux-ASIFA-Credit-Clyde-Henry-300x225.jpeg 300w, https:\/\/lepetitseptieme.ca\/wp-content\/uploads\/2026\/01\/La-jeune-fille-qui-pleurait-des-perles-aux-ASIFA-Credit-Clyde-Henry-1024x768.jpeg 1024w, https:\/\/lepetitseptieme.ca\/wp-content\/uploads\/2026\/01\/La-jeune-fille-qui-pleurait-des-perles-aux-ASIFA-Credit-Clyde-Henry-768x576.jpeg 768w, https:\/\/lepetitseptieme.ca\/wp-content\/uploads\/2026\/01\/La-jeune-fille-qui-pleurait-des-perles-aux-ASIFA-Credit-Clyde-Henry-1536x1152.jpeg 1536w, https:\/\/lepetitseptieme.ca\/wp-content\/uploads\/2026\/01\/La-jeune-fille-qui-pleurait-des-perles-aux-ASIFA-Credit-Clyde-Henry-600x450.jpeg 600w\" sizes=\"auto, (max-width: 1800px) 100vw, 1800px\" \/><figcaption class=\"wp-element-caption\"><em>Handmade puppet for the film <\/em>The Girl Who Cried Pearls<em> | Credit : Clyde Henry<\/em><\/figcaption><\/figure>\n\n\n\n<p>This sixth collaboration between Lavis and Szczerbowski and the NFB is the result of a remarkable creative partnership spanning two decades and is the subject of a new NFB blog post.<\/p>\n\n\n\n<p><em>The Girl Who Cried Pearls<\/em> is now streaming for free on NFB.ca, YouTube, and all NFB Apps in Canada. The film will also be on the program at New York City\u2019s Animation First Festival, which runs from February 5 to 8 this year.<\/p>\n\n\n\n<p>Presented by ASIFA-Hollywood, the Los Angeles chapter of the International Animated Film Association, the 53rd Annual Annie Awards ceremony will take place on Saturday, February 21, 2026, at UCLA\u2019s Royce Hall in Los Angeles.<\/p>\n\n\n\n<p>To learn more about the film, you can read Samuel\u2019s text here.<\/p>\n\n\n\n<p>Trailer <i class=\"fas fa-arrow-alt-circle-down \" ><\/i><\/p>\n\n\n\n<figure class=\"wp-block-embed is-type-video is-provider-youtube wp-block-embed-youtube wp-embed-aspect-16-9 wp-has-aspect-ratio\"><div class=\"wp-block-embed__wrapper\">\n<iframe loading=\"lazy\" title=\"La jeune fille qui pleurait des perles | BANDE-ANNONCE\" width=\"500\" height=\"281\" src=\"https:\/\/www.youtube.com\/embed\/FMqVSk57934?feature=oembed\" frameborder=\"0\" allow=\"accelerometer; autoplay; clipboard-write; encrypted-media; gyroscope; picture-in-picture; web-share\" referrerpolicy=\"strict-origin-when-cross-origin\" allowfullscreen><\/iframe>\n<\/div><\/figure>\n","protected":false},"excerpt":{"rendered":"<p>The animated short film The Girl Who Cried Pearls (La jeune fille qui pleurait des perles), directed by Chris Lavis and Maciek Szczerbowski for the National Film Board of Canada, is in the running for an award in the \u201cBest Animated Short Subject\u201d category for the Annie Awards in Hollywood. This is the latest tribute [&hellip;]<\/p>\n","protected":false},"author":2,"featured_media":57072,"comment_status":"open","ping_status":"open","sticky":false,"template":"","format":"standard","meta":{"_acf_changed":false,"site-sidebar-layout":"default","site-content-layout":"","ast-site-content-layout":"default","site-content-style":"default","site-sidebar-style":"default","ast-global-header-display":"","ast-banner-title-visibility":"","ast-main-header-display":"","ast-hfb-above-header-display":"","ast-hfb-below-header-display":"","ast-hfb-mobile-header-display":"","site-post-title":"","ast-breadcrumbs-content":"","ast-featured-img":"","footer-sml-layout":"","ast-disable-related-posts":"","theme-transparent-header-meta":"","adv-header-id-meta":"","stick-header-meta":"","header-above-stick-meta":"","header-main-stick-meta":"","header-below-stick-meta":"","astra-migrate-meta-layouts":"set","ast-page-background-enabled":"default","ast-page-background-meta":{"desktop":{"background-color":"var(--ast-global-color-4)","background-image":"","background-repeat":"repeat","background-position":"center center","background-size":"auto","background-attachment":"scroll","background-type":"","background-media":"","overlay-type":"","overlay-color":"","overlay-opacity":"","overlay-gradient":""},"tablet":{"background-color":"","background-image":"","background-repeat":"repeat","background-position":"center center","background-size":"auto","background-attachment":"scroll","background-type":"","background-media":"","overlay-type":"","overlay-color":"","overlay-opacity":"","overlay-gradient":""},"mobile":{"background-color":"","background-image":"","background-repeat":"repeat","background-position":"center center","background-size":"auto","background-attachment":"scroll","background-type":"","background-media":"","overlay-type":"","overlay-color":"","overlay-opacity":"","overlay-gradient":""}},"ast-content-background-meta":{"desktop":{"background-color":"var(--ast-global-color-5)","background-image":"","background-repeat":"repeat","background-position":"center center","background-size":"auto","background-attachment":"scroll","background-type":"","background-media":"","overlay-type":"","overlay-color":"","overlay-opacity":"","overlay-gradient":""},"tablet":{"background-color":"var(--ast-global-color-5)","background-image":"","background-repeat":"repeat","background-position":"center center","background-size":"auto","background-attachment":"scroll","background-type":"","background-media":"","overlay-type":"","overlay-color":"","overlay-opacity":"","overlay-gradient":""},"mobile":{"background-color":"var(--ast-global-color-5)","background-image":"","background-repeat":"repeat","background-position":"center center","background-size":"auto","background-attachment":"scroll","background-type":"","background-media":"","overlay-type":"","overlay-color":"","overlay-opacity":"","overlay-gradient":""}},"footnotes":""},"categories":[5162],"tags":[33542,26216,6177,33541],"class_list":["post-57083","post","type-post","status-publish","format-standard","has-post-thumbnail","hentry","category-news","tag-annie-asifa","tag-la-jeune-fille-qui-pleurait-des-perles-2","tag-nfb","tag-the-girl-who-cried-pearls"],"acf":[],"yoast_head":"<!-- This site is optimized with the Yoast SEO plugin v27.1.1 - https:\/\/yoast.com\/product\/yoast-seo-wordpress\/ -->\n<title>The Girl Who Cried Pearls nominated for Annie-ASIFA-Hollywood Awards - Le petit septi\u00e8me<\/title>\n<meta name=\"description\" content=\"The animated short film The Girl Who Cried Pearls by Chris Lavis and Maciek Szczerbowski is in the running for an award in the \u201cBest Animated Short Subject\u201d category for the Annie Awards in Hollywood.\" \/>\n<meta name=\"robots\" content=\"index, follow, max-snippet:-1, max-image-preview:large, max-video-preview:-1\" \/>\n<link rel=\"canonical\" href=\"https:\/\/lepetitseptieme.ca\/en\/2026\/01\/06\/the-girl-who-cried-pearls-nominated-for-annie-asifa-hollywood-awards\/\" \/>\n<meta property=\"og:locale\" content=\"en_US\" \/>\n<meta property=\"og:type\" content=\"article\" \/>\n<meta property=\"og:title\" content=\"The Girl Who Cried Pearls nominated for Annie-ASIFA-Hollywood Awards\" \/>\n<meta property=\"og:description\" content=\"The animated short film The Girl Who Cried Pearls by Chris Lavis and Maciek Szczerbowski is in the running for an award in the \u201cBest Animated Short Subject\u201d category for the Annie Awards in Hollywood.\" \/>\n<meta property=\"og:url\" content=\"https:\/\/lepetitseptieme.ca\/en\/2026\/01\/06\/the-girl-who-cried-pearls-nominated-for-annie-asifa-hollywood-awards\/\" \/>\n<meta property=\"og:site_name\" content=\"Le petit septi\u00e8me\" \/>\n<meta property=\"article:publisher\" content=\"https:\/\/www.facebook.com\/pages\/Le-Petit-Septi%c3%a8me\/494448933948121?ref=hl\" \/>\n<meta property=\"article:author\" content=\"https:\/\/www.facebook.com\/FGrondinArt\/\" \/>\n<meta property=\"article:published_time\" content=\"2026-01-06T15:50:00+00:00\" \/>\n<meta property=\"og:image\" content=\"https:\/\/lepetitseptieme.ca\/wp-content\/uploads\/2026\/01\/La-jeune-fille-qui-pleurait-des-perles-aux-ASIFA-Une.jpg\" \/>\n\t<meta property=\"og:image:width\" content=\"1920\" \/>\n\t<meta property=\"og:image:height\" content=\"1080\" \/>\n\t<meta property=\"og:image:type\" content=\"image\/jpeg\" \/>\n<meta name=\"author\" content=\"Francois Grondin\" \/>\n<meta name=\"twitter:card\" content=\"summary_large_image\" \/>\n<meta name=\"twitter:title\" content=\"The Girl Who Cried Pearls nominated for Annie-ASIFA-Hollywood Awards\" \/>\n<meta name=\"twitter:description\" content=\"The animated short film The Girl Who Cried Pearls by Chris Lavis and Maciek Szczerbowski is in the running for an award in the \u201cBest Animated Short Subject\u201d category for the Annie Awards in Hollywood.\" \/>\n<meta name=\"twitter:image\" content=\"https:\/\/lepetitseptieme.ca\/wp-content\/uploads\/2026\/01\/La-jeune-fille-qui-pleurait-des-perles-aux-ASIFA-Une.jpg\" \/>\n<meta name=\"twitter:creator\" content=\"@fgrondin1221\" \/>\n<meta name=\"twitter:site\" content=\"@LePetitSeptieme\" \/>\n<meta name=\"twitter:label1\" content=\"Written by\" \/>\n\t<meta name=\"twitter:data1\" content=\"Francois Grondin\" \/>\n\t<meta name=\"twitter:label2\" content=\"Est. reading time\" \/>\n\t<meta name=\"twitter:data2\" content=\"2 minutes\" \/>\n<script type=\"application\/ld+json\" class=\"yoast-schema-graph\">{\"@context\":\"https:\/\/schema.org\",\"@graph\":[{\"@type\":\"Article\",\"@id\":\"https:\/\/lepetitseptieme.ca\/en\/2026\/01\/06\/the-girl-who-cried-pearls-nominated-for-annie-asifa-hollywood-awards\/#article\",\"isPartOf\":{\"@id\":\"https:\/\/lepetitseptieme.ca\/en\/2026\/01\/06\/the-girl-who-cried-pearls-nominated-for-annie-asifa-hollywood-awards\/\"},\"author\":{\"name\":\"Francois Grondin\",\"@id\":\"https:\/\/lepetitseptieme.ca\/en\/#\/schema\/person\/12a0b9476b07b0f9a7cc8a82db87e8af\"},\"headline\":\"The Girl Who Cried Pearls nominated for Annie-ASIFA-Hollywood Awards\",\"datePublished\":\"2026-01-06T15:50:00+00:00\",\"mainEntityOfPage\":{\"@id\":\"https:\/\/lepetitseptieme.ca\/en\/2026\/01\/06\/the-girl-who-cried-pearls-nominated-for-annie-asifa-hollywood-awards\/\"},\"wordCount\":267,\"commentCount\":0,\"publisher\":{\"@id\":\"https:\/\/lepetitseptieme.ca\/en\/#organization\"},\"image\":{\"@id\":\"https:\/\/lepetitseptieme.ca\/en\/2026\/01\/06\/the-girl-who-cried-pearls-nominated-for-annie-asifa-hollywood-awards\/#primaryimage\"},\"thumbnailUrl\":\"https:\/\/lepetitseptieme.ca\/wp-content\/uploads\/2026\/01\/La-jeune-fille-qui-pleurait-des-perles-aux-ASIFA-Une.jpg\",\"keywords\":[\"Annie-ASIFA\",\"La jeune fille qui pleurait des perles\",\"NFB\",\"The Girl Who Cried Pearls\"],\"articleSection\":[\"News\"],\"inLanguage\":\"en-US\",\"potentialAction\":[{\"@type\":\"CommentAction\",\"name\":\"Comment\",\"target\":[\"https:\/\/lepetitseptieme.ca\/en\/2026\/01\/06\/the-girl-who-cried-pearls-nominated-for-annie-asifa-hollywood-awards\/#respond\"]}]},{\"@type\":\"WebPage\",\"@id\":\"https:\/\/lepetitseptieme.ca\/en\/2026\/01\/06\/the-girl-who-cried-pearls-nominated-for-annie-asifa-hollywood-awards\/\",\"url\":\"https:\/\/lepetitseptieme.ca\/en\/2026\/01\/06\/the-girl-who-cried-pearls-nominated-for-annie-asifa-hollywood-awards\/\",\"name\":\"The Girl Who Cried Pearls nominated for Annie-ASIFA-Hollywood Awards - Le petit septi\u00e8me\",\"isPartOf\":{\"@id\":\"https:\/\/lepetitseptieme.ca\/en\/#website\"},\"primaryImageOfPage\":{\"@id\":\"https:\/\/lepetitseptieme.ca\/en\/2026\/01\/06\/the-girl-who-cried-pearls-nominated-for-annie-asifa-hollywood-awards\/#primaryimage\"},\"image\":{\"@id\":\"https:\/\/lepetitseptieme.ca\/en\/2026\/01\/06\/the-girl-who-cried-pearls-nominated-for-annie-asifa-hollywood-awards\/#primaryimage\"},\"thumbnailUrl\":\"https:\/\/lepetitseptieme.ca\/wp-content\/uploads\/2026\/01\/La-jeune-fille-qui-pleurait-des-perles-aux-ASIFA-Une.jpg\",\"datePublished\":\"2026-01-06T15:50:00+00:00\",\"description\":\"The animated short film The Girl Who Cried Pearls by Chris Lavis and Maciek Szczerbowski is in the running for an award in the \u201cBest Animated Short Subject\u201d category for the Annie Awards in Hollywood.\",\"breadcrumb\":{\"@id\":\"https:\/\/lepetitseptieme.ca\/en\/2026\/01\/06\/the-girl-who-cried-pearls-nominated-for-annie-asifa-hollywood-awards\/#breadcrumb\"},\"inLanguage\":\"en-US\",\"potentialAction\":[{\"@type\":\"ReadAction\",\"target\":[\"https:\/\/lepetitseptieme.ca\/en\/2026\/01\/06\/the-girl-who-cried-pearls-nominated-for-annie-asifa-hollywood-awards\/\"]}]},{\"@type\":\"ImageObject\",\"inLanguage\":\"en-US\",\"@id\":\"https:\/\/lepetitseptieme.ca\/en\/2026\/01\/06\/the-girl-who-cried-pearls-nominated-for-annie-asifa-hollywood-awards\/#primaryimage\",\"url\":\"https:\/\/lepetitseptieme.ca\/wp-content\/uploads\/2026\/01\/La-jeune-fille-qui-pleurait-des-perles-aux-ASIFA-Une.jpg\",\"contentUrl\":\"https:\/\/lepetitseptieme.ca\/wp-content\/uploads\/2026\/01\/La-jeune-fille-qui-pleurait-des-perles-aux-ASIFA-Une.jpg\",\"width\":1920,\"height\":1080,\"caption\":\"La jeune fille qui pleurait des perles aux ASIFA - Une\"},{\"@type\":\"BreadcrumbList\",\"@id\":\"https:\/\/lepetitseptieme.ca\/en\/2026\/01\/06\/the-girl-who-cried-pearls-nominated-for-annie-asifa-hollywood-awards\/#breadcrumb\",\"itemListElement\":[{\"@type\":\"ListItem\",\"position\":1,\"name\":\"Home\",\"item\":\"https:\/\/lepetitseptieme.ca\/en\/\"},{\"@type\":\"ListItem\",\"position\":2,\"name\":\"The Girl Who Cried Pearls nominated for Annie-ASIFA-Hollywood Awards\"}]},{\"@type\":\"WebSite\",\"@id\":\"https:\/\/lepetitseptieme.ca\/en\/#website\",\"url\":\"https:\/\/lepetitseptieme.ca\/en\/\",\"name\":\"Le petit septi\u00e8me\",\"description\":\"Reviews and comments on Quebec, international and author cinema\",\"publisher\":{\"@id\":\"https:\/\/lepetitseptieme.ca\/en\/#organization\"},\"potentialAction\":[{\"@type\":\"SearchAction\",\"target\":{\"@type\":\"EntryPoint\",\"urlTemplate\":\"https:\/\/lepetitseptieme.ca\/en\/?s={search_term_string}\"},\"query-input\":{\"@type\":\"PropertyValueSpecification\",\"valueRequired\":true,\"valueName\":\"search_term_string\"}}],\"inLanguage\":\"en-US\"},{\"@type\":\"Organization\",\"@id\":\"https:\/\/lepetitseptieme.ca\/en\/#organization\",\"name\":\"Le Petit Septi\u00e8me\",\"url\":\"https:\/\/lepetitseptieme.ca\/en\/\",\"logo\":{\"@type\":\"ImageObject\",\"inLanguage\":\"en-US\",\"@id\":\"https:\/\/lepetitseptieme.ca\/en\/#\/schema\/logo\/image\/\",\"url\":\"https:\/\/lepetitseptieme.ca\/wp-content\/uploads\/2016\/05\/cropped-Logo-Le-Petit-Septi\u00e8me-2016-BW.png\",\"contentUrl\":\"https:\/\/lepetitseptieme.ca\/wp-content\/uploads\/2016\/05\/cropped-Logo-Le-Petit-Septi\u00e8me-2016-BW.png\",\"width\":512,\"height\":512,\"caption\":\"Le Petit Septi\u00e8me\"},\"image\":{\"@id\":\"https:\/\/lepetitseptieme.ca\/en\/#\/schema\/logo\/image\/\"},\"sameAs\":[\"https:\/\/www.facebook.com\/pages\/Le-Petit-Septi\u00e8me\/494448933948121?ref=hl\",\"https:\/\/x.com\/LePetitSeptieme\",\"https:\/\/www.youtube.com\/channel\/UC5mdhI_jJvDN1I9fkk5RcIw\"]},{\"@type\":\"Person\",\"@id\":\"https:\/\/lepetitseptieme.ca\/en\/#\/schema\/person\/12a0b9476b07b0f9a7cc8a82db87e8af\",\"name\":\"Francois Grondin\",\"image\":{\"@type\":\"ImageObject\",\"inLanguage\":\"en-US\",\"@id\":\"https:\/\/lepetitseptieme.ca\/en\/#\/schema\/person\/image\/\",\"url\":\"https:\/\/secure.gravatar.com\/avatar\/cbc7d427b20502f8a471e632a3ac28d3200b0a6f80a7e6d8056f088f651d3888?s=96&d=mm&r=r\",\"contentUrl\":\"https:\/\/secure.gravatar.com\/avatar\/cbc7d427b20502f8a471e632a3ac28d3200b0a6f80a7e6d8056f088f651d3888?s=96&d=mm&r=r\",\"caption\":\"Francois Grondin\"},\"description\":\"Sp\u00e9cialiste en cin\u00e9ma international et en communication num\u00e9rique, cin\u00e9aste, photographe et passionn\u00e9 de cin\u00e9ma italien et japonais. Membre du jury pour le festival FICMAN et le SIFA Festival 2022 et, bien s\u00fbr, fier papa de 2!\",\"sameAs\":[\"https:\/\/lepetitseptieme.ca\",\"https:\/\/www.facebook.com\/FGrondinArt\/\",\"https:\/\/www.linkedin.com\/in\/francois-grondin-05895816\/\",\"https:\/\/x.com\/fgrondin1221\"],\"url\":\"https:\/\/lepetitseptieme.ca\/en\/author\/francois\/\"}]}<\/script>\n<!-- \/ Yoast SEO plugin. -->","yoast_head_json":{"title":"The Girl Who Cried Pearls nominated for Annie-ASIFA-Hollywood Awards - Le petit septi\u00e8me","description":"The animated short film The Girl Who Cried Pearls by Chris Lavis and Maciek Szczerbowski is in the running for an award in the \u201cBest Animated Short Subject\u201d category for the Annie Awards in Hollywood.","robots":{"index":"index","follow":"follow","max-snippet":"max-snippet:-1","max-image-preview":"max-image-preview:large","max-video-preview":"max-video-preview:-1"},"canonical":"https:\/\/lepetitseptieme.ca\/en\/2026\/01\/06\/the-girl-who-cried-pearls-nominated-for-annie-asifa-hollywood-awards\/","og_locale":"en_US","og_type":"article","og_title":"The Girl Who Cried Pearls nominated for Annie-ASIFA-Hollywood Awards","og_description":"The animated short film The Girl Who Cried Pearls by Chris Lavis and Maciek Szczerbowski is in the running for an award in the \u201cBest Animated Short Subject\u201d category for the Annie Awards in Hollywood.","og_url":"https:\/\/lepetitseptieme.ca\/en\/2026\/01\/06\/the-girl-who-cried-pearls-nominated-for-annie-asifa-hollywood-awards\/","og_site_name":"Le petit septi\u00e8me","article_publisher":"https:\/\/www.facebook.com\/pages\/Le-Petit-Septi%c3%a8me\/494448933948121?ref=hl","article_author":"https:\/\/www.facebook.com\/FGrondinArt\/","article_published_time":"2026-01-06T15:50:00+00:00","og_image":[{"width":1920,"height":1080,"url":"https:\/\/lepetitseptieme.ca\/wp-content\/uploads\/2026\/01\/La-jeune-fille-qui-pleurait-des-perles-aux-ASIFA-Une.jpg","type":"image\/jpeg"}],"author":"Francois Grondin","twitter_card":"summary_large_image","twitter_title":"The Girl Who Cried Pearls nominated for Annie-ASIFA-Hollywood Awards","twitter_description":"The animated short film The Girl Who Cried Pearls by Chris Lavis and Maciek Szczerbowski is in the running for an award in the \u201cBest Animated Short Subject\u201d category for the Annie Awards in Hollywood.","twitter_image":"https:\/\/lepetitseptieme.ca\/wp-content\/uploads\/2026\/01\/La-jeune-fille-qui-pleurait-des-perles-aux-ASIFA-Une.jpg","twitter_creator":"@fgrondin1221","twitter_site":"@LePetitSeptieme","twitter_misc":{"Written by":"Francois Grondin","Est. reading time":"2 minutes"},"schema":{"@context":"https:\/\/schema.org","@graph":[{"@type":"Article","@id":"https:\/\/lepetitseptieme.ca\/en\/2026\/01\/06\/the-girl-who-cried-pearls-nominated-for-annie-asifa-hollywood-awards\/#article","isPartOf":{"@id":"https:\/\/lepetitseptieme.ca\/en\/2026\/01\/06\/the-girl-who-cried-pearls-nominated-for-annie-asifa-hollywood-awards\/"},"author":{"name":"Francois Grondin","@id":"https:\/\/lepetitseptieme.ca\/en\/#\/schema\/person\/12a0b9476b07b0f9a7cc8a82db87e8af"},"headline":"The Girl Who Cried Pearls nominated for Annie-ASIFA-Hollywood Awards","datePublished":"2026-01-06T15:50:00+00:00","mainEntityOfPage":{"@id":"https:\/\/lepetitseptieme.ca\/en\/2026\/01\/06\/the-girl-who-cried-pearls-nominated-for-annie-asifa-hollywood-awards\/"},"wordCount":267,"commentCount":0,"publisher":{"@id":"https:\/\/lepetitseptieme.ca\/en\/#organization"},"image":{"@id":"https:\/\/lepetitseptieme.ca\/en\/2026\/01\/06\/the-girl-who-cried-pearls-nominated-for-annie-asifa-hollywood-awards\/#primaryimage"},"thumbnailUrl":"https:\/\/lepetitseptieme.ca\/wp-content\/uploads\/2026\/01\/La-jeune-fille-qui-pleurait-des-perles-aux-ASIFA-Une.jpg","keywords":["Annie-ASIFA","La jeune fille qui pleurait des perles","NFB","The Girl Who Cried Pearls"],"articleSection":["News"],"inLanguage":"en-US","potentialAction":[{"@type":"CommentAction","name":"Comment","target":["https:\/\/lepetitseptieme.ca\/en\/2026\/01\/06\/the-girl-who-cried-pearls-nominated-for-annie-asifa-hollywood-awards\/#respond"]}]},{"@type":"WebPage","@id":"https:\/\/lepetitseptieme.ca\/en\/2026\/01\/06\/the-girl-who-cried-pearls-nominated-for-annie-asifa-hollywood-awards\/","url":"https:\/\/lepetitseptieme.ca\/en\/2026\/01\/06\/the-girl-who-cried-pearls-nominated-for-annie-asifa-hollywood-awards\/","name":"The Girl Who Cried Pearls nominated for Annie-ASIFA-Hollywood Awards - Le petit septi\u00e8me","isPartOf":{"@id":"https:\/\/lepetitseptieme.ca\/en\/#website"},"primaryImageOfPage":{"@id":"https:\/\/lepetitseptieme.ca\/en\/2026\/01\/06\/the-girl-who-cried-pearls-nominated-for-annie-asifa-hollywood-awards\/#primaryimage"},"image":{"@id":"https:\/\/lepetitseptieme.ca\/en\/2026\/01\/06\/the-girl-who-cried-pearls-nominated-for-annie-asifa-hollywood-awards\/#primaryimage"},"thumbnailUrl":"https:\/\/lepetitseptieme.ca\/wp-content\/uploads\/2026\/01\/La-jeune-fille-qui-pleurait-des-perles-aux-ASIFA-Une.jpg","datePublished":"2026-01-06T15:50:00+00:00","description":"The animated short film The Girl Who Cried Pearls by Chris Lavis and Maciek Szczerbowski is in the running for an award in the \u201cBest Animated Short Subject\u201d category for the Annie Awards in Hollywood.","breadcrumb":{"@id":"https:\/\/lepetitseptieme.ca\/en\/2026\/01\/06\/the-girl-who-cried-pearls-nominated-for-annie-asifa-hollywood-awards\/#breadcrumb"},"inLanguage":"en-US","potentialAction":[{"@type":"ReadAction","target":["https:\/\/lepetitseptieme.ca\/en\/2026\/01\/06\/the-girl-who-cried-pearls-nominated-for-annie-asifa-hollywood-awards\/"]}]},{"@type":"ImageObject","inLanguage":"en-US","@id":"https:\/\/lepetitseptieme.ca\/en\/2026\/01\/06\/the-girl-who-cried-pearls-nominated-for-annie-asifa-hollywood-awards\/#primaryimage","url":"https:\/\/lepetitseptieme.ca\/wp-content\/uploads\/2026\/01\/La-jeune-fille-qui-pleurait-des-perles-aux-ASIFA-Une.jpg","contentUrl":"https:\/\/lepetitseptieme.ca\/wp-content\/uploads\/2026\/01\/La-jeune-fille-qui-pleurait-des-perles-aux-ASIFA-Une.jpg","width":1920,"height":1080,"caption":"La jeune fille qui pleurait des perles aux ASIFA - Une"},{"@type":"BreadcrumbList","@id":"https:\/\/lepetitseptieme.ca\/en\/2026\/01\/06\/the-girl-who-cried-pearls-nominated-for-annie-asifa-hollywood-awards\/#breadcrumb","itemListElement":[{"@type":"ListItem","position":1,"name":"Home","item":"https:\/\/lepetitseptieme.ca\/en\/"},{"@type":"ListItem","position":2,"name":"The Girl Who Cried Pearls nominated for Annie-ASIFA-Hollywood Awards"}]},{"@type":"WebSite","@id":"https:\/\/lepetitseptieme.ca\/en\/#website","url":"https:\/\/lepetitseptieme.ca\/en\/","name":"Le petit septi\u00e8me","description":"Reviews and comments on Quebec, international and author cinema","publisher":{"@id":"https:\/\/lepetitseptieme.ca\/en\/#organization"},"potentialAction":[{"@type":"SearchAction","target":{"@type":"EntryPoint","urlTemplate":"https:\/\/lepetitseptieme.ca\/en\/?s={search_term_string}"},"query-input":{"@type":"PropertyValueSpecification","valueRequired":true,"valueName":"search_term_string"}}],"inLanguage":"en-US"},{"@type":"Organization","@id":"https:\/\/lepetitseptieme.ca\/en\/#organization","name":"Le Petit Septi\u00e8me","url":"https:\/\/lepetitseptieme.ca\/en\/","logo":{"@type":"ImageObject","inLanguage":"en-US","@id":"https:\/\/lepetitseptieme.ca\/en\/#\/schema\/logo\/image\/","url":"https:\/\/lepetitseptieme.ca\/wp-content\/uploads\/2016\/05\/cropped-Logo-Le-Petit-Septi\u00e8me-2016-BW.png","contentUrl":"https:\/\/lepetitseptieme.ca\/wp-content\/uploads\/2016\/05\/cropped-Logo-Le-Petit-Septi\u00e8me-2016-BW.png","width":512,"height":512,"caption":"Le Petit Septi\u00e8me"},"image":{"@id":"https:\/\/lepetitseptieme.ca\/en\/#\/schema\/logo\/image\/"},"sameAs":["https:\/\/www.facebook.com\/pages\/Le-Petit-Septi\u00e8me\/494448933948121?ref=hl","https:\/\/x.com\/LePetitSeptieme","https:\/\/www.youtube.com\/channel\/UC5mdhI_jJvDN1I9fkk5RcIw"]},{"@type":"Person","@id":"https:\/\/lepetitseptieme.ca\/en\/#\/schema\/person\/12a0b9476b07b0f9a7cc8a82db87e8af","name":"Francois Grondin","image":{"@type":"ImageObject","inLanguage":"en-US","@id":"https:\/\/lepetitseptieme.ca\/en\/#\/schema\/person\/image\/","url":"https:\/\/secure.gravatar.com\/avatar\/cbc7d427b20502f8a471e632a3ac28d3200b0a6f80a7e6d8056f088f651d3888?s=96&d=mm&r=r","contentUrl":"https:\/\/secure.gravatar.com\/avatar\/cbc7d427b20502f8a471e632a3ac28d3200b0a6f80a7e6d8056f088f651d3888?s=96&d=mm&r=r","caption":"Francois Grondin"},"description":"Sp\u00e9cialiste en cin\u00e9ma international et en communication num\u00e9rique, cin\u00e9aste, photographe et passionn\u00e9 de cin\u00e9ma italien et japonais. Membre du jury pour le festival FICMAN et le SIFA Festival 2022 et, bien s\u00fbr, fier papa de 2!","sameAs":["https:\/\/lepetitseptieme.ca","https:\/\/www.facebook.com\/FGrondinArt\/","https:\/\/www.linkedin.com\/in\/francois-grondin-05895816\/","https:\/\/x.com\/fgrondin1221"],"url":"https:\/\/lepetitseptieme.ca\/en\/author\/francois\/"}]}},"_links":{"self":[{"href":"https:\/\/lepetitseptieme.ca\/en\/wp-json\/wp\/v2\/posts\/57083","targetHints":{"allow":["GET"]}}],"collection":[{"href":"https:\/\/lepetitseptieme.ca\/en\/wp-json\/wp\/v2\/posts"}],"about":[{"href":"https:\/\/lepetitseptieme.ca\/en\/wp-json\/wp\/v2\/types\/post"}],"author":[{"embeddable":true,"href":"https:\/\/lepetitseptieme.ca\/en\/wp-json\/wp\/v2\/users\/2"}],"replies":[{"embeddable":true,"href":"https:\/\/lepetitseptieme.ca\/en\/wp-json\/wp\/v2\/comments?post=57083"}],"version-history":[{"count":1,"href":"https:\/\/lepetitseptieme.ca\/en\/wp-json\/wp\/v2\/posts\/57083\/revisions"}],"predecessor-version":[{"id":57084,"href":"https:\/\/lepetitseptieme.ca\/en\/wp-json\/wp\/v2\/posts\/57083\/revisions\/57084"}],"wp:featuredmedia":[{"embeddable":true,"href":"https:\/\/lepetitseptieme.ca\/en\/wp-json\/wp\/v2\/media\/57072"}],"wp:attachment":[{"href":"https:\/\/lepetitseptieme.ca\/en\/wp-json\/wp\/v2\/media?parent=57083"}],"wp:term":[{"taxonomy":"category","embeddable":true,"href":"https:\/\/lepetitseptieme.ca\/en\/wp-json\/wp\/v2\/categories?post=57083"},{"taxonomy":"post_tag","embeddable":true,"href":"https:\/\/lepetitseptieme.ca\/en\/wp-json\/wp\/v2\/tags?post=57083"}],"curies":[{"name":"wp","href":"https:\/\/api.w.org\/{rel}","templated":true}]}}