{"id":56799,"date":"2025-12-14T07:00:00","date_gmt":"2025-12-14T12:00:00","guid":{"rendered":"https:\/\/lepetitseptieme.ca\/?p=56799"},"modified":"2025-12-12T16:49:56","modified_gmt":"2025-12-12T21:49:56","slug":"crave-and-tou-tv-extra-join-forces","status":"publish","type":"post","link":"https:\/\/lepetitseptieme.ca\/en\/2025\/12\/14\/crave-and-tou-tv-extra-join-forces\/","title":{"rendered":"Crave and Tou.TV EXTRA join forces"},"content":{"rendered":"\n<p>This article is not available in English. Why?<\/p>\n\n\n\n<p>Unfortunately, we do not have the necessary financial support to provide a good translation of each of our texts.<\/p>\n\n\n\n<p>Support us by purchasing one of <a href=\"https:\/\/lepetitseptieme.ca\/en\/store\/\">our products<\/a> or with <a href=\"https:\/\/lepetitseptieme.ca\/en\/produit\/donation\/\">a donation<\/a> so we can make it!<\/p>\n\n\n\n<p><\/p>\n","protected":false},"excerpt":{"rendered":"<p>This article is not available in English. Why? Unfortunately, we do not have the necessary financial support to provide a good translation of each of our texts. Support us by purchasing one of our products or with a donation so we can make it!<\/p>\n","protected":false},"author":2,"featured_media":56792,"comment_status":"open","ping_status":"open","sticky":false,"template":"","format":"standard","meta":{"_acf_changed":false,"site-sidebar-layout":"default","site-content-layout":"","ast-site-content-layout":"default","site-content-style":"default","site-sidebar-style":"default","ast-global-header-display":"","ast-banner-title-visibility":"","ast-main-header-display":"","ast-hfb-above-header-display":"","ast-hfb-below-header-display":"","ast-hfb-mobile-header-display":"","site-post-title":"","ast-breadcrumbs-content":"","ast-featured-img":"","footer-sml-layout":"","ast-disable-related-posts":"","theme-transparent-header-meta":"","adv-header-id-meta":"","stick-header-meta":"","header-above-stick-meta":"","header-main-stick-meta":"","header-below-stick-meta":"","astra-migrate-meta-layouts":"set","ast-page-background-enabled":"default","ast-page-background-meta":{"desktop":{"background-color":"var(--ast-global-color-4)","background-image":"","background-repeat":"repeat","background-position":"center center","background-size":"auto","background-attachment":"scroll","background-type":"","background-media":"","overlay-type":"","overlay-color":"","overlay-opacity":"","overlay-gradient":""},"tablet":{"background-color":"","background-image":"","background-repeat":"repeat","background-position":"center center","background-size":"auto","background-attachment":"scroll","background-type":"","background-media":"","overlay-type":"","overlay-color":"","overlay-opacity":"","overlay-gradient":""},"mobile":{"background-color":"","background-image":"","background-repeat":"repeat","background-position":"center center","background-size":"auto","background-attachment":"scroll","background-type":"","background-media":"","overlay-type":"","overlay-color":"","overlay-opacity":"","overlay-gradient":""}},"ast-content-background-meta":{"desktop":{"background-color":"var(--ast-global-color-5)","background-image":"","background-repeat":"repeat","background-position":"center center","background-size":"auto","background-attachment":"scroll","background-type":"","background-media":"","overlay-type":"","overlay-color":"","overlay-opacity":"","overlay-gradient":""},"tablet":{"background-color":"var(--ast-global-color-5)","background-image":"","background-repeat":"repeat","background-position":"center center","background-size":"auto","background-attachment":"scroll","background-type":"","background-media":"","overlay-type":"","overlay-color":"","overlay-opacity":"","overlay-gradient":""},"mobile":{"background-color":"var(--ast-global-color-5)","background-image":"","background-repeat":"repeat","background-position":"center center","background-size":"auto","background-attachment":"scroll","background-type":"","background-media":"","overlay-type":"","overlay-color":"","overlay-opacity":"","overlay-gradient":""}},"footnotes":""},"categories":[5162],"tags":[23161,26423,21791,25606],"class_list":["post-56799","post","type-post","status-publish","format-standard","has-post-thumbnail","hentry","category-news","tag-crave-2","tag-ici-toutv","tag-streaming-2","tag-toutv"],"acf":[],"yoast_head":"<!-- This site is optimized with the Yoast SEO plugin v27.1.1 - https:\/\/yoast.com\/product\/yoast-seo-wordpress\/ -->\n<title>Crave and Tou.TV EXTRA join forces - Le petit septi\u00e8me<\/title>\n<meta name=\"description\" content=\"Bell Media and Radio-Canada have announced a new combined subscription package offer for the Canadian market, which includes Crave and ICI TOU.TV EXTRA.\" \/>\n<meta name=\"robots\" content=\"index, follow, max-snippet:-1, max-image-preview:large, max-video-preview:-1\" \/>\n<link rel=\"canonical\" href=\"https:\/\/lepetitseptieme.ca\/en\/2025\/12\/14\/crave-and-tou-tv-extra-join-forces\/\" \/>\n<meta property=\"og:locale\" content=\"en_US\" \/>\n<meta property=\"og:type\" content=\"article\" \/>\n<meta property=\"og:title\" content=\"Crave and Tou.TV EXTRA join forces - Le petit septi\u00e8me\" \/>\n<meta property=\"og:description\" content=\"Bell Media and Radio-Canada have announced a new combined subscription package offer for the Canadian market, which includes Crave and ICI TOU.TV EXTRA.\" \/>\n<meta property=\"og:url\" content=\"https:\/\/lepetitseptieme.ca\/en\/2025\/12\/14\/crave-and-tou-tv-extra-join-forces\/\" \/>\n<meta property=\"og:site_name\" content=\"Le petit septi\u00e8me\" \/>\n<meta property=\"article:publisher\" content=\"https:\/\/www.facebook.com\/pages\/Le-Petit-Septi%c3%a8me\/494448933948121?ref=hl\" \/>\n<meta property=\"article:author\" content=\"https:\/\/www.facebook.com\/FGrondinArt\/\" \/>\n<meta property=\"article:published_time\" content=\"2025-12-14T12:00:00+00:00\" \/>\n<meta property=\"og:image\" content=\"https:\/\/lepetitseptieme.ca\/wp-content\/uploads\/2025\/12\/crave-x-ici-tou-tv-extra-Une-1024x576.jpg\" \/>\n<meta name=\"author\" content=\"Francois Grondin\" \/>\n<meta name=\"twitter:card\" content=\"summary_large_image\" \/>\n<meta name=\"twitter:image\" content=\"https:\/\/lepetitseptieme.ca\/wp-content\/uploads\/2025\/12\/crave-x-ici-tou-tv-extra-Une-1024x576.jpg\" \/>\n<meta name=\"twitter:creator\" content=\"@fgrondin1221\" \/>\n<meta name=\"twitter:site\" content=\"@LePetitSeptieme\" \/>\n<meta name=\"twitter:label1\" content=\"Written by\" \/>\n\t<meta name=\"twitter:data1\" content=\"Francois Grondin\" \/>\n\t<meta name=\"twitter:label2\" content=\"Est. reading time\" \/>\n\t<meta name=\"twitter:data2\" content=\"1 minute\" \/>\n<script type=\"application\/ld+json\" class=\"yoast-schema-graph\">{\"@context\":\"https:\/\/schema.org\",\"@graph\":[{\"@type\":\"Article\",\"@id\":\"https:\/\/lepetitseptieme.ca\/en\/2025\/12\/14\/crave-and-tou-tv-extra-join-forces\/#article\",\"isPartOf\":{\"@id\":\"https:\/\/lepetitseptieme.ca\/en\/2025\/12\/14\/crave-and-tou-tv-extra-join-forces\/\"},\"author\":{\"name\":\"Francois Grondin\",\"@id\":\"https:\/\/lepetitseptieme.ca\/en\/#\/schema\/person\/12a0b9476b07b0f9a7cc8a82db87e8af\"},\"headline\":\"Crave and Tou.TV EXTRA join forces\",\"datePublished\":\"2025-12-14T12:00:00+00:00\",\"mainEntityOfPage\":{\"@id\":\"https:\/\/lepetitseptieme.ca\/en\/2025\/12\/14\/crave-and-tou-tv-extra-join-forces\/\"},\"wordCount\":51,\"commentCount\":0,\"publisher\":{\"@id\":\"https:\/\/lepetitseptieme.ca\/en\/#organization\"},\"image\":{\"@id\":\"https:\/\/lepetitseptieme.ca\/en\/2025\/12\/14\/crave-and-tou-tv-extra-join-forces\/#primaryimage\"},\"thumbnailUrl\":\"https:\/\/lepetitseptieme.ca\/wp-content\/uploads\/2025\/12\/crave-x-ici-tou-tv-extra-Une.jpg\",\"keywords\":[\"Crave\",\"ICI TouTV\",\"Streaming\",\"TouTV\"],\"articleSection\":[\"News\"],\"inLanguage\":\"en-US\",\"potentialAction\":[{\"@type\":\"CommentAction\",\"name\":\"Comment\",\"target\":[\"https:\/\/lepetitseptieme.ca\/en\/2025\/12\/14\/crave-and-tou-tv-extra-join-forces\/#respond\"]}]},{\"@type\":\"WebPage\",\"@id\":\"https:\/\/lepetitseptieme.ca\/en\/2025\/12\/14\/crave-and-tou-tv-extra-join-forces\/\",\"url\":\"https:\/\/lepetitseptieme.ca\/en\/2025\/12\/14\/crave-and-tou-tv-extra-join-forces\/\",\"name\":\"Crave and Tou.TV EXTRA join forces - Le petit septi\u00e8me\",\"isPartOf\":{\"@id\":\"https:\/\/lepetitseptieme.ca\/en\/#website\"},\"primaryImageOfPage\":{\"@id\":\"https:\/\/lepetitseptieme.ca\/en\/2025\/12\/14\/crave-and-tou-tv-extra-join-forces\/#primaryimage\"},\"image\":{\"@id\":\"https:\/\/lepetitseptieme.ca\/en\/2025\/12\/14\/crave-and-tou-tv-extra-join-forces\/#primaryimage\"},\"thumbnailUrl\":\"https:\/\/lepetitseptieme.ca\/wp-content\/uploads\/2025\/12\/crave-x-ici-tou-tv-extra-Une.jpg\",\"datePublished\":\"2025-12-14T12:00:00+00:00\",\"description\":\"Bell Media and Radio-Canada have announced a new combined subscription package offer for the Canadian market, which includes Crave and ICI TOU.TV EXTRA.\",\"breadcrumb\":{\"@id\":\"https:\/\/lepetitseptieme.ca\/en\/2025\/12\/14\/crave-and-tou-tv-extra-join-forces\/#breadcrumb\"},\"inLanguage\":\"en-US\",\"potentialAction\":[{\"@type\":\"ReadAction\",\"target\":[\"https:\/\/lepetitseptieme.ca\/en\/2025\/12\/14\/crave-and-tou-tv-extra-join-forces\/\"]}]},{\"@type\":\"ImageObject\",\"inLanguage\":\"en-US\",\"@id\":\"https:\/\/lepetitseptieme.ca\/en\/2025\/12\/14\/crave-and-tou-tv-extra-join-forces\/#primaryimage\",\"url\":\"https:\/\/lepetitseptieme.ca\/wp-content\/uploads\/2025\/12\/crave-x-ici-tou-tv-extra-Une.jpg\",\"contentUrl\":\"https:\/\/lepetitseptieme.ca\/wp-content\/uploads\/2025\/12\/crave-x-ici-tou-tv-extra-Une.jpg\",\"width\":1920,\"height\":1080,\"caption\":\"crave-x-ici-tou-tv-extra - Une\"},{\"@type\":\"BreadcrumbList\",\"@id\":\"https:\/\/lepetitseptieme.ca\/en\/2025\/12\/14\/crave-and-tou-tv-extra-join-forces\/#breadcrumb\",\"itemListElement\":[{\"@type\":\"ListItem\",\"position\":1,\"name\":\"Home\",\"item\":\"https:\/\/lepetitseptieme.ca\/en\/\"},{\"@type\":\"ListItem\",\"position\":2,\"name\":\"Crave and Tou.TV EXTRA join forces\"}]},{\"@type\":\"WebSite\",\"@id\":\"https:\/\/lepetitseptieme.ca\/en\/#website\",\"url\":\"https:\/\/lepetitseptieme.ca\/en\/\",\"name\":\"Le petit septi\u00e8me\",\"description\":\"Reviews and comments on Quebec, international and author cinema\",\"publisher\":{\"@id\":\"https:\/\/lepetitseptieme.ca\/en\/#organization\"},\"potentialAction\":[{\"@type\":\"SearchAction\",\"target\":{\"@type\":\"EntryPoint\",\"urlTemplate\":\"https:\/\/lepetitseptieme.ca\/en\/?s={search_term_string}\"},\"query-input\":{\"@type\":\"PropertyValueSpecification\",\"valueRequired\":true,\"valueName\":\"search_term_string\"}}],\"inLanguage\":\"en-US\"},{\"@type\":\"Organization\",\"@id\":\"https:\/\/lepetitseptieme.ca\/en\/#organization\",\"name\":\"Le Petit Septi\u00e8me\",\"url\":\"https:\/\/lepetitseptieme.ca\/en\/\",\"logo\":{\"@type\":\"ImageObject\",\"inLanguage\":\"en-US\",\"@id\":\"https:\/\/lepetitseptieme.ca\/en\/#\/schema\/logo\/image\/\",\"url\":\"https:\/\/lepetitseptieme.ca\/wp-content\/uploads\/2016\/05\/cropped-Logo-Le-Petit-Septi\u00e8me-2016-BW.png\",\"contentUrl\":\"https:\/\/lepetitseptieme.ca\/wp-content\/uploads\/2016\/05\/cropped-Logo-Le-Petit-Septi\u00e8me-2016-BW.png\",\"width\":512,\"height\":512,\"caption\":\"Le Petit Septi\u00e8me\"},\"image\":{\"@id\":\"https:\/\/lepetitseptieme.ca\/en\/#\/schema\/logo\/image\/\"},\"sameAs\":[\"https:\/\/www.facebook.com\/pages\/Le-Petit-Septi\u00e8me\/494448933948121?ref=hl\",\"https:\/\/x.com\/LePetitSeptieme\",\"https:\/\/www.youtube.com\/channel\/UC5mdhI_jJvDN1I9fkk5RcIw\"]},{\"@type\":\"Person\",\"@id\":\"https:\/\/lepetitseptieme.ca\/en\/#\/schema\/person\/12a0b9476b07b0f9a7cc8a82db87e8af\",\"name\":\"Francois Grondin\",\"image\":{\"@type\":\"ImageObject\",\"inLanguage\":\"en-US\",\"@id\":\"https:\/\/lepetitseptieme.ca\/en\/#\/schema\/person\/image\/\",\"url\":\"https:\/\/secure.gravatar.com\/avatar\/cbc7d427b20502f8a471e632a3ac28d3200b0a6f80a7e6d8056f088f651d3888?s=96&d=mm&r=r\",\"contentUrl\":\"https:\/\/secure.gravatar.com\/avatar\/cbc7d427b20502f8a471e632a3ac28d3200b0a6f80a7e6d8056f088f651d3888?s=96&d=mm&r=r\",\"caption\":\"Francois Grondin\"},\"description\":\"Sp\u00e9cialiste en cin\u00e9ma international et en communication num\u00e9rique, cin\u00e9aste, photographe et passionn\u00e9 de cin\u00e9ma italien et japonais. Membre du jury pour le festival FICMAN et le SIFA Festival 2022 et, bien s\u00fbr, fier papa de 2!\",\"sameAs\":[\"https:\/\/lepetitseptieme.ca\",\"https:\/\/www.facebook.com\/FGrondinArt\/\",\"https:\/\/www.linkedin.com\/in\/francois-grondin-05895816\/\",\"https:\/\/x.com\/fgrondin1221\"],\"url\":\"https:\/\/lepetitseptieme.ca\/en\/author\/francois\/\"}]}<\/script>\n<!-- \/ Yoast SEO plugin. -->","yoast_head_json":{"title":"Crave and Tou.TV EXTRA join forces - Le petit septi\u00e8me","description":"Bell Media and Radio-Canada have announced a new combined subscription package offer for the Canadian market, which includes Crave and ICI TOU.TV EXTRA.","robots":{"index":"index","follow":"follow","max-snippet":"max-snippet:-1","max-image-preview":"max-image-preview:large","max-video-preview":"max-video-preview:-1"},"canonical":"https:\/\/lepetitseptieme.ca\/en\/2025\/12\/14\/crave-and-tou-tv-extra-join-forces\/","og_locale":"en_US","og_type":"article","og_title":"Crave and Tou.TV EXTRA join forces - Le petit septi\u00e8me","og_description":"Bell Media and Radio-Canada have announced a new combined subscription package offer for the Canadian market, which includes Crave and ICI TOU.TV EXTRA.","og_url":"https:\/\/lepetitseptieme.ca\/en\/2025\/12\/14\/crave-and-tou-tv-extra-join-forces\/","og_site_name":"Le petit septi\u00e8me","article_publisher":"https:\/\/www.facebook.com\/pages\/Le-Petit-Septi%c3%a8me\/494448933948121?ref=hl","article_author":"https:\/\/www.facebook.com\/FGrondinArt\/","article_published_time":"2025-12-14T12:00:00+00:00","og_image":[{"url":"https:\/\/lepetitseptieme.ca\/wp-content\/uploads\/2025\/12\/crave-x-ici-tou-tv-extra-Une-1024x576.jpg","type":"","width":"","height":""}],"author":"Francois Grondin","twitter_card":"summary_large_image","twitter_image":"https:\/\/lepetitseptieme.ca\/wp-content\/uploads\/2025\/12\/crave-x-ici-tou-tv-extra-Une-1024x576.jpg","twitter_creator":"@fgrondin1221","twitter_site":"@LePetitSeptieme","twitter_misc":{"Written by":"Francois Grondin","Est. reading time":"1 minute"},"schema":{"@context":"https:\/\/schema.org","@graph":[{"@type":"Article","@id":"https:\/\/lepetitseptieme.ca\/en\/2025\/12\/14\/crave-and-tou-tv-extra-join-forces\/#article","isPartOf":{"@id":"https:\/\/lepetitseptieme.ca\/en\/2025\/12\/14\/crave-and-tou-tv-extra-join-forces\/"},"author":{"name":"Francois Grondin","@id":"https:\/\/lepetitseptieme.ca\/en\/#\/schema\/person\/12a0b9476b07b0f9a7cc8a82db87e8af"},"headline":"Crave and Tou.TV EXTRA join forces","datePublished":"2025-12-14T12:00:00+00:00","mainEntityOfPage":{"@id":"https:\/\/lepetitseptieme.ca\/en\/2025\/12\/14\/crave-and-tou-tv-extra-join-forces\/"},"wordCount":51,"commentCount":0,"publisher":{"@id":"https:\/\/lepetitseptieme.ca\/en\/#organization"},"image":{"@id":"https:\/\/lepetitseptieme.ca\/en\/2025\/12\/14\/crave-and-tou-tv-extra-join-forces\/#primaryimage"},"thumbnailUrl":"https:\/\/lepetitseptieme.ca\/wp-content\/uploads\/2025\/12\/crave-x-ici-tou-tv-extra-Une.jpg","keywords":["Crave","ICI TouTV","Streaming","TouTV"],"articleSection":["News"],"inLanguage":"en-US","potentialAction":[{"@type":"CommentAction","name":"Comment","target":["https:\/\/lepetitseptieme.ca\/en\/2025\/12\/14\/crave-and-tou-tv-extra-join-forces\/#respond"]}]},{"@type":"WebPage","@id":"https:\/\/lepetitseptieme.ca\/en\/2025\/12\/14\/crave-and-tou-tv-extra-join-forces\/","url":"https:\/\/lepetitseptieme.ca\/en\/2025\/12\/14\/crave-and-tou-tv-extra-join-forces\/","name":"Crave and Tou.TV EXTRA join forces - Le petit septi\u00e8me","isPartOf":{"@id":"https:\/\/lepetitseptieme.ca\/en\/#website"},"primaryImageOfPage":{"@id":"https:\/\/lepetitseptieme.ca\/en\/2025\/12\/14\/crave-and-tou-tv-extra-join-forces\/#primaryimage"},"image":{"@id":"https:\/\/lepetitseptieme.ca\/en\/2025\/12\/14\/crave-and-tou-tv-extra-join-forces\/#primaryimage"},"thumbnailUrl":"https:\/\/lepetitseptieme.ca\/wp-content\/uploads\/2025\/12\/crave-x-ici-tou-tv-extra-Une.jpg","datePublished":"2025-12-14T12:00:00+00:00","description":"Bell Media and Radio-Canada have announced a new combined subscription package offer for the Canadian market, which includes Crave and ICI TOU.TV EXTRA.","breadcrumb":{"@id":"https:\/\/lepetitseptieme.ca\/en\/2025\/12\/14\/crave-and-tou-tv-extra-join-forces\/#breadcrumb"},"inLanguage":"en-US","potentialAction":[{"@type":"ReadAction","target":["https:\/\/lepetitseptieme.ca\/en\/2025\/12\/14\/crave-and-tou-tv-extra-join-forces\/"]}]},{"@type":"ImageObject","inLanguage":"en-US","@id":"https:\/\/lepetitseptieme.ca\/en\/2025\/12\/14\/crave-and-tou-tv-extra-join-forces\/#primaryimage","url":"https:\/\/lepetitseptieme.ca\/wp-content\/uploads\/2025\/12\/crave-x-ici-tou-tv-extra-Une.jpg","contentUrl":"https:\/\/lepetitseptieme.ca\/wp-content\/uploads\/2025\/12\/crave-x-ici-tou-tv-extra-Une.jpg","width":1920,"height":1080,"caption":"crave-x-ici-tou-tv-extra - Une"},{"@type":"BreadcrumbList","@id":"https:\/\/lepetitseptieme.ca\/en\/2025\/12\/14\/crave-and-tou-tv-extra-join-forces\/#breadcrumb","itemListElement":[{"@type":"ListItem","position":1,"name":"Home","item":"https:\/\/lepetitseptieme.ca\/en\/"},{"@type":"ListItem","position":2,"name":"Crave and Tou.TV EXTRA join forces"}]},{"@type":"WebSite","@id":"https:\/\/lepetitseptieme.ca\/en\/#website","url":"https:\/\/lepetitseptieme.ca\/en\/","name":"Le petit septi\u00e8me","description":"Reviews and comments on Quebec, international and author cinema","publisher":{"@id":"https:\/\/lepetitseptieme.ca\/en\/#organization"},"potentialAction":[{"@type":"SearchAction","target":{"@type":"EntryPoint","urlTemplate":"https:\/\/lepetitseptieme.ca\/en\/?s={search_term_string}"},"query-input":{"@type":"PropertyValueSpecification","valueRequired":true,"valueName":"search_term_string"}}],"inLanguage":"en-US"},{"@type":"Organization","@id":"https:\/\/lepetitseptieme.ca\/en\/#organization","name":"Le Petit Septi\u00e8me","url":"https:\/\/lepetitseptieme.ca\/en\/","logo":{"@type":"ImageObject","inLanguage":"en-US","@id":"https:\/\/lepetitseptieme.ca\/en\/#\/schema\/logo\/image\/","url":"https:\/\/lepetitseptieme.ca\/wp-content\/uploads\/2016\/05\/cropped-Logo-Le-Petit-Septi\u00e8me-2016-BW.png","contentUrl":"https:\/\/lepetitseptieme.ca\/wp-content\/uploads\/2016\/05\/cropped-Logo-Le-Petit-Septi\u00e8me-2016-BW.png","width":512,"height":512,"caption":"Le Petit Septi\u00e8me"},"image":{"@id":"https:\/\/lepetitseptieme.ca\/en\/#\/schema\/logo\/image\/"},"sameAs":["https:\/\/www.facebook.com\/pages\/Le-Petit-Septi\u00e8me\/494448933948121?ref=hl","https:\/\/x.com\/LePetitSeptieme","https:\/\/www.youtube.com\/channel\/UC5mdhI_jJvDN1I9fkk5RcIw"]},{"@type":"Person","@id":"https:\/\/lepetitseptieme.ca\/en\/#\/schema\/person\/12a0b9476b07b0f9a7cc8a82db87e8af","name":"Francois Grondin","image":{"@type":"ImageObject","inLanguage":"en-US","@id":"https:\/\/lepetitseptieme.ca\/en\/#\/schema\/person\/image\/","url":"https:\/\/secure.gravatar.com\/avatar\/cbc7d427b20502f8a471e632a3ac28d3200b0a6f80a7e6d8056f088f651d3888?s=96&d=mm&r=r","contentUrl":"https:\/\/secure.gravatar.com\/avatar\/cbc7d427b20502f8a471e632a3ac28d3200b0a6f80a7e6d8056f088f651d3888?s=96&d=mm&r=r","caption":"Francois Grondin"},"description":"Sp\u00e9cialiste en cin\u00e9ma international et en communication num\u00e9rique, cin\u00e9aste, photographe et passionn\u00e9 de cin\u00e9ma italien et japonais. Membre du jury pour le festival FICMAN et le SIFA Festival 2022 et, bien s\u00fbr, fier papa de 2!","sameAs":["https:\/\/lepetitseptieme.ca","https:\/\/www.facebook.com\/FGrondinArt\/","https:\/\/www.linkedin.com\/in\/francois-grondin-05895816\/","https:\/\/x.com\/fgrondin1221"],"url":"https:\/\/lepetitseptieme.ca\/en\/author\/francois\/"}]}},"_links":{"self":[{"href":"https:\/\/lepetitseptieme.ca\/en\/wp-json\/wp\/v2\/posts\/56799","targetHints":{"allow":["GET"]}}],"collection":[{"href":"https:\/\/lepetitseptieme.ca\/en\/wp-json\/wp\/v2\/posts"}],"about":[{"href":"https:\/\/lepetitseptieme.ca\/en\/wp-json\/wp\/v2\/types\/post"}],"author":[{"embeddable":true,"href":"https:\/\/lepetitseptieme.ca\/en\/wp-json\/wp\/v2\/users\/2"}],"replies":[{"embeddable":true,"href":"https:\/\/lepetitseptieme.ca\/en\/wp-json\/wp\/v2\/comments?post=56799"}],"version-history":[{"count":1,"href":"https:\/\/lepetitseptieme.ca\/en\/wp-json\/wp\/v2\/posts\/56799\/revisions"}],"predecessor-version":[{"id":56800,"href":"https:\/\/lepetitseptieme.ca\/en\/wp-json\/wp\/v2\/posts\/56799\/revisions\/56800"}],"wp:featuredmedia":[{"embeddable":true,"href":"https:\/\/lepetitseptieme.ca\/en\/wp-json\/wp\/v2\/media\/56792"}],"wp:attachment":[{"href":"https:\/\/lepetitseptieme.ca\/en\/wp-json\/wp\/v2\/media?parent=56799"}],"wp:term":[{"taxonomy":"category","embeddable":true,"href":"https:\/\/lepetitseptieme.ca\/en\/wp-json\/wp\/v2\/categories?post=56799"},{"taxonomy":"post_tag","embeddable":true,"href":"https:\/\/lepetitseptieme.ca\/en\/wp-json\/wp\/v2\/tags?post=56799"}],"curies":[{"name":"wp","href":"https:\/\/api.w.org\/{rel}","templated":true}]}}