{"id":56499,"date":"2025-11-25T07:00:00","date_gmt":"2025-11-25T12:00:00","guid":{"rendered":"https:\/\/lepetitseptieme.ca\/?p=56499"},"modified":"2025-11-24T18:55:44","modified_gmt":"2025-11-24T23:55:44","slug":"animated-feature-film-category-oscars-list","status":"publish","type":"post","link":"https:\/\/lepetitseptieme.ca\/en\/2025\/11\/25\/animated-feature-film-category-oscars-list\/","title":{"rendered":"Animated Feature Film Category | Oscars list"},"content":{"rendered":"\n<p>The Oscars Academy has started to announce the lists of potential nominations.&nbsp;<\/p>\n\n\n\n<p>Thirty-five features are eligible for consideration in the Animated Feature Film category for the 98th Academy Awards. Some of the films have not yet had their required qualifying release and must fulfill that requirement and comply with all the category\u2019s other qualifying rules to advance in the voting process.<\/p>\n\n\n\n<p>To determine the five nominees, members of the Animation Branch are automatically eligible to vote in the category. Academy members outside of the Animation Branch are invited to opt in to participate and must meet a minimum viewing requirement to be eligible to vote in the category. Films submitted in the Animated Feature Film category may also qualify for Academy Awards in other categories, including Best Picture. Animated features that have been submitted in the International Feature Film category as their country\u2019s official selection are also eligible in the category.<\/p>\n\n\n\n<figure class=\"wp-block-image aligncenter size-full\"><img loading=\"lazy\" decoding=\"async\" width=\"1800\" height=\"765\" src=\"https:\/\/lepetitseptieme.ca\/wp-content\/uploads\/2025\/07\/Chao-Des-humains-et-des-sirenes.jpg\" alt=\"Chao - Des humains et des sir\u00e8nes\" class=\"wp-image-54060\" srcset=\"https:\/\/lepetitseptieme.ca\/wp-content\/uploads\/2025\/07\/Chao-Des-humains-et-des-sirenes.jpg 1800w, https:\/\/lepetitseptieme.ca\/wp-content\/uploads\/2025\/07\/Chao-Des-humains-et-des-sirenes-300x128.jpg 300w, https:\/\/lepetitseptieme.ca\/wp-content\/uploads\/2025\/07\/Chao-Des-humains-et-des-sirenes-1024x435.jpg 1024w, https:\/\/lepetitseptieme.ca\/wp-content\/uploads\/2025\/07\/Chao-Des-humains-et-des-sirenes-768x326.jpg 768w, https:\/\/lepetitseptieme.ca\/wp-content\/uploads\/2025\/07\/Chao-Des-humains-et-des-sirenes-1536x653.jpg 1536w, https:\/\/lepetitseptieme.ca\/wp-content\/uploads\/2025\/07\/Chao-Des-humains-et-des-sirenes-600x255.jpg 600w\" sizes=\"auto, (max-width: 1800px) 100vw, 1800px\" \/><figcaption class=\"wp-element-caption\"><em>ChaO<\/em><\/figcaption><\/figure>\n\n\n\n<p>Here are the movies that are eligible for consideration.<\/p>\n\n\n\n<ul class=\"wp-block-list\">\n<li>&#8220;All Operators Are Currently Unavailable&#8221;<\/li>\n\n\n\n<li>&#8220;Arco&#8221;<\/li>\n\n\n\n<li>&#8220;The Bad Guys 2&#8221;<\/li>\n\n\n\n<li>&#8220;Black Butterflies&#8221;<\/li>\n\n\n\n<li>&#8220;Boys Go to Jupiter&#8221;<\/li>\n\n\n\n<li>&#8220;Chainsaw Man \u2013 The Movie: Reze Arc&#8221;<\/li>\n\n\n\n<li>&#8220;ChaO&#8221;<\/li>\n\n\n\n<li>&#8220;Colorful Stage! The Movie: A Miku Who Can&#8217;t Sing&#8221;<\/li>\n\n\n\n<li>&#8220;David&#8221;<\/li>\n\n\n\n<li>&#8220;Demon Slayer: Kimetsu no Yaiba Infinity Castle&#8221;<\/li>\n\n\n\n<li>&#8220;Dog Man&#8221;<\/li>\n\n\n\n<li>&#8220;Dog of God&#8221;<\/li>\n\n\n\n<li>&#8220;Dragon Heart \u2013 Adventures Beyond This World&#8221;<\/li>\n\n\n\n<li>&#8220;Elio&#8221;<\/li>\n\n\n\n<li>&#8220;Endless Cookie&#8221;<\/li>\n\n\n\n<li>&#8220;Fixed&#8221;<\/li>\n\n\n\n<li>&#8220;Gabby&#8217;s Dollhouse: The Movie&#8221;<\/li>\n\n\n\n<li>&#8220;In Your Dreams&#8221;<\/li>\n\n\n\n<li>&#8220;KPop Demon Hunters&#8221;<\/li>\n\n\n\n<li>&#8220;The Legend of Hei 2&#8221;<\/li>\n\n\n\n<li>&#8220;Light of the World&#8221;<\/li>\n\n\n\n<li>&#8220;Little Am\u00e9lie or the Character of Rain&#8221;<\/li>\n\n\n\n<li>&#8220;Lost in Starlight&#8221;<\/li>\n\n\n\n<li>&#8220;A Magnificent Life&#8221;<\/li>\n\n\n\n<li>&#8220;Mahavatar Narsimha&#8221;<\/li>\n\n\n\n<li>&#8220;Night of the Zoopocalypse&#8221;<\/li>\n\n\n\n<li>&#8220;Olivia &amp; las Nubes&#8221;<\/li>\n\n\n\n<li>&#8220;100 Meters&#8221;<\/li>\n\n\n\n<li>&#8220;Out of the Nest&#8221;<\/li>\n\n\n\n<li>&#8220;Scarlet&#8221;<\/li>\n\n\n\n<li>&#8220;Slide&#8221;<\/li>\n\n\n\n<li>&#8220;The SpongeBob Movie: Search for SquarePants&#8221;<\/li>\n\n\n\n<li>&#8220;<a href=\"https:\/\/lepetitseptieme.ca\/en\/2025\/10\/30\/stitch-head-be-horrific\/\">Stitch Head<\/a>&#8220;<\/li>\n\n\n\n<li>&#8220;The Twits&#8221;<\/li>\n\n\n\n<li>&#8220;Zootopia 2&#8221;<\/li>\n<\/ul>\n","protected":false},"excerpt":{"rendered":"<p>The Oscars Academy has started to announce the lists of potential nominations.&nbsp; Thirty-five features are eligible for consideration in the Animated Feature Film category for the 98th Academy Awards. Some of the films have not yet had their required qualifying release and must fulfill that requirement and comply with all the category\u2019s other qualifying rules [&hellip;]<\/p>\n","protected":false},"author":2,"featured_media":56506,"comment_status":"open","ping_status":"open","sticky":false,"template":"","format":"standard","meta":{"_acf_changed":false,"site-sidebar-layout":"default","site-content-layout":"","ast-site-content-layout":"default","site-content-style":"default","site-sidebar-style":"default","ast-global-header-display":"","ast-banner-title-visibility":"","ast-main-header-display":"","ast-hfb-above-header-display":"","ast-hfb-below-header-display":"","ast-hfb-mobile-header-display":"","site-post-title":"","ast-breadcrumbs-content":"","ast-featured-img":"","footer-sml-layout":"","ast-disable-related-posts":"","theme-transparent-header-meta":"","adv-header-id-meta":"","stick-header-meta":"","header-above-stick-meta":"","header-main-stick-meta":"","header-below-stick-meta":"","astra-migrate-meta-layouts":"set","ast-page-background-enabled":"default","ast-page-background-meta":{"desktop":{"background-color":"var(--ast-global-color-4)","background-image":"","background-repeat":"repeat","background-position":"center center","background-size":"auto","background-attachment":"scroll","background-type":"","background-media":"","overlay-type":"","overlay-color":"","overlay-opacity":"","overlay-gradient":""},"tablet":{"background-color":"","background-image":"","background-repeat":"repeat","background-position":"center center","background-size":"auto","background-attachment":"scroll","background-type":"","background-media":"","overlay-type":"","overlay-color":"","overlay-opacity":"","overlay-gradient":""},"mobile":{"background-color":"","background-image":"","background-repeat":"repeat","background-position":"center center","background-size":"auto","background-attachment":"scroll","background-type":"","background-media":"","overlay-type":"","overlay-color":"","overlay-opacity":"","overlay-gradient":""}},"ast-content-background-meta":{"desktop":{"background-color":"var(--ast-global-color-5)","background-image":"","background-repeat":"repeat","background-position":"center center","background-size":"auto","background-attachment":"scroll","background-type":"","background-media":"","overlay-type":"","overlay-color":"","overlay-opacity":"","overlay-gradient":""},"tablet":{"background-color":"var(--ast-global-color-5)","background-image":"","background-repeat":"repeat","background-position":"center center","background-size":"auto","background-attachment":"scroll","background-type":"","background-media":"","overlay-type":"","overlay-color":"","overlay-opacity":"","overlay-gradient":""},"mobile":{"background-color":"var(--ast-global-color-5)","background-image":"","background-repeat":"repeat","background-position":"center center","background-size":"auto","background-attachment":"scroll","background-type":"","background-media":"","overlay-type":"","overlay-color":"","overlay-opacity":"","overlay-gradient":""}},"footnotes":""},"categories":[5162],"tags":[20827,33440],"class_list":["post-56499","post","type-post","status-publish","format-standard","has-post-thumbnail","hentry","category-news","tag-oscars-en","tag-oscars-2026"],"acf":[],"yoast_head":"<!-- This site is optimized with the Yoast SEO plugin v27.1.1 - https:\/\/yoast.com\/product\/yoast-seo-wordpress\/ -->\n<title>Animated Feature Film Category | Oscars list - Le petit septi\u00e8me<\/title>\n<meta name=\"description\" content=\"The Oscars Academy has started to announce the lists of potential nominations. Here are the movies that are eligible for consideration in the Animated Feature Film category.\" \/>\n<meta name=\"robots\" content=\"index, follow, max-snippet:-1, max-image-preview:large, max-video-preview:-1\" \/>\n<link rel=\"canonical\" href=\"https:\/\/lepetitseptieme.ca\/en\/2025\/11\/25\/animated-feature-film-category-oscars-list\/\" \/>\n<meta property=\"og:locale\" content=\"en_US\" \/>\n<meta property=\"og:type\" content=\"article\" \/>\n<meta property=\"og:title\" content=\"Animated Feature Film Category | Oscars list\" \/>\n<meta property=\"og:description\" content=\"The Oscars Academy has started to announce the lists of potential nominations. Here are the movies that are eligible for consideration in the Animated Feature Film category.\" \/>\n<meta property=\"og:url\" content=\"https:\/\/lepetitseptieme.ca\/en\/2025\/11\/25\/animated-feature-film-category-oscars-list\/\" \/>\n<meta property=\"og:site_name\" content=\"Le petit septi\u00e8me\" \/>\n<meta property=\"article:publisher\" content=\"https:\/\/www.facebook.com\/pages\/Le-Petit-Septi%c3%a8me\/494448933948121?ref=hl\" \/>\n<meta property=\"article:author\" content=\"https:\/\/www.facebook.com\/FGrondinArt\/\" \/>\n<meta property=\"article:published_time\" content=\"2025-11-25T12:00:00+00:00\" \/>\n<meta property=\"og:image\" content=\"https:\/\/lepetitseptieme.ca\/wp-content\/uploads\/2025\/11\/Longue-liste-documentaires-animes-Oscar-2026-Une.jpg\" \/>\n\t<meta property=\"og:image:width\" content=\"1920\" \/>\n\t<meta property=\"og:image:height\" content=\"1080\" \/>\n\t<meta property=\"og:image:type\" content=\"image\/jpeg\" \/>\n<meta name=\"author\" content=\"Francois Grondin\" \/>\n<meta name=\"twitter:card\" content=\"summary_large_image\" \/>\n<meta name=\"twitter:title\" content=\"Animated Feature Film Category | Oscars list\" \/>\n<meta name=\"twitter:description\" content=\"The Oscars Academy has started to announce the lists of potential nominations. Here are the movies that are eligible for consideration in the Animated Feature Film category.\" \/>\n<meta name=\"twitter:image\" content=\"https:\/\/lepetitseptieme.ca\/wp-content\/uploads\/2025\/11\/Longue-liste-documentaires-animes-Oscar-2026-Une.jpg\" \/>\n<meta name=\"twitter:creator\" content=\"@fgrondin1221\" \/>\n<meta name=\"twitter:site\" content=\"@LePetitSeptieme\" \/>\n<meta name=\"twitter:label1\" content=\"Written by\" \/>\n\t<meta name=\"twitter:data1\" content=\"Francois Grondin\" \/>\n\t<meta name=\"twitter:label2\" content=\"Est. reading time\" \/>\n\t<meta name=\"twitter:data2\" content=\"2 minutes\" \/>\n<script type=\"application\/ld+json\" class=\"yoast-schema-graph\">{\"@context\":\"https:\/\/schema.org\",\"@graph\":[{\"@type\":\"Article\",\"@id\":\"https:\/\/lepetitseptieme.ca\/en\/2025\/11\/25\/animated-feature-film-category-oscars-list\/#article\",\"isPartOf\":{\"@id\":\"https:\/\/lepetitseptieme.ca\/en\/2025\/11\/25\/animated-feature-film-category-oscars-list\/\"},\"author\":{\"name\":\"Francois Grondin\",\"@id\":\"https:\/\/lepetitseptieme.ca\/en\/#\/schema\/person\/12a0b9476b07b0f9a7cc8a82db87e8af\"},\"headline\":\"Animated Feature Film Category | Oscars list\",\"datePublished\":\"2025-11-25T12:00:00+00:00\",\"mainEntityOfPage\":{\"@id\":\"https:\/\/lepetitseptieme.ca\/en\/2025\/11\/25\/animated-feature-film-category-oscars-list\/\"},\"wordCount\":286,\"commentCount\":0,\"publisher\":{\"@id\":\"https:\/\/lepetitseptieme.ca\/en\/#organization\"},\"image\":{\"@id\":\"https:\/\/lepetitseptieme.ca\/en\/2025\/11\/25\/animated-feature-film-category-oscars-list\/#primaryimage\"},\"thumbnailUrl\":\"https:\/\/lepetitseptieme.ca\/wp-content\/uploads\/2025\/11\/Longue-liste-long-metrage-animes-Oscar-2026-Une.jpg\",\"keywords\":[\"Oscars\",\"Oscars 2026\"],\"articleSection\":[\"News\"],\"inLanguage\":\"en-US\",\"potentialAction\":[{\"@type\":\"CommentAction\",\"name\":\"Comment\",\"target\":[\"https:\/\/lepetitseptieme.ca\/en\/2025\/11\/25\/animated-feature-film-category-oscars-list\/#respond\"]}]},{\"@type\":\"WebPage\",\"@id\":\"https:\/\/lepetitseptieme.ca\/en\/2025\/11\/25\/animated-feature-film-category-oscars-list\/\",\"url\":\"https:\/\/lepetitseptieme.ca\/en\/2025\/11\/25\/animated-feature-film-category-oscars-list\/\",\"name\":\"Animated Feature Film Category | Oscars list - Le petit septi\u00e8me\",\"isPartOf\":{\"@id\":\"https:\/\/lepetitseptieme.ca\/en\/#website\"},\"primaryImageOfPage\":{\"@id\":\"https:\/\/lepetitseptieme.ca\/en\/2025\/11\/25\/animated-feature-film-category-oscars-list\/#primaryimage\"},\"image\":{\"@id\":\"https:\/\/lepetitseptieme.ca\/en\/2025\/11\/25\/animated-feature-film-category-oscars-list\/#primaryimage\"},\"thumbnailUrl\":\"https:\/\/lepetitseptieme.ca\/wp-content\/uploads\/2025\/11\/Longue-liste-long-metrage-animes-Oscar-2026-Une.jpg\",\"datePublished\":\"2025-11-25T12:00:00+00:00\",\"description\":\"The Oscars Academy has started to announce the lists of potential nominations. Here are the movies that are eligible for consideration in the Animated Feature Film category.\",\"breadcrumb\":{\"@id\":\"https:\/\/lepetitseptieme.ca\/en\/2025\/11\/25\/animated-feature-film-category-oscars-list\/#breadcrumb\"},\"inLanguage\":\"en-US\",\"potentialAction\":[{\"@type\":\"ReadAction\",\"target\":[\"https:\/\/lepetitseptieme.ca\/en\/2025\/11\/25\/animated-feature-film-category-oscars-list\/\"]}]},{\"@type\":\"ImageObject\",\"inLanguage\":\"en-US\",\"@id\":\"https:\/\/lepetitseptieme.ca\/en\/2025\/11\/25\/animated-feature-film-category-oscars-list\/#primaryimage\",\"url\":\"https:\/\/lepetitseptieme.ca\/wp-content\/uploads\/2025\/11\/Longue-liste-long-metrage-animes-Oscar-2026-Une.jpg\",\"contentUrl\":\"https:\/\/lepetitseptieme.ca\/wp-content\/uploads\/2025\/11\/Longue-liste-long-metrage-animes-Oscar-2026-Une.jpg\",\"width\":1920,\"height\":1080,\"caption\":\"Longue liste long m\u00e9trage anim\u00e9s Oscar 2026 - Une\"},{\"@type\":\"BreadcrumbList\",\"@id\":\"https:\/\/lepetitseptieme.ca\/en\/2025\/11\/25\/animated-feature-film-category-oscars-list\/#breadcrumb\",\"itemListElement\":[{\"@type\":\"ListItem\",\"position\":1,\"name\":\"Home\",\"item\":\"https:\/\/lepetitseptieme.ca\/en\/\"},{\"@type\":\"ListItem\",\"position\":2,\"name\":\"Animated Feature Film Category | Oscars list\"}]},{\"@type\":\"WebSite\",\"@id\":\"https:\/\/lepetitseptieme.ca\/en\/#website\",\"url\":\"https:\/\/lepetitseptieme.ca\/en\/\",\"name\":\"Le petit septi\u00e8me\",\"description\":\"Reviews and comments on Quebec, international and author cinema\",\"publisher\":{\"@id\":\"https:\/\/lepetitseptieme.ca\/en\/#organization\"},\"potentialAction\":[{\"@type\":\"SearchAction\",\"target\":{\"@type\":\"EntryPoint\",\"urlTemplate\":\"https:\/\/lepetitseptieme.ca\/en\/?s={search_term_string}\"},\"query-input\":{\"@type\":\"PropertyValueSpecification\",\"valueRequired\":true,\"valueName\":\"search_term_string\"}}],\"inLanguage\":\"en-US\"},{\"@type\":\"Organization\",\"@id\":\"https:\/\/lepetitseptieme.ca\/en\/#organization\",\"name\":\"Le Petit Septi\u00e8me\",\"url\":\"https:\/\/lepetitseptieme.ca\/en\/\",\"logo\":{\"@type\":\"ImageObject\",\"inLanguage\":\"en-US\",\"@id\":\"https:\/\/lepetitseptieme.ca\/en\/#\/schema\/logo\/image\/\",\"url\":\"https:\/\/lepetitseptieme.ca\/wp-content\/uploads\/2016\/05\/cropped-Logo-Le-Petit-Septi\u00e8me-2016-BW.png\",\"contentUrl\":\"https:\/\/lepetitseptieme.ca\/wp-content\/uploads\/2016\/05\/cropped-Logo-Le-Petit-Septi\u00e8me-2016-BW.png\",\"width\":512,\"height\":512,\"caption\":\"Le Petit Septi\u00e8me\"},\"image\":{\"@id\":\"https:\/\/lepetitseptieme.ca\/en\/#\/schema\/logo\/image\/\"},\"sameAs\":[\"https:\/\/www.facebook.com\/pages\/Le-Petit-Septi\u00e8me\/494448933948121?ref=hl\",\"https:\/\/x.com\/LePetitSeptieme\",\"https:\/\/www.youtube.com\/channel\/UC5mdhI_jJvDN1I9fkk5RcIw\"]},{\"@type\":\"Person\",\"@id\":\"https:\/\/lepetitseptieme.ca\/en\/#\/schema\/person\/12a0b9476b07b0f9a7cc8a82db87e8af\",\"name\":\"Francois Grondin\",\"image\":{\"@type\":\"ImageObject\",\"inLanguage\":\"en-US\",\"@id\":\"https:\/\/lepetitseptieme.ca\/en\/#\/schema\/person\/image\/\",\"url\":\"https:\/\/secure.gravatar.com\/avatar\/cbc7d427b20502f8a471e632a3ac28d3200b0a6f80a7e6d8056f088f651d3888?s=96&d=mm&r=r\",\"contentUrl\":\"https:\/\/secure.gravatar.com\/avatar\/cbc7d427b20502f8a471e632a3ac28d3200b0a6f80a7e6d8056f088f651d3888?s=96&d=mm&r=r\",\"caption\":\"Francois Grondin\"},\"description\":\"Sp\u00e9cialiste en cin\u00e9ma international et en communication num\u00e9rique, cin\u00e9aste, photographe et passionn\u00e9 de cin\u00e9ma italien et japonais. Membre du jury pour le festival FICMAN et le SIFA Festival 2022 et, bien s\u00fbr, fier papa de 2!\",\"sameAs\":[\"https:\/\/lepetitseptieme.ca\",\"https:\/\/www.facebook.com\/FGrondinArt\/\",\"https:\/\/www.linkedin.com\/in\/francois-grondin-05895816\/\",\"https:\/\/x.com\/fgrondin1221\"],\"url\":\"https:\/\/lepetitseptieme.ca\/en\/author\/francois\/\"}]}<\/script>\n<!-- \/ Yoast SEO plugin. -->","yoast_head_json":{"title":"Animated Feature Film Category | Oscars list - Le petit septi\u00e8me","description":"The Oscars Academy has started to announce the lists of potential nominations. Here are the movies that are eligible for consideration in the Animated Feature Film category.","robots":{"index":"index","follow":"follow","max-snippet":"max-snippet:-1","max-image-preview":"max-image-preview:large","max-video-preview":"max-video-preview:-1"},"canonical":"https:\/\/lepetitseptieme.ca\/en\/2025\/11\/25\/animated-feature-film-category-oscars-list\/","og_locale":"en_US","og_type":"article","og_title":"Animated Feature Film Category | Oscars list","og_description":"The Oscars Academy has started to announce the lists of potential nominations. Here are the movies that are eligible for consideration in the Animated Feature Film category.","og_url":"https:\/\/lepetitseptieme.ca\/en\/2025\/11\/25\/animated-feature-film-category-oscars-list\/","og_site_name":"Le petit septi\u00e8me","article_publisher":"https:\/\/www.facebook.com\/pages\/Le-Petit-Septi%c3%a8me\/494448933948121?ref=hl","article_author":"https:\/\/www.facebook.com\/FGrondinArt\/","article_published_time":"2025-11-25T12:00:00+00:00","og_image":[{"width":1920,"height":1080,"url":"https:\/\/lepetitseptieme.ca\/wp-content\/uploads\/2025\/11\/Longue-liste-documentaires-animes-Oscar-2026-Une.jpg","type":"image\/jpeg"}],"author":"Francois Grondin","twitter_card":"summary_large_image","twitter_title":"Animated Feature Film Category | Oscars list","twitter_description":"The Oscars Academy has started to announce the lists of potential nominations. Here are the movies that are eligible for consideration in the Animated Feature Film category.","twitter_image":"https:\/\/lepetitseptieme.ca\/wp-content\/uploads\/2025\/11\/Longue-liste-documentaires-animes-Oscar-2026-Une.jpg","twitter_creator":"@fgrondin1221","twitter_site":"@LePetitSeptieme","twitter_misc":{"Written by":"Francois Grondin","Est. reading time":"2 minutes"},"schema":{"@context":"https:\/\/schema.org","@graph":[{"@type":"Article","@id":"https:\/\/lepetitseptieme.ca\/en\/2025\/11\/25\/animated-feature-film-category-oscars-list\/#article","isPartOf":{"@id":"https:\/\/lepetitseptieme.ca\/en\/2025\/11\/25\/animated-feature-film-category-oscars-list\/"},"author":{"name":"Francois Grondin","@id":"https:\/\/lepetitseptieme.ca\/en\/#\/schema\/person\/12a0b9476b07b0f9a7cc8a82db87e8af"},"headline":"Animated Feature Film Category | Oscars list","datePublished":"2025-11-25T12:00:00+00:00","mainEntityOfPage":{"@id":"https:\/\/lepetitseptieme.ca\/en\/2025\/11\/25\/animated-feature-film-category-oscars-list\/"},"wordCount":286,"commentCount":0,"publisher":{"@id":"https:\/\/lepetitseptieme.ca\/en\/#organization"},"image":{"@id":"https:\/\/lepetitseptieme.ca\/en\/2025\/11\/25\/animated-feature-film-category-oscars-list\/#primaryimage"},"thumbnailUrl":"https:\/\/lepetitseptieme.ca\/wp-content\/uploads\/2025\/11\/Longue-liste-long-metrage-animes-Oscar-2026-Une.jpg","keywords":["Oscars","Oscars 2026"],"articleSection":["News"],"inLanguage":"en-US","potentialAction":[{"@type":"CommentAction","name":"Comment","target":["https:\/\/lepetitseptieme.ca\/en\/2025\/11\/25\/animated-feature-film-category-oscars-list\/#respond"]}]},{"@type":"WebPage","@id":"https:\/\/lepetitseptieme.ca\/en\/2025\/11\/25\/animated-feature-film-category-oscars-list\/","url":"https:\/\/lepetitseptieme.ca\/en\/2025\/11\/25\/animated-feature-film-category-oscars-list\/","name":"Animated Feature Film Category | Oscars list - Le petit septi\u00e8me","isPartOf":{"@id":"https:\/\/lepetitseptieme.ca\/en\/#website"},"primaryImageOfPage":{"@id":"https:\/\/lepetitseptieme.ca\/en\/2025\/11\/25\/animated-feature-film-category-oscars-list\/#primaryimage"},"image":{"@id":"https:\/\/lepetitseptieme.ca\/en\/2025\/11\/25\/animated-feature-film-category-oscars-list\/#primaryimage"},"thumbnailUrl":"https:\/\/lepetitseptieme.ca\/wp-content\/uploads\/2025\/11\/Longue-liste-long-metrage-animes-Oscar-2026-Une.jpg","datePublished":"2025-11-25T12:00:00+00:00","description":"The Oscars Academy has started to announce the lists of potential nominations. Here are the movies that are eligible for consideration in the Animated Feature Film category.","breadcrumb":{"@id":"https:\/\/lepetitseptieme.ca\/en\/2025\/11\/25\/animated-feature-film-category-oscars-list\/#breadcrumb"},"inLanguage":"en-US","potentialAction":[{"@type":"ReadAction","target":["https:\/\/lepetitseptieme.ca\/en\/2025\/11\/25\/animated-feature-film-category-oscars-list\/"]}]},{"@type":"ImageObject","inLanguage":"en-US","@id":"https:\/\/lepetitseptieme.ca\/en\/2025\/11\/25\/animated-feature-film-category-oscars-list\/#primaryimage","url":"https:\/\/lepetitseptieme.ca\/wp-content\/uploads\/2025\/11\/Longue-liste-long-metrage-animes-Oscar-2026-Une.jpg","contentUrl":"https:\/\/lepetitseptieme.ca\/wp-content\/uploads\/2025\/11\/Longue-liste-long-metrage-animes-Oscar-2026-Une.jpg","width":1920,"height":1080,"caption":"Longue liste long m\u00e9trage anim\u00e9s Oscar 2026 - Une"},{"@type":"BreadcrumbList","@id":"https:\/\/lepetitseptieme.ca\/en\/2025\/11\/25\/animated-feature-film-category-oscars-list\/#breadcrumb","itemListElement":[{"@type":"ListItem","position":1,"name":"Home","item":"https:\/\/lepetitseptieme.ca\/en\/"},{"@type":"ListItem","position":2,"name":"Animated Feature Film Category | Oscars list"}]},{"@type":"WebSite","@id":"https:\/\/lepetitseptieme.ca\/en\/#website","url":"https:\/\/lepetitseptieme.ca\/en\/","name":"Le petit septi\u00e8me","description":"Reviews and comments on Quebec, international and author cinema","publisher":{"@id":"https:\/\/lepetitseptieme.ca\/en\/#organization"},"potentialAction":[{"@type":"SearchAction","target":{"@type":"EntryPoint","urlTemplate":"https:\/\/lepetitseptieme.ca\/en\/?s={search_term_string}"},"query-input":{"@type":"PropertyValueSpecification","valueRequired":true,"valueName":"search_term_string"}}],"inLanguage":"en-US"},{"@type":"Organization","@id":"https:\/\/lepetitseptieme.ca\/en\/#organization","name":"Le Petit Septi\u00e8me","url":"https:\/\/lepetitseptieme.ca\/en\/","logo":{"@type":"ImageObject","inLanguage":"en-US","@id":"https:\/\/lepetitseptieme.ca\/en\/#\/schema\/logo\/image\/","url":"https:\/\/lepetitseptieme.ca\/wp-content\/uploads\/2016\/05\/cropped-Logo-Le-Petit-Septi\u00e8me-2016-BW.png","contentUrl":"https:\/\/lepetitseptieme.ca\/wp-content\/uploads\/2016\/05\/cropped-Logo-Le-Petit-Septi\u00e8me-2016-BW.png","width":512,"height":512,"caption":"Le Petit Septi\u00e8me"},"image":{"@id":"https:\/\/lepetitseptieme.ca\/en\/#\/schema\/logo\/image\/"},"sameAs":["https:\/\/www.facebook.com\/pages\/Le-Petit-Septi\u00e8me\/494448933948121?ref=hl","https:\/\/x.com\/LePetitSeptieme","https:\/\/www.youtube.com\/channel\/UC5mdhI_jJvDN1I9fkk5RcIw"]},{"@type":"Person","@id":"https:\/\/lepetitseptieme.ca\/en\/#\/schema\/person\/12a0b9476b07b0f9a7cc8a82db87e8af","name":"Francois Grondin","image":{"@type":"ImageObject","inLanguage":"en-US","@id":"https:\/\/lepetitseptieme.ca\/en\/#\/schema\/person\/image\/","url":"https:\/\/secure.gravatar.com\/avatar\/cbc7d427b20502f8a471e632a3ac28d3200b0a6f80a7e6d8056f088f651d3888?s=96&d=mm&r=r","contentUrl":"https:\/\/secure.gravatar.com\/avatar\/cbc7d427b20502f8a471e632a3ac28d3200b0a6f80a7e6d8056f088f651d3888?s=96&d=mm&r=r","caption":"Francois Grondin"},"description":"Sp\u00e9cialiste en cin\u00e9ma international et en communication num\u00e9rique, cin\u00e9aste, photographe et passionn\u00e9 de cin\u00e9ma italien et japonais. Membre du jury pour le festival FICMAN et le SIFA Festival 2022 et, bien s\u00fbr, fier papa de 2!","sameAs":["https:\/\/lepetitseptieme.ca","https:\/\/www.facebook.com\/FGrondinArt\/","https:\/\/www.linkedin.com\/in\/francois-grondin-05895816\/","https:\/\/x.com\/fgrondin1221"],"url":"https:\/\/lepetitseptieme.ca\/en\/author\/francois\/"}]}},"_links":{"self":[{"href":"https:\/\/lepetitseptieme.ca\/en\/wp-json\/wp\/v2\/posts\/56499","targetHints":{"allow":["GET"]}}],"collection":[{"href":"https:\/\/lepetitseptieme.ca\/en\/wp-json\/wp\/v2\/posts"}],"about":[{"href":"https:\/\/lepetitseptieme.ca\/en\/wp-json\/wp\/v2\/types\/post"}],"author":[{"embeddable":true,"href":"https:\/\/lepetitseptieme.ca\/en\/wp-json\/wp\/v2\/users\/2"}],"replies":[{"embeddable":true,"href":"https:\/\/lepetitseptieme.ca\/en\/wp-json\/wp\/v2\/comments?post=56499"}],"version-history":[{"count":1,"href":"https:\/\/lepetitseptieme.ca\/en\/wp-json\/wp\/v2\/posts\/56499\/revisions"}],"predecessor-version":[{"id":56500,"href":"https:\/\/lepetitseptieme.ca\/en\/wp-json\/wp\/v2\/posts\/56499\/revisions\/56500"}],"wp:featuredmedia":[{"embeddable":true,"href":"https:\/\/lepetitseptieme.ca\/en\/wp-json\/wp\/v2\/media\/56506"}],"wp:attachment":[{"href":"https:\/\/lepetitseptieme.ca\/en\/wp-json\/wp\/v2\/media?parent=56499"}],"wp:term":[{"taxonomy":"category","embeddable":true,"href":"https:\/\/lepetitseptieme.ca\/en\/wp-json\/wp\/v2\/categories?post=56499"},{"taxonomy":"post_tag","embeddable":true,"href":"https:\/\/lepetitseptieme.ca\/en\/wp-json\/wp\/v2\/tags?post=56499"}],"curies":[{"name":"wp","href":"https:\/\/api.w.org\/{rel}","templated":true}]}}