{"id":56170,"date":"2025-11-04T07:00:00","date_gmt":"2025-11-04T12:00:00","guid":{"rendered":"https:\/\/lepetitseptieme.ca\/?p=56170"},"modified":"2025-11-03T14:54:58","modified_gmt":"2025-11-03T19:54:58","slug":"imagenation-2025-presentation","status":"publish","type":"post","link":"https:\/\/lepetitseptieme.ca\/en\/2025\/11\/04\/imagenation-2025-presentation\/","title":{"rendered":"image+nation 2025 | Presentation"},"content":{"rendered":"\n<p>Canada\u2019s first LGBTQ+ film festival, image+nation. LGBT2SQueer Film Festival Montreal returns from November 20 to 30, 2025 with a program featuring works by major names in world queer cinema as well as new discoveries. To extend the experience online, screenings of award-winning films and exclusive content will be offered until December 7, 2025.<\/p>\n\n\n\n<p>To open this 2025 edition, the festival will host the world premiere of Canadian director Gail Maurice\u2019s new film, <em>Blood Lines<\/em>, which will be presented at the Th\u00e9\u00e2tre Outremont on November 20, 2025. Filmed in a M\u00e9tis village and in the Michif language (spoken by less than 1,200 people), Maurice&#8217;s evocative film unveils landscapes and communities never before seen on screen. Offering a clear-eyed look at the lives of adopted Indigenous children and intergenerational trauma, <em>Blood Lines<\/em> is a female-centered narrative exploring survival, patience, and community. Carried by a unique and warm humour, this new feature film by Gail Maurice, which follows <em>Rosie<\/em>, the opening film of I+N35 in 2022, stands out as one of the year\u2019s most audacious releases.<\/p>\n\n\n\n<p>The year 2025 also marks the 25th anniversary of Queerment Qu\u00e9bec (QQ25), image+nation&#8217;s flagship initiative that supports queer filmmakers from Montreal and Quebec. The QQ25 event will be highlighted with special retrospective elements during its signature evening at the PHI Centre, in a night filled with meetings, exchanges, and discussions with the filmmakers in attendance.<\/p>\n\n\n\n<p>Two new activities are also making their debut in the 2025 program.<\/p>\n\n\n\n<p>To encourage networking and collaboration among the new generation of young Quebec filmmakers, The Student Night, a new initiative, brings together college (c\u00e9gep) and university students in a space for exchanges and ideas. Highlighting the next wave of Quebec queer cinema and offering the public the opportunity to discover the next wave of LGBTQ+ storytellers, this evening, held at the NFB (National Film Board), promises to be a source of inspiration and new collaborations.<\/p>\n\n\n\n<p>Finally, image+nation will also present The KINO Night, a presentation of queer short films created in collaboration with KINO Montr\u00e9al. Celebrating the creativity and diversity of LGBTQ+ narratives, this event, also at the NFB, combines screening and networking, fostering connections between independent filmmakers and their peers.<\/p>\n\n\n\n<p>The complete program will be announced soon.<\/p>\n","protected":false},"excerpt":{"rendered":"<p>Canada\u2019s first LGBTQ+ film festival, image+nation. LGBT2SQueer Film Festival Montreal returns from November 20 to 30, 2025 with a program featuring works by major names in world queer cinema as well as new discoveries. To extend the experience online, screenings of award-winning films and exclusive content will be offered until December 7, 2025. To open [&hellip;]<\/p>\n","protected":false},"author":2,"featured_media":56167,"comment_status":"open","ping_status":"open","sticky":false,"template":"","format":"standard","meta":{"_acf_changed":false,"site-sidebar-layout":"default","site-content-layout":"","ast-site-content-layout":"default","site-content-style":"default","site-sidebar-style":"default","ast-global-header-display":"","ast-banner-title-visibility":"","ast-main-header-display":"","ast-hfb-above-header-display":"","ast-hfb-below-header-display":"","ast-hfb-mobile-header-display":"","site-post-title":"","ast-breadcrumbs-content":"","ast-featured-img":"","footer-sml-layout":"","ast-disable-related-posts":"","theme-transparent-header-meta":"","adv-header-id-meta":"","stick-header-meta":"","header-above-stick-meta":"","header-main-stick-meta":"","header-below-stick-meta":"","astra-migrate-meta-layouts":"set","ast-page-background-enabled":"default","ast-page-background-meta":{"desktop":{"background-color":"var(--ast-global-color-4)","background-image":"","background-repeat":"repeat","background-position":"center center","background-size":"auto","background-attachment":"scroll","background-type":"","background-media":"","overlay-type":"","overlay-color":"","overlay-opacity":"","overlay-gradient":""},"tablet":{"background-color":"","background-image":"","background-repeat":"repeat","background-position":"center center","background-size":"auto","background-attachment":"scroll","background-type":"","background-media":"","overlay-type":"","overlay-color":"","overlay-opacity":"","overlay-gradient":""},"mobile":{"background-color":"","background-image":"","background-repeat":"repeat","background-position":"center center","background-size":"auto","background-attachment":"scroll","background-type":"","background-media":"","overlay-type":"","overlay-color":"","overlay-opacity":"","overlay-gradient":""}},"ast-content-background-meta":{"desktop":{"background-color":"var(--ast-global-color-5)","background-image":"","background-repeat":"repeat","background-position":"center center","background-size":"auto","background-attachment":"scroll","background-type":"","background-media":"","overlay-type":"","overlay-color":"","overlay-opacity":"","overlay-gradient":""},"tablet":{"background-color":"var(--ast-global-color-5)","background-image":"","background-repeat":"repeat","background-position":"center center","background-size":"auto","background-attachment":"scroll","background-type":"","background-media":"","overlay-type":"","overlay-color":"","overlay-opacity":"","overlay-gradient":""},"mobile":{"background-color":"var(--ast-global-color-5)","background-image":"","background-repeat":"repeat","background-position":"center center","background-size":"auto","background-attachment":"scroll","background-type":"","background-media":"","overlay-type":"","overlay-color":"","overlay-opacity":"","overlay-gradient":""}},"footnotes":""},"categories":[5162],"tags":[26293,33365,10223,10227],"class_list":["post-56170","post","type-post","status-publish","format-standard","has-post-thumbnail","hentry","category-news","tag-imagenation","tag-imagenation-2025","tag-lgbtq-en","tag-queer-en"],"acf":[],"yoast_head":"<!-- This site is optimized with the Yoast SEO plugin v27.1.1 - https:\/\/yoast.com\/product\/yoast-seo-wordpress\/ -->\n<title>image+nation 2025 | Presentation - Le petit septi\u00e8me<\/title>\n<meta name=\"description\" content=\"Image+nation. LGBT2SQueer Film Festival Montreal returns from November 20 to 30, 2025 with a program featuring works by major names in world queer cinema as well as new discoveries.\" \/>\n<meta name=\"robots\" content=\"index, follow, max-snippet:-1, max-image-preview:large, max-video-preview:-1\" \/>\n<link rel=\"canonical\" href=\"https:\/\/lepetitseptieme.ca\/en\/2025\/11\/04\/imagenation-2025-presentation\/\" \/>\n<meta property=\"og:locale\" content=\"en_US\" \/>\n<meta property=\"og:type\" content=\"article\" \/>\n<meta property=\"og:title\" content=\"image+nation 2025 | Presentation\" \/>\n<meta property=\"og:description\" content=\"Image+nation. LGBT2SQueer Film Festival Montreal returns from November 20 to 30, 2025 with a program featuring works by major names in world queer cinema as well as new discoveries.\" \/>\n<meta property=\"og:url\" content=\"https:\/\/lepetitseptieme.ca\/en\/2025\/11\/04\/imagenation-2025-presentation\/\" \/>\n<meta property=\"og:site_name\" content=\"Le petit septi\u00e8me\" \/>\n<meta property=\"article:publisher\" content=\"https:\/\/www.facebook.com\/pages\/Le-Petit-Septi%c3%a8me\/494448933948121?ref=hl\" \/>\n<meta property=\"article:author\" content=\"https:\/\/www.facebook.com\/FGrondinArt\/\" \/>\n<meta property=\"article:published_time\" content=\"2025-11-04T12:00:00+00:00\" \/>\n<meta property=\"og:image\" content=\"https:\/\/lepetitseptieme.ca\/wp-content\/uploads\/2025\/11\/IMAGENATION-2025-presentation-Une.jpg\" \/>\n\t<meta property=\"og:image:width\" content=\"1920\" \/>\n\t<meta property=\"og:image:height\" content=\"1080\" \/>\n\t<meta property=\"og:image:type\" content=\"image\/jpeg\" \/>\n<meta name=\"author\" content=\"Francois Grondin\" \/>\n<meta name=\"twitter:card\" content=\"summary_large_image\" \/>\n<meta name=\"twitter:title\" content=\"image+nation 2025 | Presentation\" \/>\n<meta name=\"twitter:description\" content=\"Image+nation. LGBT2SQueer Film Festival Montreal returns from November 20 to 30, 2025 with a program featuring works by major names in world queer cinema as well as new discoveries.\" \/>\n<meta name=\"twitter:image\" content=\"https:\/\/lepetitseptieme.ca\/wp-content\/uploads\/2025\/11\/IMAGENATION-2025-presentation-Une.jpg\" \/>\n<meta name=\"twitter:creator\" content=\"@fgrondin1221\" \/>\n<meta name=\"twitter:site\" content=\"@LePetitSeptieme\" \/>\n<meta name=\"twitter:label1\" content=\"Written by\" \/>\n\t<meta name=\"twitter:data1\" content=\"Francois Grondin\" \/>\n\t<meta name=\"twitter:label2\" content=\"Est. reading time\" \/>\n\t<meta name=\"twitter:data2\" content=\"3 minutes\" \/>\n<script type=\"application\/ld+json\" class=\"yoast-schema-graph\">{\"@context\":\"https:\/\/schema.org\",\"@graph\":[{\"@type\":\"Article\",\"@id\":\"https:\/\/lepetitseptieme.ca\/en\/2025\/11\/04\/imagenation-2025-presentation\/#article\",\"isPartOf\":{\"@id\":\"https:\/\/lepetitseptieme.ca\/en\/2025\/11\/04\/imagenation-2025-presentation\/\"},\"author\":{\"name\":\"Francois Grondin\",\"@id\":\"https:\/\/lepetitseptieme.ca\/en\/#\/schema\/person\/12a0b9476b07b0f9a7cc8a82db87e8af\"},\"headline\":\"image+nation 2025 | Presentation\",\"datePublished\":\"2025-11-04T12:00:00+00:00\",\"mainEntityOfPage\":{\"@id\":\"https:\/\/lepetitseptieme.ca\/en\/2025\/11\/04\/imagenation-2025-presentation\/\"},\"wordCount\":373,\"commentCount\":0,\"publisher\":{\"@id\":\"https:\/\/lepetitseptieme.ca\/en\/#organization\"},\"image\":{\"@id\":\"https:\/\/lepetitseptieme.ca\/en\/2025\/11\/04\/imagenation-2025-presentation\/#primaryimage\"},\"thumbnailUrl\":\"https:\/\/lepetitseptieme.ca\/wp-content\/uploads\/2025\/11\/IMAGENATION-2025-presentation-Une.jpg\",\"keywords\":[\"Image+Nation\",\"image+nation 2025\",\"LGBTQ\",\"Queer\"],\"articleSection\":[\"News\"],\"inLanguage\":\"en-US\",\"potentialAction\":[{\"@type\":\"CommentAction\",\"name\":\"Comment\",\"target\":[\"https:\/\/lepetitseptieme.ca\/en\/2025\/11\/04\/imagenation-2025-presentation\/#respond\"]}]},{\"@type\":\"WebPage\",\"@id\":\"https:\/\/lepetitseptieme.ca\/en\/2025\/11\/04\/imagenation-2025-presentation\/\",\"url\":\"https:\/\/lepetitseptieme.ca\/en\/2025\/11\/04\/imagenation-2025-presentation\/\",\"name\":\"image+nation 2025 | Presentation - Le petit septi\u00e8me\",\"isPartOf\":{\"@id\":\"https:\/\/lepetitseptieme.ca\/en\/#website\"},\"primaryImageOfPage\":{\"@id\":\"https:\/\/lepetitseptieme.ca\/en\/2025\/11\/04\/imagenation-2025-presentation\/#primaryimage\"},\"image\":{\"@id\":\"https:\/\/lepetitseptieme.ca\/en\/2025\/11\/04\/imagenation-2025-presentation\/#primaryimage\"},\"thumbnailUrl\":\"https:\/\/lepetitseptieme.ca\/wp-content\/uploads\/2025\/11\/IMAGENATION-2025-presentation-Une.jpg\",\"datePublished\":\"2025-11-04T12:00:00+00:00\",\"description\":\"Image+nation. LGBT2SQueer Film Festival Montreal returns from November 20 to 30, 2025 with a program featuring works by major names in world queer cinema as well as new discoveries.\",\"breadcrumb\":{\"@id\":\"https:\/\/lepetitseptieme.ca\/en\/2025\/11\/04\/imagenation-2025-presentation\/#breadcrumb\"},\"inLanguage\":\"en-US\",\"potentialAction\":[{\"@type\":\"ReadAction\",\"target\":[\"https:\/\/lepetitseptieme.ca\/en\/2025\/11\/04\/imagenation-2025-presentation\/\"]}]},{\"@type\":\"ImageObject\",\"inLanguage\":\"en-US\",\"@id\":\"https:\/\/lepetitseptieme.ca\/en\/2025\/11\/04\/imagenation-2025-presentation\/#primaryimage\",\"url\":\"https:\/\/lepetitseptieme.ca\/wp-content\/uploads\/2025\/11\/IMAGENATION-2025-presentation-Une.jpg\",\"contentUrl\":\"https:\/\/lepetitseptieme.ca\/wp-content\/uploads\/2025\/11\/IMAGENATION-2025-presentation-Une.jpg\",\"width\":1920,\"height\":1080,\"caption\":\"IMAGE+NATION festival film LGBT2SQueer Montr\u00e9al de retour pour\"},{\"@type\":\"BreadcrumbList\",\"@id\":\"https:\/\/lepetitseptieme.ca\/en\/2025\/11\/04\/imagenation-2025-presentation\/#breadcrumb\",\"itemListElement\":[{\"@type\":\"ListItem\",\"position\":1,\"name\":\"Home\",\"item\":\"https:\/\/lepetitseptieme.ca\/en\/\"},{\"@type\":\"ListItem\",\"position\":2,\"name\":\"image+nation 2025 | Presentation\"}]},{\"@type\":\"WebSite\",\"@id\":\"https:\/\/lepetitseptieme.ca\/en\/#website\",\"url\":\"https:\/\/lepetitseptieme.ca\/en\/\",\"name\":\"Le petit septi\u00e8me\",\"description\":\"Reviews and comments on Quebec, international and author cinema\",\"publisher\":{\"@id\":\"https:\/\/lepetitseptieme.ca\/en\/#organization\"},\"potentialAction\":[{\"@type\":\"SearchAction\",\"target\":{\"@type\":\"EntryPoint\",\"urlTemplate\":\"https:\/\/lepetitseptieme.ca\/en\/?s={search_term_string}\"},\"query-input\":{\"@type\":\"PropertyValueSpecification\",\"valueRequired\":true,\"valueName\":\"search_term_string\"}}],\"inLanguage\":\"en-US\"},{\"@type\":\"Organization\",\"@id\":\"https:\/\/lepetitseptieme.ca\/en\/#organization\",\"name\":\"Le Petit Septi\u00e8me\",\"url\":\"https:\/\/lepetitseptieme.ca\/en\/\",\"logo\":{\"@type\":\"ImageObject\",\"inLanguage\":\"en-US\",\"@id\":\"https:\/\/lepetitseptieme.ca\/en\/#\/schema\/logo\/image\/\",\"url\":\"https:\/\/lepetitseptieme.ca\/wp-content\/uploads\/2016\/05\/cropped-Logo-Le-Petit-Septi\u00e8me-2016-BW.png\",\"contentUrl\":\"https:\/\/lepetitseptieme.ca\/wp-content\/uploads\/2016\/05\/cropped-Logo-Le-Petit-Septi\u00e8me-2016-BW.png\",\"width\":512,\"height\":512,\"caption\":\"Le Petit Septi\u00e8me\"},\"image\":{\"@id\":\"https:\/\/lepetitseptieme.ca\/en\/#\/schema\/logo\/image\/\"},\"sameAs\":[\"https:\/\/www.facebook.com\/pages\/Le-Petit-Septi\u00e8me\/494448933948121?ref=hl\",\"https:\/\/x.com\/LePetitSeptieme\",\"https:\/\/www.youtube.com\/channel\/UC5mdhI_jJvDN1I9fkk5RcIw\"]},{\"@type\":\"Person\",\"@id\":\"https:\/\/lepetitseptieme.ca\/en\/#\/schema\/person\/12a0b9476b07b0f9a7cc8a82db87e8af\",\"name\":\"Francois Grondin\",\"image\":{\"@type\":\"ImageObject\",\"inLanguage\":\"en-US\",\"@id\":\"https:\/\/lepetitseptieme.ca\/en\/#\/schema\/person\/image\/\",\"url\":\"https:\/\/secure.gravatar.com\/avatar\/cbc7d427b20502f8a471e632a3ac28d3200b0a6f80a7e6d8056f088f651d3888?s=96&d=mm&r=r\",\"contentUrl\":\"https:\/\/secure.gravatar.com\/avatar\/cbc7d427b20502f8a471e632a3ac28d3200b0a6f80a7e6d8056f088f651d3888?s=96&d=mm&r=r\",\"caption\":\"Francois Grondin\"},\"description\":\"Sp\u00e9cialiste en cin\u00e9ma international et en communication num\u00e9rique, cin\u00e9aste, photographe et passionn\u00e9 de cin\u00e9ma italien et japonais. Membre du jury pour le festival FICMAN et le SIFA Festival 2022 et, bien s\u00fbr, fier papa de 2!\",\"sameAs\":[\"https:\/\/lepetitseptieme.ca\",\"https:\/\/www.facebook.com\/FGrondinArt\/\",\"https:\/\/www.linkedin.com\/in\/francois-grondin-05895816\/\",\"https:\/\/x.com\/fgrondin1221\"],\"url\":\"https:\/\/lepetitseptieme.ca\/en\/author\/francois\/\"}]}<\/script>\n<!-- \/ Yoast SEO plugin. -->","yoast_head_json":{"title":"image+nation 2025 | Presentation - Le petit septi\u00e8me","description":"Image+nation. LGBT2SQueer Film Festival Montreal returns from November 20 to 30, 2025 with a program featuring works by major names in world queer cinema as well as new discoveries.","robots":{"index":"index","follow":"follow","max-snippet":"max-snippet:-1","max-image-preview":"max-image-preview:large","max-video-preview":"max-video-preview:-1"},"canonical":"https:\/\/lepetitseptieme.ca\/en\/2025\/11\/04\/imagenation-2025-presentation\/","og_locale":"en_US","og_type":"article","og_title":"image+nation 2025 | Presentation","og_description":"Image+nation. LGBT2SQueer Film Festival Montreal returns from November 20 to 30, 2025 with a program featuring works by major names in world queer cinema as well as new discoveries.","og_url":"https:\/\/lepetitseptieme.ca\/en\/2025\/11\/04\/imagenation-2025-presentation\/","og_site_name":"Le petit septi\u00e8me","article_publisher":"https:\/\/www.facebook.com\/pages\/Le-Petit-Septi%c3%a8me\/494448933948121?ref=hl","article_author":"https:\/\/www.facebook.com\/FGrondinArt\/","article_published_time":"2025-11-04T12:00:00+00:00","og_image":[{"width":1920,"height":1080,"url":"https:\/\/lepetitseptieme.ca\/wp-content\/uploads\/2025\/11\/IMAGENATION-2025-presentation-Une.jpg","type":"image\/jpeg"}],"author":"Francois Grondin","twitter_card":"summary_large_image","twitter_title":"image+nation 2025 | Presentation","twitter_description":"Image+nation. LGBT2SQueer Film Festival Montreal returns from November 20 to 30, 2025 with a program featuring works by major names in world queer cinema as well as new discoveries.","twitter_image":"https:\/\/lepetitseptieme.ca\/wp-content\/uploads\/2025\/11\/IMAGENATION-2025-presentation-Une.jpg","twitter_creator":"@fgrondin1221","twitter_site":"@LePetitSeptieme","twitter_misc":{"Written by":"Francois Grondin","Est. reading time":"3 minutes"},"schema":{"@context":"https:\/\/schema.org","@graph":[{"@type":"Article","@id":"https:\/\/lepetitseptieme.ca\/en\/2025\/11\/04\/imagenation-2025-presentation\/#article","isPartOf":{"@id":"https:\/\/lepetitseptieme.ca\/en\/2025\/11\/04\/imagenation-2025-presentation\/"},"author":{"name":"Francois Grondin","@id":"https:\/\/lepetitseptieme.ca\/en\/#\/schema\/person\/12a0b9476b07b0f9a7cc8a82db87e8af"},"headline":"image+nation 2025 | Presentation","datePublished":"2025-11-04T12:00:00+00:00","mainEntityOfPage":{"@id":"https:\/\/lepetitseptieme.ca\/en\/2025\/11\/04\/imagenation-2025-presentation\/"},"wordCount":373,"commentCount":0,"publisher":{"@id":"https:\/\/lepetitseptieme.ca\/en\/#organization"},"image":{"@id":"https:\/\/lepetitseptieme.ca\/en\/2025\/11\/04\/imagenation-2025-presentation\/#primaryimage"},"thumbnailUrl":"https:\/\/lepetitseptieme.ca\/wp-content\/uploads\/2025\/11\/IMAGENATION-2025-presentation-Une.jpg","keywords":["Image+Nation","image+nation 2025","LGBTQ","Queer"],"articleSection":["News"],"inLanguage":"en-US","potentialAction":[{"@type":"CommentAction","name":"Comment","target":["https:\/\/lepetitseptieme.ca\/en\/2025\/11\/04\/imagenation-2025-presentation\/#respond"]}]},{"@type":"WebPage","@id":"https:\/\/lepetitseptieme.ca\/en\/2025\/11\/04\/imagenation-2025-presentation\/","url":"https:\/\/lepetitseptieme.ca\/en\/2025\/11\/04\/imagenation-2025-presentation\/","name":"image+nation 2025 | Presentation - Le petit septi\u00e8me","isPartOf":{"@id":"https:\/\/lepetitseptieme.ca\/en\/#website"},"primaryImageOfPage":{"@id":"https:\/\/lepetitseptieme.ca\/en\/2025\/11\/04\/imagenation-2025-presentation\/#primaryimage"},"image":{"@id":"https:\/\/lepetitseptieme.ca\/en\/2025\/11\/04\/imagenation-2025-presentation\/#primaryimage"},"thumbnailUrl":"https:\/\/lepetitseptieme.ca\/wp-content\/uploads\/2025\/11\/IMAGENATION-2025-presentation-Une.jpg","datePublished":"2025-11-04T12:00:00+00:00","description":"Image+nation. LGBT2SQueer Film Festival Montreal returns from November 20 to 30, 2025 with a program featuring works by major names in world queer cinema as well as new discoveries.","breadcrumb":{"@id":"https:\/\/lepetitseptieme.ca\/en\/2025\/11\/04\/imagenation-2025-presentation\/#breadcrumb"},"inLanguage":"en-US","potentialAction":[{"@type":"ReadAction","target":["https:\/\/lepetitseptieme.ca\/en\/2025\/11\/04\/imagenation-2025-presentation\/"]}]},{"@type":"ImageObject","inLanguage":"en-US","@id":"https:\/\/lepetitseptieme.ca\/en\/2025\/11\/04\/imagenation-2025-presentation\/#primaryimage","url":"https:\/\/lepetitseptieme.ca\/wp-content\/uploads\/2025\/11\/IMAGENATION-2025-presentation-Une.jpg","contentUrl":"https:\/\/lepetitseptieme.ca\/wp-content\/uploads\/2025\/11\/IMAGENATION-2025-presentation-Une.jpg","width":1920,"height":1080,"caption":"IMAGE+NATION festival film LGBT2SQueer Montr\u00e9al de retour pour"},{"@type":"BreadcrumbList","@id":"https:\/\/lepetitseptieme.ca\/en\/2025\/11\/04\/imagenation-2025-presentation\/#breadcrumb","itemListElement":[{"@type":"ListItem","position":1,"name":"Home","item":"https:\/\/lepetitseptieme.ca\/en\/"},{"@type":"ListItem","position":2,"name":"image+nation 2025 | Presentation"}]},{"@type":"WebSite","@id":"https:\/\/lepetitseptieme.ca\/en\/#website","url":"https:\/\/lepetitseptieme.ca\/en\/","name":"Le petit septi\u00e8me","description":"Reviews and comments on Quebec, international and author cinema","publisher":{"@id":"https:\/\/lepetitseptieme.ca\/en\/#organization"},"potentialAction":[{"@type":"SearchAction","target":{"@type":"EntryPoint","urlTemplate":"https:\/\/lepetitseptieme.ca\/en\/?s={search_term_string}"},"query-input":{"@type":"PropertyValueSpecification","valueRequired":true,"valueName":"search_term_string"}}],"inLanguage":"en-US"},{"@type":"Organization","@id":"https:\/\/lepetitseptieme.ca\/en\/#organization","name":"Le Petit Septi\u00e8me","url":"https:\/\/lepetitseptieme.ca\/en\/","logo":{"@type":"ImageObject","inLanguage":"en-US","@id":"https:\/\/lepetitseptieme.ca\/en\/#\/schema\/logo\/image\/","url":"https:\/\/lepetitseptieme.ca\/wp-content\/uploads\/2016\/05\/cropped-Logo-Le-Petit-Septi\u00e8me-2016-BW.png","contentUrl":"https:\/\/lepetitseptieme.ca\/wp-content\/uploads\/2016\/05\/cropped-Logo-Le-Petit-Septi\u00e8me-2016-BW.png","width":512,"height":512,"caption":"Le Petit Septi\u00e8me"},"image":{"@id":"https:\/\/lepetitseptieme.ca\/en\/#\/schema\/logo\/image\/"},"sameAs":["https:\/\/www.facebook.com\/pages\/Le-Petit-Septi\u00e8me\/494448933948121?ref=hl","https:\/\/x.com\/LePetitSeptieme","https:\/\/www.youtube.com\/channel\/UC5mdhI_jJvDN1I9fkk5RcIw"]},{"@type":"Person","@id":"https:\/\/lepetitseptieme.ca\/en\/#\/schema\/person\/12a0b9476b07b0f9a7cc8a82db87e8af","name":"Francois Grondin","image":{"@type":"ImageObject","inLanguage":"en-US","@id":"https:\/\/lepetitseptieme.ca\/en\/#\/schema\/person\/image\/","url":"https:\/\/secure.gravatar.com\/avatar\/cbc7d427b20502f8a471e632a3ac28d3200b0a6f80a7e6d8056f088f651d3888?s=96&d=mm&r=r","contentUrl":"https:\/\/secure.gravatar.com\/avatar\/cbc7d427b20502f8a471e632a3ac28d3200b0a6f80a7e6d8056f088f651d3888?s=96&d=mm&r=r","caption":"Francois Grondin"},"description":"Sp\u00e9cialiste en cin\u00e9ma international et en communication num\u00e9rique, cin\u00e9aste, photographe et passionn\u00e9 de cin\u00e9ma italien et japonais. Membre du jury pour le festival FICMAN et le SIFA Festival 2022 et, bien s\u00fbr, fier papa de 2!","sameAs":["https:\/\/lepetitseptieme.ca","https:\/\/www.facebook.com\/FGrondinArt\/","https:\/\/www.linkedin.com\/in\/francois-grondin-05895816\/","https:\/\/x.com\/fgrondin1221"],"url":"https:\/\/lepetitseptieme.ca\/en\/author\/francois\/"}]}},"_links":{"self":[{"href":"https:\/\/lepetitseptieme.ca\/en\/wp-json\/wp\/v2\/posts\/56170","targetHints":{"allow":["GET"]}}],"collection":[{"href":"https:\/\/lepetitseptieme.ca\/en\/wp-json\/wp\/v2\/posts"}],"about":[{"href":"https:\/\/lepetitseptieme.ca\/en\/wp-json\/wp\/v2\/types\/post"}],"author":[{"embeddable":true,"href":"https:\/\/lepetitseptieme.ca\/en\/wp-json\/wp\/v2\/users\/2"}],"replies":[{"embeddable":true,"href":"https:\/\/lepetitseptieme.ca\/en\/wp-json\/wp\/v2\/comments?post=56170"}],"version-history":[{"count":1,"href":"https:\/\/lepetitseptieme.ca\/en\/wp-json\/wp\/v2\/posts\/56170\/revisions"}],"predecessor-version":[{"id":56171,"href":"https:\/\/lepetitseptieme.ca\/en\/wp-json\/wp\/v2\/posts\/56170\/revisions\/56171"}],"wp:featuredmedia":[{"embeddable":true,"href":"https:\/\/lepetitseptieme.ca\/en\/wp-json\/wp\/v2\/media\/56167"}],"wp:attachment":[{"href":"https:\/\/lepetitseptieme.ca\/en\/wp-json\/wp\/v2\/media?parent=56170"}],"wp:term":[{"taxonomy":"category","embeddable":true,"href":"https:\/\/lepetitseptieme.ca\/en\/wp-json\/wp\/v2\/categories?post=56170"},{"taxonomy":"post_tag","embeddable":true,"href":"https:\/\/lepetitseptieme.ca\/en\/wp-json\/wp\/v2\/tags?post=56170"}],"curies":[{"name":"wp","href":"https:\/\/api.w.org\/{rel}","templated":true}]}}