{"id":56120,"date":"2025-11-01T07:00:00","date_gmt":"2025-11-01T11:00:00","guid":{"rendered":"https:\/\/lepetitseptieme.ca\/?p=56120"},"modified":"2025-10-31T20:29:36","modified_gmt":"2025-11-01T00:29:36","slug":"coming-to-mubi-november-2025","status":"publish","type":"post","link":"https:\/\/lepetitseptieme.ca\/en\/2025\/11\/01\/coming-to-mubi-november-2025\/","title":{"rendered":"Coming to Mubi | November 2025"},"content":{"rendered":"\n<p>This month, MUBI is serving you a triple dose of exclusives and irresistible collections, featuring a timeless romance, a frosty drama, and an ode to culinary culture!<\/p>\n\n\n\n<p>Get ready for a rich program kicking off strong with one of the year&#8217;s most anticipated romances.<\/p>\n\n\n\n<h2 class=\"wp-block-heading\"><strong>Premieres in the Spotlight<\/strong><\/h2>\n\n\n\n<h4 class=\"wp-block-heading\"><strong>The History of Sound (Oliver Hermanus, 2025) streams exclusively starting November 1st.&nbsp;<\/strong><\/h4>\n\n\n\n<p>Paul Mescal and Josh O\u2019Connor star as Lionel and David in this tender romantic drama spanning decades.&nbsp;<\/p>\n\n\n\n<figure class=\"wp-block-image aligncenter size-full\"><img loading=\"lazy\" decoding=\"async\" width=\"1800\" height=\"1200\" src=\"https:\/\/lepetitseptieme.ca\/wp-content\/uploads\/2025\/10\/The-History-of-Sound-Oliver-Hermanus.jpg\" alt=\"The History of Sound (Oliver Hermanus\" class=\"wp-image-56109\" srcset=\"https:\/\/lepetitseptieme.ca\/wp-content\/uploads\/2025\/10\/The-History-of-Sound-Oliver-Hermanus.jpg 1800w, https:\/\/lepetitseptieme.ca\/wp-content\/uploads\/2025\/10\/The-History-of-Sound-Oliver-Hermanus-300x200.jpg 300w, https:\/\/lepetitseptieme.ca\/wp-content\/uploads\/2025\/10\/The-History-of-Sound-Oliver-Hermanus-1024x683.jpg 1024w, https:\/\/lepetitseptieme.ca\/wp-content\/uploads\/2025\/10\/The-History-of-Sound-Oliver-Hermanus-768x512.jpg 768w, https:\/\/lepetitseptieme.ca\/wp-content\/uploads\/2025\/10\/The-History-of-Sound-Oliver-Hermanus-1536x1024.jpg 1536w, https:\/\/lepetitseptieme.ca\/wp-content\/uploads\/2025\/10\/The-History-of-Sound-Oliver-Hermanus-600x400.jpg 600w\" sizes=\"auto, (max-width: 1800px) 100vw, 1800px\" \/><\/figure>\n\n\n\n<p>In 1917, a musical connection leads to a fleeting affair at the Boston Conservatory. Years later, they reconnect for an impromptu journey through Maine to collect folk songs. This unexpected reunion will shape Lionel\u2019s life forever, telling the story of a love that cannot last, but whose melody echoes for a lifetime.<\/p>\n\n\n\n<h4 class=\"wp-block-heading\"><strong>Winter in Sokcho (Koya Kamura, 2024) arrives exclusively on November 7th.&nbsp;<\/strong><\/h4>\n\n\n\n<p>This feature directorial debut from Koya Kamura, which premiered at TIFF 2024, is a captivating drama.&nbsp;<\/p>\n\n\n\n<figure class=\"wp-block-image aligncenter size-full\"><img loading=\"lazy\" decoding=\"async\" width=\"1800\" height=\"969\" src=\"https:\/\/lepetitseptieme.ca\/wp-content\/uploads\/2025\/10\/Winter-in-Sokcho-Koya-Kamura.jpg\" alt=\"Winter in Sokcho (Koya Kamura)\" class=\"wp-image-56117\" srcset=\"https:\/\/lepetitseptieme.ca\/wp-content\/uploads\/2025\/10\/Winter-in-Sokcho-Koya-Kamura.jpg 1800w, https:\/\/lepetitseptieme.ca\/wp-content\/uploads\/2025\/10\/Winter-in-Sokcho-Koya-Kamura-300x162.jpg 300w, https:\/\/lepetitseptieme.ca\/wp-content\/uploads\/2025\/10\/Winter-in-Sokcho-Koya-Kamura-1024x551.jpg 1024w, https:\/\/lepetitseptieme.ca\/wp-content\/uploads\/2025\/10\/Winter-in-Sokcho-Koya-Kamura-768x413.jpg 768w, https:\/\/lepetitseptieme.ca\/wp-content\/uploads\/2025\/10\/Winter-in-Sokcho-Koya-Kamura-1536x827.jpg 1536w, https:\/\/lepetitseptieme.ca\/wp-content\/uploads\/2025\/10\/Winter-in-Sokcho-Koya-Kamura-600x323.jpg 600w\" sizes=\"auto, (max-width: 1800px) 100vw, 1800px\" \/><\/figure>\n\n\n\n<p>The routine of a young woman working at a small guesthouse in snowy Sokcho is disrupted by the arrival of a French artist. The film explores her quest for identity and independence.<\/p>\n\n\n\n<h4 class=\"wp-block-heading\">The Featherweight (Robert Kolodny, 2023) will be available exclusively starting November 21st.&nbsp;<\/h4>\n\n\n\n<p>Set in 1964, this biographical drama plunges you into the life of Willie Pep, a retired featherweight boxing champion. Down and out and married to a woman half his age, Pep decides to make a return to the ring.&nbsp;<\/p>\n\n\n\n<figure class=\"wp-block-image aligncenter size-full\"><img loading=\"lazy\" decoding=\"async\" width=\"1700\" height=\"957\" src=\"https:\/\/lepetitseptieme.ca\/wp-content\/uploads\/2025\/10\/The-Featherweight-Robert-Kolodny-2023.jpg\" alt=\"The Featherweight (Robert Kolodny, 2023)\" class=\"wp-image-56111\" srcset=\"https:\/\/lepetitseptieme.ca\/wp-content\/uploads\/2025\/10\/The-Featherweight-Robert-Kolodny-2023.jpg 1700w, https:\/\/lepetitseptieme.ca\/wp-content\/uploads\/2025\/10\/The-Featherweight-Robert-Kolodny-2023-300x169.jpg 300w, https:\/\/lepetitseptieme.ca\/wp-content\/uploads\/2025\/10\/The-Featherweight-Robert-Kolodny-2023-1024x576.jpg 1024w, https:\/\/lepetitseptieme.ca\/wp-content\/uploads\/2025\/10\/The-Featherweight-Robert-Kolodny-2023-768x432.jpg 768w, https:\/\/lepetitseptieme.ca\/wp-content\/uploads\/2025\/10\/The-Featherweight-Robert-Kolodny-2023-1536x865.jpg 1536w, https:\/\/lepetitseptieme.ca\/wp-content\/uploads\/2025\/10\/The-Featherweight-Robert-Kolodny-2023-600x338.jpg 600w\" sizes=\"auto, (max-width: 1700px) 100vw, 1700px\" \/><\/figure>\n\n\n\n<p>The film, starring Ron Livingston, premiered at the Venice International Film Festival in 2023.<\/p>\n\n\n\n<h2 class=\"wp-block-heading\"><strong>Thematic Collections: A Curated Menu<\/strong><\/h2>\n\n\n\n<h3 class=\"wp-block-heading\"><strong>INTERNET BOYFRIENDS<\/strong><\/h3>\n\n\n\n<p>The phenomenon of the <em>internet boyfriend<\/em>, Gen Z&#8217;s modern idol, is in the spotlight. Like the <em>matin\u00e9e idols<\/em> of yesteryear, they create global buzz, but their worship unfolds through memes and fan edits. This collection is a true cinematic &#8220;dating agency,&#8221; gathering contemporary cinema&#8217;s pin-ups:<\/p>\n\n\n\n<h4 class=\"wp-block-heading\"><strong>Aftersun (Charlotte Wells, 2022) streams starting November 1st.&nbsp;<\/strong><\/h4>\n\n\n\n<p>Paul Mescal (an unmissable <em>internet boyfriend<\/em>) plays Calum, Sophie&#8217;s loving father, when she is 11.&nbsp;<\/p>\n\n\n\n<figure class=\"wp-block-image aligncenter size-full is-resized\"><img loading=\"lazy\" decoding=\"async\" width=\"1800\" height=\"1012\" src=\"https:\/\/lepetitseptieme.ca\/wp-content\/uploads\/2022\/10\/AFTERSUN-Raconter-une-histoire-de-facon-efficace.jpeg\" alt=\"AFTERSUN - Raconter une histoire de fa\u00e7on efficace\" class=\"wp-image-32476\" style=\"width:1024px;height:auto\" srcset=\"https:\/\/lepetitseptieme.ca\/wp-content\/uploads\/2022\/10\/AFTERSUN-Raconter-une-histoire-de-facon-efficace.jpeg 1800w, https:\/\/lepetitseptieme.ca\/wp-content\/uploads\/2022\/10\/AFTERSUN-Raconter-une-histoire-de-facon-efficace-300x169.jpeg 300w, https:\/\/lepetitseptieme.ca\/wp-content\/uploads\/2022\/10\/AFTERSUN-Raconter-une-histoire-de-facon-efficace-1024x576.jpeg 1024w, https:\/\/lepetitseptieme.ca\/wp-content\/uploads\/2022\/10\/AFTERSUN-Raconter-une-histoire-de-facon-efficace-768x432.jpeg 768w, https:\/\/lepetitseptieme.ca\/wp-content\/uploads\/2022\/10\/AFTERSUN-Raconter-une-histoire-de-facon-efficace-1536x864.jpeg 1536w, https:\/\/lepetitseptieme.ca\/wp-content\/uploads\/2022\/10\/AFTERSUN-Raconter-une-histoire-de-facon-efficace-600x337.jpeg 600w\" sizes=\"auto, (max-width: 1800px) 100vw, 1800px\" \/><\/figure>\n\n\n\n<p>Twenty years later, tender recollections of their last holiday form a powerful and heartrending portrait of their relationship.<\/p>\n\n\n\n<p>The collection also includes: <em>The History of Sound<\/em> (2025), <em>Lurker<\/em> (2025), <em>The Hypnosis<\/em> (2023), <em>Spree<\/em> (2020), <em>Mainstream<\/em> (2020), <em>Bird<\/em> (2024) and more!<\/p>\n\n\n\n<h3 class=\"wp-block-heading\"><strong>LET&#8217;S EAT!: FOOD AND FILM<\/strong><\/h3>\n\n\n\n<p>More than just a prop, food is the central element of this collection exploring its emotional, social, and sensual power. From the magic of the kitchen to the chaos of restaurants, get ready to drool over these films where the art of eating and cooking is king:<\/p>\n\n\n\n<h4 class=\"wp-block-heading\"><strong>Krisha (Trey Edward Shults, 2015) is available from November 1st.&nbsp;<\/strong><\/h4>\n\n\n\n<p>After a long absence, Krisha returns for a family gathering.&nbsp;<\/p>\n\n\n\n<figure class=\"wp-block-image aligncenter size-full\"><img loading=\"lazy\" decoding=\"async\" width=\"1998\" height=\"1080\" src=\"https:\/\/lepetitseptieme.ca\/wp-content\/uploads\/2025\/10\/Krisha-Trey-Edward-Shults-2015.jpg\" alt=\"Krisha (Trey Edward Shults, 2015)\" class=\"wp-image-56107\" srcset=\"https:\/\/lepetitseptieme.ca\/wp-content\/uploads\/2025\/10\/Krisha-Trey-Edward-Shults-2015.jpg 1998w, https:\/\/lepetitseptieme.ca\/wp-content\/uploads\/2025\/10\/Krisha-Trey-Edward-Shults-2015-300x162.jpg 300w, https:\/\/lepetitseptieme.ca\/wp-content\/uploads\/2025\/10\/Krisha-Trey-Edward-Shults-2015-1024x554.jpg 1024w, https:\/\/lepetitseptieme.ca\/wp-content\/uploads\/2025\/10\/Krisha-Trey-Edward-Shults-2015-768x415.jpg 768w, https:\/\/lepetitseptieme.ca\/wp-content\/uploads\/2025\/10\/Krisha-Trey-Edward-Shults-2015-1536x830.jpg 1536w, https:\/\/lepetitseptieme.ca\/wp-content\/uploads\/2025\/10\/Krisha-Trey-Edward-Shults-2015-600x324.jpg 600w\" sizes=\"auto, (max-width: 1998px) 100vw, 1998px\" \/><\/figure>\n\n\n\n<p>She wants to fix her past mistakes by cooking the holiday turkey, but her delirium turns the celebration into an event no one will forget.<\/p>\n\n\n\n<h4 class=\"wp-block-heading\"><strong>Soul Kitchen (Fatih Ak\u0131n, 2015) streams starting November 12th.&nbsp;<\/strong><\/h4>\n\n\n\n<p>Zinos, owner of the <em>Soul Kitchen<\/em> diner in Hamburg, is down on his luck. His girlfriend has left, customers are boycotting the new gourmet menu.&nbsp;<\/p>\n\n\n\n<figure class=\"wp-block-image aligncenter size-full\"><img loading=\"lazy\" decoding=\"async\" width=\"1800\" height=\"1000\" src=\"https:\/\/lepetitseptieme.ca\/wp-content\/uploads\/2025\/10\/Soul-Kitchen-Fatih-Akin-2015.jpg\" alt=\"Soul Kitchen (Fatih Ak\u0131n, 2015)\" class=\"wp-image-56113\" srcset=\"https:\/\/lepetitseptieme.ca\/wp-content\/uploads\/2025\/10\/Soul-Kitchen-Fatih-Akin-2015.jpg 1800w, https:\/\/lepetitseptieme.ca\/wp-content\/uploads\/2025\/10\/Soul-Kitchen-Fatih-Akin-2015-300x167.jpg 300w, https:\/\/lepetitseptieme.ca\/wp-content\/uploads\/2025\/10\/Soul-Kitchen-Fatih-Akin-2015-1024x569.jpg 1024w, https:\/\/lepetitseptieme.ca\/wp-content\/uploads\/2025\/10\/Soul-Kitchen-Fatih-Akin-2015-768x427.jpg 768w, https:\/\/lepetitseptieme.ca\/wp-content\/uploads\/2025\/10\/Soul-Kitchen-Fatih-Akin-2015-1536x853.jpg 1536w, https:\/\/lepetitseptieme.ca\/wp-content\/uploads\/2025\/10\/Soul-Kitchen-Fatih-Akin-2015-600x333.jpg 600w\" sizes=\"auto, (max-width: 1800px) 100vw, 1800px\" \/><\/figure>\n\n\n\n<p>Things improve with a hip new crowd, but his broken heart remains unfixed.<\/p>\n\n\n\n<p>Don&#8217;t miss also: <em>Fremont<\/em> (2023), <em>Sexual Drive<\/em> (2021), <em>Dim Sum: A Little Bit of Heart<\/em> (1985), <em>The Flavor of Cassava Leaf Over Rice<\/em> (2025) and other gems.<\/p>\n","protected":false},"excerpt":{"rendered":"<p>This month, MUBI is serving you a triple dose of exclusives and irresistible collections, featuring a timeless romance, a frosty drama, and an ode to culinary culture! Get ready for a rich program kicking off strong with one of the year&#8217;s most anticipated romances. Premieres in the Spotlight The History of Sound (Oliver Hermanus, 2025) [&hellip;]<\/p>\n","protected":false},"author":2,"featured_media":56115,"comment_status":"open","ping_status":"open","sticky":false,"template":"","format":"standard","meta":{"_acf_changed":false,"site-sidebar-layout":"default","site-content-layout":"","ast-site-content-layout":"default","site-content-style":"default","site-sidebar-style":"default","ast-global-header-display":"","ast-banner-title-visibility":"","ast-main-header-display":"","ast-hfb-above-header-display":"","ast-hfb-below-header-display":"","ast-hfb-mobile-header-display":"","site-post-title":"","ast-breadcrumbs-content":"","ast-featured-img":"","footer-sml-layout":"","ast-disable-related-posts":"","theme-transparent-header-meta":"","adv-header-id-meta":"","stick-header-meta":"","header-above-stick-meta":"","header-main-stick-meta":"","header-below-stick-meta":"","astra-migrate-meta-layouts":"set","ast-page-background-enabled":"default","ast-page-background-meta":{"desktop":{"background-color":"var(--ast-global-color-4)","background-image":"","background-repeat":"repeat","background-position":"center center","background-size":"auto","background-attachment":"scroll","background-type":"","background-media":"","overlay-type":"","overlay-color":"","overlay-opacity":"","overlay-gradient":""},"tablet":{"background-color":"","background-image":"","background-repeat":"repeat","background-position":"center center","background-size":"auto","background-attachment":"scroll","background-type":"","background-media":"","overlay-type":"","overlay-color":"","overlay-opacity":"","overlay-gradient":""},"mobile":{"background-color":"","background-image":"","background-repeat":"repeat","background-position":"center center","background-size":"auto","background-attachment":"scroll","background-type":"","background-media":"","overlay-type":"","overlay-color":"","overlay-opacity":"","overlay-gradient":""}},"ast-content-background-meta":{"desktop":{"background-color":"var(--ast-global-color-5)","background-image":"","background-repeat":"repeat","background-position":"center center","background-size":"auto","background-attachment":"scroll","background-type":"","background-media":"","overlay-type":"","overlay-color":"","overlay-opacity":"","overlay-gradient":""},"tablet":{"background-color":"var(--ast-global-color-5)","background-image":"","background-repeat":"repeat","background-position":"center center","background-size":"auto","background-attachment":"scroll","background-type":"","background-media":"","overlay-type":"","overlay-color":"","overlay-opacity":"","overlay-gradient":""},"mobile":{"background-color":"var(--ast-global-color-5)","background-image":"","background-repeat":"repeat","background-position":"center center","background-size":"auto","background-attachment":"scroll","background-type":"","background-media":"","overlay-type":"","overlay-color":"","overlay-opacity":"","overlay-gradient":""}},"footnotes":""},"categories":[5162],"tags":[28077,21791],"class_list":["post-56120","post","type-post","status-publish","format-standard","has-post-thumbnail","hentry","category-news","tag-mubi","tag-streaming-2"],"acf":[],"yoast_head":"<!-- This site is optimized with the Yoast SEO plugin v27.1.1 - https:\/\/yoast.com\/product\/yoast-seo-wordpress\/ -->\n<title>Coming to Mubi | November 2025 - Le petit septi\u00e8me<\/title>\n<meta name=\"robots\" content=\"index, follow, max-snippet:-1, max-image-preview:large, max-video-preview:-1\" \/>\n<link rel=\"canonical\" href=\"https:\/\/lepetitseptieme.ca\/en\/2025\/11\/01\/coming-to-mubi-november-2025\/\" \/>\n<meta property=\"og:locale\" content=\"en_US\" \/>\n<meta property=\"og:type\" content=\"article\" \/>\n<meta property=\"og:title\" content=\"Coming to Mubi | November 2025 - Le petit septi\u00e8me\" \/>\n<meta property=\"og:description\" content=\"This month, MUBI is serving you a triple dose of exclusives and irresistible collections, featuring a timeless romance, a frosty drama, and an ode to culinary culture! Get ready for a rich program kicking off strong with one of the year&#8217;s most anticipated romances. Premieres in the Spotlight The History of Sound (Oliver Hermanus, 2025) [&hellip;]\" \/>\n<meta property=\"og:url\" content=\"https:\/\/lepetitseptieme.ca\/en\/2025\/11\/01\/coming-to-mubi-november-2025\/\" \/>\n<meta property=\"og:site_name\" content=\"Le petit septi\u00e8me\" \/>\n<meta property=\"article:publisher\" content=\"https:\/\/www.facebook.com\/pages\/Le-Petit-Septi%c3%a8me\/494448933948121?ref=hl\" \/>\n<meta property=\"article:author\" content=\"https:\/\/www.facebook.com\/FGrondinArt\/\" \/>\n<meta property=\"article:published_time\" content=\"2025-11-01T11:00:00+00:00\" \/>\n<meta property=\"og:image\" content=\"https:\/\/lepetitseptieme.ca\/wp-content\/uploads\/2025\/10\/Nouveautes-Mubi-Novembre-2025-1024x576.jpg\" \/>\n<meta name=\"author\" content=\"Francois Grondin\" \/>\n<meta name=\"twitter:card\" content=\"summary_large_image\" \/>\n<meta name=\"twitter:image\" content=\"https:\/\/lepetitseptieme.ca\/wp-content\/uploads\/2025\/10\/Nouveautes-Mubi-Novembre-2025-1024x576.jpg\" \/>\n<meta name=\"twitter:creator\" content=\"@fgrondin1221\" \/>\n<meta name=\"twitter:site\" content=\"@LePetitSeptieme\" \/>\n<meta name=\"twitter:label1\" content=\"Written by\" \/>\n\t<meta name=\"twitter:data1\" content=\"Francois Grondin\" \/>\n\t<meta name=\"twitter:label2\" content=\"Est. reading time\" \/>\n\t<meta name=\"twitter:data2\" content=\"5 minutes\" \/>\n<script type=\"application\/ld+json\" class=\"yoast-schema-graph\">{\"@context\":\"https:\/\/schema.org\",\"@graph\":[{\"@type\":\"Article\",\"@id\":\"https:\/\/lepetitseptieme.ca\/en\/2025\/11\/01\/coming-to-mubi-november-2025\/#article\",\"isPartOf\":{\"@id\":\"https:\/\/lepetitseptieme.ca\/en\/2025\/11\/01\/coming-to-mubi-november-2025\/\"},\"author\":{\"name\":\"Francois Grondin\",\"@id\":\"https:\/\/lepetitseptieme.ca\/en\/#\/schema\/person\/12a0b9476b07b0f9a7cc8a82db87e8af\"},\"headline\":\"Coming to Mubi | November 2025\",\"datePublished\":\"2025-11-01T11:00:00+00:00\",\"mainEntityOfPage\":{\"@id\":\"https:\/\/lepetitseptieme.ca\/en\/2025\/11\/01\/coming-to-mubi-november-2025\/\"},\"wordCount\":544,\"commentCount\":0,\"publisher\":{\"@id\":\"https:\/\/lepetitseptieme.ca\/en\/#organization\"},\"image\":{\"@id\":\"https:\/\/lepetitseptieme.ca\/en\/2025\/11\/01\/coming-to-mubi-november-2025\/#primaryimage\"},\"thumbnailUrl\":\"https:\/\/lepetitseptieme.ca\/wp-content\/uploads\/2025\/10\/Nouveautes-Mubi-Novembre-2025.jpg\",\"keywords\":[\"MUBI\",\"Streaming\"],\"articleSection\":[\"News\"],\"inLanguage\":\"en-US\",\"potentialAction\":[{\"@type\":\"CommentAction\",\"name\":\"Comment\",\"target\":[\"https:\/\/lepetitseptieme.ca\/en\/2025\/11\/01\/coming-to-mubi-november-2025\/#respond\"]}]},{\"@type\":\"WebPage\",\"@id\":\"https:\/\/lepetitseptieme.ca\/en\/2025\/11\/01\/coming-to-mubi-november-2025\/\",\"url\":\"https:\/\/lepetitseptieme.ca\/en\/2025\/11\/01\/coming-to-mubi-november-2025\/\",\"name\":\"Coming to Mubi | November 2025 - Le petit septi\u00e8me\",\"isPartOf\":{\"@id\":\"https:\/\/lepetitseptieme.ca\/en\/#website\"},\"primaryImageOfPage\":{\"@id\":\"https:\/\/lepetitseptieme.ca\/en\/2025\/11\/01\/coming-to-mubi-november-2025\/#primaryimage\"},\"image\":{\"@id\":\"https:\/\/lepetitseptieme.ca\/en\/2025\/11\/01\/coming-to-mubi-november-2025\/#primaryimage\"},\"thumbnailUrl\":\"https:\/\/lepetitseptieme.ca\/wp-content\/uploads\/2025\/10\/Nouveautes-Mubi-Novembre-2025.jpg\",\"datePublished\":\"2025-11-01T11:00:00+00:00\",\"breadcrumb\":{\"@id\":\"https:\/\/lepetitseptieme.ca\/en\/2025\/11\/01\/coming-to-mubi-november-2025\/#breadcrumb\"},\"inLanguage\":\"en-US\",\"potentialAction\":[{\"@type\":\"ReadAction\",\"target\":[\"https:\/\/lepetitseptieme.ca\/en\/2025\/11\/01\/coming-to-mubi-november-2025\/\"]}]},{\"@type\":\"ImageObject\",\"inLanguage\":\"en-US\",\"@id\":\"https:\/\/lepetitseptieme.ca\/en\/2025\/11\/01\/coming-to-mubi-november-2025\/#primaryimage\",\"url\":\"https:\/\/lepetitseptieme.ca\/wp-content\/uploads\/2025\/10\/Nouveautes-Mubi-Novembre-2025.jpg\",\"contentUrl\":\"https:\/\/lepetitseptieme.ca\/wp-content\/uploads\/2025\/10\/Nouveautes-Mubi-Novembre-2025.jpg\",\"width\":1920,\"height\":1080,\"caption\":\"History Of Sound, The\"},{\"@type\":\"BreadcrumbList\",\"@id\":\"https:\/\/lepetitseptieme.ca\/en\/2025\/11\/01\/coming-to-mubi-november-2025\/#breadcrumb\",\"itemListElement\":[{\"@type\":\"ListItem\",\"position\":1,\"name\":\"Home\",\"item\":\"https:\/\/lepetitseptieme.ca\/en\/\"},{\"@type\":\"ListItem\",\"position\":2,\"name\":\"Coming to Mubi | November 2025\"}]},{\"@type\":\"WebSite\",\"@id\":\"https:\/\/lepetitseptieme.ca\/en\/#website\",\"url\":\"https:\/\/lepetitseptieme.ca\/en\/\",\"name\":\"Le petit septi\u00e8me\",\"description\":\"Reviews and comments on Quebec, international and author cinema\",\"publisher\":{\"@id\":\"https:\/\/lepetitseptieme.ca\/en\/#organization\"},\"potentialAction\":[{\"@type\":\"SearchAction\",\"target\":{\"@type\":\"EntryPoint\",\"urlTemplate\":\"https:\/\/lepetitseptieme.ca\/en\/?s={search_term_string}\"},\"query-input\":{\"@type\":\"PropertyValueSpecification\",\"valueRequired\":true,\"valueName\":\"search_term_string\"}}],\"inLanguage\":\"en-US\"},{\"@type\":\"Organization\",\"@id\":\"https:\/\/lepetitseptieme.ca\/en\/#organization\",\"name\":\"Le Petit Septi\u00e8me\",\"url\":\"https:\/\/lepetitseptieme.ca\/en\/\",\"logo\":{\"@type\":\"ImageObject\",\"inLanguage\":\"en-US\",\"@id\":\"https:\/\/lepetitseptieme.ca\/en\/#\/schema\/logo\/image\/\",\"url\":\"https:\/\/lepetitseptieme.ca\/wp-content\/uploads\/2016\/05\/cropped-Logo-Le-Petit-Septi\u00e8me-2016-BW.png\",\"contentUrl\":\"https:\/\/lepetitseptieme.ca\/wp-content\/uploads\/2016\/05\/cropped-Logo-Le-Petit-Septi\u00e8me-2016-BW.png\",\"width\":512,\"height\":512,\"caption\":\"Le Petit Septi\u00e8me\"},\"image\":{\"@id\":\"https:\/\/lepetitseptieme.ca\/en\/#\/schema\/logo\/image\/\"},\"sameAs\":[\"https:\/\/www.facebook.com\/pages\/Le-Petit-Septi\u00e8me\/494448933948121?ref=hl\",\"https:\/\/x.com\/LePetitSeptieme\",\"https:\/\/www.youtube.com\/channel\/UC5mdhI_jJvDN1I9fkk5RcIw\"]},{\"@type\":\"Person\",\"@id\":\"https:\/\/lepetitseptieme.ca\/en\/#\/schema\/person\/12a0b9476b07b0f9a7cc8a82db87e8af\",\"name\":\"Francois Grondin\",\"image\":{\"@type\":\"ImageObject\",\"inLanguage\":\"en-US\",\"@id\":\"https:\/\/lepetitseptieme.ca\/en\/#\/schema\/person\/image\/\",\"url\":\"https:\/\/secure.gravatar.com\/avatar\/cbc7d427b20502f8a471e632a3ac28d3200b0a6f80a7e6d8056f088f651d3888?s=96&d=mm&r=r\",\"contentUrl\":\"https:\/\/secure.gravatar.com\/avatar\/cbc7d427b20502f8a471e632a3ac28d3200b0a6f80a7e6d8056f088f651d3888?s=96&d=mm&r=r\",\"caption\":\"Francois Grondin\"},\"description\":\"Sp\u00e9cialiste en cin\u00e9ma international et en communication num\u00e9rique, cin\u00e9aste, photographe et passionn\u00e9 de cin\u00e9ma italien et japonais. Membre du jury pour le festival FICMAN et le SIFA Festival 2022 et, bien s\u00fbr, fier papa de 2!\",\"sameAs\":[\"https:\/\/lepetitseptieme.ca\",\"https:\/\/www.facebook.com\/FGrondinArt\/\",\"https:\/\/www.linkedin.com\/in\/francois-grondin-05895816\/\",\"https:\/\/x.com\/fgrondin1221\"],\"url\":\"https:\/\/lepetitseptieme.ca\/en\/author\/francois\/\"}]}<\/script>\n<!-- \/ Yoast SEO plugin. -->","yoast_head_json":{"title":"Coming to Mubi | November 2025 - Le petit septi\u00e8me","robots":{"index":"index","follow":"follow","max-snippet":"max-snippet:-1","max-image-preview":"max-image-preview:large","max-video-preview":"max-video-preview:-1"},"canonical":"https:\/\/lepetitseptieme.ca\/en\/2025\/11\/01\/coming-to-mubi-november-2025\/","og_locale":"en_US","og_type":"article","og_title":"Coming to Mubi | November 2025 - Le petit septi\u00e8me","og_description":"This month, MUBI is serving you a triple dose of exclusives and irresistible collections, featuring a timeless romance, a frosty drama, and an ode to culinary culture! Get ready for a rich program kicking off strong with one of the year&#8217;s most anticipated romances. Premieres in the Spotlight The History of Sound (Oliver Hermanus, 2025) [&hellip;]","og_url":"https:\/\/lepetitseptieme.ca\/en\/2025\/11\/01\/coming-to-mubi-november-2025\/","og_site_name":"Le petit septi\u00e8me","article_publisher":"https:\/\/www.facebook.com\/pages\/Le-Petit-Septi%c3%a8me\/494448933948121?ref=hl","article_author":"https:\/\/www.facebook.com\/FGrondinArt\/","article_published_time":"2025-11-01T11:00:00+00:00","og_image":[{"url":"https:\/\/lepetitseptieme.ca\/wp-content\/uploads\/2025\/10\/Nouveautes-Mubi-Novembre-2025-1024x576.jpg","type":"","width":"","height":""}],"author":"Francois Grondin","twitter_card":"summary_large_image","twitter_image":"https:\/\/lepetitseptieme.ca\/wp-content\/uploads\/2025\/10\/Nouveautes-Mubi-Novembre-2025-1024x576.jpg","twitter_creator":"@fgrondin1221","twitter_site":"@LePetitSeptieme","twitter_misc":{"Written by":"Francois Grondin","Est. reading time":"5 minutes"},"schema":{"@context":"https:\/\/schema.org","@graph":[{"@type":"Article","@id":"https:\/\/lepetitseptieme.ca\/en\/2025\/11\/01\/coming-to-mubi-november-2025\/#article","isPartOf":{"@id":"https:\/\/lepetitseptieme.ca\/en\/2025\/11\/01\/coming-to-mubi-november-2025\/"},"author":{"name":"Francois Grondin","@id":"https:\/\/lepetitseptieme.ca\/en\/#\/schema\/person\/12a0b9476b07b0f9a7cc8a82db87e8af"},"headline":"Coming to Mubi | November 2025","datePublished":"2025-11-01T11:00:00+00:00","mainEntityOfPage":{"@id":"https:\/\/lepetitseptieme.ca\/en\/2025\/11\/01\/coming-to-mubi-november-2025\/"},"wordCount":544,"commentCount":0,"publisher":{"@id":"https:\/\/lepetitseptieme.ca\/en\/#organization"},"image":{"@id":"https:\/\/lepetitseptieme.ca\/en\/2025\/11\/01\/coming-to-mubi-november-2025\/#primaryimage"},"thumbnailUrl":"https:\/\/lepetitseptieme.ca\/wp-content\/uploads\/2025\/10\/Nouveautes-Mubi-Novembre-2025.jpg","keywords":["MUBI","Streaming"],"articleSection":["News"],"inLanguage":"en-US","potentialAction":[{"@type":"CommentAction","name":"Comment","target":["https:\/\/lepetitseptieme.ca\/en\/2025\/11\/01\/coming-to-mubi-november-2025\/#respond"]}]},{"@type":"WebPage","@id":"https:\/\/lepetitseptieme.ca\/en\/2025\/11\/01\/coming-to-mubi-november-2025\/","url":"https:\/\/lepetitseptieme.ca\/en\/2025\/11\/01\/coming-to-mubi-november-2025\/","name":"Coming to Mubi | November 2025 - Le petit septi\u00e8me","isPartOf":{"@id":"https:\/\/lepetitseptieme.ca\/en\/#website"},"primaryImageOfPage":{"@id":"https:\/\/lepetitseptieme.ca\/en\/2025\/11\/01\/coming-to-mubi-november-2025\/#primaryimage"},"image":{"@id":"https:\/\/lepetitseptieme.ca\/en\/2025\/11\/01\/coming-to-mubi-november-2025\/#primaryimage"},"thumbnailUrl":"https:\/\/lepetitseptieme.ca\/wp-content\/uploads\/2025\/10\/Nouveautes-Mubi-Novembre-2025.jpg","datePublished":"2025-11-01T11:00:00+00:00","breadcrumb":{"@id":"https:\/\/lepetitseptieme.ca\/en\/2025\/11\/01\/coming-to-mubi-november-2025\/#breadcrumb"},"inLanguage":"en-US","potentialAction":[{"@type":"ReadAction","target":["https:\/\/lepetitseptieme.ca\/en\/2025\/11\/01\/coming-to-mubi-november-2025\/"]}]},{"@type":"ImageObject","inLanguage":"en-US","@id":"https:\/\/lepetitseptieme.ca\/en\/2025\/11\/01\/coming-to-mubi-november-2025\/#primaryimage","url":"https:\/\/lepetitseptieme.ca\/wp-content\/uploads\/2025\/10\/Nouveautes-Mubi-Novembre-2025.jpg","contentUrl":"https:\/\/lepetitseptieme.ca\/wp-content\/uploads\/2025\/10\/Nouveautes-Mubi-Novembre-2025.jpg","width":1920,"height":1080,"caption":"History Of Sound, The"},{"@type":"BreadcrumbList","@id":"https:\/\/lepetitseptieme.ca\/en\/2025\/11\/01\/coming-to-mubi-november-2025\/#breadcrumb","itemListElement":[{"@type":"ListItem","position":1,"name":"Home","item":"https:\/\/lepetitseptieme.ca\/en\/"},{"@type":"ListItem","position":2,"name":"Coming to Mubi | November 2025"}]},{"@type":"WebSite","@id":"https:\/\/lepetitseptieme.ca\/en\/#website","url":"https:\/\/lepetitseptieme.ca\/en\/","name":"Le petit septi\u00e8me","description":"Reviews and comments on Quebec, international and author cinema","publisher":{"@id":"https:\/\/lepetitseptieme.ca\/en\/#organization"},"potentialAction":[{"@type":"SearchAction","target":{"@type":"EntryPoint","urlTemplate":"https:\/\/lepetitseptieme.ca\/en\/?s={search_term_string}"},"query-input":{"@type":"PropertyValueSpecification","valueRequired":true,"valueName":"search_term_string"}}],"inLanguage":"en-US"},{"@type":"Organization","@id":"https:\/\/lepetitseptieme.ca\/en\/#organization","name":"Le Petit Septi\u00e8me","url":"https:\/\/lepetitseptieme.ca\/en\/","logo":{"@type":"ImageObject","inLanguage":"en-US","@id":"https:\/\/lepetitseptieme.ca\/en\/#\/schema\/logo\/image\/","url":"https:\/\/lepetitseptieme.ca\/wp-content\/uploads\/2016\/05\/cropped-Logo-Le-Petit-Septi\u00e8me-2016-BW.png","contentUrl":"https:\/\/lepetitseptieme.ca\/wp-content\/uploads\/2016\/05\/cropped-Logo-Le-Petit-Septi\u00e8me-2016-BW.png","width":512,"height":512,"caption":"Le Petit Septi\u00e8me"},"image":{"@id":"https:\/\/lepetitseptieme.ca\/en\/#\/schema\/logo\/image\/"},"sameAs":["https:\/\/www.facebook.com\/pages\/Le-Petit-Septi\u00e8me\/494448933948121?ref=hl","https:\/\/x.com\/LePetitSeptieme","https:\/\/www.youtube.com\/channel\/UC5mdhI_jJvDN1I9fkk5RcIw"]},{"@type":"Person","@id":"https:\/\/lepetitseptieme.ca\/en\/#\/schema\/person\/12a0b9476b07b0f9a7cc8a82db87e8af","name":"Francois Grondin","image":{"@type":"ImageObject","inLanguage":"en-US","@id":"https:\/\/lepetitseptieme.ca\/en\/#\/schema\/person\/image\/","url":"https:\/\/secure.gravatar.com\/avatar\/cbc7d427b20502f8a471e632a3ac28d3200b0a6f80a7e6d8056f088f651d3888?s=96&d=mm&r=r","contentUrl":"https:\/\/secure.gravatar.com\/avatar\/cbc7d427b20502f8a471e632a3ac28d3200b0a6f80a7e6d8056f088f651d3888?s=96&d=mm&r=r","caption":"Francois Grondin"},"description":"Sp\u00e9cialiste en cin\u00e9ma international et en communication num\u00e9rique, cin\u00e9aste, photographe et passionn\u00e9 de cin\u00e9ma italien et japonais. Membre du jury pour le festival FICMAN et le SIFA Festival 2022 et, bien s\u00fbr, fier papa de 2!","sameAs":["https:\/\/lepetitseptieme.ca","https:\/\/www.facebook.com\/FGrondinArt\/","https:\/\/www.linkedin.com\/in\/francois-grondin-05895816\/","https:\/\/x.com\/fgrondin1221"],"url":"https:\/\/lepetitseptieme.ca\/en\/author\/francois\/"}]}},"_links":{"self":[{"href":"https:\/\/lepetitseptieme.ca\/en\/wp-json\/wp\/v2\/posts\/56120","targetHints":{"allow":["GET"]}}],"collection":[{"href":"https:\/\/lepetitseptieme.ca\/en\/wp-json\/wp\/v2\/posts"}],"about":[{"href":"https:\/\/lepetitseptieme.ca\/en\/wp-json\/wp\/v2\/types\/post"}],"author":[{"embeddable":true,"href":"https:\/\/lepetitseptieme.ca\/en\/wp-json\/wp\/v2\/users\/2"}],"replies":[{"embeddable":true,"href":"https:\/\/lepetitseptieme.ca\/en\/wp-json\/wp\/v2\/comments?post=56120"}],"version-history":[{"count":1,"href":"https:\/\/lepetitseptieme.ca\/en\/wp-json\/wp\/v2\/posts\/56120\/revisions"}],"predecessor-version":[{"id":56121,"href":"https:\/\/lepetitseptieme.ca\/en\/wp-json\/wp\/v2\/posts\/56120\/revisions\/56121"}],"wp:featuredmedia":[{"embeddable":true,"href":"https:\/\/lepetitseptieme.ca\/en\/wp-json\/wp\/v2\/media\/56115"}],"wp:attachment":[{"href":"https:\/\/lepetitseptieme.ca\/en\/wp-json\/wp\/v2\/media?parent=56120"}],"wp:term":[{"taxonomy":"category","embeddable":true,"href":"https:\/\/lepetitseptieme.ca\/en\/wp-json\/wp\/v2\/categories?post=56120"},{"taxonomy":"post_tag","embeddable":true,"href":"https:\/\/lepetitseptieme.ca\/en\/wp-json\/wp\/v2\/tags?post=56120"}],"curies":[{"name":"wp","href":"https:\/\/api.w.org\/{rel}","templated":true}]}}