{"id":49172,"date":"2024-11-10T07:00:00","date_gmt":"2024-11-10T12:00:00","guid":{"rendered":"https:\/\/lepetitseptieme.ca\/?p=49172"},"modified":"2025-07-03T14:36:30","modified_gmt":"2025-07-03T18:36:30","slug":"cinemania-angelo-dans-la-foret-mysterieuse-modern-fable","status":"publish","type":"post","link":"https:\/\/lepetitseptieme.ca\/en\/2024\/11\/10\/cinemania-angelo-dans-la-foret-mysterieuse-modern-fable\/","title":{"rendered":"[Cinemania] Angelo dans la for\u00eat myst\u00e9rieuse \u2013 Modern Fable"},"content":{"rendered":"\n<p class=\"has-text-align-right\">\u201c<em>Come baaaaaack! You forgot meeeeeeee!\u201d<\/em><\/p>\n\n\n\n<figure class=\"wp-block-image alignleft size-large is-resized\"><img loading=\"lazy\" decoding=\"async\" width=\"759\" height=\"1024\" src=\"https:\/\/lepetitseptieme.ca\/wp-content\/uploads\/2024\/11\/Angelo-dans-la-foret-mysterieuse-AFFICHE-759x1024.jpg\" alt=\"Angelo dans la for\u00eat myst\u00e9rieuse - AFFICHE\" class=\"wp-image-49146\" style=\"width:150px\" srcset=\"https:\/\/lepetitseptieme.ca\/wp-content\/uploads\/2024\/11\/Angelo-dans-la-foret-mysterieuse-AFFICHE-759x1024.jpg 759w, https:\/\/lepetitseptieme.ca\/wp-content\/uploads\/2024\/11\/Angelo-dans-la-foret-mysterieuse-AFFICHE-223x300.jpg 223w, https:\/\/lepetitseptieme.ca\/wp-content\/uploads\/2024\/11\/Angelo-dans-la-foret-mysterieuse-AFFICHE-768x1035.jpg 768w, https:\/\/lepetitseptieme.ca\/wp-content\/uploads\/2024\/11\/Angelo-dans-la-foret-mysterieuse-AFFICHE-600x809.jpg 600w, https:\/\/lepetitseptieme.ca\/wp-content\/uploads\/2024\/11\/Angelo-dans-la-foret-mysterieuse-AFFICHE.jpg 847w\" sizes=\"auto, (max-width: 759px) 100vw, 759px\" \/><\/figure>\n\n\n\n<p>This article is not available in English. Why?<\/p>\n\n\n\n<p>Unfortunately, we do not have the necessary financial support to provide a good translation of each of our texts.<\/p>\n\n\n\n<p>Support us by purchasing one of <a href=\"https:\/\/lepetitseptieme.ca\/en\/store\/\">our products<\/a> or with <a href=\"https:\/\/lepetitseptieme.ca\/en\/produit\/donation\/\">a donation<\/a> so we can make it!<\/p>\n\n\n\n<p>You can still watch the trailer and the rating..<\/p>\n\n\n\n<figure class=\"wp-block-embed is-type-video is-provider-youtube wp-block-embed-youtube wp-embed-aspect-16-9 wp-has-aspect-ratio\"><div class=\"wp-block-embed__wrapper\">\n<iframe loading=\"lazy\" title=\"Angelo dans la for\u00eat myst\u00e9rieuse | Bande-annonce\" width=\"500\" height=\"281\" src=\"https:\/\/www.youtube.com\/embed\/YOeHwTB1-HY?feature=oembed\" frameborder=\"0\" allow=\"accelerometer; autoplay; clipboard-write; encrypted-media; gyroscope; picture-in-picture; web-share\" referrerpolicy=\"strict-origin-when-cross-origin\" allowfullscreen><\/iframe>\n<\/div><\/figure>\n","protected":false},"excerpt":{"rendered":"<p>\u201cCome baaaaaack! You forgot meeeeeeee!\u201d This article is not available in English. Why? Unfortunately, we do not have the necessary financial support to provide a good translation of each of our texts. Support us by purchasing one of our products or with a donation so we can make it! You can still watch the trailer [&hellip;]<\/p>\n","protected":false},"author":2,"featured_media":49150,"comment_status":"open","ping_status":"open","sticky":false,"template":"","format":"standard","meta":{"_acf_changed":false,"site-sidebar-layout":"default","site-content-layout":"","ast-site-content-layout":"default","site-content-style":"default","site-sidebar-style":"default","ast-global-header-display":"","ast-banner-title-visibility":"","ast-main-header-display":"","ast-hfb-above-header-display":"","ast-hfb-below-header-display":"","ast-hfb-mobile-header-display":"","site-post-title":"","ast-breadcrumbs-content":"","ast-featured-img":"","footer-sml-layout":"","ast-disable-related-posts":"","theme-transparent-header-meta":"","adv-header-id-meta":"","stick-header-meta":"","header-above-stick-meta":"","header-main-stick-meta":"","header-below-stick-meta":"","astra-migrate-meta-layouts":"set","ast-page-background-enabled":"default","ast-page-background-meta":{"desktop":{"background-color":"var(--ast-global-color-4)","background-image":"","background-repeat":"repeat","background-position":"center center","background-size":"auto","background-attachment":"scroll","background-type":"","background-media":"","overlay-type":"","overlay-color":"","overlay-opacity":"","overlay-gradient":""},"tablet":{"background-color":"","background-image":"","background-repeat":"repeat","background-position":"center center","background-size":"auto","background-attachment":"scroll","background-type":"","background-media":"","overlay-type":"","overlay-color":"","overlay-opacity":"","overlay-gradient":""},"mobile":{"background-color":"","background-image":"","background-repeat":"repeat","background-position":"center center","background-size":"auto","background-attachment":"scroll","background-type":"","background-media":"","overlay-type":"","overlay-color":"","overlay-opacity":"","overlay-gradient":""}},"ast-content-background-meta":{"desktop":{"background-color":"var(--ast-global-color-5)","background-image":"","background-repeat":"repeat","background-position":"center center","background-size":"auto","background-attachment":"scroll","background-type":"","background-media":"","overlay-type":"","overlay-color":"","overlay-opacity":"","overlay-gradient":""},"tablet":{"background-color":"var(--ast-global-color-5)","background-image":"","background-repeat":"repeat","background-position":"center center","background-size":"auto","background-attachment":"scroll","background-type":"","background-media":"","overlay-type":"","overlay-color":"","overlay-opacity":"","overlay-gradient":""},"mobile":{"background-color":"var(--ast-global-color-5)","background-image":"","background-repeat":"repeat","background-position":"center center","background-size":"auto","background-attachment":"scroll","background-type":"","background-media":"","overlay-type":"","overlay-color":"","overlay-opacity":"","overlay-gradient":""}},"footnotes":""},"categories":[5380,5574,20833],"tags":[30810,20955,178,30571,28102,30809,13343,30811,13153,30812,12856],"class_list":["post-49172","post","type-post","status-publish","format-standard","has-post-thumbnail","hentry","category-animated-films","category-european-films","category-festivals-coverage","tag-alexis-ducord","tag-childrens-films","tag-cinemania","tag-cinemania-2024","tag-critiques-en-herbe","tag-family-films","tag-films-pour-enfants","tag-philippe-katerine","tag-vincent-paronnaud","tag-winshluss","tag-yolande-moreau"],"acf":[],"yoast_head":"<!-- This site is optimized with the Yoast SEO plugin v27.1.1 - https:\/\/yoast.com\/product\/yoast-seo-wordpress\/ -->\n<title>[Cinemania] Angelo dans la for\u00eat myst\u00e9rieuse \u2013 Modern Fable - Le petit septi\u00e8me<\/title>\n<meta name=\"description\" content=\"With Angelo dans la for\u00eat myst\u00e9rieuse, Vincent Paronnaud and Alexis Ducord adapt the comic book Dans la for\u00eat sombre et myst\u00e9rieuse and offer a film for the whole family that is both intelligent and highly entertaining.\" \/>\n<meta name=\"robots\" content=\"index, follow, max-snippet:-1, max-image-preview:large, max-video-preview:-1\" \/>\n<link rel=\"canonical\" href=\"https:\/\/lepetitseptieme.ca\/en\/2024\/11\/10\/cinemania-angelo-dans-la-foret-mysterieuse-modern-fable\/\" \/>\n<meta property=\"og:locale\" content=\"en_US\" \/>\n<meta property=\"og:type\" content=\"article\" \/>\n<meta property=\"og:title\" content=\"[Cinemania] Angelo dans la for\u00eat myst\u00e9rieuse \u2013 Modern Fable - Le petit septi\u00e8me\" \/>\n<meta property=\"og:description\" content=\"With Angelo dans la for\u00eat myst\u00e9rieuse, Vincent Paronnaud and Alexis Ducord adapt the comic book Dans la for\u00eat sombre et myst\u00e9rieuse and offer a film for the whole family that is both intelligent and highly entertaining.\" \/>\n<meta property=\"og:url\" content=\"https:\/\/lepetitseptieme.ca\/en\/2024\/11\/10\/cinemania-angelo-dans-la-foret-mysterieuse-modern-fable\/\" \/>\n<meta property=\"og:site_name\" content=\"Le petit septi\u00e8me\" \/>\n<meta property=\"article:publisher\" content=\"https:\/\/www.facebook.com\/pages\/Le-Petit-Septi%c3%a8me\/494448933948121?ref=hl\" \/>\n<meta property=\"article:author\" content=\"https:\/\/www.facebook.com\/FGrondinArt\/\" \/>\n<meta property=\"article:published_time\" content=\"2024-11-10T12:00:00+00:00\" \/>\n<meta property=\"article:modified_time\" content=\"2025-07-03T18:36:30+00:00\" \/>\n<meta property=\"og:image\" content=\"https:\/\/lepetitseptieme.ca\/wp-content\/uploads\/2024\/11\/Angelo-dans-la-foret-mysterieuse-Une-1024x576.jpg\" \/>\n<meta name=\"author\" content=\"Francois Grondin\" \/>\n<meta name=\"twitter:card\" content=\"summary_large_image\" \/>\n<meta name=\"twitter:image\" content=\"https:\/\/lepetitseptieme.ca\/wp-content\/uploads\/2024\/11\/Angelo-dans-la-foret-mysterieuse-Une-1024x576.jpg\" \/>\n<meta name=\"twitter:creator\" content=\"@fgrondin1221\" \/>\n<meta name=\"twitter:site\" content=\"@LePetitSeptieme\" \/>\n<meta name=\"twitter:label1\" content=\"Written by\" \/>\n\t<meta name=\"twitter:data1\" content=\"Francois Grondin\" \/>\n\t<meta name=\"twitter:label2\" content=\"Est. reading time\" \/>\n\t<meta name=\"twitter:data2\" content=\"1 minute\" \/>\n<script type=\"application\/ld+json\" class=\"yoast-schema-graph\">{\"@context\":\"https:\/\/schema.org\",\"@graph\":[{\"@type\":\"Article\",\"@id\":\"https:\/\/lepetitseptieme.ca\/en\/2024\/11\/10\/cinemania-angelo-dans-la-foret-mysterieuse-modern-fable\/#article\",\"isPartOf\":{\"@id\":\"https:\/\/lepetitseptieme.ca\/en\/2024\/11\/10\/cinemania-angelo-dans-la-foret-mysterieuse-modern-fable\/\"},\"author\":{\"name\":\"Francois Grondin\",\"@id\":\"https:\/\/lepetitseptieme.ca\/en\/#\/schema\/person\/12a0b9476b07b0f9a7cc8a82db87e8af\"},\"headline\":\"[Cinemania] Angelo dans la for\u00eat myst\u00e9rieuse \u2013 Modern Fable\",\"datePublished\":\"2024-11-10T12:00:00+00:00\",\"dateModified\":\"2025-07-03T18:36:30+00:00\",\"mainEntityOfPage\":{\"@id\":\"https:\/\/lepetitseptieme.ca\/en\/2024\/11\/10\/cinemania-angelo-dans-la-foret-mysterieuse-modern-fable\/\"},\"wordCount\":73,\"commentCount\":0,\"publisher\":{\"@id\":\"https:\/\/lepetitseptieme.ca\/en\/#organization\"},\"image\":{\"@id\":\"https:\/\/lepetitseptieme.ca\/en\/2024\/11\/10\/cinemania-angelo-dans-la-foret-mysterieuse-modern-fable\/#primaryimage\"},\"thumbnailUrl\":\"https:\/\/lepetitseptieme.ca\/wp-content\/uploads\/2024\/11\/Angelo-dans-la-foret-mysterieuse-Une.jpg\",\"keywords\":[\"Alexis Ducord\",\"Children's films\",\"Cinemania\",\"Cinemania 2024\",\"Critiques en herbe\",\"Family films\",\"Films pour enfants\",\"Philippe Katerine\",\"Vincent Paronnaud\",\"Winshluss\",\"Yolande Moreau\"],\"articleSection\":[\"Animated movies\",\"European movies\",\"Festivals coverage\"],\"inLanguage\":\"en-US\",\"potentialAction\":[{\"@type\":\"CommentAction\",\"name\":\"Comment\",\"target\":[\"https:\/\/lepetitseptieme.ca\/en\/2024\/11\/10\/cinemania-angelo-dans-la-foret-mysterieuse-modern-fable\/#respond\"]}]},{\"@type\":\"WebPage\",\"@id\":\"https:\/\/lepetitseptieme.ca\/en\/2024\/11\/10\/cinemania-angelo-dans-la-foret-mysterieuse-modern-fable\/\",\"url\":\"https:\/\/lepetitseptieme.ca\/en\/2024\/11\/10\/cinemania-angelo-dans-la-foret-mysterieuse-modern-fable\/\",\"name\":\"[Cinemania] Angelo dans la for\u00eat myst\u00e9rieuse \u2013 Modern Fable - Le petit septi\u00e8me\",\"isPartOf\":{\"@id\":\"https:\/\/lepetitseptieme.ca\/en\/#website\"},\"primaryImageOfPage\":{\"@id\":\"https:\/\/lepetitseptieme.ca\/en\/2024\/11\/10\/cinemania-angelo-dans-la-foret-mysterieuse-modern-fable\/#primaryimage\"},\"image\":{\"@id\":\"https:\/\/lepetitseptieme.ca\/en\/2024\/11\/10\/cinemania-angelo-dans-la-foret-mysterieuse-modern-fable\/#primaryimage\"},\"thumbnailUrl\":\"https:\/\/lepetitseptieme.ca\/wp-content\/uploads\/2024\/11\/Angelo-dans-la-foret-mysterieuse-Une.jpg\",\"datePublished\":\"2024-11-10T12:00:00+00:00\",\"dateModified\":\"2025-07-03T18:36:30+00:00\",\"description\":\"With Angelo dans la for\u00eat myst\u00e9rieuse, Vincent Paronnaud and Alexis Ducord adapt the comic book Dans la for\u00eat sombre et myst\u00e9rieuse and offer a film for the whole family that is both intelligent and highly entertaining.\",\"breadcrumb\":{\"@id\":\"https:\/\/lepetitseptieme.ca\/en\/2024\/11\/10\/cinemania-angelo-dans-la-foret-mysterieuse-modern-fable\/#breadcrumb\"},\"inLanguage\":\"en-US\",\"potentialAction\":[{\"@type\":\"ReadAction\",\"target\":[\"https:\/\/lepetitseptieme.ca\/en\/2024\/11\/10\/cinemania-angelo-dans-la-foret-mysterieuse-modern-fable\/\"]}]},{\"@type\":\"ImageObject\",\"inLanguage\":\"en-US\",\"@id\":\"https:\/\/lepetitseptieme.ca\/en\/2024\/11\/10\/cinemania-angelo-dans-la-foret-mysterieuse-modern-fable\/#primaryimage\",\"url\":\"https:\/\/lepetitseptieme.ca\/wp-content\/uploads\/2024\/11\/Angelo-dans-la-foret-mysterieuse-Une.jpg\",\"contentUrl\":\"https:\/\/lepetitseptieme.ca\/wp-content\/uploads\/2024\/11\/Angelo-dans-la-foret-mysterieuse-Une.jpg\",\"width\":1920,\"height\":1080,\"caption\":\"Angelo dans la for\u00eat myst\u00e9rieuse - Une\"},{\"@type\":\"BreadcrumbList\",\"@id\":\"https:\/\/lepetitseptieme.ca\/en\/2024\/11\/10\/cinemania-angelo-dans-la-foret-mysterieuse-modern-fable\/#breadcrumb\",\"itemListElement\":[{\"@type\":\"ListItem\",\"position\":1,\"name\":\"Home\",\"item\":\"https:\/\/lepetitseptieme.ca\/en\/\"},{\"@type\":\"ListItem\",\"position\":2,\"name\":\"[Cinemania] Angelo dans la for\u00eat myst\u00e9rieuse \u2013 Modern Fable\"}]},{\"@type\":\"WebSite\",\"@id\":\"https:\/\/lepetitseptieme.ca\/en\/#website\",\"url\":\"https:\/\/lepetitseptieme.ca\/en\/\",\"name\":\"Le petit septi\u00e8me\",\"description\":\"Reviews and comments on Quebec, international and author cinema\",\"publisher\":{\"@id\":\"https:\/\/lepetitseptieme.ca\/en\/#organization\"},\"potentialAction\":[{\"@type\":\"SearchAction\",\"target\":{\"@type\":\"EntryPoint\",\"urlTemplate\":\"https:\/\/lepetitseptieme.ca\/en\/?s={search_term_string}\"},\"query-input\":{\"@type\":\"PropertyValueSpecification\",\"valueRequired\":true,\"valueName\":\"search_term_string\"}}],\"inLanguage\":\"en-US\"},{\"@type\":\"Organization\",\"@id\":\"https:\/\/lepetitseptieme.ca\/en\/#organization\",\"name\":\"Le Petit Septi\u00e8me\",\"url\":\"https:\/\/lepetitseptieme.ca\/en\/\",\"logo\":{\"@type\":\"ImageObject\",\"inLanguage\":\"en-US\",\"@id\":\"https:\/\/lepetitseptieme.ca\/en\/#\/schema\/logo\/image\/\",\"url\":\"https:\/\/lepetitseptieme.ca\/wp-content\/uploads\/2016\/05\/cropped-Logo-Le-Petit-Septi\u00e8me-2016-BW.png\",\"contentUrl\":\"https:\/\/lepetitseptieme.ca\/wp-content\/uploads\/2016\/05\/cropped-Logo-Le-Petit-Septi\u00e8me-2016-BW.png\",\"width\":512,\"height\":512,\"caption\":\"Le Petit Septi\u00e8me\"},\"image\":{\"@id\":\"https:\/\/lepetitseptieme.ca\/en\/#\/schema\/logo\/image\/\"},\"sameAs\":[\"https:\/\/www.facebook.com\/pages\/Le-Petit-Septi\u00e8me\/494448933948121?ref=hl\",\"https:\/\/x.com\/LePetitSeptieme\",\"https:\/\/www.youtube.com\/channel\/UC5mdhI_jJvDN1I9fkk5RcIw\"]},{\"@type\":\"Person\",\"@id\":\"https:\/\/lepetitseptieme.ca\/en\/#\/schema\/person\/12a0b9476b07b0f9a7cc8a82db87e8af\",\"name\":\"Francois Grondin\",\"image\":{\"@type\":\"ImageObject\",\"inLanguage\":\"en-US\",\"@id\":\"https:\/\/lepetitseptieme.ca\/en\/#\/schema\/person\/image\/\",\"url\":\"https:\/\/secure.gravatar.com\/avatar\/cbc7d427b20502f8a471e632a3ac28d3200b0a6f80a7e6d8056f088f651d3888?s=96&d=mm&r=r\",\"contentUrl\":\"https:\/\/secure.gravatar.com\/avatar\/cbc7d427b20502f8a471e632a3ac28d3200b0a6f80a7e6d8056f088f651d3888?s=96&d=mm&r=r\",\"caption\":\"Francois Grondin\"},\"description\":\"Sp\u00e9cialiste en cin\u00e9ma international et en communication num\u00e9rique, cin\u00e9aste, photographe et passionn\u00e9 de cin\u00e9ma italien et japonais. Membre du jury pour le festival FICMAN et le SIFA Festival 2022 et, bien s\u00fbr, fier papa de 2!\",\"sameAs\":[\"https:\/\/lepetitseptieme.ca\",\"https:\/\/www.facebook.com\/FGrondinArt\/\",\"https:\/\/www.linkedin.com\/in\/francois-grondin-05895816\/\",\"https:\/\/x.com\/fgrondin1221\"],\"url\":\"https:\/\/lepetitseptieme.ca\/en\/author\/francois\/\"}]}<\/script>\n<!-- \/ Yoast SEO plugin. -->","yoast_head_json":{"title":"[Cinemania] Angelo dans la for\u00eat myst\u00e9rieuse \u2013 Modern Fable - Le petit septi\u00e8me","description":"With Angelo dans la for\u00eat myst\u00e9rieuse, Vincent Paronnaud and Alexis Ducord adapt the comic book Dans la for\u00eat sombre et myst\u00e9rieuse and offer a film for the whole family that is both intelligent and highly entertaining.","robots":{"index":"index","follow":"follow","max-snippet":"max-snippet:-1","max-image-preview":"max-image-preview:large","max-video-preview":"max-video-preview:-1"},"canonical":"https:\/\/lepetitseptieme.ca\/en\/2024\/11\/10\/cinemania-angelo-dans-la-foret-mysterieuse-modern-fable\/","og_locale":"en_US","og_type":"article","og_title":"[Cinemania] Angelo dans la for\u00eat myst\u00e9rieuse \u2013 Modern Fable - Le petit septi\u00e8me","og_description":"With Angelo dans la for\u00eat myst\u00e9rieuse, Vincent Paronnaud and Alexis Ducord adapt the comic book Dans la for\u00eat sombre et myst\u00e9rieuse and offer a film for the whole family that is both intelligent and highly entertaining.","og_url":"https:\/\/lepetitseptieme.ca\/en\/2024\/11\/10\/cinemania-angelo-dans-la-foret-mysterieuse-modern-fable\/","og_site_name":"Le petit septi\u00e8me","article_publisher":"https:\/\/www.facebook.com\/pages\/Le-Petit-Septi%c3%a8me\/494448933948121?ref=hl","article_author":"https:\/\/www.facebook.com\/FGrondinArt\/","article_published_time":"2024-11-10T12:00:00+00:00","article_modified_time":"2025-07-03T18:36:30+00:00","og_image":[{"url":"https:\/\/lepetitseptieme.ca\/wp-content\/uploads\/2024\/11\/Angelo-dans-la-foret-mysterieuse-Une-1024x576.jpg","type":"","width":"","height":""}],"author":"Francois Grondin","twitter_card":"summary_large_image","twitter_image":"https:\/\/lepetitseptieme.ca\/wp-content\/uploads\/2024\/11\/Angelo-dans-la-foret-mysterieuse-Une-1024x576.jpg","twitter_creator":"@fgrondin1221","twitter_site":"@LePetitSeptieme","twitter_misc":{"Written by":"Francois Grondin","Est. reading time":"1 minute"},"schema":{"@context":"https:\/\/schema.org","@graph":[{"@type":"Article","@id":"https:\/\/lepetitseptieme.ca\/en\/2024\/11\/10\/cinemania-angelo-dans-la-foret-mysterieuse-modern-fable\/#article","isPartOf":{"@id":"https:\/\/lepetitseptieme.ca\/en\/2024\/11\/10\/cinemania-angelo-dans-la-foret-mysterieuse-modern-fable\/"},"author":{"name":"Francois Grondin","@id":"https:\/\/lepetitseptieme.ca\/en\/#\/schema\/person\/12a0b9476b07b0f9a7cc8a82db87e8af"},"headline":"[Cinemania] Angelo dans la for\u00eat myst\u00e9rieuse \u2013 Modern Fable","datePublished":"2024-11-10T12:00:00+00:00","dateModified":"2025-07-03T18:36:30+00:00","mainEntityOfPage":{"@id":"https:\/\/lepetitseptieme.ca\/en\/2024\/11\/10\/cinemania-angelo-dans-la-foret-mysterieuse-modern-fable\/"},"wordCount":73,"commentCount":0,"publisher":{"@id":"https:\/\/lepetitseptieme.ca\/en\/#organization"},"image":{"@id":"https:\/\/lepetitseptieme.ca\/en\/2024\/11\/10\/cinemania-angelo-dans-la-foret-mysterieuse-modern-fable\/#primaryimage"},"thumbnailUrl":"https:\/\/lepetitseptieme.ca\/wp-content\/uploads\/2024\/11\/Angelo-dans-la-foret-mysterieuse-Une.jpg","keywords":["Alexis Ducord","Children's films","Cinemania","Cinemania 2024","Critiques en herbe","Family films","Films pour enfants","Philippe Katerine","Vincent Paronnaud","Winshluss","Yolande Moreau"],"articleSection":["Animated movies","European movies","Festivals coverage"],"inLanguage":"en-US","potentialAction":[{"@type":"CommentAction","name":"Comment","target":["https:\/\/lepetitseptieme.ca\/en\/2024\/11\/10\/cinemania-angelo-dans-la-foret-mysterieuse-modern-fable\/#respond"]}]},{"@type":"WebPage","@id":"https:\/\/lepetitseptieme.ca\/en\/2024\/11\/10\/cinemania-angelo-dans-la-foret-mysterieuse-modern-fable\/","url":"https:\/\/lepetitseptieme.ca\/en\/2024\/11\/10\/cinemania-angelo-dans-la-foret-mysterieuse-modern-fable\/","name":"[Cinemania] Angelo dans la for\u00eat myst\u00e9rieuse \u2013 Modern Fable - Le petit septi\u00e8me","isPartOf":{"@id":"https:\/\/lepetitseptieme.ca\/en\/#website"},"primaryImageOfPage":{"@id":"https:\/\/lepetitseptieme.ca\/en\/2024\/11\/10\/cinemania-angelo-dans-la-foret-mysterieuse-modern-fable\/#primaryimage"},"image":{"@id":"https:\/\/lepetitseptieme.ca\/en\/2024\/11\/10\/cinemania-angelo-dans-la-foret-mysterieuse-modern-fable\/#primaryimage"},"thumbnailUrl":"https:\/\/lepetitseptieme.ca\/wp-content\/uploads\/2024\/11\/Angelo-dans-la-foret-mysterieuse-Une.jpg","datePublished":"2024-11-10T12:00:00+00:00","dateModified":"2025-07-03T18:36:30+00:00","description":"With Angelo dans la for\u00eat myst\u00e9rieuse, Vincent Paronnaud and Alexis Ducord adapt the comic book Dans la for\u00eat sombre et myst\u00e9rieuse and offer a film for the whole family that is both intelligent and highly entertaining.","breadcrumb":{"@id":"https:\/\/lepetitseptieme.ca\/en\/2024\/11\/10\/cinemania-angelo-dans-la-foret-mysterieuse-modern-fable\/#breadcrumb"},"inLanguage":"en-US","potentialAction":[{"@type":"ReadAction","target":["https:\/\/lepetitseptieme.ca\/en\/2024\/11\/10\/cinemania-angelo-dans-la-foret-mysterieuse-modern-fable\/"]}]},{"@type":"ImageObject","inLanguage":"en-US","@id":"https:\/\/lepetitseptieme.ca\/en\/2024\/11\/10\/cinemania-angelo-dans-la-foret-mysterieuse-modern-fable\/#primaryimage","url":"https:\/\/lepetitseptieme.ca\/wp-content\/uploads\/2024\/11\/Angelo-dans-la-foret-mysterieuse-Une.jpg","contentUrl":"https:\/\/lepetitseptieme.ca\/wp-content\/uploads\/2024\/11\/Angelo-dans-la-foret-mysterieuse-Une.jpg","width":1920,"height":1080,"caption":"Angelo dans la for\u00eat myst\u00e9rieuse - Une"},{"@type":"BreadcrumbList","@id":"https:\/\/lepetitseptieme.ca\/en\/2024\/11\/10\/cinemania-angelo-dans-la-foret-mysterieuse-modern-fable\/#breadcrumb","itemListElement":[{"@type":"ListItem","position":1,"name":"Home","item":"https:\/\/lepetitseptieme.ca\/en\/"},{"@type":"ListItem","position":2,"name":"[Cinemania] Angelo dans la for\u00eat myst\u00e9rieuse \u2013 Modern Fable"}]},{"@type":"WebSite","@id":"https:\/\/lepetitseptieme.ca\/en\/#website","url":"https:\/\/lepetitseptieme.ca\/en\/","name":"Le petit septi\u00e8me","description":"Reviews and comments on Quebec, international and author cinema","publisher":{"@id":"https:\/\/lepetitseptieme.ca\/en\/#organization"},"potentialAction":[{"@type":"SearchAction","target":{"@type":"EntryPoint","urlTemplate":"https:\/\/lepetitseptieme.ca\/en\/?s={search_term_string}"},"query-input":{"@type":"PropertyValueSpecification","valueRequired":true,"valueName":"search_term_string"}}],"inLanguage":"en-US"},{"@type":"Organization","@id":"https:\/\/lepetitseptieme.ca\/en\/#organization","name":"Le Petit Septi\u00e8me","url":"https:\/\/lepetitseptieme.ca\/en\/","logo":{"@type":"ImageObject","inLanguage":"en-US","@id":"https:\/\/lepetitseptieme.ca\/en\/#\/schema\/logo\/image\/","url":"https:\/\/lepetitseptieme.ca\/wp-content\/uploads\/2016\/05\/cropped-Logo-Le-Petit-Septi\u00e8me-2016-BW.png","contentUrl":"https:\/\/lepetitseptieme.ca\/wp-content\/uploads\/2016\/05\/cropped-Logo-Le-Petit-Septi\u00e8me-2016-BW.png","width":512,"height":512,"caption":"Le Petit Septi\u00e8me"},"image":{"@id":"https:\/\/lepetitseptieme.ca\/en\/#\/schema\/logo\/image\/"},"sameAs":["https:\/\/www.facebook.com\/pages\/Le-Petit-Septi\u00e8me\/494448933948121?ref=hl","https:\/\/x.com\/LePetitSeptieme","https:\/\/www.youtube.com\/channel\/UC5mdhI_jJvDN1I9fkk5RcIw"]},{"@type":"Person","@id":"https:\/\/lepetitseptieme.ca\/en\/#\/schema\/person\/12a0b9476b07b0f9a7cc8a82db87e8af","name":"Francois Grondin","image":{"@type":"ImageObject","inLanguage":"en-US","@id":"https:\/\/lepetitseptieme.ca\/en\/#\/schema\/person\/image\/","url":"https:\/\/secure.gravatar.com\/avatar\/cbc7d427b20502f8a471e632a3ac28d3200b0a6f80a7e6d8056f088f651d3888?s=96&d=mm&r=r","contentUrl":"https:\/\/secure.gravatar.com\/avatar\/cbc7d427b20502f8a471e632a3ac28d3200b0a6f80a7e6d8056f088f651d3888?s=96&d=mm&r=r","caption":"Francois Grondin"},"description":"Sp\u00e9cialiste en cin\u00e9ma international et en communication num\u00e9rique, cin\u00e9aste, photographe et passionn\u00e9 de cin\u00e9ma italien et japonais. Membre du jury pour le festival FICMAN et le SIFA Festival 2022 et, bien s\u00fbr, fier papa de 2!","sameAs":["https:\/\/lepetitseptieme.ca","https:\/\/www.facebook.com\/FGrondinArt\/","https:\/\/www.linkedin.com\/in\/francois-grondin-05895816\/","https:\/\/x.com\/fgrondin1221"],"url":"https:\/\/lepetitseptieme.ca\/en\/author\/francois\/"}]}},"_links":{"self":[{"href":"https:\/\/lepetitseptieme.ca\/en\/wp-json\/wp\/v2\/posts\/49172","targetHints":{"allow":["GET"]}}],"collection":[{"href":"https:\/\/lepetitseptieme.ca\/en\/wp-json\/wp\/v2\/posts"}],"about":[{"href":"https:\/\/lepetitseptieme.ca\/en\/wp-json\/wp\/v2\/types\/post"}],"author":[{"embeddable":true,"href":"https:\/\/lepetitseptieme.ca\/en\/wp-json\/wp\/v2\/users\/2"}],"replies":[{"embeddable":true,"href":"https:\/\/lepetitseptieme.ca\/en\/wp-json\/wp\/v2\/comments?post=49172"}],"version-history":[{"count":3,"href":"https:\/\/lepetitseptieme.ca\/en\/wp-json\/wp\/v2\/posts\/49172\/revisions"}],"predecessor-version":[{"id":53445,"href":"https:\/\/lepetitseptieme.ca\/en\/wp-json\/wp\/v2\/posts\/49172\/revisions\/53445"}],"wp:featuredmedia":[{"embeddable":true,"href":"https:\/\/lepetitseptieme.ca\/en\/wp-json\/wp\/v2\/media\/49150"}],"wp:attachment":[{"href":"https:\/\/lepetitseptieme.ca\/en\/wp-json\/wp\/v2\/media?parent=49172"}],"wp:term":[{"taxonomy":"category","embeddable":true,"href":"https:\/\/lepetitseptieme.ca\/en\/wp-json\/wp\/v2\/categories?post=49172"},{"taxonomy":"post_tag","embeddable":true,"href":"https:\/\/lepetitseptieme.ca\/en\/wp-json\/wp\/v2\/tags?post=49172"}],"curies":[{"name":"wp","href":"https:\/\/api.w.org\/{rel}","templated":true}]}}