{"id":44466,"date":"2024-05-06T07:00:00","date_gmt":"2024-05-06T11:00:00","guid":{"rendered":"https:\/\/lepetitseptieme.ca\/?p=44466"},"modified":"2024-05-05T20:46:27","modified_gmt":"2024-05-06T00:46:27","slug":"rules-dont-apply-shorts-by-radu-jude-mubi","status":"publish","type":"post","link":"https:\/\/lepetitseptieme.ca\/en\/2024\/05\/06\/rules-dont-apply-shorts-by-radu-jude-mubi\/","title":{"rendered":"Rules don\u2019t apply\u00a0: Shorts by Radu Jude | Mubi"},"content":{"rendered":"\n<figure class=\"wp-block-image alignleft size-medium\"><img loading=\"lazy\" decoding=\"async\" width=\"300\" height=\"169\" src=\"https:\/\/lepetitseptieme.ca\/wp-content\/uploads\/2024\/05\/PLASTIC-SEMIOTIC-300x169.png\" alt=\"PLASTIC SEMIOTIC\" class=\"wp-image-44449\" srcset=\"https:\/\/lepetitseptieme.ca\/wp-content\/uploads\/2024\/05\/PLASTIC-SEMIOTIC-300x169.png 300w, https:\/\/lepetitseptieme.ca\/wp-content\/uploads\/2024\/05\/PLASTIC-SEMIOTIC-1024x576.png 1024w, https:\/\/lepetitseptieme.ca\/wp-content\/uploads\/2024\/05\/PLASTIC-SEMIOTIC-768x432.png 768w, https:\/\/lepetitseptieme.ca\/wp-content\/uploads\/2024\/05\/PLASTIC-SEMIOTIC-600x338.png 600w, https:\/\/lepetitseptieme.ca\/wp-content\/uploads\/2024\/05\/PLASTIC-SEMIOTIC.png 1280w\" sizes=\"auto, (max-width: 300px) 100vw, 300px\" \/><\/figure>\n\n\n\n<p>This article is not available in English. Why?<\/p>\n\n\n\n<p>Unfortunately, we do not have the necessary financial support to provide a good translation of each of our texts.<\/p>\n\n\n\n<p>Support us by purchasing one of <a href=\"https:\/\/lepetitseptieme.ca\/en\/store\/\">our products<\/a> or with <a href=\"https:\/\/lepetitseptieme.ca\/en\/produit\/donation\/\">a donation<\/a> so we can make it!<\/p>\n\n\n\n<p>You can still watch the trailer and the rating&#8230;<\/p>\n","protected":false},"excerpt":{"rendered":"<p>This article is not available in English. Why? Unfortunately, we do not have the necessary financial support to provide a good translation of each of our texts. Support us by purchasing one of our products or with a donation so we can make it! You can still watch the trailer and the rating&#8230;<\/p>\n","protected":false},"author":2,"featured_media":44453,"comment_status":"open","ping_status":"open","sticky":false,"template":"","format":"standard","meta":{"_acf_changed":false,"site-sidebar-layout":"default","site-content-layout":"","ast-site-content-layout":"default","site-content-style":"default","site-sidebar-style":"default","ast-global-header-display":"","ast-banner-title-visibility":"","ast-main-header-display":"","ast-hfb-above-header-display":"","ast-hfb-below-header-display":"","ast-hfb-mobile-header-display":"","site-post-title":"","ast-breadcrumbs-content":"","ast-featured-img":"","footer-sml-layout":"","ast-disable-related-posts":"","theme-transparent-header-meta":"","adv-header-id-meta":"","stick-header-meta":"","header-above-stick-meta":"","header-main-stick-meta":"","header-below-stick-meta":"","astra-migrate-meta-layouts":"default","ast-page-background-enabled":"default","ast-page-background-meta":{"desktop":{"background-color":"var(--ast-global-color-4)","background-image":"","background-repeat":"repeat","background-position":"center center","background-size":"auto","background-attachment":"scroll","background-type":"","background-media":"","overlay-type":"","overlay-color":"","overlay-opacity":"","overlay-gradient":""},"tablet":{"background-color":"","background-image":"","background-repeat":"repeat","background-position":"center center","background-size":"auto","background-attachment":"scroll","background-type":"","background-media":"","overlay-type":"","overlay-color":"","overlay-opacity":"","overlay-gradient":""},"mobile":{"background-color":"","background-image":"","background-repeat":"repeat","background-position":"center center","background-size":"auto","background-attachment":"scroll","background-type":"","background-media":"","overlay-type":"","overlay-color":"","overlay-opacity":"","overlay-gradient":""}},"ast-content-background-meta":{"desktop":{"background-color":"var(--ast-global-color-5)","background-image":"","background-repeat":"repeat","background-position":"center center","background-size":"auto","background-attachment":"scroll","background-type":"","background-media":"","overlay-type":"","overlay-color":"","overlay-opacity":"","overlay-gradient":""},"tablet":{"background-color":"var(--ast-global-color-5)","background-image":"","background-repeat":"repeat","background-position":"center center","background-size":"auto","background-attachment":"scroll","background-type":"","background-media":"","overlay-type":"","overlay-color":"","overlay-opacity":"","overlay-gradient":""},"mobile":{"background-color":"var(--ast-global-color-5)","background-image":"","background-repeat":"repeat","background-position":"center center","background-size":"auto","background-attachment":"scroll","background-type":"","background-media":"","overlay-type":"","overlay-color":"","overlay-opacity":"","overlay-gradient":""}},"footnotes":""},"categories":[5574,5378],"tags":[29454,29453,21797,29451,29452,29450],"class_list":["post-44466","post","type-post","status-publish","format-standard","has-post-thumbnail","hentry","category-european-films","category-short-films","tag-caricaturana","tag-plastic-semiotic","tag-radu-jude-2","tag-shadow-of-a-cloud","tag-the-marshals-two-executions","tag-the-tube-with-a-hat"],"acf":[],"yoast_head":"<!-- This site is optimized with the Yoast SEO plugin v27.1.1 - https:\/\/yoast.com\/product\/yoast-seo-wordpress\/ -->\n<title>Rules don\u2019t apply\u00a0: Shorts by Radu Jude | Mubi - Le petit septi\u00e8me<\/title>\n<meta name=\"description\" content=\"With the arrival of Do not expect too much from the end of the world, Radu Jude&#039;s most recent feature film, on Mubi, the platform offers 5 short films by the master of irony. We tell you about it.\" \/>\n<meta name=\"robots\" content=\"index, follow, max-snippet:-1, max-image-preview:large, max-video-preview:-1\" \/>\n<link rel=\"canonical\" href=\"https:\/\/lepetitseptieme.ca\/en\/2024\/05\/06\/rules-dont-apply-shorts-by-radu-jude-mubi\/\" \/>\n<meta property=\"og:locale\" content=\"en_US\" \/>\n<meta property=\"og:type\" content=\"article\" \/>\n<meta property=\"og:title\" content=\"Rules don\u2019t apply\u00a0: Shorts by Radu Jude | Mubi - Le petit septi\u00e8me\" \/>\n<meta property=\"og:description\" content=\"With the arrival of Do not expect too much from the end of the world, Radu Jude&#039;s most recent feature film, on Mubi, the platform offers 5 short films by the master of irony. We tell you about it.\" \/>\n<meta property=\"og:url\" content=\"https:\/\/lepetitseptieme.ca\/en\/2024\/05\/06\/rules-dont-apply-shorts-by-radu-jude-mubi\/\" \/>\n<meta property=\"og:site_name\" content=\"Le petit septi\u00e8me\" \/>\n<meta property=\"article:publisher\" content=\"https:\/\/www.facebook.com\/pages\/Le-Petit-Septi%c3%a8me\/494448933948121?ref=hl\" \/>\n<meta property=\"article:author\" content=\"https:\/\/www.facebook.com\/FGrondinArt\/\" \/>\n<meta property=\"article:published_time\" content=\"2024-05-06T11:00:00+00:00\" \/>\n<meta property=\"og:image\" content=\"https:\/\/lepetitseptieme.ca\/wp-content\/uploads\/2024\/05\/Collection-Radu-Jude-Mubi-Une-1024x576.jpg\" \/>\n<meta name=\"author\" content=\"Francois Grondin\" \/>\n<meta name=\"twitter:card\" content=\"summary_large_image\" \/>\n<meta name=\"twitter:image\" content=\"https:\/\/lepetitseptieme.ca\/wp-content\/uploads\/2024\/05\/Collection-Radu-Jude-Mubi-Une-1024x576.jpg\" \/>\n<meta name=\"twitter:creator\" content=\"@fgrondin1221\" \/>\n<meta name=\"twitter:site\" content=\"@LePetitSeptieme\" \/>\n<meta name=\"twitter:label1\" content=\"Written by\" \/>\n\t<meta name=\"twitter:data1\" content=\"Francois Grondin\" \/>\n<script type=\"application\/ld+json\" class=\"yoast-schema-graph\">{\"@context\":\"https:\/\/schema.org\",\"@graph\":[{\"@type\":\"Article\",\"@id\":\"https:\/\/lepetitseptieme.ca\/en\/2024\/05\/06\/rules-dont-apply-shorts-by-radu-jude-mubi\/#article\",\"isPartOf\":{\"@id\":\"https:\/\/lepetitseptieme.ca\/en\/2024\/05\/06\/rules-dont-apply-shorts-by-radu-jude-mubi\/\"},\"author\":{\"name\":\"Francois Grondin\",\"@id\":\"https:\/\/lepetitseptieme.ca\/en\/#\/schema\/person\/12a0b9476b07b0f9a7cc8a82db87e8af\"},\"headline\":\"Rules don\u2019t apply\u00a0: Shorts by Radu Jude | Mubi\",\"datePublished\":\"2024-05-06T11:00:00+00:00\",\"mainEntityOfPage\":{\"@id\":\"https:\/\/lepetitseptieme.ca\/en\/2024\/05\/06\/rules-dont-apply-shorts-by-radu-jude-mubi\/\"},\"wordCount\":62,\"commentCount\":0,\"publisher\":{\"@id\":\"https:\/\/lepetitseptieme.ca\/en\/#organization\"},\"image\":{\"@id\":\"https:\/\/lepetitseptieme.ca\/en\/2024\/05\/06\/rules-dont-apply-shorts-by-radu-jude-mubi\/#primaryimage\"},\"thumbnailUrl\":\"https:\/\/lepetitseptieme.ca\/wp-content\/uploads\/2024\/05\/Collection-Radu-Jude-Mubi-Une.jpg\",\"keywords\":[\"Caricaturana\",\"Plastic semiotic\",\"Radu Jude\",\"Shadow of a cloud\",\"The Marshal\u2019s two executions\",\"The tube with a hat\"],\"articleSection\":[\"European movies\",\"Short films\"],\"inLanguage\":\"en-US\",\"potentialAction\":[{\"@type\":\"CommentAction\",\"name\":\"Comment\",\"target\":[\"https:\/\/lepetitseptieme.ca\/en\/2024\/05\/06\/rules-dont-apply-shorts-by-radu-jude-mubi\/#respond\"]}]},{\"@type\":\"WebPage\",\"@id\":\"https:\/\/lepetitseptieme.ca\/en\/2024\/05\/06\/rules-dont-apply-shorts-by-radu-jude-mubi\/\",\"url\":\"https:\/\/lepetitseptieme.ca\/en\/2024\/05\/06\/rules-dont-apply-shorts-by-radu-jude-mubi\/\",\"name\":\"Rules don\u2019t apply\u00a0: Shorts by Radu Jude | Mubi - Le petit septi\u00e8me\",\"isPartOf\":{\"@id\":\"https:\/\/lepetitseptieme.ca\/en\/#website\"},\"primaryImageOfPage\":{\"@id\":\"https:\/\/lepetitseptieme.ca\/en\/2024\/05\/06\/rules-dont-apply-shorts-by-radu-jude-mubi\/#primaryimage\"},\"image\":{\"@id\":\"https:\/\/lepetitseptieme.ca\/en\/2024\/05\/06\/rules-dont-apply-shorts-by-radu-jude-mubi\/#primaryimage\"},\"thumbnailUrl\":\"https:\/\/lepetitseptieme.ca\/wp-content\/uploads\/2024\/05\/Collection-Radu-Jude-Mubi-Une.jpg\",\"datePublished\":\"2024-05-06T11:00:00+00:00\",\"description\":\"With the arrival of Do not expect too much from the end of the world, Radu Jude's most recent feature film, on Mubi, the platform offers 5 short films by the master of irony. We tell you about it.\",\"breadcrumb\":{\"@id\":\"https:\/\/lepetitseptieme.ca\/en\/2024\/05\/06\/rules-dont-apply-shorts-by-radu-jude-mubi\/#breadcrumb\"},\"inLanguage\":\"en-US\",\"potentialAction\":[{\"@type\":\"ReadAction\",\"target\":[\"https:\/\/lepetitseptieme.ca\/en\/2024\/05\/06\/rules-dont-apply-shorts-by-radu-jude-mubi\/\"]}]},{\"@type\":\"ImageObject\",\"inLanguage\":\"en-US\",\"@id\":\"https:\/\/lepetitseptieme.ca\/en\/2024\/05\/06\/rules-dont-apply-shorts-by-radu-jude-mubi\/#primaryimage\",\"url\":\"https:\/\/lepetitseptieme.ca\/wp-content\/uploads\/2024\/05\/Collection-Radu-Jude-Mubi-Une.jpg\",\"contentUrl\":\"https:\/\/lepetitseptieme.ca\/wp-content\/uploads\/2024\/05\/Collection-Radu-Jude-Mubi-Une.jpg\",\"width\":1920,\"height\":1080,\"caption\":\"Collection Radu Jude - Mubi - Une\"},{\"@type\":\"BreadcrumbList\",\"@id\":\"https:\/\/lepetitseptieme.ca\/en\/2024\/05\/06\/rules-dont-apply-shorts-by-radu-jude-mubi\/#breadcrumb\",\"itemListElement\":[{\"@type\":\"ListItem\",\"position\":1,\"name\":\"Home\",\"item\":\"https:\/\/lepetitseptieme.ca\/en\/\"},{\"@type\":\"ListItem\",\"position\":2,\"name\":\"Rules don\u2019t apply\u00a0: Shorts by Radu Jude | Mubi\"}]},{\"@type\":\"WebSite\",\"@id\":\"https:\/\/lepetitseptieme.ca\/en\/#website\",\"url\":\"https:\/\/lepetitseptieme.ca\/en\/\",\"name\":\"Le petit septi\u00e8me\",\"description\":\"Reviews and comments on Quebec, international and author cinema\",\"publisher\":{\"@id\":\"https:\/\/lepetitseptieme.ca\/en\/#organization\"},\"potentialAction\":[{\"@type\":\"SearchAction\",\"target\":{\"@type\":\"EntryPoint\",\"urlTemplate\":\"https:\/\/lepetitseptieme.ca\/en\/?s={search_term_string}\"},\"query-input\":{\"@type\":\"PropertyValueSpecification\",\"valueRequired\":true,\"valueName\":\"search_term_string\"}}],\"inLanguage\":\"en-US\"},{\"@type\":\"Organization\",\"@id\":\"https:\/\/lepetitseptieme.ca\/en\/#organization\",\"name\":\"Le Petit Septi\u00e8me\",\"url\":\"https:\/\/lepetitseptieme.ca\/en\/\",\"logo\":{\"@type\":\"ImageObject\",\"inLanguage\":\"en-US\",\"@id\":\"https:\/\/lepetitseptieme.ca\/en\/#\/schema\/logo\/image\/\",\"url\":\"https:\/\/lepetitseptieme.ca\/wp-content\/uploads\/2016\/05\/cropped-Logo-Le-Petit-Septi\u00e8me-2016-BW.png\",\"contentUrl\":\"https:\/\/lepetitseptieme.ca\/wp-content\/uploads\/2016\/05\/cropped-Logo-Le-Petit-Septi\u00e8me-2016-BW.png\",\"width\":512,\"height\":512,\"caption\":\"Le Petit Septi\u00e8me\"},\"image\":{\"@id\":\"https:\/\/lepetitseptieme.ca\/en\/#\/schema\/logo\/image\/\"},\"sameAs\":[\"https:\/\/www.facebook.com\/pages\/Le-Petit-Septi\u00e8me\/494448933948121?ref=hl\",\"https:\/\/x.com\/LePetitSeptieme\",\"https:\/\/www.youtube.com\/channel\/UC5mdhI_jJvDN1I9fkk5RcIw\"]},{\"@type\":\"Person\",\"@id\":\"https:\/\/lepetitseptieme.ca\/en\/#\/schema\/person\/12a0b9476b07b0f9a7cc8a82db87e8af\",\"name\":\"Francois Grondin\",\"image\":{\"@type\":\"ImageObject\",\"inLanguage\":\"en-US\",\"@id\":\"https:\/\/lepetitseptieme.ca\/en\/#\/schema\/person\/image\/\",\"url\":\"https:\/\/secure.gravatar.com\/avatar\/cbc7d427b20502f8a471e632a3ac28d3200b0a6f80a7e6d8056f088f651d3888?s=96&d=mm&r=r\",\"contentUrl\":\"https:\/\/secure.gravatar.com\/avatar\/cbc7d427b20502f8a471e632a3ac28d3200b0a6f80a7e6d8056f088f651d3888?s=96&d=mm&r=r\",\"caption\":\"Francois Grondin\"},\"description\":\"Sp\u00e9cialiste en cin\u00e9ma international et en communication num\u00e9rique, cin\u00e9aste, photographe et passionn\u00e9 de cin\u00e9ma italien et japonais. Membre du jury pour le festival FICMAN et le SIFA Festival 2022 et, bien s\u00fbr, fier papa de 2!\",\"sameAs\":[\"https:\/\/lepetitseptieme.ca\",\"https:\/\/www.facebook.com\/FGrondinArt\/\",\"https:\/\/www.linkedin.com\/in\/francois-grondin-05895816\/\",\"https:\/\/x.com\/fgrondin1221\"],\"url\":\"https:\/\/lepetitseptieme.ca\/en\/author\/francois\/\"}]}<\/script>\n<!-- \/ Yoast SEO plugin. -->","yoast_head_json":{"title":"Rules don\u2019t apply\u00a0: Shorts by Radu Jude | Mubi - Le petit septi\u00e8me","description":"With the arrival of Do not expect too much from the end of the world, Radu Jude's most recent feature film, on Mubi, the platform offers 5 short films by the master of irony. We tell you about it.","robots":{"index":"index","follow":"follow","max-snippet":"max-snippet:-1","max-image-preview":"max-image-preview:large","max-video-preview":"max-video-preview:-1"},"canonical":"https:\/\/lepetitseptieme.ca\/en\/2024\/05\/06\/rules-dont-apply-shorts-by-radu-jude-mubi\/","og_locale":"en_US","og_type":"article","og_title":"Rules don\u2019t apply\u00a0: Shorts by Radu Jude | Mubi - Le petit septi\u00e8me","og_description":"With the arrival of Do not expect too much from the end of the world, Radu Jude's most recent feature film, on Mubi, the platform offers 5 short films by the master of irony. We tell you about it.","og_url":"https:\/\/lepetitseptieme.ca\/en\/2024\/05\/06\/rules-dont-apply-shorts-by-radu-jude-mubi\/","og_site_name":"Le petit septi\u00e8me","article_publisher":"https:\/\/www.facebook.com\/pages\/Le-Petit-Septi%c3%a8me\/494448933948121?ref=hl","article_author":"https:\/\/www.facebook.com\/FGrondinArt\/","article_published_time":"2024-05-06T11:00:00+00:00","og_image":[{"url":"https:\/\/lepetitseptieme.ca\/wp-content\/uploads\/2024\/05\/Collection-Radu-Jude-Mubi-Une-1024x576.jpg","type":"","width":"","height":""}],"author":"Francois Grondin","twitter_card":"summary_large_image","twitter_image":"https:\/\/lepetitseptieme.ca\/wp-content\/uploads\/2024\/05\/Collection-Radu-Jude-Mubi-Une-1024x576.jpg","twitter_creator":"@fgrondin1221","twitter_site":"@LePetitSeptieme","twitter_misc":{"Written by":"Francois Grondin"},"schema":{"@context":"https:\/\/schema.org","@graph":[{"@type":"Article","@id":"https:\/\/lepetitseptieme.ca\/en\/2024\/05\/06\/rules-dont-apply-shorts-by-radu-jude-mubi\/#article","isPartOf":{"@id":"https:\/\/lepetitseptieme.ca\/en\/2024\/05\/06\/rules-dont-apply-shorts-by-radu-jude-mubi\/"},"author":{"name":"Francois Grondin","@id":"https:\/\/lepetitseptieme.ca\/en\/#\/schema\/person\/12a0b9476b07b0f9a7cc8a82db87e8af"},"headline":"Rules don\u2019t apply\u00a0: Shorts by Radu Jude | Mubi","datePublished":"2024-05-06T11:00:00+00:00","mainEntityOfPage":{"@id":"https:\/\/lepetitseptieme.ca\/en\/2024\/05\/06\/rules-dont-apply-shorts-by-radu-jude-mubi\/"},"wordCount":62,"commentCount":0,"publisher":{"@id":"https:\/\/lepetitseptieme.ca\/en\/#organization"},"image":{"@id":"https:\/\/lepetitseptieme.ca\/en\/2024\/05\/06\/rules-dont-apply-shorts-by-radu-jude-mubi\/#primaryimage"},"thumbnailUrl":"https:\/\/lepetitseptieme.ca\/wp-content\/uploads\/2024\/05\/Collection-Radu-Jude-Mubi-Une.jpg","keywords":["Caricaturana","Plastic semiotic","Radu Jude","Shadow of a cloud","The Marshal\u2019s two executions","The tube with a hat"],"articleSection":["European movies","Short films"],"inLanguage":"en-US","potentialAction":[{"@type":"CommentAction","name":"Comment","target":["https:\/\/lepetitseptieme.ca\/en\/2024\/05\/06\/rules-dont-apply-shorts-by-radu-jude-mubi\/#respond"]}]},{"@type":"WebPage","@id":"https:\/\/lepetitseptieme.ca\/en\/2024\/05\/06\/rules-dont-apply-shorts-by-radu-jude-mubi\/","url":"https:\/\/lepetitseptieme.ca\/en\/2024\/05\/06\/rules-dont-apply-shorts-by-radu-jude-mubi\/","name":"Rules don\u2019t apply\u00a0: Shorts by Radu Jude | Mubi - Le petit septi\u00e8me","isPartOf":{"@id":"https:\/\/lepetitseptieme.ca\/en\/#website"},"primaryImageOfPage":{"@id":"https:\/\/lepetitseptieme.ca\/en\/2024\/05\/06\/rules-dont-apply-shorts-by-radu-jude-mubi\/#primaryimage"},"image":{"@id":"https:\/\/lepetitseptieme.ca\/en\/2024\/05\/06\/rules-dont-apply-shorts-by-radu-jude-mubi\/#primaryimage"},"thumbnailUrl":"https:\/\/lepetitseptieme.ca\/wp-content\/uploads\/2024\/05\/Collection-Radu-Jude-Mubi-Une.jpg","datePublished":"2024-05-06T11:00:00+00:00","description":"With the arrival of Do not expect too much from the end of the world, Radu Jude's most recent feature film, on Mubi, the platform offers 5 short films by the master of irony. We tell you about it.","breadcrumb":{"@id":"https:\/\/lepetitseptieme.ca\/en\/2024\/05\/06\/rules-dont-apply-shorts-by-radu-jude-mubi\/#breadcrumb"},"inLanguage":"en-US","potentialAction":[{"@type":"ReadAction","target":["https:\/\/lepetitseptieme.ca\/en\/2024\/05\/06\/rules-dont-apply-shorts-by-radu-jude-mubi\/"]}]},{"@type":"ImageObject","inLanguage":"en-US","@id":"https:\/\/lepetitseptieme.ca\/en\/2024\/05\/06\/rules-dont-apply-shorts-by-radu-jude-mubi\/#primaryimage","url":"https:\/\/lepetitseptieme.ca\/wp-content\/uploads\/2024\/05\/Collection-Radu-Jude-Mubi-Une.jpg","contentUrl":"https:\/\/lepetitseptieme.ca\/wp-content\/uploads\/2024\/05\/Collection-Radu-Jude-Mubi-Une.jpg","width":1920,"height":1080,"caption":"Collection Radu Jude - Mubi - Une"},{"@type":"BreadcrumbList","@id":"https:\/\/lepetitseptieme.ca\/en\/2024\/05\/06\/rules-dont-apply-shorts-by-radu-jude-mubi\/#breadcrumb","itemListElement":[{"@type":"ListItem","position":1,"name":"Home","item":"https:\/\/lepetitseptieme.ca\/en\/"},{"@type":"ListItem","position":2,"name":"Rules don\u2019t apply\u00a0: Shorts by Radu Jude | Mubi"}]},{"@type":"WebSite","@id":"https:\/\/lepetitseptieme.ca\/en\/#website","url":"https:\/\/lepetitseptieme.ca\/en\/","name":"Le petit septi\u00e8me","description":"Reviews and comments on Quebec, international and author cinema","publisher":{"@id":"https:\/\/lepetitseptieme.ca\/en\/#organization"},"potentialAction":[{"@type":"SearchAction","target":{"@type":"EntryPoint","urlTemplate":"https:\/\/lepetitseptieme.ca\/en\/?s={search_term_string}"},"query-input":{"@type":"PropertyValueSpecification","valueRequired":true,"valueName":"search_term_string"}}],"inLanguage":"en-US"},{"@type":"Organization","@id":"https:\/\/lepetitseptieme.ca\/en\/#organization","name":"Le Petit Septi\u00e8me","url":"https:\/\/lepetitseptieme.ca\/en\/","logo":{"@type":"ImageObject","inLanguage":"en-US","@id":"https:\/\/lepetitseptieme.ca\/en\/#\/schema\/logo\/image\/","url":"https:\/\/lepetitseptieme.ca\/wp-content\/uploads\/2016\/05\/cropped-Logo-Le-Petit-Septi\u00e8me-2016-BW.png","contentUrl":"https:\/\/lepetitseptieme.ca\/wp-content\/uploads\/2016\/05\/cropped-Logo-Le-Petit-Septi\u00e8me-2016-BW.png","width":512,"height":512,"caption":"Le Petit Septi\u00e8me"},"image":{"@id":"https:\/\/lepetitseptieme.ca\/en\/#\/schema\/logo\/image\/"},"sameAs":["https:\/\/www.facebook.com\/pages\/Le-Petit-Septi\u00e8me\/494448933948121?ref=hl","https:\/\/x.com\/LePetitSeptieme","https:\/\/www.youtube.com\/channel\/UC5mdhI_jJvDN1I9fkk5RcIw"]},{"@type":"Person","@id":"https:\/\/lepetitseptieme.ca\/en\/#\/schema\/person\/12a0b9476b07b0f9a7cc8a82db87e8af","name":"Francois Grondin","image":{"@type":"ImageObject","inLanguage":"en-US","@id":"https:\/\/lepetitseptieme.ca\/en\/#\/schema\/person\/image\/","url":"https:\/\/secure.gravatar.com\/avatar\/cbc7d427b20502f8a471e632a3ac28d3200b0a6f80a7e6d8056f088f651d3888?s=96&d=mm&r=r","contentUrl":"https:\/\/secure.gravatar.com\/avatar\/cbc7d427b20502f8a471e632a3ac28d3200b0a6f80a7e6d8056f088f651d3888?s=96&d=mm&r=r","caption":"Francois Grondin"},"description":"Sp\u00e9cialiste en cin\u00e9ma international et en communication num\u00e9rique, cin\u00e9aste, photographe et passionn\u00e9 de cin\u00e9ma italien et japonais. Membre du jury pour le festival FICMAN et le SIFA Festival 2022 et, bien s\u00fbr, fier papa de 2!","sameAs":["https:\/\/lepetitseptieme.ca","https:\/\/www.facebook.com\/FGrondinArt\/","https:\/\/www.linkedin.com\/in\/francois-grondin-05895816\/","https:\/\/x.com\/fgrondin1221"],"url":"https:\/\/lepetitseptieme.ca\/en\/author\/francois\/"}]}},"_links":{"self":[{"href":"https:\/\/lepetitseptieme.ca\/en\/wp-json\/wp\/v2\/posts\/44466","targetHints":{"allow":["GET"]}}],"collection":[{"href":"https:\/\/lepetitseptieme.ca\/en\/wp-json\/wp\/v2\/posts"}],"about":[{"href":"https:\/\/lepetitseptieme.ca\/en\/wp-json\/wp\/v2\/types\/post"}],"author":[{"embeddable":true,"href":"https:\/\/lepetitseptieme.ca\/en\/wp-json\/wp\/v2\/users\/2"}],"replies":[{"embeddable":true,"href":"https:\/\/lepetitseptieme.ca\/en\/wp-json\/wp\/v2\/comments?post=44466"}],"version-history":[{"count":1,"href":"https:\/\/lepetitseptieme.ca\/en\/wp-json\/wp\/v2\/posts\/44466\/revisions"}],"predecessor-version":[{"id":44467,"href":"https:\/\/lepetitseptieme.ca\/en\/wp-json\/wp\/v2\/posts\/44466\/revisions\/44467"}],"wp:featuredmedia":[{"embeddable":true,"href":"https:\/\/lepetitseptieme.ca\/en\/wp-json\/wp\/v2\/media\/44453"}],"wp:attachment":[{"href":"https:\/\/lepetitseptieme.ca\/en\/wp-json\/wp\/v2\/media?parent=44466"}],"wp:term":[{"taxonomy":"category","embeddable":true,"href":"https:\/\/lepetitseptieme.ca\/en\/wp-json\/wp\/v2\/categories?post=44466"},{"taxonomy":"post_tag","embeddable":true,"href":"https:\/\/lepetitseptieme.ca\/en\/wp-json\/wp\/v2\/tags?post=44466"}],"curies":[{"name":"wp","href":"https:\/\/api.w.org\/{rel}","templated":true}]}}