{"id":39635,"date":"2023-10-06T20:35:00","date_gmt":"2023-10-07T00:35:00","guid":{"rendered":"https:\/\/lepetitseptieme.ca\/?p=39635"},"modified":"2023-12-28T15:32:49","modified_gmt":"2023-12-28T20:32:49","slug":"fnc-days-of-happy-after-a-difficult-period","status":"publish","type":"post","link":"https:\/\/lepetitseptieme.ca\/en\/2023\/10\/06\/fnc-days-of-happy-after-a-difficult-period\/","title":{"rendered":"[FNC] Days of Happy \u2013 After a Difficult Period"},"content":{"rendered":"\n<p class=\"has-text-align-right\"><em>\u00ab&nbsp;Pourquoi tu t\u2019accroches si \u00e7a ne te fait pas de bien?&nbsp;\u00bb<\/em><\/p>\n\n\n\n<figure class=\"wp-block-image alignleft size-large is-resized\"><img decoding=\"async\" src=\"https:\/\/lepetitseptieme.ca\/wp-content\/uploads\/2023\/10\/Les-jours-heureux-Affiche-709x1024.jpg\" alt=\"Les jours heureux - Affiche\" class=\"wp-image-39613\" width=\"150\" srcset=\"https:\/\/lepetitseptieme.ca\/wp-content\/uploads\/2023\/10\/Les-jours-heureux-Affiche-709x1024.jpg 709w, https:\/\/lepetitseptieme.ca\/wp-content\/uploads\/2023\/10\/Les-jours-heureux-Affiche-208x300.jpg 208w, https:\/\/lepetitseptieme.ca\/wp-content\/uploads\/2023\/10\/Les-jours-heureux-Affiche-768x1110.jpg 768w, https:\/\/lepetitseptieme.ca\/wp-content\/uploads\/2023\/10\/Les-jours-heureux-Affiche-600x867.jpg 600w, https:\/\/lepetitseptieme.ca\/wp-content\/uploads\/2023\/10\/Les-jours-heureux-Affiche.jpg 800w\" sizes=\"(max-width: 709px) 100vw, 709px\" \/><\/figure>\n\n\n\n<p>Chlo\u00e9 Robichaud aime les femmes fortes, avec du caract\u00e8re naviguant dans un oc\u00e9an d\u2019\u00e9v\u00e8nements et d\u2019\u00e9motions. Oui, Chlo\u00e9 Robichaud, aime mettre en sc\u00e8ne des femmes de tous \u00e2ges faisant face \u00e0 des d\u00e9fis et cassant des codes pr\u00e9\u00e9tablis. Que ce soit <em>Sarah pr\u00e9f\u00e8re la course<\/em> (2013) ou encore <em>Pays<\/em> (2016), la r\u00e9alisatrice aime montrer des femmes regardant leurs d\u00e9fis droits dans les yeux, quitte \u00e0 s\u2019aveugler, quitte \u00e0 se perdre\u2026 pour mieux se retrouver?&nbsp;<\/p>\n\n\n\n<p><em>Les jours heureux,<\/em> dont il est question dans ces lignes, ne d\u00e9roge pas \u00e0 la r\u00e8gle. La metteure en sc\u00e8ne nous chronique l\u2019histoire d\u2019Emma (Sophie Desmarais), jeune femme cheffe d\u2019orchestre \u00e0 qui, pr\u00e9dit-on un avenir musical radieux naviguant entre sa relation un peu plus compliqu\u00e9e avec son p\u00e8re (Sylvain Marcel), sa relation \u2014 pas tout \u00e0 fait relation \u2014 avec sa blonde Na\u00eblle (Nour Belkhiria) et sa d\u00e9termination \u00e0 devenir cheffe d\u2019orchestre. &nbsp;<\/p>\n\n\n\n<p>C\u2019est une partition de la vie d\u2019Emma en 3 actes se d\u00e9roulant sur 4 mois qui chavirent au gr\u00e9 de 3 morceaux classiques.<\/p>\n\n\n\n<h3 class=\"wp-block-heading\"><strong>Mozart symphonie num\u00e9ro 40, 1<\/strong><strong><sup>er<\/sup><\/strong><strong> mouvement&nbsp;<\/strong><\/h3>\n\n\n\n<p>Emma et sa musique, telle la symphonie de Mozart, est connue par tous. G\u00e9n\u00e9reuse, pleine de vie, guidant la jeune femme toute sa vie et donnant un sens \u00e0 celle-ci. Emma vit pour la musique, elle veut imposer sa musique que ce soit dans sa vie ou dans l\u2019orchestre qu\u2019elle dirige. Oui, mais voil\u00e0, le lien qui les unit est d\u00e9peint comme trop scolaire, trop technique \u00e0 faire phagocyter les \u00e9motions. La jeune cheffe n\u2019arrive pas \u00e0 \u00e9mouvoir, \u00e0 impressionner ni S\u00e9vigny (Vincent Leclerc) son mentor, ni les hauts plac\u00e9s de l\u2019OM.&nbsp;<\/p>\n\n\n\n<figure class=\"wp-block-image aligncenter size-full\"><img loading=\"lazy\" decoding=\"async\" width=\"1800\" height=\"1200\" src=\"https:\/\/lepetitseptieme.ca\/wp-content\/uploads\/2023\/10\/Les-jours-heureux-Mozart-symphonie-numero-40.jpg\" alt=\"Les jours heureux - Mozart symphonie num\u00e9ro 40\" class=\"wp-image-39621\" srcset=\"https:\/\/lepetitseptieme.ca\/wp-content\/uploads\/2023\/10\/Les-jours-heureux-Mozart-symphonie-numero-40.jpg 1800w, https:\/\/lepetitseptieme.ca\/wp-content\/uploads\/2023\/10\/Les-jours-heureux-Mozart-symphonie-numero-40-300x200.jpg 300w, https:\/\/lepetitseptieme.ca\/wp-content\/uploads\/2023\/10\/Les-jours-heureux-Mozart-symphonie-numero-40-1024x683.jpg 1024w, https:\/\/lepetitseptieme.ca\/wp-content\/uploads\/2023\/10\/Les-jours-heureux-Mozart-symphonie-numero-40-768x512.jpg 768w, https:\/\/lepetitseptieme.ca\/wp-content\/uploads\/2023\/10\/Les-jours-heureux-Mozart-symphonie-numero-40-1536x1024.jpg 1536w, https:\/\/lepetitseptieme.ca\/wp-content\/uploads\/2023\/10\/Les-jours-heureux-Mozart-symphonie-numero-40-600x400.jpg 600w\" sizes=\"auto, (max-width: 1800px) 100vw, 1800px\" \/><figcaption class=\"wp-element-caption\"><em>Emma (Sophie Desmarais) et S\u00e9vigny (Vincent Leclerc)<\/em><\/figcaption><\/figure>\n\n\n\n<p>Telle la partition de Mozart, le premier tiers est travers\u00e9 par un \u00e9lan d\u2019urgence et de d\u00e9tresse, soulign\u00e9 par la cam\u00e9ra \u00e0 l\u2019\u00e9paule nerveuse au plus pr\u00e8s d\u2019Emma et le montage d\u00e9coupant, parfois beaucoup trop, l\u2019action. Pourquoi Emma n\u2019arrive pas \u00e0 \u00e9mouvoir? Que veut-elle exprimer via sa musique? Que veut-elle nous faire ressentir?<\/p>\n\n\n\n<h3 class=\"wp-block-heading\"><strong>Schoenberg : La Nuit transfigur\u00e9e<\/strong><\/h3>\n\n\n\n<p>\u00c0 l\u2019image de la dissonante <em>Nuit transfigur\u00e9e<\/em>, le lien entre Emma et son p\u00e8re est intense, sournois, fait de sursaut, de balbutiements plongeant dans cette nuit transfigur\u00e9e par la pluie o\u00f9 Emma crie toute sa col\u00e8re \u00e0 travers le t\u00e9l\u00e9phone. C\u2019est une histoire de filiation toxique, d\u2019amour haine, ou le mutisme prend la place des expressions des sentiments (on y revient toujours). C\u2019est une relation o\u00f9 l\u2019un vit par procuration \u00e0 travers sa fille et l\u2019autre cherche d\u00e9sesp\u00e9r\u00e9ment son approbation paternelle.&nbsp;<\/p>\n\n\n\n<figure class=\"wp-block-image aligncenter size-full\"><img loading=\"lazy\" decoding=\"async\" width=\"1800\" height=\"1200\" src=\"https:\/\/lepetitseptieme.ca\/wp-content\/uploads\/2023\/10\/Les-jours-heureux-Schoenberg.jpg\" alt=\"Les jours heureux - Schoenberg\" class=\"wp-image-39615\" srcset=\"https:\/\/lepetitseptieme.ca\/wp-content\/uploads\/2023\/10\/Les-jours-heureux-Schoenberg.jpg 1800w, https:\/\/lepetitseptieme.ca\/wp-content\/uploads\/2023\/10\/Les-jours-heureux-Schoenberg-300x200.jpg 300w, https:\/\/lepetitseptieme.ca\/wp-content\/uploads\/2023\/10\/Les-jours-heureux-Schoenberg-1024x683.jpg 1024w, https:\/\/lepetitseptieme.ca\/wp-content\/uploads\/2023\/10\/Les-jours-heureux-Schoenberg-768x512.jpg 768w, https:\/\/lepetitseptieme.ca\/wp-content\/uploads\/2023\/10\/Les-jours-heureux-Schoenberg-1536x1024.jpg 1536w, https:\/\/lepetitseptieme.ca\/wp-content\/uploads\/2023\/10\/Les-jours-heureux-Schoenberg-600x400.jpg 600w\" sizes=\"auto, (max-width: 1800px) 100vw, 1800px\" \/><\/figure>\n\n\n\n<p>C\u2019est une histoire d\u00e9crite \u00e0 l\u2019\u00e9cran par des dialogues en forme de coup de gueule dans les loges, par des plans beaucoup plus larges pour souligner la distance qui s\u00e9pare les deux protagonistes ou par des inserts sur les regards se perdant dans le visage de l\u2019autre. Robichaud soul\u00e8ve la question de la responsabilit\u00e9 de d\u00e9tachement, \u00e0 qui revient la charger de s\u2019en d\u00e9lier? Qui a plus besoin de l\u2019autre? Comment faire \u00e9voluer les relations intra-familiales? Que sont les dommages collat\u00e9raux? En m\u00e9langeant le travail et la famille, Robichaud tente de cr\u00e9er un terreau fertile \u00e0 l\u2019identification, \u00e0 ce que cette tension malsaine sonne authentique. Pour au final nous poser la question, ne faut-il pas parfois s\u2019\u00e9loigner pour mieux revenir?<\/p>\n\n\n\n<h3 class=\"wp-block-heading\"><strong>Mahler symphonie num\u00e9ro 5&nbsp;<\/strong><\/h3>\n\n\n\n<p>Na\u00eblle a besoin de temps, pour r\u00e9fl\u00e9chir pour expliquer \u00e0 son fils (et surtout \u00e0 sa famille et son ex) sa relation avec Emma. Oui, l\u2019amour a besoin autant de temps que Mahler pour \u00e9crire sa symphonie alors qu\u2019Emma en veut plus quitte \u00e0 ce que le lien m\u00eale le trivial et le sublime, la raison et la passion au <em>tempo adagietto<\/em>.&nbsp;<\/p>\n\n\n\n<figure class=\"wp-block-image aligncenter size-full\"><img loading=\"lazy\" decoding=\"async\" width=\"1800\" height=\"1200\" src=\"https:\/\/lepetitseptieme.ca\/wp-content\/uploads\/2023\/10\/Les-jours-heureux-Mahler.jpg\" alt=\"Les jours heureux - Mahler\" class=\"wp-image-39617\" srcset=\"https:\/\/lepetitseptieme.ca\/wp-content\/uploads\/2023\/10\/Les-jours-heureux-Mahler.jpg 1800w, https:\/\/lepetitseptieme.ca\/wp-content\/uploads\/2023\/10\/Les-jours-heureux-Mahler-300x200.jpg 300w, https:\/\/lepetitseptieme.ca\/wp-content\/uploads\/2023\/10\/Les-jours-heureux-Mahler-1024x683.jpg 1024w, https:\/\/lepetitseptieme.ca\/wp-content\/uploads\/2023\/10\/Les-jours-heureux-Mahler-768x512.jpg 768w, https:\/\/lepetitseptieme.ca\/wp-content\/uploads\/2023\/10\/Les-jours-heureux-Mahler-1536x1024.jpg 1536w, https:\/\/lepetitseptieme.ca\/wp-content\/uploads\/2023\/10\/Les-jours-heureux-Mahler-600x400.jpg 600w\" sizes=\"auto, (max-width: 1800px) 100vw, 1800px\" \/><\/figure>\n\n\n\n<p>La r\u00e9alisatrice, quand elle se penche sur cet arc, choisit toujours de les mettre toutes les deux dans le cadre sans jamais les s\u00e9parer, comme si l\u2019une exprime les limites de l\u2019autre (Emma col\u00e9rique vs Na\u00eblle calme, Emma s\u2019assumant Na\u00eblle pas tout \u00e0 fait, etc.), comme si pour aimer il faut souffrir? La mise en sc\u00e8ne se veut plus organique et laisse l\u2019alchimie s\u2019installer entre les deux actrices.<\/p>\n\n\n\n<h3 class=\"wp-block-heading\"><strong>Musicalit\u00e9 et sensorialit\u00e9&nbsp;<\/strong><\/h3>\n\n\n\n<blockquote class=\"wp-block-quote is-layout-flow wp-block-quote-is-layout-flow\">\n<p><em>\u00ab&nbsp;Je voulais r\u00e9aliser un film sur le d\u00e9ploiement des \u00e9motions, la musique classique \u00e9tait toute dispos\u00e9e \u00e0 nous faire vivre la courbe dramatique d\u2019Emma. La musique est un langage universel, qui g\u00e9n\u00e8re facilement l\u2019engagement du spectateur.&nbsp;\u00bb<\/em><\/p>\n<cite>Chlo\u00e9 Robichaud&nbsp;<\/cite><\/blockquote>\n\n\n\n<p><em>Les jours heureux<\/em> se veut \u00eatre avant tout une exp\u00e9rience \u00e9motionnelle. Mais <em>in fine<\/em>, le film y arrive-t-il? Arrive-t-il \u00e0 articuler son message? Arrive-t-il \u00e0 nous communiquer ses \u00e9motions justement?&nbsp;<\/p>\n\n\n\n<p>R\u00e9ponse&nbsp;: Pas vraiment.&nbsp;<\/p>\n\n\n\n<p>Qu\u2019on s\u2019entende. Prises isol\u00e9es les th\u00e9matiques soulev\u00e9es par le film, entre la pression de la performance, la relation compliqu\u00e9e p\u00e8re fille v\u00e9n\u00e9neuse et les probl\u00e9matiques sous-jacentes par le couple Emma et Na\u00eblle rendent le tout tr\u00e8s contemporain. Mais le tout, dans sa mani\u00e8re d\u2019imbriquer ces segments, sonne faux. Le film se veut \u00eatre une exp\u00e9rience intuitive et sinc\u00e8re, mais n\u2019y arrive pas tant que \u00e7a. Les partis pris de mise en sc\u00e8ne me paraissent trop limit\u00e9s.&nbsp;<\/p>\n\n\n\n<blockquote class=\"wp-block-quote is-layout-flow wp-block-quote-is-layout-flow\">\n<p><em>\u00ab&nbsp;Aux yeux d\u2019un \u00eatre humain, les actes d\u2019autrui font sens, ils sont porteurs de significations, donnent une indication sur les intentions de la personne, guident l\u2019interaction en d\u00e9finissant des gestes \u00e0 imiter, \u00e0 approuver ou \u00e0 vilipender, ils sont aussi l\u2019occasion d\u2019histoires \u00e0 raconter&nbsp;\u00bb&nbsp;<\/em><\/p>\n<cite><em>Florent Levillain, Elisabetta Zibetti<\/em><\/cite><\/blockquote>\n\n\n\n<p>\u00c0 mes yeux, le film manque de sens et d\u2019intuitivit\u00e9 justement. Il n\u2019arrive pas \u00e0 me faire ressentir cette sensation de confusion qui r\u00e8gne chez Emma, cette confusion qui est cens\u00e9e la m\u00e9langer dans ces choix musicaux, ou qui est \u00e0 la limite cens\u00e9e remettre en perspective sa relation houleuse avec son p\u00e8re. Le film est trop propre pour exprimer la pagaille, les s\u00e9quences sont trop mont\u00e9es pour nous immerger dans la t\u00eate de la protagoniste. Les dialogues un peu trop \u00e9cul\u00e9s annihilent la dimension d\u2019une romance d\u00e9chir\u00e9e du couple Na\u00eblle-Emma. La mise en sc\u00e8ne bute quelque peu dans sa mani\u00e8re de traiter les relations familiales toxiques. Le long m\u00e9trage me parait tr\u00e8s compartiment\u00e9 dans sa mani\u00e8re de d\u00e9velopper ses diff\u00e9rentes dimensions. Je regarde Emma passer d\u2019une probl\u00e9matique \u00e0 une autre, l\u00e0 o\u00f9 elles devraient s\u2019entrechoquer pour cr\u00e9er l\u2019\u00e9bullition qui justement jaillira via la musique.&nbsp;<\/p>\n\n\n\n<figure class=\"wp-block-image aligncenter size-full\"><img loading=\"lazy\" decoding=\"async\" width=\"1800\" height=\"973\" src=\"https:\/\/lepetitseptieme.ca\/wp-content\/uploads\/2023\/10\/Les-jours-heureux-Musicalite.jpeg\" alt=\"Les jours heureux - Musicalit\u00e9\" class=\"wp-image-39623\" srcset=\"https:\/\/lepetitseptieme.ca\/wp-content\/uploads\/2023\/10\/Les-jours-heureux-Musicalite.jpeg 1800w, https:\/\/lepetitseptieme.ca\/wp-content\/uploads\/2023\/10\/Les-jours-heureux-Musicalite-300x162.jpeg 300w, https:\/\/lepetitseptieme.ca\/wp-content\/uploads\/2023\/10\/Les-jours-heureux-Musicalite-1024x554.jpeg 1024w, https:\/\/lepetitseptieme.ca\/wp-content\/uploads\/2023\/10\/Les-jours-heureux-Musicalite-768x415.jpeg 768w, https:\/\/lepetitseptieme.ca\/wp-content\/uploads\/2023\/10\/Les-jours-heureux-Musicalite-1536x830.jpeg 1536w, https:\/\/lepetitseptieme.ca\/wp-content\/uploads\/2023\/10\/Les-jours-heureux-Musicalite-600x324.jpeg 600w\" sizes=\"auto, (max-width: 1800px) 100vw, 1800px\" \/><figcaption class=\"wp-element-caption\"><em>Na\u00eblle (Nour Belkhiria) et Emma<\/em><\/figcaption><\/figure>\n\n\n\n<blockquote class=\"wp-block-quote is-layout-flow wp-block-quote-is-layout-flow\">\n<p><em>\u00ab&nbsp;Au cin\u00e9ma, la musique acc\u00e8de directement \u00e0 l&#8217;imaginaire du spectateur. Le divertissement que le cin\u00e9ma fournit permet au spectateur de douter de ce qu&#8217;il voit. Il sait pertinemment que ce qui se passe \u00e0 l&#8217;\u00e9cran est imaginaire. Mais s&#8217;il peut douter de la r\u00e9alit\u00e9 du r\u00e9cit, il ne peut douter de l&#8217;\u00e9motion qu&#8217;il ressent. [\u2026] Puisque la musique agit inconsciemment, le spectateur la ressent et la vit avec intensit\u00e9. D\u00e8s lors, une fois \u00e9mu, le spectateur ne peut plus reculer dans son investissement, car l&#8217;\u00e9motion cause un niveau de croyance qui inhibe les d\u00e9fenses rationnelles et lie le spectateur au spectacle&nbsp;\u00bb&nbsp;<\/em><\/p>\n<cite><em>Jeanne Deslandes<\/em><\/cite><\/blockquote>\n\n\n\n<p>Dans le film, la musique classique joue tr\u00e8s bien son r\u00f4le de transmetteur d\u2019\u00e9motions et fait m\u00eame en sorte de chapitrer l\u2019histoire. Mais selon moi, la musique cache un peu trop les faiblesses mentionn\u00e9es plus haut. C\u2019est vraiment dommage que la musique classique dans <em>Les jours heureux<\/em> se d\u00e9limite \u00e0 jouer son r\u00f4le, mais ne forme pas un tout avec le reste des \u00e9l\u00e9ments de l\u2019histoire.&nbsp;<\/p>\n\n\n\n<h3 class=\"wp-block-heading\"><strong>Des jours heureux sont \u00e0 venir&nbsp;<\/strong><\/h3>\n\n\n\n<p>Ce qu\u2019a essay\u00e9 de faire <em>Les jours heureux<\/em> est bon, mais pas assez bon pour repr\u00e9senter ce qu\u2019il voulait repr\u00e9senter. Ce qu\u2019a essay\u00e9 de faire Chlo\u00e9 Robichaud est honn\u00eate et sinc\u00e8re. Mais dans le film, son honn\u00eatet\u00e9 s\u2019est transform\u00e9e en faiblesse.&nbsp;<\/p>\n\n\n\n<p>P.S.: J\u2019esp\u00e8re que le film ne se coltinera pas la comparaison avec TAR.<\/p>\n\n\n\n<p><em>Les jours heureux<\/em> est pr\u00e9sent\u00e9 au FNC les 6 et 11 octobre 2023.<\/p>\n\n\n\n<p>Bande-annonce <i class=\"fas fa-arrow-alt-circle-down \" ><\/i>&nbsp;<\/p>\n\n\n\n<figure class=\"wp-block-embed is-type-video is-provider-youtube wp-block-embed-youtube wp-embed-aspect-16-9 wp-has-aspect-ratio\"><div class=\"wp-block-embed__wrapper\">\n<iframe loading=\"lazy\" title=\"FNC 2023 | Les jours heureux (Chlo\u00e9 Robichaud)\" width=\"500\" height=\"281\" src=\"https:\/\/www.youtube.com\/embed\/mrpNvbgCwrQ?feature=oembed\" frameborder=\"0\" allow=\"accelerometer; autoplay; clipboard-write; encrypted-media; gyroscope; picture-in-picture; web-share\" referrerpolicy=\"strict-origin-when-cross-origin\" allowfullscreen><\/iframe>\n<\/div><\/figure>\n","protected":false},"excerpt":{"rendered":"<p>\u00ab&nbsp;Pourquoi tu t\u2019accroches si \u00e7a ne te fait pas de bien?&nbsp;\u00bb Chlo\u00e9 Robichaud aime les femmes fortes, avec du caract\u00e8re naviguant dans un oc\u00e9an d\u2019\u00e9v\u00e8nements et d\u2019\u00e9motions. Oui, Chlo\u00e9 Robichaud, aime mettre en sc\u00e8ne des femmes de tous \u00e2ges faisant face \u00e0 des d\u00e9fis et cassant des codes pr\u00e9\u00e9tablis. Que ce soit Sarah pr\u00e9f\u00e8re la [&hellip;]<\/p>\n","protected":false},"author":87,"featured_media":39620,"comment_status":"open","ping_status":"open","sticky":false,"template":"","format":"standard","meta":{"_acf_changed":false,"site-sidebar-layout":"default","site-content-layout":"","ast-site-content-layout":"default","site-content-style":"default","site-sidebar-style":"default","ast-global-header-display":"","ast-banner-title-visibility":"","ast-main-header-display":"","ast-hfb-above-header-display":"","ast-hfb-below-header-display":"","ast-hfb-mobile-header-display":"","site-post-title":"","ast-breadcrumbs-content":"","ast-featured-img":"","footer-sml-layout":"","ast-disable-related-posts":"","theme-transparent-header-meta":"","adv-header-id-meta":"","stick-header-meta":"","header-above-stick-meta":"","header-main-stick-meta":"","header-below-stick-meta":"","astra-migrate-meta-layouts":"default","ast-page-background-enabled":"default","ast-page-background-meta":{"desktop":{"background-color":"var(--ast-global-color-4)","background-image":"","background-repeat":"repeat","background-position":"center center","background-size":"auto","background-attachment":"scroll","background-type":"","background-media":"","overlay-type":"","overlay-color":"","overlay-opacity":"","overlay-gradient":""},"tablet":{"background-color":"","background-image":"","background-repeat":"repeat","background-position":"center center","background-size":"auto","background-attachment":"scroll","background-type":"","background-media":"","overlay-type":"","overlay-color":"","overlay-opacity":"","overlay-gradient":""},"mobile":{"background-color":"","background-image":"","background-repeat":"repeat","background-position":"center center","background-size":"auto","background-attachment":"scroll","background-type":"","background-media":"","overlay-type":"","overlay-color":"","overlay-opacity":"","overlay-gradient":""}},"ast-content-background-meta":{"desktop":{"background-color":"var(--ast-global-color-5)","background-image":"","background-repeat":"repeat","background-position":"center center","background-size":"auto","background-attachment":"scroll","background-type":"","background-media":"","overlay-type":"","overlay-color":"","overlay-opacity":"","overlay-gradient":""},"tablet":{"background-color":"var(--ast-global-color-5)","background-image":"","background-repeat":"repeat","background-position":"center center","background-size":"auto","background-attachment":"scroll","background-type":"","background-media":"","overlay-type":"","overlay-color":"","overlay-opacity":"","overlay-gradient":""},"mobile":{"background-color":"var(--ast-global-color-5)","background-image":"","background-repeat":"repeat","background-position":"center center","background-size":"auto","background-attachment":"scroll","background-type":"","background-media":"","overlay-type":"","overlay-color":"","overlay-opacity":"","overlay-gradient":""}},"footnotes":""},"categories":[20833,5164,5522],"tags":[9271,5150,27164,27464,6224,8674,27463,27465],"class_list":["post-39635","post","type-post","status-publish","format-standard","has-post-thumbnail","hentry","category-festivals-coverage","category-newly-available","category-quebecers-films","tag-chloe-robichaud-en","tag-fnc-en","tag-fnc-2023","tag-nour-belkhiria","tag-quebec-en","tag-sophie-desmarais-en","tag-sylvain-marcel","tag-vincent-leclerc"],"acf":[],"yoast_head":"<!-- This site is optimized with the Yoast SEO plugin v27.1.1 - https:\/\/yoast.com\/product\/yoast-seo-wordpress\/ -->\n<title>[FNC] Days of Happy \u2013 After a Difficult Period - Le petit septi\u00e8me<\/title>\n<meta name=\"description\" content=\"Chlo\u00e9 Robichaud\u2019s Days of Happy is a score of Emma&#039;s life in 3 acts taking place over 4 months which capsize with 3 classic pieces.\" \/>\n<meta name=\"robots\" content=\"index, follow, max-snippet:-1, max-image-preview:large, max-video-preview:-1\" \/>\n<link rel=\"canonical\" href=\"https:\/\/lepetitseptieme.ca\/en\/2023\/10\/06\/fnc-days-of-happy-after-a-difficult-period\/\" \/>\n<meta property=\"og:locale\" content=\"en_US\" \/>\n<meta property=\"og:type\" content=\"article\" \/>\n<meta property=\"og:title\" content=\"[FNC] Days of Happy \u2013 After a Difficult Period - Le petit septi\u00e8me\" \/>\n<meta property=\"og:description\" content=\"Chlo\u00e9 Robichaud\u2019s Days of Happy is a score of Emma&#039;s life in 3 acts taking place over 4 months which capsize with 3 classic pieces.\" \/>\n<meta property=\"og:url\" content=\"https:\/\/lepetitseptieme.ca\/en\/2023\/10\/06\/fnc-days-of-happy-after-a-difficult-period\/\" \/>\n<meta property=\"og:site_name\" content=\"Le petit septi\u00e8me\" \/>\n<meta property=\"article:publisher\" content=\"https:\/\/www.facebook.com\/pages\/Le-Petit-Septi%c3%a8me\/494448933948121?ref=hl\" \/>\n<meta property=\"article:published_time\" content=\"2023-10-07T00:35:00+00:00\" \/>\n<meta property=\"article:modified_time\" content=\"2023-12-28T20:32:49+00:00\" \/>\n<meta property=\"og:image\" content=\"https:\/\/lepetitseptieme.ca\/wp-content\/uploads\/2023\/10\/Les-jours-heureux-Une.jpg\" \/>\n\t<meta property=\"og:image:width\" content=\"1920\" \/>\n\t<meta property=\"og:image:height\" content=\"1080\" \/>\n\t<meta property=\"og:image:type\" content=\"image\/jpeg\" \/>\n<meta name=\"author\" content=\"Rachid Sellami\" \/>\n<meta name=\"twitter:card\" content=\"summary_large_image\" \/>\n<meta name=\"twitter:creator\" content=\"@LePetitSeptieme\" \/>\n<meta name=\"twitter:site\" content=\"@LePetitSeptieme\" \/>\n<meta name=\"twitter:label1\" content=\"Written by\" \/>\n\t<meta name=\"twitter:data1\" content=\"Rachid Sellami\" \/>\n\t<meta name=\"twitter:label2\" content=\"Est. reading time\" \/>\n\t<meta name=\"twitter:data2\" content=\"8 minutes\" \/>\n<script type=\"application\/ld+json\" class=\"yoast-schema-graph\">{\"@context\":\"https:\/\/schema.org\",\"@graph\":[{\"@type\":\"Article\",\"@id\":\"https:\/\/lepetitseptieme.ca\/en\/2023\/10\/06\/fnc-days-of-happy-after-a-difficult-period\/#article\",\"isPartOf\":{\"@id\":\"https:\/\/lepetitseptieme.ca\/en\/2023\/10\/06\/fnc-days-of-happy-after-a-difficult-period\/\"},\"author\":{\"name\":\"Rachid Sellami\",\"@id\":\"https:\/\/lepetitseptieme.ca\/en\/#\/schema\/person\/df62616c7573fd48dd8ff8e5c61d90b8\"},\"headline\":\"[FNC] Days of Happy \u2013 After a Difficult Period\",\"datePublished\":\"2023-10-07T00:35:00+00:00\",\"dateModified\":\"2023-12-28T20:32:49+00:00\",\"mainEntityOfPage\":{\"@id\":\"https:\/\/lepetitseptieme.ca\/en\/2023\/10\/06\/fnc-days-of-happy-after-a-difficult-period\/\"},\"wordCount\":1468,\"commentCount\":0,\"publisher\":{\"@id\":\"https:\/\/lepetitseptieme.ca\/en\/#organization\"},\"image\":{\"@id\":\"https:\/\/lepetitseptieme.ca\/en\/2023\/10\/06\/fnc-days-of-happy-after-a-difficult-period\/#primaryimage\"},\"thumbnailUrl\":\"https:\/\/lepetitseptieme.ca\/wp-content\/uploads\/2023\/10\/Les-jours-heureux-Une.jpg\",\"keywords\":[\"Chlo\u00e9 Robichaud\",\"FNC\",\"FNC 2023\",\"Nour Belkhiria\",\"Qu\u00e9bec\",\"Sophie Desmarais\",\"Sylvain Marcel\",\"Vincent Leclerc\"],\"articleSection\":[\"Festivals coverage\",\"Newly available\",\"Quebecers movies\"],\"inLanguage\":\"en-US\",\"potentialAction\":[{\"@type\":\"CommentAction\",\"name\":\"Comment\",\"target\":[\"https:\/\/lepetitseptieme.ca\/en\/2023\/10\/06\/fnc-days-of-happy-after-a-difficult-period\/#respond\"]}]},{\"@type\":\"WebPage\",\"@id\":\"https:\/\/lepetitseptieme.ca\/en\/2023\/10\/06\/fnc-days-of-happy-after-a-difficult-period\/\",\"url\":\"https:\/\/lepetitseptieme.ca\/en\/2023\/10\/06\/fnc-days-of-happy-after-a-difficult-period\/\",\"name\":\"[FNC] Days of Happy \u2013 After a Difficult Period - Le petit septi\u00e8me\",\"isPartOf\":{\"@id\":\"https:\/\/lepetitseptieme.ca\/en\/#website\"},\"primaryImageOfPage\":{\"@id\":\"https:\/\/lepetitseptieme.ca\/en\/2023\/10\/06\/fnc-days-of-happy-after-a-difficult-period\/#primaryimage\"},\"image\":{\"@id\":\"https:\/\/lepetitseptieme.ca\/en\/2023\/10\/06\/fnc-days-of-happy-after-a-difficult-period\/#primaryimage\"},\"thumbnailUrl\":\"https:\/\/lepetitseptieme.ca\/wp-content\/uploads\/2023\/10\/Les-jours-heureux-Une.jpg\",\"datePublished\":\"2023-10-07T00:35:00+00:00\",\"dateModified\":\"2023-12-28T20:32:49+00:00\",\"description\":\"Chlo\u00e9 Robichaud\u2019s Days of Happy is a score of Emma's life in 3 acts taking place over 4 months which capsize with 3 classic pieces.\",\"breadcrumb\":{\"@id\":\"https:\/\/lepetitseptieme.ca\/en\/2023\/10\/06\/fnc-days-of-happy-after-a-difficult-period\/#breadcrumb\"},\"inLanguage\":\"en-US\",\"potentialAction\":[{\"@type\":\"ReadAction\",\"target\":[\"https:\/\/lepetitseptieme.ca\/en\/2023\/10\/06\/fnc-days-of-happy-after-a-difficult-period\/\"]}]},{\"@type\":\"ImageObject\",\"inLanguage\":\"en-US\",\"@id\":\"https:\/\/lepetitseptieme.ca\/en\/2023\/10\/06\/fnc-days-of-happy-after-a-difficult-period\/#primaryimage\",\"url\":\"https:\/\/lepetitseptieme.ca\/wp-content\/uploads\/2023\/10\/Les-jours-heureux-Une.jpg\",\"contentUrl\":\"https:\/\/lepetitseptieme.ca\/wp-content\/uploads\/2023\/10\/Les-jours-heureux-Une.jpg\",\"width\":1920,\"height\":1080,\"caption\":\"Les jours heureux - Une\"},{\"@type\":\"BreadcrumbList\",\"@id\":\"https:\/\/lepetitseptieme.ca\/en\/2023\/10\/06\/fnc-days-of-happy-after-a-difficult-period\/#breadcrumb\",\"itemListElement\":[{\"@type\":\"ListItem\",\"position\":1,\"name\":\"Home\",\"item\":\"https:\/\/lepetitseptieme.ca\/en\/\"},{\"@type\":\"ListItem\",\"position\":2,\"name\":\"[FNC] Days of Happy \u2013 After a Difficult Period\"}]},{\"@type\":\"WebSite\",\"@id\":\"https:\/\/lepetitseptieme.ca\/en\/#website\",\"url\":\"https:\/\/lepetitseptieme.ca\/en\/\",\"name\":\"Le petit septi\u00e8me\",\"description\":\"Reviews and comments on Quebec, international and author cinema\",\"publisher\":{\"@id\":\"https:\/\/lepetitseptieme.ca\/en\/#organization\"},\"potentialAction\":[{\"@type\":\"SearchAction\",\"target\":{\"@type\":\"EntryPoint\",\"urlTemplate\":\"https:\/\/lepetitseptieme.ca\/en\/?s={search_term_string}\"},\"query-input\":{\"@type\":\"PropertyValueSpecification\",\"valueRequired\":true,\"valueName\":\"search_term_string\"}}],\"inLanguage\":\"en-US\"},{\"@type\":\"Organization\",\"@id\":\"https:\/\/lepetitseptieme.ca\/en\/#organization\",\"name\":\"Le Petit Septi\u00e8me\",\"url\":\"https:\/\/lepetitseptieme.ca\/en\/\",\"logo\":{\"@type\":\"ImageObject\",\"inLanguage\":\"en-US\",\"@id\":\"https:\/\/lepetitseptieme.ca\/en\/#\/schema\/logo\/image\/\",\"url\":\"https:\/\/lepetitseptieme.ca\/wp-content\/uploads\/2016\/05\/cropped-Logo-Le-Petit-Septi\u00e8me-2016-BW.png\",\"contentUrl\":\"https:\/\/lepetitseptieme.ca\/wp-content\/uploads\/2016\/05\/cropped-Logo-Le-Petit-Septi\u00e8me-2016-BW.png\",\"width\":512,\"height\":512,\"caption\":\"Le Petit Septi\u00e8me\"},\"image\":{\"@id\":\"https:\/\/lepetitseptieme.ca\/en\/#\/schema\/logo\/image\/\"},\"sameAs\":[\"https:\/\/www.facebook.com\/pages\/Le-Petit-Septi\u00e8me\/494448933948121?ref=hl\",\"https:\/\/x.com\/LePetitSeptieme\",\"https:\/\/www.youtube.com\/channel\/UC5mdhI_jJvDN1I9fkk5RcIw\"]},{\"@type\":\"Person\",\"@id\":\"https:\/\/lepetitseptieme.ca\/en\/#\/schema\/person\/df62616c7573fd48dd8ff8e5c61d90b8\",\"name\":\"Rachid Sellami\",\"image\":{\"@type\":\"ImageObject\",\"inLanguage\":\"en-US\",\"@id\":\"https:\/\/lepetitseptieme.ca\/en\/#\/schema\/person\/image\/\",\"url\":\"https:\/\/secure.gravatar.com\/avatar\/8d4daf0e636d69699aef7dc2cd1bf95ad46fb79529fa9f4ed3606dc37e56ca67?s=96&d=mm&r=r\",\"contentUrl\":\"https:\/\/secure.gravatar.com\/avatar\/8d4daf0e636d69699aef7dc2cd1bf95ad46fb79529fa9f4ed3606dc37e56ca67?s=96&d=mm&r=r\",\"caption\":\"Rachid Sellami\"},\"url\":\"https:\/\/lepetitseptieme.ca\/en\/author\/rachid\/\"}]}<\/script>\n<!-- \/ Yoast SEO plugin. -->","yoast_head_json":{"title":"[FNC] Days of Happy \u2013 After a Difficult Period - Le petit septi\u00e8me","description":"Chlo\u00e9 Robichaud\u2019s Days of Happy is a score of Emma's life in 3 acts taking place over 4 months which capsize with 3 classic pieces.","robots":{"index":"index","follow":"follow","max-snippet":"max-snippet:-1","max-image-preview":"max-image-preview:large","max-video-preview":"max-video-preview:-1"},"canonical":"https:\/\/lepetitseptieme.ca\/en\/2023\/10\/06\/fnc-days-of-happy-after-a-difficult-period\/","og_locale":"en_US","og_type":"article","og_title":"[FNC] Days of Happy \u2013 After a Difficult Period - Le petit septi\u00e8me","og_description":"Chlo\u00e9 Robichaud\u2019s Days of Happy is a score of Emma's life in 3 acts taking place over 4 months which capsize with 3 classic pieces.","og_url":"https:\/\/lepetitseptieme.ca\/en\/2023\/10\/06\/fnc-days-of-happy-after-a-difficult-period\/","og_site_name":"Le petit septi\u00e8me","article_publisher":"https:\/\/www.facebook.com\/pages\/Le-Petit-Septi%c3%a8me\/494448933948121?ref=hl","article_published_time":"2023-10-07T00:35:00+00:00","article_modified_time":"2023-12-28T20:32:49+00:00","og_image":[{"width":1920,"height":1080,"url":"https:\/\/lepetitseptieme.ca\/wp-content\/uploads\/2023\/10\/Les-jours-heureux-Une.jpg","type":"image\/jpeg"}],"author":"Rachid Sellami","twitter_card":"summary_large_image","twitter_creator":"@LePetitSeptieme","twitter_site":"@LePetitSeptieme","twitter_misc":{"Written by":"Rachid Sellami","Est. reading time":"8 minutes"},"schema":{"@context":"https:\/\/schema.org","@graph":[{"@type":"Article","@id":"https:\/\/lepetitseptieme.ca\/en\/2023\/10\/06\/fnc-days-of-happy-after-a-difficult-period\/#article","isPartOf":{"@id":"https:\/\/lepetitseptieme.ca\/en\/2023\/10\/06\/fnc-days-of-happy-after-a-difficult-period\/"},"author":{"name":"Rachid Sellami","@id":"https:\/\/lepetitseptieme.ca\/en\/#\/schema\/person\/df62616c7573fd48dd8ff8e5c61d90b8"},"headline":"[FNC] Days of Happy \u2013 After a Difficult Period","datePublished":"2023-10-07T00:35:00+00:00","dateModified":"2023-12-28T20:32:49+00:00","mainEntityOfPage":{"@id":"https:\/\/lepetitseptieme.ca\/en\/2023\/10\/06\/fnc-days-of-happy-after-a-difficult-period\/"},"wordCount":1468,"commentCount":0,"publisher":{"@id":"https:\/\/lepetitseptieme.ca\/en\/#organization"},"image":{"@id":"https:\/\/lepetitseptieme.ca\/en\/2023\/10\/06\/fnc-days-of-happy-after-a-difficult-period\/#primaryimage"},"thumbnailUrl":"https:\/\/lepetitseptieme.ca\/wp-content\/uploads\/2023\/10\/Les-jours-heureux-Une.jpg","keywords":["Chlo\u00e9 Robichaud","FNC","FNC 2023","Nour Belkhiria","Qu\u00e9bec","Sophie Desmarais","Sylvain Marcel","Vincent Leclerc"],"articleSection":["Festivals coverage","Newly available","Quebecers movies"],"inLanguage":"en-US","potentialAction":[{"@type":"CommentAction","name":"Comment","target":["https:\/\/lepetitseptieme.ca\/en\/2023\/10\/06\/fnc-days-of-happy-after-a-difficult-period\/#respond"]}]},{"@type":"WebPage","@id":"https:\/\/lepetitseptieme.ca\/en\/2023\/10\/06\/fnc-days-of-happy-after-a-difficult-period\/","url":"https:\/\/lepetitseptieme.ca\/en\/2023\/10\/06\/fnc-days-of-happy-after-a-difficult-period\/","name":"[FNC] Days of Happy \u2013 After a Difficult Period - Le petit septi\u00e8me","isPartOf":{"@id":"https:\/\/lepetitseptieme.ca\/en\/#website"},"primaryImageOfPage":{"@id":"https:\/\/lepetitseptieme.ca\/en\/2023\/10\/06\/fnc-days-of-happy-after-a-difficult-period\/#primaryimage"},"image":{"@id":"https:\/\/lepetitseptieme.ca\/en\/2023\/10\/06\/fnc-days-of-happy-after-a-difficult-period\/#primaryimage"},"thumbnailUrl":"https:\/\/lepetitseptieme.ca\/wp-content\/uploads\/2023\/10\/Les-jours-heureux-Une.jpg","datePublished":"2023-10-07T00:35:00+00:00","dateModified":"2023-12-28T20:32:49+00:00","description":"Chlo\u00e9 Robichaud\u2019s Days of Happy is a score of Emma's life in 3 acts taking place over 4 months which capsize with 3 classic pieces.","breadcrumb":{"@id":"https:\/\/lepetitseptieme.ca\/en\/2023\/10\/06\/fnc-days-of-happy-after-a-difficult-period\/#breadcrumb"},"inLanguage":"en-US","potentialAction":[{"@type":"ReadAction","target":["https:\/\/lepetitseptieme.ca\/en\/2023\/10\/06\/fnc-days-of-happy-after-a-difficult-period\/"]}]},{"@type":"ImageObject","inLanguage":"en-US","@id":"https:\/\/lepetitseptieme.ca\/en\/2023\/10\/06\/fnc-days-of-happy-after-a-difficult-period\/#primaryimage","url":"https:\/\/lepetitseptieme.ca\/wp-content\/uploads\/2023\/10\/Les-jours-heureux-Une.jpg","contentUrl":"https:\/\/lepetitseptieme.ca\/wp-content\/uploads\/2023\/10\/Les-jours-heureux-Une.jpg","width":1920,"height":1080,"caption":"Les jours heureux - Une"},{"@type":"BreadcrumbList","@id":"https:\/\/lepetitseptieme.ca\/en\/2023\/10\/06\/fnc-days-of-happy-after-a-difficult-period\/#breadcrumb","itemListElement":[{"@type":"ListItem","position":1,"name":"Home","item":"https:\/\/lepetitseptieme.ca\/en\/"},{"@type":"ListItem","position":2,"name":"[FNC] Days of Happy \u2013 After a Difficult Period"}]},{"@type":"WebSite","@id":"https:\/\/lepetitseptieme.ca\/en\/#website","url":"https:\/\/lepetitseptieme.ca\/en\/","name":"Le petit septi\u00e8me","description":"Reviews and comments on Quebec, international and author cinema","publisher":{"@id":"https:\/\/lepetitseptieme.ca\/en\/#organization"},"potentialAction":[{"@type":"SearchAction","target":{"@type":"EntryPoint","urlTemplate":"https:\/\/lepetitseptieme.ca\/en\/?s={search_term_string}"},"query-input":{"@type":"PropertyValueSpecification","valueRequired":true,"valueName":"search_term_string"}}],"inLanguage":"en-US"},{"@type":"Organization","@id":"https:\/\/lepetitseptieme.ca\/en\/#organization","name":"Le Petit Septi\u00e8me","url":"https:\/\/lepetitseptieme.ca\/en\/","logo":{"@type":"ImageObject","inLanguage":"en-US","@id":"https:\/\/lepetitseptieme.ca\/en\/#\/schema\/logo\/image\/","url":"https:\/\/lepetitseptieme.ca\/wp-content\/uploads\/2016\/05\/cropped-Logo-Le-Petit-Septi\u00e8me-2016-BW.png","contentUrl":"https:\/\/lepetitseptieme.ca\/wp-content\/uploads\/2016\/05\/cropped-Logo-Le-Petit-Septi\u00e8me-2016-BW.png","width":512,"height":512,"caption":"Le Petit Septi\u00e8me"},"image":{"@id":"https:\/\/lepetitseptieme.ca\/en\/#\/schema\/logo\/image\/"},"sameAs":["https:\/\/www.facebook.com\/pages\/Le-Petit-Septi\u00e8me\/494448933948121?ref=hl","https:\/\/x.com\/LePetitSeptieme","https:\/\/www.youtube.com\/channel\/UC5mdhI_jJvDN1I9fkk5RcIw"]},{"@type":"Person","@id":"https:\/\/lepetitseptieme.ca\/en\/#\/schema\/person\/df62616c7573fd48dd8ff8e5c61d90b8","name":"Rachid Sellami","image":{"@type":"ImageObject","inLanguage":"en-US","@id":"https:\/\/lepetitseptieme.ca\/en\/#\/schema\/person\/image\/","url":"https:\/\/secure.gravatar.com\/avatar\/8d4daf0e636d69699aef7dc2cd1bf95ad46fb79529fa9f4ed3606dc37e56ca67?s=96&d=mm&r=r","contentUrl":"https:\/\/secure.gravatar.com\/avatar\/8d4daf0e636d69699aef7dc2cd1bf95ad46fb79529fa9f4ed3606dc37e56ca67?s=96&d=mm&r=r","caption":"Rachid Sellami"},"url":"https:\/\/lepetitseptieme.ca\/en\/author\/rachid\/"}]}},"_links":{"self":[{"href":"https:\/\/lepetitseptieme.ca\/en\/wp-json\/wp\/v2\/posts\/39635","targetHints":{"allow":["GET"]}}],"collection":[{"href":"https:\/\/lepetitseptieme.ca\/en\/wp-json\/wp\/v2\/posts"}],"about":[{"href":"https:\/\/lepetitseptieme.ca\/en\/wp-json\/wp\/v2\/types\/post"}],"author":[{"embeddable":true,"href":"https:\/\/lepetitseptieme.ca\/en\/wp-json\/wp\/v2\/users\/87"}],"replies":[{"embeddable":true,"href":"https:\/\/lepetitseptieme.ca\/en\/wp-json\/wp\/v2\/comments?post=39635"}],"version-history":[{"count":4,"href":"https:\/\/lepetitseptieme.ca\/en\/wp-json\/wp\/v2\/posts\/39635\/revisions"}],"predecessor-version":[{"id":41633,"href":"https:\/\/lepetitseptieme.ca\/en\/wp-json\/wp\/v2\/posts\/39635\/revisions\/41633"}],"wp:featuredmedia":[{"embeddable":true,"href":"https:\/\/lepetitseptieme.ca\/en\/wp-json\/wp\/v2\/media\/39620"}],"wp:attachment":[{"href":"https:\/\/lepetitseptieme.ca\/en\/wp-json\/wp\/v2\/media?parent=39635"}],"wp:term":[{"taxonomy":"category","embeddable":true,"href":"https:\/\/lepetitseptieme.ca\/en\/wp-json\/wp\/v2\/categories?post=39635"},{"taxonomy":"post_tag","embeddable":true,"href":"https:\/\/lepetitseptieme.ca\/en\/wp-json\/wp\/v2\/tags?post=39635"}],"curies":[{"name":"wp","href":"https:\/\/api.w.org\/{rel}","templated":true}]}}