{"id":38707,"date":"2023-09-08T07:00:00","date_gmt":"2023-09-08T11:00:00","guid":{"rendered":"https:\/\/lepetitseptieme.ca\/?p=38707"},"modified":"2024-01-03T19:55:30","modified_gmt":"2024-01-04T00:55:30","slug":"tiff-anatomy-of-a-fall-truth-or-justice","status":"publish","type":"post","link":"https:\/\/lepetitseptieme.ca\/en\/2023\/09\/08\/tiff-anatomy-of-a-fall-truth-or-justice\/","title":{"rendered":"[TIFF] Anatomy of a Fall \u2013 Truth or Justice?"},"content":{"rendered":"\n<p class=\"has-text-align-right\"><em>&#8220;\u2014 Stop! I did not kill him.<br>\u2014 That\u2019s not the point.<\/em>&#8220;<\/p>\n\n\n\n<figure class=\"wp-block-image alignleft size-full is-resized\"><img decoding=\"async\" src=\"https:\/\/lepetitseptieme.ca\/wp-content\/uploads\/2023\/09\/anatomie-d-une-chute-Affiche.jpg\" alt=\"anatomie-d-une-chute - Affiche\" class=\"wp-image-38689\" width=\"150\" srcset=\"https:\/\/lepetitseptieme.ca\/wp-content\/uploads\/2023\/09\/anatomie-d-une-chute-Affiche.jpg 751w, https:\/\/lepetitseptieme.ca\/wp-content\/uploads\/2023\/09\/anatomie-d-une-chute-Affiche-220x300.jpg 220w, https:\/\/lepetitseptieme.ca\/wp-content\/uploads\/2023\/09\/anatomie-d-une-chute-Affiche-600x817.jpg 600w\" sizes=\"(max-width: 751px) 100vw, 751px\" \/><\/figure>\n\n\n\n<p>This article is not available in English. Why?<\/p>\n\n\n\n<p>Unfortunately, we do not have the necessary financial support to provide a good translation of each of our texts.<\/p>\n\n\n\n<p>Support us by purchasing one of <a href=\"https:\/\/lepetitseptieme.ca\/en\/store\/\">our products<\/a> or with <a href=\"https:\/\/lepetitseptieme.ca\/en\/produit\/donation\/\">a donation<\/a> so we can make it!<\/p>\n\n\n\n<p>You can still watch the trailer and the rating&#8230;<\/p>\n\n\n\n<figure class=\"wp-block-embed is-type-video is-provider-youtube wp-block-embed-youtube wp-embed-aspect-16-9 wp-has-aspect-ratio\"><div class=\"wp-block-embed__wrapper\">\n<iframe loading=\"lazy\" title=\"ANATOMIE D&#039;UNE CHUTE de Justine Triet - Bande Annonce\" width=\"500\" height=\"281\" src=\"https:\/\/www.youtube.com\/embed\/p8jiyTRfTFM?feature=oembed\" frameborder=\"0\" allow=\"accelerometer; autoplay; clipboard-write; encrypted-media; gyroscope; picture-in-picture; web-share\" referrerpolicy=\"strict-origin-when-cross-origin\" allowfullscreen><\/iframe>\n<\/div><\/figure>\n","protected":false},"excerpt":{"rendered":"<p>&#8220;\u2014 Stop! I did not kill him.\u2014 That\u2019s not the point.&#8220; This article is not available in English. Why? Unfortunately, we do not have the necessary financial support to provide a good translation of each of our texts. Support us by purchasing one of our products or with a donation so we can make it! [&hellip;]<\/p>\n","protected":false},"author":2,"featured_media":38691,"comment_status":"open","ping_status":"open","sticky":false,"template":"","format":"standard","meta":{"_acf_changed":false,"site-sidebar-layout":"default","site-content-layout":"","ast-site-content-layout":"default","site-content-style":"default","site-sidebar-style":"default","ast-global-header-display":"","ast-banner-title-visibility":"","ast-main-header-display":"","ast-hfb-above-header-display":"","ast-hfb-below-header-display":"","ast-hfb-mobile-header-display":"","site-post-title":"","ast-breadcrumbs-content":"","ast-featured-img":"","footer-sml-layout":"","ast-disable-related-posts":"","theme-transparent-header-meta":"","adv-header-id-meta":"","stick-header-meta":"","header-above-stick-meta":"","header-main-stick-meta":"","header-below-stick-meta":"","astra-migrate-meta-layouts":"default","ast-page-background-enabled":"default","ast-page-background-meta":{"desktop":{"background-color":"var(--ast-global-color-4)","background-image":"","background-repeat":"repeat","background-position":"center center","background-size":"auto","background-attachment":"scroll","background-type":"","background-media":"","overlay-type":"","overlay-color":"","overlay-opacity":"","overlay-gradient":""},"tablet":{"background-color":"","background-image":"","background-repeat":"repeat","background-position":"center center","background-size":"auto","background-attachment":"scroll","background-type":"","background-media":"","overlay-type":"","overlay-color":"","overlay-opacity":"","overlay-gradient":""},"mobile":{"background-color":"","background-image":"","background-repeat":"repeat","background-position":"center center","background-size":"auto","background-attachment":"scroll","background-type":"","background-media":"","overlay-type":"","overlay-color":"","overlay-opacity":"","overlay-gradient":""}},"ast-content-background-meta":{"desktop":{"background-color":"var(--ast-global-color-5)","background-image":"","background-repeat":"repeat","background-position":"center center","background-size":"auto","background-attachment":"scroll","background-type":"","background-media":"","overlay-type":"","overlay-color":"","overlay-opacity":"","overlay-gradient":""},"tablet":{"background-color":"var(--ast-global-color-5)","background-image":"","background-repeat":"repeat","background-position":"center center","background-size":"auto","background-attachment":"scroll","background-type":"","background-media":"","overlay-type":"","overlay-color":"","overlay-opacity":"","overlay-gradient":""},"mobile":{"background-color":"var(--ast-global-color-5)","background-image":"","background-repeat":"repeat","background-position":"center center","background-size":"auto","background-attachment":"scroll","background-type":"","background-media":"","overlay-type":"","overlay-color":"","overlay-opacity":"","overlay-gradient":""}},"footnotes":""},"categories":[5574,20833,1],"tags":[27059,27081,6457,27001,12810,27082],"class_list":["post-38707","post","type-post","status-publish","format-standard","has-post-thumbnail","hentry","category-european-films","category-festivals-coverage","category-non-classifiee","tag-justine-triet-en","tag-sandra-huller","tag-tiff-en","tag-tiff-2023","tag-trial","tag-tribunal"],"acf":[],"yoast_head":"<!-- This site is optimized with the Yoast SEO plugin v27.1.1 - https:\/\/yoast.com\/product\/yoast-seo-wordpress\/ -->\n<title>[TIFF] Anatomy of a Fall \u2013 Truth or Justice? - Le petit septi\u00e8me<\/title>\n<meta name=\"description\" content=\"With Anatomy of a fall, Justine Triet offers a film of dialogues, an analogy on the fall of the couple. The big winner of the last Cannes Film Festival arrives in Toronto, and Fran\u00e7ois does a short review.\" \/>\n<meta name=\"robots\" content=\"index, follow, max-snippet:-1, max-image-preview:large, max-video-preview:-1\" \/>\n<link rel=\"canonical\" href=\"https:\/\/lepetitseptieme.ca\/en\/2023\/09\/08\/tiff-anatomy-of-a-fall-truth-or-justice\/\" \/>\n<meta property=\"og:locale\" content=\"en_US\" \/>\n<meta property=\"og:type\" content=\"article\" \/>\n<meta property=\"og:title\" content=\"[TIFF] Anatomy of a Fall \u2013 Truth or Justice? - Le petit septi\u00e8me\" \/>\n<meta property=\"og:description\" content=\"With Anatomy of a fall, Justine Triet offers a film of dialogues, an analogy on the fall of the couple. The big winner of the last Cannes Film Festival arrives in Toronto, and Fran\u00e7ois does a short review.\" \/>\n<meta property=\"og:url\" content=\"https:\/\/lepetitseptieme.ca\/en\/2023\/09\/08\/tiff-anatomy-of-a-fall-truth-or-justice\/\" \/>\n<meta property=\"og:site_name\" content=\"Le petit septi\u00e8me\" \/>\n<meta property=\"article:publisher\" content=\"https:\/\/www.facebook.com\/pages\/Le-Petit-Septi%c3%a8me\/494448933948121?ref=hl\" \/>\n<meta property=\"article:author\" content=\"https:\/\/www.facebook.com\/FGrondinArt\/\" \/>\n<meta property=\"article:published_time\" content=\"2023-09-08T11:00:00+00:00\" \/>\n<meta property=\"article:modified_time\" content=\"2024-01-04T00:55:30+00:00\" \/>\n<meta property=\"og:image\" content=\"https:\/\/lepetitseptieme.ca\/wp-content\/uploads\/2023\/09\/Anatomie-dune-chute-une-1024x576.jpg\" \/>\n<meta name=\"author\" content=\"Francois Grondin\" \/>\n<meta name=\"twitter:card\" content=\"summary_large_image\" \/>\n<meta name=\"twitter:image\" content=\"https:\/\/lepetitseptieme.ca\/wp-content\/uploads\/2023\/09\/Anatomie-dune-chute-une-1024x576.jpg\" \/>\n<meta name=\"twitter:creator\" content=\"@fgrondin1221\" \/>\n<meta name=\"twitter:site\" content=\"@LePetitSeptieme\" \/>\n<meta name=\"twitter:label1\" content=\"Written by\" \/>\n\t<meta name=\"twitter:data1\" content=\"Francois Grondin\" \/>\n\t<meta name=\"twitter:label2\" content=\"Est. reading time\" \/>\n\t<meta name=\"twitter:data2\" content=\"1 minute\" \/>\n<script type=\"application\/ld+json\" class=\"yoast-schema-graph\">{\"@context\":\"https:\/\/schema.org\",\"@graph\":[{\"@type\":\"Article\",\"@id\":\"https:\/\/lepetitseptieme.ca\/en\/2023\/09\/08\/tiff-anatomy-of-a-fall-truth-or-justice\/#article\",\"isPartOf\":{\"@id\":\"https:\/\/lepetitseptieme.ca\/en\/2023\/09\/08\/tiff-anatomy-of-a-fall-truth-or-justice\/\"},\"author\":{\"name\":\"Francois Grondin\",\"@id\":\"https:\/\/lepetitseptieme.ca\/en\/#\/schema\/person\/12a0b9476b07b0f9a7cc8a82db87e8af\"},\"headline\":\"[TIFF] Anatomy of a Fall \u2013 Truth or Justice?\",\"datePublished\":\"2023-09-08T11:00:00+00:00\",\"dateModified\":\"2024-01-04T00:55:30+00:00\",\"mainEntityOfPage\":{\"@id\":\"https:\/\/lepetitseptieme.ca\/en\/2023\/09\/08\/tiff-anatomy-of-a-fall-truth-or-justice\/\"},\"wordCount\":77,\"commentCount\":0,\"publisher\":{\"@id\":\"https:\/\/lepetitseptieme.ca\/en\/#organization\"},\"image\":{\"@id\":\"https:\/\/lepetitseptieme.ca\/en\/2023\/09\/08\/tiff-anatomy-of-a-fall-truth-or-justice\/#primaryimage\"},\"thumbnailUrl\":\"https:\/\/lepetitseptieme.ca\/wp-content\/uploads\/2023\/09\/Anatomie-dune-chute-une.jpg\",\"keywords\":[\"Justine Triet\",\"Sandra H\u00fcller\",\"TIFF\",\"TIFF 2023\",\"Trial\",\"Tribunal\"],\"articleSection\":[\"European movies\",\"Festivals coverage\",\"Non classifi\u00e9(e)\"],\"inLanguage\":\"en-US\",\"potentialAction\":[{\"@type\":\"CommentAction\",\"name\":\"Comment\",\"target\":[\"https:\/\/lepetitseptieme.ca\/en\/2023\/09\/08\/tiff-anatomy-of-a-fall-truth-or-justice\/#respond\"]}]},{\"@type\":\"WebPage\",\"@id\":\"https:\/\/lepetitseptieme.ca\/en\/2023\/09\/08\/tiff-anatomy-of-a-fall-truth-or-justice\/\",\"url\":\"https:\/\/lepetitseptieme.ca\/en\/2023\/09\/08\/tiff-anatomy-of-a-fall-truth-or-justice\/\",\"name\":\"[TIFF] Anatomy of a Fall \u2013 Truth or Justice? - Le petit septi\u00e8me\",\"isPartOf\":{\"@id\":\"https:\/\/lepetitseptieme.ca\/en\/#website\"},\"primaryImageOfPage\":{\"@id\":\"https:\/\/lepetitseptieme.ca\/en\/2023\/09\/08\/tiff-anatomy-of-a-fall-truth-or-justice\/#primaryimage\"},\"image\":{\"@id\":\"https:\/\/lepetitseptieme.ca\/en\/2023\/09\/08\/tiff-anatomy-of-a-fall-truth-or-justice\/#primaryimage\"},\"thumbnailUrl\":\"https:\/\/lepetitseptieme.ca\/wp-content\/uploads\/2023\/09\/Anatomie-dune-chute-une.jpg\",\"datePublished\":\"2023-09-08T11:00:00+00:00\",\"dateModified\":\"2024-01-04T00:55:30+00:00\",\"description\":\"With Anatomy of a fall, Justine Triet offers a film of dialogues, an analogy on the fall of the couple. The big winner of the last Cannes Film Festival arrives in Toronto, and Fran\u00e7ois does a short review.\",\"breadcrumb\":{\"@id\":\"https:\/\/lepetitseptieme.ca\/en\/2023\/09\/08\/tiff-anatomy-of-a-fall-truth-or-justice\/#breadcrumb\"},\"inLanguage\":\"en-US\",\"potentialAction\":[{\"@type\":\"ReadAction\",\"target\":[\"https:\/\/lepetitseptieme.ca\/en\/2023\/09\/08\/tiff-anatomy-of-a-fall-truth-or-justice\/\"]}]},{\"@type\":\"ImageObject\",\"inLanguage\":\"en-US\",\"@id\":\"https:\/\/lepetitseptieme.ca\/en\/2023\/09\/08\/tiff-anatomy-of-a-fall-truth-or-justice\/#primaryimage\",\"url\":\"https:\/\/lepetitseptieme.ca\/wp-content\/uploads\/2023\/09\/Anatomie-dune-chute-une.jpg\",\"contentUrl\":\"https:\/\/lepetitseptieme.ca\/wp-content\/uploads\/2023\/09\/Anatomie-dune-chute-une.jpg\",\"width\":1920,\"height\":1080,\"caption\":\"Anatomie dune chute - une\"},{\"@type\":\"BreadcrumbList\",\"@id\":\"https:\/\/lepetitseptieme.ca\/en\/2023\/09\/08\/tiff-anatomy-of-a-fall-truth-or-justice\/#breadcrumb\",\"itemListElement\":[{\"@type\":\"ListItem\",\"position\":1,\"name\":\"Home\",\"item\":\"https:\/\/lepetitseptieme.ca\/en\/\"},{\"@type\":\"ListItem\",\"position\":2,\"name\":\"[TIFF] Anatomy of a Fall \u2013 Truth or Justice?\"}]},{\"@type\":\"WebSite\",\"@id\":\"https:\/\/lepetitseptieme.ca\/en\/#website\",\"url\":\"https:\/\/lepetitseptieme.ca\/en\/\",\"name\":\"Le petit septi\u00e8me\",\"description\":\"Reviews and comments on Quebec, international and author cinema\",\"publisher\":{\"@id\":\"https:\/\/lepetitseptieme.ca\/en\/#organization\"},\"potentialAction\":[{\"@type\":\"SearchAction\",\"target\":{\"@type\":\"EntryPoint\",\"urlTemplate\":\"https:\/\/lepetitseptieme.ca\/en\/?s={search_term_string}\"},\"query-input\":{\"@type\":\"PropertyValueSpecification\",\"valueRequired\":true,\"valueName\":\"search_term_string\"}}],\"inLanguage\":\"en-US\"},{\"@type\":\"Organization\",\"@id\":\"https:\/\/lepetitseptieme.ca\/en\/#organization\",\"name\":\"Le Petit Septi\u00e8me\",\"url\":\"https:\/\/lepetitseptieme.ca\/en\/\",\"logo\":{\"@type\":\"ImageObject\",\"inLanguage\":\"en-US\",\"@id\":\"https:\/\/lepetitseptieme.ca\/en\/#\/schema\/logo\/image\/\",\"url\":\"https:\/\/lepetitseptieme.ca\/wp-content\/uploads\/2016\/05\/cropped-Logo-Le-Petit-Septi\u00e8me-2016-BW.png\",\"contentUrl\":\"https:\/\/lepetitseptieme.ca\/wp-content\/uploads\/2016\/05\/cropped-Logo-Le-Petit-Septi\u00e8me-2016-BW.png\",\"width\":512,\"height\":512,\"caption\":\"Le Petit Septi\u00e8me\"},\"image\":{\"@id\":\"https:\/\/lepetitseptieme.ca\/en\/#\/schema\/logo\/image\/\"},\"sameAs\":[\"https:\/\/www.facebook.com\/pages\/Le-Petit-Septi\u00e8me\/494448933948121?ref=hl\",\"https:\/\/x.com\/LePetitSeptieme\",\"https:\/\/www.youtube.com\/channel\/UC5mdhI_jJvDN1I9fkk5RcIw\"]},{\"@type\":\"Person\",\"@id\":\"https:\/\/lepetitseptieme.ca\/en\/#\/schema\/person\/12a0b9476b07b0f9a7cc8a82db87e8af\",\"name\":\"Francois Grondin\",\"image\":{\"@type\":\"ImageObject\",\"inLanguage\":\"en-US\",\"@id\":\"https:\/\/lepetitseptieme.ca\/en\/#\/schema\/person\/image\/\",\"url\":\"https:\/\/secure.gravatar.com\/avatar\/cbc7d427b20502f8a471e632a3ac28d3200b0a6f80a7e6d8056f088f651d3888?s=96&d=mm&r=r\",\"contentUrl\":\"https:\/\/secure.gravatar.com\/avatar\/cbc7d427b20502f8a471e632a3ac28d3200b0a6f80a7e6d8056f088f651d3888?s=96&d=mm&r=r\",\"caption\":\"Francois Grondin\"},\"description\":\"Sp\u00e9cialiste en cin\u00e9ma international et en communication num\u00e9rique, cin\u00e9aste, photographe et passionn\u00e9 de cin\u00e9ma italien et japonais. Membre du jury pour le festival FICMAN et le SIFA Festival 2022 et, bien s\u00fbr, fier papa de 2!\",\"sameAs\":[\"https:\/\/lepetitseptieme.ca\",\"https:\/\/www.facebook.com\/FGrondinArt\/\",\"https:\/\/www.linkedin.com\/in\/francois-grondin-05895816\/\",\"https:\/\/x.com\/fgrondin1221\"],\"url\":\"https:\/\/lepetitseptieme.ca\/en\/author\/francois\/\"}]}<\/script>\n<!-- \/ Yoast SEO plugin. -->","yoast_head_json":{"title":"[TIFF] Anatomy of a Fall \u2013 Truth or Justice? - Le petit septi\u00e8me","description":"With Anatomy of a fall, Justine Triet offers a film of dialogues, an analogy on the fall of the couple. The big winner of the last Cannes Film Festival arrives in Toronto, and Fran\u00e7ois does a short review.","robots":{"index":"index","follow":"follow","max-snippet":"max-snippet:-1","max-image-preview":"max-image-preview:large","max-video-preview":"max-video-preview:-1"},"canonical":"https:\/\/lepetitseptieme.ca\/en\/2023\/09\/08\/tiff-anatomy-of-a-fall-truth-or-justice\/","og_locale":"en_US","og_type":"article","og_title":"[TIFF] Anatomy of a Fall \u2013 Truth or Justice? - Le petit septi\u00e8me","og_description":"With Anatomy of a fall, Justine Triet offers a film of dialogues, an analogy on the fall of the couple. The big winner of the last Cannes Film Festival arrives in Toronto, and Fran\u00e7ois does a short review.","og_url":"https:\/\/lepetitseptieme.ca\/en\/2023\/09\/08\/tiff-anatomy-of-a-fall-truth-or-justice\/","og_site_name":"Le petit septi\u00e8me","article_publisher":"https:\/\/www.facebook.com\/pages\/Le-Petit-Septi%c3%a8me\/494448933948121?ref=hl","article_author":"https:\/\/www.facebook.com\/FGrondinArt\/","article_published_time":"2023-09-08T11:00:00+00:00","article_modified_time":"2024-01-04T00:55:30+00:00","og_image":[{"url":"https:\/\/lepetitseptieme.ca\/wp-content\/uploads\/2023\/09\/Anatomie-dune-chute-une-1024x576.jpg","type":"","width":"","height":""}],"author":"Francois Grondin","twitter_card":"summary_large_image","twitter_image":"https:\/\/lepetitseptieme.ca\/wp-content\/uploads\/2023\/09\/Anatomie-dune-chute-une-1024x576.jpg","twitter_creator":"@fgrondin1221","twitter_site":"@LePetitSeptieme","twitter_misc":{"Written by":"Francois Grondin","Est. reading time":"1 minute"},"schema":{"@context":"https:\/\/schema.org","@graph":[{"@type":"Article","@id":"https:\/\/lepetitseptieme.ca\/en\/2023\/09\/08\/tiff-anatomy-of-a-fall-truth-or-justice\/#article","isPartOf":{"@id":"https:\/\/lepetitseptieme.ca\/en\/2023\/09\/08\/tiff-anatomy-of-a-fall-truth-or-justice\/"},"author":{"name":"Francois Grondin","@id":"https:\/\/lepetitseptieme.ca\/en\/#\/schema\/person\/12a0b9476b07b0f9a7cc8a82db87e8af"},"headline":"[TIFF] Anatomy of a Fall \u2013 Truth or Justice?","datePublished":"2023-09-08T11:00:00+00:00","dateModified":"2024-01-04T00:55:30+00:00","mainEntityOfPage":{"@id":"https:\/\/lepetitseptieme.ca\/en\/2023\/09\/08\/tiff-anatomy-of-a-fall-truth-or-justice\/"},"wordCount":77,"commentCount":0,"publisher":{"@id":"https:\/\/lepetitseptieme.ca\/en\/#organization"},"image":{"@id":"https:\/\/lepetitseptieme.ca\/en\/2023\/09\/08\/tiff-anatomy-of-a-fall-truth-or-justice\/#primaryimage"},"thumbnailUrl":"https:\/\/lepetitseptieme.ca\/wp-content\/uploads\/2023\/09\/Anatomie-dune-chute-une.jpg","keywords":["Justine Triet","Sandra H\u00fcller","TIFF","TIFF 2023","Trial","Tribunal"],"articleSection":["European movies","Festivals coverage","Non classifi\u00e9(e)"],"inLanguage":"en-US","potentialAction":[{"@type":"CommentAction","name":"Comment","target":["https:\/\/lepetitseptieme.ca\/en\/2023\/09\/08\/tiff-anatomy-of-a-fall-truth-or-justice\/#respond"]}]},{"@type":"WebPage","@id":"https:\/\/lepetitseptieme.ca\/en\/2023\/09\/08\/tiff-anatomy-of-a-fall-truth-or-justice\/","url":"https:\/\/lepetitseptieme.ca\/en\/2023\/09\/08\/tiff-anatomy-of-a-fall-truth-or-justice\/","name":"[TIFF] Anatomy of a Fall \u2013 Truth or Justice? - Le petit septi\u00e8me","isPartOf":{"@id":"https:\/\/lepetitseptieme.ca\/en\/#website"},"primaryImageOfPage":{"@id":"https:\/\/lepetitseptieme.ca\/en\/2023\/09\/08\/tiff-anatomy-of-a-fall-truth-or-justice\/#primaryimage"},"image":{"@id":"https:\/\/lepetitseptieme.ca\/en\/2023\/09\/08\/tiff-anatomy-of-a-fall-truth-or-justice\/#primaryimage"},"thumbnailUrl":"https:\/\/lepetitseptieme.ca\/wp-content\/uploads\/2023\/09\/Anatomie-dune-chute-une.jpg","datePublished":"2023-09-08T11:00:00+00:00","dateModified":"2024-01-04T00:55:30+00:00","description":"With Anatomy of a fall, Justine Triet offers a film of dialogues, an analogy on the fall of the couple. The big winner of the last Cannes Film Festival arrives in Toronto, and Fran\u00e7ois does a short review.","breadcrumb":{"@id":"https:\/\/lepetitseptieme.ca\/en\/2023\/09\/08\/tiff-anatomy-of-a-fall-truth-or-justice\/#breadcrumb"},"inLanguage":"en-US","potentialAction":[{"@type":"ReadAction","target":["https:\/\/lepetitseptieme.ca\/en\/2023\/09\/08\/tiff-anatomy-of-a-fall-truth-or-justice\/"]}]},{"@type":"ImageObject","inLanguage":"en-US","@id":"https:\/\/lepetitseptieme.ca\/en\/2023\/09\/08\/tiff-anatomy-of-a-fall-truth-or-justice\/#primaryimage","url":"https:\/\/lepetitseptieme.ca\/wp-content\/uploads\/2023\/09\/Anatomie-dune-chute-une.jpg","contentUrl":"https:\/\/lepetitseptieme.ca\/wp-content\/uploads\/2023\/09\/Anatomie-dune-chute-une.jpg","width":1920,"height":1080,"caption":"Anatomie dune chute - une"},{"@type":"BreadcrumbList","@id":"https:\/\/lepetitseptieme.ca\/en\/2023\/09\/08\/tiff-anatomy-of-a-fall-truth-or-justice\/#breadcrumb","itemListElement":[{"@type":"ListItem","position":1,"name":"Home","item":"https:\/\/lepetitseptieme.ca\/en\/"},{"@type":"ListItem","position":2,"name":"[TIFF] Anatomy of a Fall \u2013 Truth or Justice?"}]},{"@type":"WebSite","@id":"https:\/\/lepetitseptieme.ca\/en\/#website","url":"https:\/\/lepetitseptieme.ca\/en\/","name":"Le petit septi\u00e8me","description":"Reviews and comments on Quebec, international and author cinema","publisher":{"@id":"https:\/\/lepetitseptieme.ca\/en\/#organization"},"potentialAction":[{"@type":"SearchAction","target":{"@type":"EntryPoint","urlTemplate":"https:\/\/lepetitseptieme.ca\/en\/?s={search_term_string}"},"query-input":{"@type":"PropertyValueSpecification","valueRequired":true,"valueName":"search_term_string"}}],"inLanguage":"en-US"},{"@type":"Organization","@id":"https:\/\/lepetitseptieme.ca\/en\/#organization","name":"Le Petit Septi\u00e8me","url":"https:\/\/lepetitseptieme.ca\/en\/","logo":{"@type":"ImageObject","inLanguage":"en-US","@id":"https:\/\/lepetitseptieme.ca\/en\/#\/schema\/logo\/image\/","url":"https:\/\/lepetitseptieme.ca\/wp-content\/uploads\/2016\/05\/cropped-Logo-Le-Petit-Septi\u00e8me-2016-BW.png","contentUrl":"https:\/\/lepetitseptieme.ca\/wp-content\/uploads\/2016\/05\/cropped-Logo-Le-Petit-Septi\u00e8me-2016-BW.png","width":512,"height":512,"caption":"Le Petit Septi\u00e8me"},"image":{"@id":"https:\/\/lepetitseptieme.ca\/en\/#\/schema\/logo\/image\/"},"sameAs":["https:\/\/www.facebook.com\/pages\/Le-Petit-Septi\u00e8me\/494448933948121?ref=hl","https:\/\/x.com\/LePetitSeptieme","https:\/\/www.youtube.com\/channel\/UC5mdhI_jJvDN1I9fkk5RcIw"]},{"@type":"Person","@id":"https:\/\/lepetitseptieme.ca\/en\/#\/schema\/person\/12a0b9476b07b0f9a7cc8a82db87e8af","name":"Francois Grondin","image":{"@type":"ImageObject","inLanguage":"en-US","@id":"https:\/\/lepetitseptieme.ca\/en\/#\/schema\/person\/image\/","url":"https:\/\/secure.gravatar.com\/avatar\/cbc7d427b20502f8a471e632a3ac28d3200b0a6f80a7e6d8056f088f651d3888?s=96&d=mm&r=r","contentUrl":"https:\/\/secure.gravatar.com\/avatar\/cbc7d427b20502f8a471e632a3ac28d3200b0a6f80a7e6d8056f088f651d3888?s=96&d=mm&r=r","caption":"Francois Grondin"},"description":"Sp\u00e9cialiste en cin\u00e9ma international et en communication num\u00e9rique, cin\u00e9aste, photographe et passionn\u00e9 de cin\u00e9ma italien et japonais. Membre du jury pour le festival FICMAN et le SIFA Festival 2022 et, bien s\u00fbr, fier papa de 2!","sameAs":["https:\/\/lepetitseptieme.ca","https:\/\/www.facebook.com\/FGrondinArt\/","https:\/\/www.linkedin.com\/in\/francois-grondin-05895816\/","https:\/\/x.com\/fgrondin1221"],"url":"https:\/\/lepetitseptieme.ca\/en\/author\/francois\/"}]}},"_links":{"self":[{"href":"https:\/\/lepetitseptieme.ca\/en\/wp-json\/wp\/v2\/posts\/38707","targetHints":{"allow":["GET"]}}],"collection":[{"href":"https:\/\/lepetitseptieme.ca\/en\/wp-json\/wp\/v2\/posts"}],"about":[{"href":"https:\/\/lepetitseptieme.ca\/en\/wp-json\/wp\/v2\/types\/post"}],"author":[{"embeddable":true,"href":"https:\/\/lepetitseptieme.ca\/en\/wp-json\/wp\/v2\/users\/2"}],"replies":[{"embeddable":true,"href":"https:\/\/lepetitseptieme.ca\/en\/wp-json\/wp\/v2\/comments?post=38707"}],"version-history":[{"count":2,"href":"https:\/\/lepetitseptieme.ca\/en\/wp-json\/wp\/v2\/posts\/38707\/revisions"}],"predecessor-version":[{"id":38709,"href":"https:\/\/lepetitseptieme.ca\/en\/wp-json\/wp\/v2\/posts\/38707\/revisions\/38709"}],"wp:featuredmedia":[{"embeddable":true,"href":"https:\/\/lepetitseptieme.ca\/en\/wp-json\/wp\/v2\/media\/38691"}],"wp:attachment":[{"href":"https:\/\/lepetitseptieme.ca\/en\/wp-json\/wp\/v2\/media?parent=38707"}],"wp:term":[{"taxonomy":"category","embeddable":true,"href":"https:\/\/lepetitseptieme.ca\/en\/wp-json\/wp\/v2\/categories?post=38707"},{"taxonomy":"post_tag","embeddable":true,"href":"https:\/\/lepetitseptieme.ca\/en\/wp-json\/wp\/v2\/tags?post=38707"}],"curies":[{"name":"wp","href":"https:\/\/api.w.org\/{rel}","templated":true}]}}