{"id":37417,"date":"2023-07-16T07:00:00","date_gmt":"2023-07-16T11:00:00","guid":{"rendered":"https:\/\/lepetitseptieme.ca\/?p=37417"},"modified":"2023-07-15T10:50:55","modified_gmt":"2023-07-15T14:50:55","slug":"fantasia-2023-on-site-guests","status":"publish","type":"post","link":"https:\/\/lepetitseptieme.ca\/en\/2023\/07\/16\/fantasia-2023-on-site-guests\/","title":{"rendered":"Fantasia 2023 | On-site guests"},"content":{"rendered":"\n<p>For its 27th edition, the Fantasia International Film Festival welcomes 56 local and international directors, producers and actors. <\/p>\n\n\n\n<p>Here&#8217;s the guest list, by film title. Note that if some titles are repeated, it&#8217;s because the people involved will be available at different times.<\/p>\n\n\n\n<div class=\"wp-block-columns is-layout-flex wp-container-core-columns-is-layout-28f84493 wp-block-columns-is-layout-flex\">\n<div class=\"wp-block-column is-layout-flow wp-block-column-is-layout-flow\">\n<h4 class=\"wp-block-heading\">Les chambres rouges (Quebec\/Canada)&nbsp;&nbsp;&nbsp;<\/h4>\n\n\n\n<p>Pascal Plante (director)<\/p>\n\n\n\n<p>Juliette Gari\u00e9py (actress)<\/p>\n\n\n\n<p>Laurie Babin (actress)<\/p>\n\n\n\n<p>Elisabeth Locas (actress)<\/p>\n\n\n\n<p>Natalie Tannous (actress)<\/p>\n\n\n\n<p>Pierre Chagnon (actor)<\/p>\n\n\n\n<p>Maxwell McCabe Lokos (actor)<\/p>\n\n\n\n<h4 class=\"wp-block-heading\"><a><\/a>Blackout (United States)&nbsp;&nbsp;&nbsp;&nbsp;&nbsp;<\/h4>\n\n\n\n<p>Larry Fessenden (director)<\/p>\n\n\n\n<p>Rigo Garay (actor)<\/p>\n\n\n\n<h4 class=\"wp-block-heading\"><a><\/a>The Roundup: No way out (South Korea)<\/h4>\n\n\n\n<p>Sang-yong Lee (director)<\/p>\n\n\n\n<figure class=\"wp-block-image aligncenter size-full\"><img loading=\"lazy\" decoding=\"async\" width=\"1920\" height=\"1280\" src=\"https:\/\/lepetitseptieme.ca\/wp-content\/uploads\/2023\/07\/The-Roundup.jpg\" alt=\"The Roundup\" class=\"wp-image-37403\" srcset=\"https:\/\/lepetitseptieme.ca\/wp-content\/uploads\/2023\/07\/The-Roundup.jpg 1920w, https:\/\/lepetitseptieme.ca\/wp-content\/uploads\/2023\/07\/The-Roundup-300x200.jpg 300w, https:\/\/lepetitseptieme.ca\/wp-content\/uploads\/2023\/07\/The-Roundup-1024x683.jpg 1024w, https:\/\/lepetitseptieme.ca\/wp-content\/uploads\/2023\/07\/The-Roundup-768x512.jpg 768w, https:\/\/lepetitseptieme.ca\/wp-content\/uploads\/2023\/07\/The-Roundup-1536x1024.jpg 1536w, https:\/\/lepetitseptieme.ca\/wp-content\/uploads\/2023\/07\/The-Roundup-600x400.jpg 600w\" sizes=\"auto, (max-width: 1920px) 100vw, 1920px\" \/><\/figure>\n\n\n\n<h4 class=\"wp-block-heading\"><a><\/a>Sympathy for the devil (United States)&nbsp;&nbsp;&nbsp;&nbsp;<\/h4>\n\n\n\n<p>Yuval Adler (director)<\/p>\n\n\n\n<p>Nicolas Cage (actor)\u00a0\u00a0&#8211; <em>might not be there because of the strike\u00a0<\/em>\u00a0\u00a0\u00a0<\/p>\n\n\n\n<figure class=\"wp-block-image aligncenter size-large\"><img loading=\"lazy\" decoding=\"async\" width=\"1024\" height=\"683\" src=\"https:\/\/lepetitseptieme.ca\/wp-content\/uploads\/2023\/07\/Nicolas-Cage-1024x683.jpg\" alt=\"Nicolas Cage\" class=\"wp-image-37401\" srcset=\"https:\/\/lepetitseptieme.ca\/wp-content\/uploads\/2023\/07\/Nicolas-Cage-1024x683.jpg 1024w, https:\/\/lepetitseptieme.ca\/wp-content\/uploads\/2023\/07\/Nicolas-Cage-300x200.jpg 300w, https:\/\/lepetitseptieme.ca\/wp-content\/uploads\/2023\/07\/Nicolas-Cage-768x512.jpg 768w, https:\/\/lepetitseptieme.ca\/wp-content\/uploads\/2023\/07\/Nicolas-Cage-1536x1024.jpg 1536w, https:\/\/lepetitseptieme.ca\/wp-content\/uploads\/2023\/07\/Nicolas-Cage-600x400.jpg 600w, https:\/\/lepetitseptieme.ca\/wp-content\/uploads\/2023\/07\/Nicolas-Cage.jpg 1920w\" sizes=\"auto, (max-width: 1024px) 100vw, 1024px\" \/><figcaption class=\"wp-element-caption\"><em>Nicolas Cage<\/em><\/figcaption><\/figure>\n\n\n\n<h4 class=\"wp-block-heading\"><a><\/a>The Primevals (United States)&nbsp;&nbsp;&nbsp;&nbsp;&nbsp;&nbsp;&nbsp;&nbsp;<\/h4>\n\n\n\n<p>Charles Band (producer)<\/p>\n\n\n\n<p>Chris Endicott (visual effects)<\/p>\n\n\n\n<h4 class=\"wp-block-heading\"><a><\/a>Stay online (Ukraine)&nbsp;&nbsp;&nbsp;&nbsp;&nbsp;&nbsp;&nbsp;&nbsp;&nbsp;&nbsp;<\/h4>\n\n\n\n<p>Eva Strielnikova (director)<\/p>\n\n\n\n<h4 class=\"wp-block-heading\"><a><\/a>Apocalypse clown (Ireland \/ Belgium)&nbsp;&nbsp;&nbsp;&nbsp;&nbsp;&nbsp;<\/h4>\n\n\n\n<p>George Kane (director)<\/p>\n\n\n\n<p>Shane O&#8217;Brien (actor)<\/p>\n\n\n\n<h4 class=\"wp-block-heading\"><a><\/a>The fantastic golem affairs (Spain)<\/h4>\n\n\n\n<p>Fernando Mart\u00ednez (director)<\/p>\n\n\n\n<p>Juan Gonz\u00e1lez (director)<\/p>\n\n\n\n<h4 class=\"wp-block-heading\"><a><\/a>Emptiness (Quebec\/Canada)&nbsp;&nbsp;&nbsp;&nbsp;&nbsp;&nbsp;&nbsp;&nbsp;&nbsp;&nbsp;<\/h4>\n\n\n\n<p>Onur Karaman (director)<\/p>\n\n\n\n<h4 class=\"wp-block-heading\"><a><\/a>Perpetrator (United States)&nbsp;&nbsp;&nbsp;&nbsp;&nbsp;&nbsp;&nbsp;&nbsp;&nbsp;&nbsp;&nbsp;<\/h4>\n\n\n\n<p>Jennifer Reeder (director)<\/p>\n\n\n\n<h4 class=\"wp-block-heading\"><a><\/a>Lovely, dark, and deep (United States)&nbsp;&nbsp;&nbsp;&nbsp;<\/h4>\n\n\n\n<p>Teresa Sutherland (director)<\/p>\n\n\n\n<h4 class=\"wp-block-heading\"><a><\/a>Talk to me (United States)&nbsp;&nbsp;<\/h4>\n\n\n\n<p>Danny Philippou (director)<\/p>\n\n\n\n<p>Michael Philippou (director)&nbsp;&nbsp;&nbsp;&nbsp;&nbsp;<\/p>\n\n\n\n<h4 class=\"wp-block-heading\"><a><\/a>Sand land (Japan)&nbsp;&nbsp;&nbsp;&nbsp;<\/h4>\n\n\n\n<p>Toshihisa Yokoshima (director)<\/p>\n\n\n\n<h4 class=\"wp-block-heading\"><a><\/a>Booger (United States)&nbsp;&nbsp;&nbsp;&nbsp;&nbsp;&nbsp;&nbsp;<\/h4>\n\n\n\n<p>Mary Dauterman (director)<\/p>\n\n\n\n<p>Grace Glowicki (actress)<\/p>\n\n\n\n<h4 class=\"wp-block-heading\"><a><\/a>Y&#8217;a une \u00e9toile (New Brunswick \/ United States)&nbsp;&nbsp;<\/h4>\n\n\n\n<p>Julien Cadieux (director)<\/p>\n\n\n\n<h4 class=\"wp-block-heading\"><a><\/a>Insomniacs after school (Japan)&nbsp;&nbsp;&nbsp;&nbsp;&nbsp;<\/h4>\n\n\n\n<p>Chihiro Ikeda (director)&nbsp;&nbsp;&nbsp;&nbsp;&nbsp;&nbsp;&nbsp;&nbsp;&nbsp;&nbsp;&nbsp;&nbsp;&nbsp;&nbsp;&nbsp;<\/p>\n\n\n\n<h4 class=\"wp-block-heading\"><a><\/a>Devils (South Korea) &nbsp;&nbsp;&nbsp;&nbsp;&nbsp;&nbsp;&nbsp;&nbsp;&nbsp;&nbsp;<\/h4>\n\n\n\n<p>Kim Jae-hoon (director)<\/p>\n\n\n\n<h4 class=\"wp-block-heading\"><a><\/a>Meeting with Larry Kent&nbsp;&nbsp;&nbsp;&nbsp;<\/h4>\n\n\n\n<p>Larry Kent&nbsp;&nbsp;&nbsp;&nbsp;&nbsp;&nbsp;&nbsp;&nbsp;&nbsp;&nbsp;<\/p>\n\n\n\n<h4 class=\"wp-block-heading\"><a><\/a>Femme (United Kingdom)&nbsp;&nbsp;&nbsp;<\/h4>\n\n\n\n<p>Sam H. Freeman (director)&nbsp;&nbsp;&nbsp;&nbsp;&nbsp;&nbsp;&nbsp;&nbsp;<\/p>\n\n\n\n<h4 class=\"wp-block-heading\"><a><\/a>Daughter of the sun (Canada)&nbsp;&nbsp;&nbsp;&nbsp;&nbsp;&nbsp;&nbsp;<\/h4>\n\n\n\n<p>Ryan Ward (director)<\/p>\n\n\n\n<h4 class=\"wp-block-heading\"><a><\/a>Pett Kata Shaw (Bangladesh)<\/h4>\n\n\n\n<p>Nuhash Humayun (director)&nbsp;&nbsp;&nbsp;&nbsp;&nbsp;<\/p>\n\n\n\n<h4 class=\"wp-block-heading\"><a><\/a>Hippo (United States)&nbsp;&nbsp;&nbsp;&nbsp;&nbsp;&nbsp;&nbsp;&nbsp;&nbsp;<\/h4>\n\n\n\n<p>Mark H. Rapaport (director)<\/p>\n\n\n\n<p>Eric Roberts (actor)<\/p>\n\n\n\n<p>Lilla Kizlinger (actress)<\/p>\n\n\n\n<h4 class=\"wp-block-heading\"><a><\/a>MS. apocalypseE (South Korea)&nbsp;&nbsp;&nbsp;&nbsp;&nbsp;<\/h4>\n\n\n\n<p>Lim Seon-ae-I (director)<\/p>\n\n\n\n<p>Raon Park (actor)<\/p>\n\n\n\n<h4 class=\"wp-block-heading\"><a><\/a>Where the devil roams (United States)&nbsp;&nbsp;&nbsp;&nbsp;<\/h4>\n\n\n\n<figure class=\"wp-block-image aligncenter size-full\"><img loading=\"lazy\" decoding=\"async\" width=\"2000\" height=\"1023\" src=\"https:\/\/lepetitseptieme.ca\/wp-content\/uploads\/2023\/07\/Where-the-Devil-Roams.jpg\" alt=\"Where the Devil Roams\" class=\"wp-image-37397\" srcset=\"https:\/\/lepetitseptieme.ca\/wp-content\/uploads\/2023\/07\/Where-the-Devil-Roams.jpg 2000w, https:\/\/lepetitseptieme.ca\/wp-content\/uploads\/2023\/07\/Where-the-Devil-Roams-300x153.jpg 300w, https:\/\/lepetitseptieme.ca\/wp-content\/uploads\/2023\/07\/Where-the-Devil-Roams-1024x524.jpg 1024w, https:\/\/lepetitseptieme.ca\/wp-content\/uploads\/2023\/07\/Where-the-Devil-Roams-768x393.jpg 768w, https:\/\/lepetitseptieme.ca\/wp-content\/uploads\/2023\/07\/Where-the-Devil-Roams-1536x786.jpg 1536w, https:\/\/lepetitseptieme.ca\/wp-content\/uploads\/2023\/07\/Where-the-Devil-Roams-600x307.jpg 600w\" sizes=\"auto, (max-width: 2000px) 100vw, 2000px\" \/><\/figure>\n\n\n\n<p>John Adams (director, actor)<\/p>\n\n\n\n<p>Zelda Adams (director, actress)<\/p>\n\n\n\n<p>Toby Poser (director, actress)<\/p>\n\n\n\n<p>Lulu Adams (director, actress)<\/p>\n<\/div>\n\n\n\n<div class=\"wp-block-column is-layout-flow wp-block-column-is-layout-flow\" style=\"flex-basis:15px\"><\/div>\n\n\n\n<div class=\"wp-block-column is-layout-flow wp-block-column-is-layout-flow\" style=\"border-style:none;border-width:0px;padding-top:0;padding-right:0;padding-bottom:0;padding-left:0\">\n<h4 class=\"wp-block-heading\">Aporia (United States)&nbsp;&nbsp;&nbsp;&nbsp;&nbsp;&nbsp;&nbsp;&nbsp;<\/h4>\n\n\n\n<p>Jared Moshe (director)&nbsp;&nbsp;&nbsp;&nbsp;&nbsp;&nbsp;&nbsp;&nbsp;&nbsp;&nbsp;&nbsp;&nbsp;&nbsp;&nbsp;&nbsp;<\/p>\n\n\n\n<h4 class=\"wp-block-heading\"><a><\/a>Irlande Cahier Bleu (Qu\u00e9bec\/Canada)&nbsp;&nbsp;&nbsp;&nbsp;&nbsp;&nbsp;<\/h4>\n\n\n\n<p>Olivier Godin (director)<\/p>\n\n\n\n<h4 class=\"wp-block-heading\"><a><\/a>Touch kink (Qu\u00e9bec\/Canada)&nbsp;&nbsp;&nbsp;&nbsp;&nbsp;&nbsp;&nbsp;&nbsp;<\/h4>\n\n\n\n<p>Todd Max Carey (director)<\/p>\n\n\n\n<h4 class=\"wp-block-heading\"><a><\/a>What you wish for (Australia)&nbsp;&nbsp;&nbsp;&nbsp;&nbsp;&nbsp;&nbsp;<\/h4>\n\n\n\n<p>Nicholas Tomnay (director)<\/p>\n\n\n\n<p>Nick Stahl (actor)<\/p>\n\n\n\n<p>Tamsin Topolski (actress)<\/p>\n\n\n\n<p>Randy Vasquez (actor)<\/p>\n\n\n\n<h4 class=\"wp-block-heading\"><a><\/a>With love and a major organ (Canada)&nbsp;&nbsp;&nbsp;&nbsp;<\/h4>\n\n\n\n<p>Kim Albright (director)<\/p>\n\n\n\n<p>Donna Benedicto (actress)&nbsp;&nbsp;&nbsp;&nbsp;&nbsp;&nbsp;&nbsp;&nbsp;<\/p>\n\n\n\n<h4 class=\"wp-block-heading\"><a><\/a>Daughter of the sun (Canada)&nbsp;&nbsp;&nbsp;&nbsp;&nbsp;&nbsp;&nbsp;<\/h4>\n\n\n\n<p>Courtney Sawyer (actress)&nbsp;&nbsp;&nbsp;&nbsp;&nbsp;&nbsp;&nbsp;&nbsp;<\/p>\n\n\n\n<h4 class=\"wp-block-heading\"><a><\/a>The sacrifice game (Canada)<\/h4>\n\n\n\n<p>Jenn Wexler (director)<\/p>\n\n\n\n<h4 class=\"wp-block-heading\"><a><\/a>The concierge (Japan)&nbsp;&nbsp;&nbsp;&nbsp;&nbsp;&nbsp;&nbsp;&nbsp;&nbsp;<\/h4>\n\n\n\n<p>Yoshimi Itazu (director)<\/p>\n\n\n\n<h4 class=\"wp-block-heading\"><a><\/a>River (Japan)&nbsp;<\/h4>\n\n\n\n<p>Junta Yamaguchi (director)&nbsp;&nbsp;&nbsp;&nbsp;&nbsp;&nbsp;&nbsp;&nbsp;<\/p>\n\n\n\n<h4 class=\"wp-block-heading\"><a><\/a>Book launch Terror in the alien realms&nbsp;&nbsp;&nbsp;&nbsp;<\/h4>\n\n\n\n<p>Pat Tremblay&nbsp;&nbsp;&nbsp;&nbsp;<\/p>\n\n\n\n<h4 class=\"wp-block-heading\"><a><\/a>Tokyo revengers part 1 and 2 (Japan)&nbsp;&nbsp;&nbsp;&nbsp;&nbsp;&nbsp;<\/h4>\n\n\n\n<p>Tsutomu Hanabusa (director)<\/p>\n\n\n\n<h4 class=\"wp-block-heading\"><a><\/a>Kurayukaba (Japan)&nbsp;<\/h4>\n\n\n\n<p>Shigeyoshi Tsukahara (director)<\/p>\n\n\n\n<h4 class=\"wp-block-heading\"><a><\/a>Birth\/Rebirth (United States)&nbsp;&nbsp;&nbsp;&nbsp;&nbsp;&nbsp;&nbsp;&nbsp;<\/h4>\n\n\n\n<p>Laura Moss (director)<\/p>\n\n\n\n<h4 class=\"wp-block-heading\"><a><\/a>Empire V (United States)&nbsp;&nbsp;&nbsp;&nbsp;<\/h4>\n\n\n\n<p>Victor Ginzburg (director)<\/p>\n\n\n\n<h4 class=\"wp-block-heading\"><a><\/a>Satan wants you (Canada)&nbsp;<\/h4>\n\n\n\n<p>Steve Adams (director)<\/p>\n\n\n\n<p>Sean Horlor (director)<\/p>\n\n\n\n<h4 class=\"wp-block-heading\"><a><\/a>What you wish for (Australia)&nbsp;&nbsp;&nbsp;&nbsp;&nbsp;&nbsp;&nbsp;<\/h4>\n\n\n\n<p>Peter Harper (actor)<\/p>\n\n\n\n<p>Penelope Mitchell (actress)<\/p>\n\n\n\n<p>Randy Vasquez (actor)<\/p>\n\n\n\n<h4 class=\"wp-block-heading\"><a><\/a>My animal (United States)&nbsp;&nbsp;<\/h4>\n\n\n\n<p>Jacqueline Castel (director)&nbsp;&nbsp;&nbsp;&nbsp;&nbsp;&nbsp;&nbsp;<\/p>\n\n\n\n<h4 class=\"wp-block-heading\"><a><\/a>Richelieu (Quebec\/Canada)<\/h4>\n\n\n\n<p>Pier-Philippe Chevigny (director)<\/p>\n\n\n\n<p>Micheline Bernard (actress)<\/p>\n\n\n\n<p>Marc-Andr\u00e9 Grondin (actor)<\/p>\n\n\n\n<p>Ariane Castellanos (actress)&nbsp;&nbsp;&nbsp;&nbsp;&nbsp;&nbsp;<\/p>\n\n\n\n<h4 class=\"wp-block-heading\"><a><\/a>Onyx the fortuitous and the talisman of souls (United States)<\/h4>\n\n\n\n<p>Andrew Bowser (director\/actor)<\/p>\n\n\n\n<figure class=\"wp-block-image aligncenter size-full\"><img loading=\"lazy\" decoding=\"async\" width=\"1800\" height=\"754\" src=\"https:\/\/lepetitseptieme.ca\/wp-content\/uploads\/2023\/07\/ONYX-THE-FORTUITOUS-AND-THE-TALISMAN-OF-SOULS.jpg\" alt=\"ONYX THE FORTUITOUS AND THE TALISMAN OF SOULS\" class=\"wp-image-37414\" srcset=\"https:\/\/lepetitseptieme.ca\/wp-content\/uploads\/2023\/07\/ONYX-THE-FORTUITOUS-AND-THE-TALISMAN-OF-SOULS.jpg 1800w, https:\/\/lepetitseptieme.ca\/wp-content\/uploads\/2023\/07\/ONYX-THE-FORTUITOUS-AND-THE-TALISMAN-OF-SOULS-300x126.jpg 300w, https:\/\/lepetitseptieme.ca\/wp-content\/uploads\/2023\/07\/ONYX-THE-FORTUITOUS-AND-THE-TALISMAN-OF-SOULS-1024x429.jpg 1024w, https:\/\/lepetitseptieme.ca\/wp-content\/uploads\/2023\/07\/ONYX-THE-FORTUITOUS-AND-THE-TALISMAN-OF-SOULS-768x322.jpg 768w, https:\/\/lepetitseptieme.ca\/wp-content\/uploads\/2023\/07\/ONYX-THE-FORTUITOUS-AND-THE-TALISMAN-OF-SOULS-1536x643.jpg 1536w, https:\/\/lepetitseptieme.ca\/wp-content\/uploads\/2023\/07\/ONYX-THE-FORTUITOUS-AND-THE-TALISMAN-OF-SOULS-600x251.jpg 600w\" sizes=\"auto, (max-width: 1800px) 100vw, 1800px\" \/><\/figure>\n\n\n\n<h4 class=\"wp-block-heading\"><a><\/a>Molli and Max in the furute (United States)&nbsp;&nbsp;&nbsp;&nbsp;&nbsp;&nbsp;&nbsp;&nbsp;<\/h4>\n\n\n\n<p>Michael Litwak (director)<\/p>\n\n\n\n<h4 class=\"wp-block-heading\"><a><\/a>Suitable flesh (United States)&nbsp;&nbsp;&nbsp;&nbsp;&nbsp;&nbsp;&nbsp;&nbsp;<\/h4>\n\n\n\n<p>Joe Lynch (director)<\/p>\n\n\n\n<p>Barbara Crampton (actress)<\/p>\n\n\n\n<h4 class=\"wp-block-heading\"><a><\/a>Sometimes I think about dying (United States) &nbsp;<\/h4>\n\n\n\n<p>Rachel Lambert (director)<\/p>\n\n\n\n<h4 class=\"wp-block-heading\"><a><\/a>Max Funk: pour ton funk seulement (Quebec\/Canada)&nbsp;<\/h4>\n\n\n\n<p>Benoit Ash (director)<\/p>\n\n\n\n<p>Alexandre Dubois (director)<\/p>\n\n\n\n<p>Alexandre B. Lampron (director)<\/p>\n\n\n\n<p>Guy Chagnon (director)&nbsp;&nbsp;&nbsp;&nbsp;&nbsp;&nbsp;&nbsp;&nbsp;&nbsp;&nbsp;&nbsp;&nbsp;&nbsp;&nbsp;<\/p>\n\n\n\n<h4 class=\"wp-block-heading\"><a><\/a>ROMI (Canada)&nbsp;&nbsp;&nbsp;&nbsp;&nbsp;&nbsp;&nbsp;&nbsp;&nbsp;<\/h4>\n\n\n\n<p>Robert Cuffley (director)<\/p>\n\n\n\n<h4 class=\"wp-block-heading\"><a><\/a>Mayhem (France)&nbsp;&nbsp;&nbsp;&nbsp;&nbsp;<\/h4>\n\n\n\n<p>Xavier Gens (director)<\/p>\n<\/div>\n<\/div>\n","protected":false},"excerpt":{"rendered":"<p>For its 27th edition, the Fantasia International Film Festival welcomes 56 local and international directors, producers and actors. Here&#8217;s the guest list, by film title. Note that if some titles are repeated, it&#8217;s because the people involved will be available at different times. Les chambres rouges (Quebec\/Canada)&nbsp;&nbsp;&nbsp; Pascal Plante (director) Juliette Gari\u00e9py (actress) Laurie Babin [&hellip;]<\/p>\n","protected":false},"author":2,"featured_media":37399,"comment_status":"open","ping_status":"open","sticky":false,"template":"","format":"standard","meta":{"_acf_changed":false,"site-sidebar-layout":"default","site-content-layout":"","ast-site-content-layout":"default","site-content-style":"default","site-sidebar-style":"default","ast-global-header-display":"","ast-banner-title-visibility":"","ast-main-header-display":"","ast-hfb-above-header-display":"","ast-hfb-below-header-display":"","ast-hfb-mobile-header-display":"","site-post-title":"","ast-breadcrumbs-content":"","ast-featured-img":"","footer-sml-layout":"","ast-disable-related-posts":"","theme-transparent-header-meta":"","adv-header-id-meta":"","stick-header-meta":"","header-above-stick-meta":"","header-main-stick-meta":"","header-below-stick-meta":"","astra-migrate-meta-layouts":"default","ast-page-background-enabled":"default","ast-page-background-meta":{"desktop":{"background-color":"var(--ast-global-color-4)","background-image":"","background-repeat":"repeat","background-position":"center center","background-size":"auto","background-attachment":"scroll","background-type":"","background-media":"","overlay-type":"","overlay-color":"","overlay-opacity":"","overlay-gradient":""},"tablet":{"background-color":"","background-image":"","background-repeat":"repeat","background-position":"center center","background-size":"auto","background-attachment":"scroll","background-type":"","background-media":"","overlay-type":"","overlay-color":"","overlay-opacity":"","overlay-gradient":""},"mobile":{"background-color":"","background-image":"","background-repeat":"repeat","background-position":"center center","background-size":"auto","background-attachment":"scroll","background-type":"","background-media":"","overlay-type":"","overlay-color":"","overlay-opacity":"","overlay-gradient":""}},"ast-content-background-meta":{"desktop":{"background-color":"var(--ast-global-color-5)","background-image":"","background-repeat":"repeat","background-position":"center center","background-size":"auto","background-attachment":"scroll","background-type":"","background-media":"","overlay-type":"","overlay-color":"","overlay-opacity":"","overlay-gradient":""},"tablet":{"background-color":"var(--ast-global-color-5)","background-image":"","background-repeat":"repeat","background-position":"center center","background-size":"auto","background-attachment":"scroll","background-type":"","background-media":"","overlay-type":"","overlay-color":"","overlay-opacity":"","overlay-gradient":""},"mobile":{"background-color":"var(--ast-global-color-5)","background-image":"","background-repeat":"repeat","background-position":"center center","background-size":"auto","background-attachment":"scroll","background-type":"","background-media":"","overlay-type":"","overlay-color":"","overlay-opacity":"","overlay-gradient":""}},"footnotes":""},"categories":[20833,5162],"tags":[7980,26490],"class_list":["post-37417","post","type-post","status-publish","format-standard","has-post-thumbnail","hentry","category-festivals-coverage","category-news","tag-fantasia-en","tag-fantasia-2023"],"acf":[],"yoast_head":"<!-- This site is optimized with the Yoast SEO plugin v27.1.1 - https:\/\/yoast.com\/product\/yoast-seo-wordpress\/ -->\n<title>Fantasia 2023 | On-site guests - Le petit septi\u00e8me<\/title>\n<meta name=\"description\" content=\"For its 27th edition, the Fantasia International Film Festival welcomes 56 local and international directors, producers and actors. Here&#039;s the guest list.\" \/>\n<meta name=\"robots\" content=\"index, follow, max-snippet:-1, max-image-preview:large, max-video-preview:-1\" \/>\n<link rel=\"canonical\" href=\"https:\/\/lepetitseptieme.ca\/en\/2023\/07\/16\/fantasia-2023-on-site-guests\/\" \/>\n<meta property=\"og:locale\" content=\"en_US\" \/>\n<meta property=\"og:type\" content=\"article\" \/>\n<meta property=\"og:title\" content=\"Fantasia 2023 | On-site guests\" \/>\n<meta property=\"og:description\" content=\"For its 27th edition, the Fantasia International Film Festival welcomes 56 local and international directors, producers and actors. Here&#039;s the guest list.\" \/>\n<meta property=\"og:url\" content=\"https:\/\/lepetitseptieme.ca\/en\/2023\/07\/16\/fantasia-2023-on-site-guests\/\" \/>\n<meta property=\"og:site_name\" content=\"Le petit septi\u00e8me\" \/>\n<meta property=\"article:publisher\" content=\"https:\/\/www.facebook.com\/pages\/Le-Petit-Septi%c3%a8me\/494448933948121?ref=hl\" \/>\n<meta property=\"article:author\" content=\"https:\/\/www.facebook.com\/FGrondinArt\/\" \/>\n<meta property=\"article:published_time\" content=\"2023-07-16T11:00:00+00:00\" \/>\n<meta property=\"og:image\" content=\"https:\/\/lepetitseptieme.ca\/wp-content\/uploads\/2023\/07\/Fantasia-2023-Liste-invites-Une.jpg\" \/>\n\t<meta property=\"og:image:width\" content=\"1920\" \/>\n\t<meta property=\"og:image:height\" content=\"1080\" \/>\n\t<meta property=\"og:image:type\" content=\"image\/jpeg\" \/>\n<meta name=\"author\" content=\"Francois Grondin\" \/>\n<meta name=\"twitter:card\" content=\"summary_large_image\" \/>\n<meta name=\"twitter:title\" content=\"Fantasia 2023 | On-site guests\" \/>\n<meta name=\"twitter:description\" content=\"For its 27th edition, the Fantasia International Film Festival welcomes 56 local and international directors, producers and actors. Here&#039;s the guest list.\" \/>\n<meta name=\"twitter:image\" content=\"https:\/\/lepetitseptieme.ca\/wp-content\/uploads\/2023\/07\/Fantasia-2023-Liste-invites-Une.jpg\" \/>\n<meta name=\"twitter:creator\" content=\"@fgrondin1221\" \/>\n<meta name=\"twitter:site\" content=\"@LePetitSeptieme\" \/>\n<meta name=\"twitter:label1\" content=\"Written by\" \/>\n\t<meta name=\"twitter:data1\" content=\"Francois Grondin\" \/>\n\t<meta name=\"twitter:label2\" content=\"Est. reading time\" \/>\n\t<meta name=\"twitter:data2\" content=\"4 minutes\" \/>\n<script type=\"application\/ld+json\" class=\"yoast-schema-graph\">{\"@context\":\"https:\/\/schema.org\",\"@graph\":[{\"@type\":\"Article\",\"@id\":\"https:\/\/lepetitseptieme.ca\/en\/2023\/07\/16\/fantasia-2023-on-site-guests\/#article\",\"isPartOf\":{\"@id\":\"https:\/\/lepetitseptieme.ca\/en\/2023\/07\/16\/fantasia-2023-on-site-guests\/\"},\"author\":{\"name\":\"Francois Grondin\",\"@id\":\"https:\/\/lepetitseptieme.ca\/en\/#\/schema\/person\/12a0b9476b07b0f9a7cc8a82db87e8af\"},\"headline\":\"Fantasia 2023 | On-site guests\",\"datePublished\":\"2023-07-16T11:00:00+00:00\",\"mainEntityOfPage\":{\"@id\":\"https:\/\/lepetitseptieme.ca\/en\/2023\/07\/16\/fantasia-2023-on-site-guests\/\"},\"wordCount\":891,\"commentCount\":0,\"publisher\":{\"@id\":\"https:\/\/lepetitseptieme.ca\/en\/#organization\"},\"image\":{\"@id\":\"https:\/\/lepetitseptieme.ca\/en\/2023\/07\/16\/fantasia-2023-on-site-guests\/#primaryimage\"},\"thumbnailUrl\":\"https:\/\/lepetitseptieme.ca\/wp-content\/uploads\/2023\/07\/Fantasia-2023-Liste-invites-Une.jpg\",\"keywords\":[\"Fantasia\",\"Fantasia 2023\"],\"articleSection\":[\"Festivals coverage\",\"News\"],\"inLanguage\":\"en-US\",\"potentialAction\":[{\"@type\":\"CommentAction\",\"name\":\"Comment\",\"target\":[\"https:\/\/lepetitseptieme.ca\/en\/2023\/07\/16\/fantasia-2023-on-site-guests\/#respond\"]}]},{\"@type\":\"WebPage\",\"@id\":\"https:\/\/lepetitseptieme.ca\/en\/2023\/07\/16\/fantasia-2023-on-site-guests\/\",\"url\":\"https:\/\/lepetitseptieme.ca\/en\/2023\/07\/16\/fantasia-2023-on-site-guests\/\",\"name\":\"Fantasia 2023 | On-site guests - Le petit septi\u00e8me\",\"isPartOf\":{\"@id\":\"https:\/\/lepetitseptieme.ca\/en\/#website\"},\"primaryImageOfPage\":{\"@id\":\"https:\/\/lepetitseptieme.ca\/en\/2023\/07\/16\/fantasia-2023-on-site-guests\/#primaryimage\"},\"image\":{\"@id\":\"https:\/\/lepetitseptieme.ca\/en\/2023\/07\/16\/fantasia-2023-on-site-guests\/#primaryimage\"},\"thumbnailUrl\":\"https:\/\/lepetitseptieme.ca\/wp-content\/uploads\/2023\/07\/Fantasia-2023-Liste-invites-Une.jpg\",\"datePublished\":\"2023-07-16T11:00:00+00:00\",\"description\":\"For its 27th edition, the Fantasia International Film Festival welcomes 56 local and international directors, producers and actors. Here's the guest list.\",\"breadcrumb\":{\"@id\":\"https:\/\/lepetitseptieme.ca\/en\/2023\/07\/16\/fantasia-2023-on-site-guests\/#breadcrumb\"},\"inLanguage\":\"en-US\",\"potentialAction\":[{\"@type\":\"ReadAction\",\"target\":[\"https:\/\/lepetitseptieme.ca\/en\/2023\/07\/16\/fantasia-2023-on-site-guests\/\"]}]},{\"@type\":\"ImageObject\",\"inLanguage\":\"en-US\",\"@id\":\"https:\/\/lepetitseptieme.ca\/en\/2023\/07\/16\/fantasia-2023-on-site-guests\/#primaryimage\",\"url\":\"https:\/\/lepetitseptieme.ca\/wp-content\/uploads\/2023\/07\/Fantasia-2023-Liste-invites-Une.jpg\",\"contentUrl\":\"https:\/\/lepetitseptieme.ca\/wp-content\/uploads\/2023\/07\/Fantasia-2023-Liste-invites-Une.jpg\",\"width\":1920,\"height\":1080,\"caption\":\"Fantasia 2023 - Liste invit\u00e9s - Une\"},{\"@type\":\"BreadcrumbList\",\"@id\":\"https:\/\/lepetitseptieme.ca\/en\/2023\/07\/16\/fantasia-2023-on-site-guests\/#breadcrumb\",\"itemListElement\":[{\"@type\":\"ListItem\",\"position\":1,\"name\":\"Home\",\"item\":\"https:\/\/lepetitseptieme.ca\/en\/\"},{\"@type\":\"ListItem\",\"position\":2,\"name\":\"Fantasia 2023 | On-site guests\"}]},{\"@type\":\"WebSite\",\"@id\":\"https:\/\/lepetitseptieme.ca\/en\/#website\",\"url\":\"https:\/\/lepetitseptieme.ca\/en\/\",\"name\":\"Le petit septi\u00e8me\",\"description\":\"Reviews and comments on Quebec, international and author cinema\",\"publisher\":{\"@id\":\"https:\/\/lepetitseptieme.ca\/en\/#organization\"},\"potentialAction\":[{\"@type\":\"SearchAction\",\"target\":{\"@type\":\"EntryPoint\",\"urlTemplate\":\"https:\/\/lepetitseptieme.ca\/en\/?s={search_term_string}\"},\"query-input\":{\"@type\":\"PropertyValueSpecification\",\"valueRequired\":true,\"valueName\":\"search_term_string\"}}],\"inLanguage\":\"en-US\"},{\"@type\":\"Organization\",\"@id\":\"https:\/\/lepetitseptieme.ca\/en\/#organization\",\"name\":\"Le Petit Septi\u00e8me\",\"url\":\"https:\/\/lepetitseptieme.ca\/en\/\",\"logo\":{\"@type\":\"ImageObject\",\"inLanguage\":\"en-US\",\"@id\":\"https:\/\/lepetitseptieme.ca\/en\/#\/schema\/logo\/image\/\",\"url\":\"https:\/\/lepetitseptieme.ca\/wp-content\/uploads\/2016\/05\/cropped-Logo-Le-Petit-Septi\u00e8me-2016-BW.png\",\"contentUrl\":\"https:\/\/lepetitseptieme.ca\/wp-content\/uploads\/2016\/05\/cropped-Logo-Le-Petit-Septi\u00e8me-2016-BW.png\",\"width\":512,\"height\":512,\"caption\":\"Le Petit Septi\u00e8me\"},\"image\":{\"@id\":\"https:\/\/lepetitseptieme.ca\/en\/#\/schema\/logo\/image\/\"},\"sameAs\":[\"https:\/\/www.facebook.com\/pages\/Le-Petit-Septi\u00e8me\/494448933948121?ref=hl\",\"https:\/\/x.com\/LePetitSeptieme\",\"https:\/\/www.youtube.com\/channel\/UC5mdhI_jJvDN1I9fkk5RcIw\"]},{\"@type\":\"Person\",\"@id\":\"https:\/\/lepetitseptieme.ca\/en\/#\/schema\/person\/12a0b9476b07b0f9a7cc8a82db87e8af\",\"name\":\"Francois Grondin\",\"image\":{\"@type\":\"ImageObject\",\"inLanguage\":\"en-US\",\"@id\":\"https:\/\/lepetitseptieme.ca\/en\/#\/schema\/person\/image\/\",\"url\":\"https:\/\/secure.gravatar.com\/avatar\/cbc7d427b20502f8a471e632a3ac28d3200b0a6f80a7e6d8056f088f651d3888?s=96&d=mm&r=r\",\"contentUrl\":\"https:\/\/secure.gravatar.com\/avatar\/cbc7d427b20502f8a471e632a3ac28d3200b0a6f80a7e6d8056f088f651d3888?s=96&d=mm&r=r\",\"caption\":\"Francois Grondin\"},\"description\":\"Sp\u00e9cialiste en cin\u00e9ma international et en communication num\u00e9rique, cin\u00e9aste, photographe et passionn\u00e9 de cin\u00e9ma italien et japonais. Membre du jury pour le festival FICMAN et le SIFA Festival 2022 et, bien s\u00fbr, fier papa de 2!\",\"sameAs\":[\"https:\/\/lepetitseptieme.ca\",\"https:\/\/www.facebook.com\/FGrondinArt\/\",\"https:\/\/www.linkedin.com\/in\/francois-grondin-05895816\/\",\"https:\/\/x.com\/fgrondin1221\"],\"url\":\"https:\/\/lepetitseptieme.ca\/en\/author\/francois\/\"}]}<\/script>\n<!-- \/ Yoast SEO plugin. -->","yoast_head_json":{"title":"Fantasia 2023 | On-site guests - Le petit septi\u00e8me","description":"For its 27th edition, the Fantasia International Film Festival welcomes 56 local and international directors, producers and actors. Here's the guest list.","robots":{"index":"index","follow":"follow","max-snippet":"max-snippet:-1","max-image-preview":"max-image-preview:large","max-video-preview":"max-video-preview:-1"},"canonical":"https:\/\/lepetitseptieme.ca\/en\/2023\/07\/16\/fantasia-2023-on-site-guests\/","og_locale":"en_US","og_type":"article","og_title":"Fantasia 2023 | On-site guests","og_description":"For its 27th edition, the Fantasia International Film Festival welcomes 56 local and international directors, producers and actors. Here's the guest list.","og_url":"https:\/\/lepetitseptieme.ca\/en\/2023\/07\/16\/fantasia-2023-on-site-guests\/","og_site_name":"Le petit septi\u00e8me","article_publisher":"https:\/\/www.facebook.com\/pages\/Le-Petit-Septi%c3%a8me\/494448933948121?ref=hl","article_author":"https:\/\/www.facebook.com\/FGrondinArt\/","article_published_time":"2023-07-16T11:00:00+00:00","og_image":[{"width":1920,"height":1080,"url":"https:\/\/lepetitseptieme.ca\/wp-content\/uploads\/2023\/07\/Fantasia-2023-Liste-invites-Une.jpg","type":"image\/jpeg"}],"author":"Francois Grondin","twitter_card":"summary_large_image","twitter_title":"Fantasia 2023 | On-site guests","twitter_description":"For its 27th edition, the Fantasia International Film Festival welcomes 56 local and international directors, producers and actors. Here's the guest list.","twitter_image":"https:\/\/lepetitseptieme.ca\/wp-content\/uploads\/2023\/07\/Fantasia-2023-Liste-invites-Une.jpg","twitter_creator":"@fgrondin1221","twitter_site":"@LePetitSeptieme","twitter_misc":{"Written by":"Francois Grondin","Est. reading time":"4 minutes"},"schema":{"@context":"https:\/\/schema.org","@graph":[{"@type":"Article","@id":"https:\/\/lepetitseptieme.ca\/en\/2023\/07\/16\/fantasia-2023-on-site-guests\/#article","isPartOf":{"@id":"https:\/\/lepetitseptieme.ca\/en\/2023\/07\/16\/fantasia-2023-on-site-guests\/"},"author":{"name":"Francois Grondin","@id":"https:\/\/lepetitseptieme.ca\/en\/#\/schema\/person\/12a0b9476b07b0f9a7cc8a82db87e8af"},"headline":"Fantasia 2023 | On-site guests","datePublished":"2023-07-16T11:00:00+00:00","mainEntityOfPage":{"@id":"https:\/\/lepetitseptieme.ca\/en\/2023\/07\/16\/fantasia-2023-on-site-guests\/"},"wordCount":891,"commentCount":0,"publisher":{"@id":"https:\/\/lepetitseptieme.ca\/en\/#organization"},"image":{"@id":"https:\/\/lepetitseptieme.ca\/en\/2023\/07\/16\/fantasia-2023-on-site-guests\/#primaryimage"},"thumbnailUrl":"https:\/\/lepetitseptieme.ca\/wp-content\/uploads\/2023\/07\/Fantasia-2023-Liste-invites-Une.jpg","keywords":["Fantasia","Fantasia 2023"],"articleSection":["Festivals coverage","News"],"inLanguage":"en-US","potentialAction":[{"@type":"CommentAction","name":"Comment","target":["https:\/\/lepetitseptieme.ca\/en\/2023\/07\/16\/fantasia-2023-on-site-guests\/#respond"]}]},{"@type":"WebPage","@id":"https:\/\/lepetitseptieme.ca\/en\/2023\/07\/16\/fantasia-2023-on-site-guests\/","url":"https:\/\/lepetitseptieme.ca\/en\/2023\/07\/16\/fantasia-2023-on-site-guests\/","name":"Fantasia 2023 | On-site guests - Le petit septi\u00e8me","isPartOf":{"@id":"https:\/\/lepetitseptieme.ca\/en\/#website"},"primaryImageOfPage":{"@id":"https:\/\/lepetitseptieme.ca\/en\/2023\/07\/16\/fantasia-2023-on-site-guests\/#primaryimage"},"image":{"@id":"https:\/\/lepetitseptieme.ca\/en\/2023\/07\/16\/fantasia-2023-on-site-guests\/#primaryimage"},"thumbnailUrl":"https:\/\/lepetitseptieme.ca\/wp-content\/uploads\/2023\/07\/Fantasia-2023-Liste-invites-Une.jpg","datePublished":"2023-07-16T11:00:00+00:00","description":"For its 27th edition, the Fantasia International Film Festival welcomes 56 local and international directors, producers and actors. Here's the guest list.","breadcrumb":{"@id":"https:\/\/lepetitseptieme.ca\/en\/2023\/07\/16\/fantasia-2023-on-site-guests\/#breadcrumb"},"inLanguage":"en-US","potentialAction":[{"@type":"ReadAction","target":["https:\/\/lepetitseptieme.ca\/en\/2023\/07\/16\/fantasia-2023-on-site-guests\/"]}]},{"@type":"ImageObject","inLanguage":"en-US","@id":"https:\/\/lepetitseptieme.ca\/en\/2023\/07\/16\/fantasia-2023-on-site-guests\/#primaryimage","url":"https:\/\/lepetitseptieme.ca\/wp-content\/uploads\/2023\/07\/Fantasia-2023-Liste-invites-Une.jpg","contentUrl":"https:\/\/lepetitseptieme.ca\/wp-content\/uploads\/2023\/07\/Fantasia-2023-Liste-invites-Une.jpg","width":1920,"height":1080,"caption":"Fantasia 2023 - Liste invit\u00e9s - Une"},{"@type":"BreadcrumbList","@id":"https:\/\/lepetitseptieme.ca\/en\/2023\/07\/16\/fantasia-2023-on-site-guests\/#breadcrumb","itemListElement":[{"@type":"ListItem","position":1,"name":"Home","item":"https:\/\/lepetitseptieme.ca\/en\/"},{"@type":"ListItem","position":2,"name":"Fantasia 2023 | On-site guests"}]},{"@type":"WebSite","@id":"https:\/\/lepetitseptieme.ca\/en\/#website","url":"https:\/\/lepetitseptieme.ca\/en\/","name":"Le petit septi\u00e8me","description":"Reviews and comments on Quebec, international and author cinema","publisher":{"@id":"https:\/\/lepetitseptieme.ca\/en\/#organization"},"potentialAction":[{"@type":"SearchAction","target":{"@type":"EntryPoint","urlTemplate":"https:\/\/lepetitseptieme.ca\/en\/?s={search_term_string}"},"query-input":{"@type":"PropertyValueSpecification","valueRequired":true,"valueName":"search_term_string"}}],"inLanguage":"en-US"},{"@type":"Organization","@id":"https:\/\/lepetitseptieme.ca\/en\/#organization","name":"Le Petit Septi\u00e8me","url":"https:\/\/lepetitseptieme.ca\/en\/","logo":{"@type":"ImageObject","inLanguage":"en-US","@id":"https:\/\/lepetitseptieme.ca\/en\/#\/schema\/logo\/image\/","url":"https:\/\/lepetitseptieme.ca\/wp-content\/uploads\/2016\/05\/cropped-Logo-Le-Petit-Septi\u00e8me-2016-BW.png","contentUrl":"https:\/\/lepetitseptieme.ca\/wp-content\/uploads\/2016\/05\/cropped-Logo-Le-Petit-Septi\u00e8me-2016-BW.png","width":512,"height":512,"caption":"Le Petit Septi\u00e8me"},"image":{"@id":"https:\/\/lepetitseptieme.ca\/en\/#\/schema\/logo\/image\/"},"sameAs":["https:\/\/www.facebook.com\/pages\/Le-Petit-Septi\u00e8me\/494448933948121?ref=hl","https:\/\/x.com\/LePetitSeptieme","https:\/\/www.youtube.com\/channel\/UC5mdhI_jJvDN1I9fkk5RcIw"]},{"@type":"Person","@id":"https:\/\/lepetitseptieme.ca\/en\/#\/schema\/person\/12a0b9476b07b0f9a7cc8a82db87e8af","name":"Francois Grondin","image":{"@type":"ImageObject","inLanguage":"en-US","@id":"https:\/\/lepetitseptieme.ca\/en\/#\/schema\/person\/image\/","url":"https:\/\/secure.gravatar.com\/avatar\/cbc7d427b20502f8a471e632a3ac28d3200b0a6f80a7e6d8056f088f651d3888?s=96&d=mm&r=r","contentUrl":"https:\/\/secure.gravatar.com\/avatar\/cbc7d427b20502f8a471e632a3ac28d3200b0a6f80a7e6d8056f088f651d3888?s=96&d=mm&r=r","caption":"Francois Grondin"},"description":"Sp\u00e9cialiste en cin\u00e9ma international et en communication num\u00e9rique, cin\u00e9aste, photographe et passionn\u00e9 de cin\u00e9ma italien et japonais. Membre du jury pour le festival FICMAN et le SIFA Festival 2022 et, bien s\u00fbr, fier papa de 2!","sameAs":["https:\/\/lepetitseptieme.ca","https:\/\/www.facebook.com\/FGrondinArt\/","https:\/\/www.linkedin.com\/in\/francois-grondin-05895816\/","https:\/\/x.com\/fgrondin1221"],"url":"https:\/\/lepetitseptieme.ca\/en\/author\/francois\/"}]}},"_links":{"self":[{"href":"https:\/\/lepetitseptieme.ca\/en\/wp-json\/wp\/v2\/posts\/37417","targetHints":{"allow":["GET"]}}],"collection":[{"href":"https:\/\/lepetitseptieme.ca\/en\/wp-json\/wp\/v2\/posts"}],"about":[{"href":"https:\/\/lepetitseptieme.ca\/en\/wp-json\/wp\/v2\/types\/post"}],"author":[{"embeddable":true,"href":"https:\/\/lepetitseptieme.ca\/en\/wp-json\/wp\/v2\/users\/2"}],"replies":[{"embeddable":true,"href":"https:\/\/lepetitseptieme.ca\/en\/wp-json\/wp\/v2\/comments?post=37417"}],"version-history":[{"count":5,"href":"https:\/\/lepetitseptieme.ca\/en\/wp-json\/wp\/v2\/posts\/37417\/revisions"}],"predecessor-version":[{"id":37459,"href":"https:\/\/lepetitseptieme.ca\/en\/wp-json\/wp\/v2\/posts\/37417\/revisions\/37459"}],"wp:featuredmedia":[{"embeddable":true,"href":"https:\/\/lepetitseptieme.ca\/en\/wp-json\/wp\/v2\/media\/37399"}],"wp:attachment":[{"href":"https:\/\/lepetitseptieme.ca\/en\/wp-json\/wp\/v2\/media?parent=37417"}],"wp:term":[{"taxonomy":"category","embeddable":true,"href":"https:\/\/lepetitseptieme.ca\/en\/wp-json\/wp\/v2\/categories?post=37417"},{"taxonomy":"post_tag","embeddable":true,"href":"https:\/\/lepetitseptieme.ca\/en\/wp-json\/wp\/v2\/tags?post=37417"}],"curies":[{"name":"wp","href":"https:\/\/api.w.org\/{rel}","templated":true}]}}