{"id":37219,"date":"2023-07-04T07:00:00","date_gmt":"2023-07-04T11:00:00","guid":{"rendered":"https:\/\/lepetitseptieme.ca\/?p=37219"},"modified":"2023-07-04T07:58:46","modified_gmt":"2023-07-04T11:58:46","slug":"amachan-a-success-that-launched-nons-career-rena-nounen","status":"publish","type":"post","link":"https:\/\/lepetitseptieme.ca\/en\/2023\/07\/04\/amachan-a-success-that-launched-nons-career-rena-nounen\/","title":{"rendered":"Amachan \u2013 A success that launched Non&#8217;s career (Rena Nounen)"},"content":{"rendered":"\n<p class=\"has-text-align-right\"><em>&#8220;I don&#8217;t want to go back to Tokyo.&#8221;<\/em><\/p>\n\n\n\n<figure class=\"wp-block-image alignleft size-full is-resized\"><img decoding=\"async\" src=\"https:\/\/lepetitseptieme.ca\/wp-content\/uploads\/2023\/07\/Amachan-affiche.jpg\" alt=\"Amachan - affiche\" class=\"wp-image-37199\" width=\"150\" srcset=\"https:\/\/lepetitseptieme.ca\/wp-content\/uploads\/2023\/07\/Amachan-affiche.jpg 424w, https:\/\/lepetitseptieme.ca\/wp-content\/uploads\/2023\/07\/Amachan-affiche-212x300.jpg 212w\" sizes=\"(max-width: 424px) 100vw, 424px\" \/><\/figure>\n\n\n\n<p>High school student Aki (Rena Nounen) tries to become a female diver in her mother&#8217;s (Kyoko Koizumi) rural hometown, located in Iwate Prefecture. Aki is influenced by her grandmother Natsu (Nobuko Miyamoto).<\/p>\n\n\n\n<p>With <em>Amachan<\/em> (\u3042\u307e\u3061\u3083\u3093), NHK offered a morning series that ended up being a great success. It was also Non&#8217;s (\u306e\u3093) debut, and as I&#8217;m particularly fond of this artist, I decided to watch the series and tell you about it.&nbsp;<\/p>\n\n\n\n<h3 class=\"wp-block-heading\"><strong>Sea urchin fishing<\/strong><\/h3>\n\n\n\n<p>The series, as well as being light and amusing, presents the problem of village depopulation and the difficulties experienced by the inhabitants of rural Japan. <em>Amachan<\/em> also presents a type of fishing little known in the West: sea urchin fishing.&nbsp;<\/p>\n\n\n\n<figure class=\"wp-block-image aligncenter size-full\"><img loading=\"lazy\" decoding=\"async\" width=\"1800\" height=\"1350\" src=\"https:\/\/lepetitseptieme.ca\/wp-content\/uploads\/2023\/07\/Amachan-La-peche-a-oursin.jpg\" alt=\"Amachan - La p\u00eache \u00e0 oursin\" class=\"wp-image-37205\" srcset=\"https:\/\/lepetitseptieme.ca\/wp-content\/uploads\/2023\/07\/Amachan-La-peche-a-oursin.jpg 1800w, https:\/\/lepetitseptieme.ca\/wp-content\/uploads\/2023\/07\/Amachan-La-peche-a-oursin-300x225.jpg 300w, https:\/\/lepetitseptieme.ca\/wp-content\/uploads\/2023\/07\/Amachan-La-peche-a-oursin-1024x768.jpg 1024w, https:\/\/lepetitseptieme.ca\/wp-content\/uploads\/2023\/07\/Amachan-La-peche-a-oursin-768x576.jpg 768w, https:\/\/lepetitseptieme.ca\/wp-content\/uploads\/2023\/07\/Amachan-La-peche-a-oursin-1536x1152.jpg 1536w, https:\/\/lepetitseptieme.ca\/wp-content\/uploads\/2023\/07\/Amachan-La-peche-a-oursin-600x450.jpg 600w\" sizes=\"auto, (max-width: 1800px) 100vw, 1800px\" \/><figcaption class=\"wp-element-caption\"><em>Aki (Non (\u306e\u3093))<\/em><\/figcaption><\/figure>\n\n\n\n<p>This type of fishing only takes place in a few places, and is therefore rather rare. In the series, fishing is done by hand, by diving into the shallow water along the shore. And it&#8217;s done by women. These are the &#8220;Ama&#8221;, or ama-san. The title of the series comes from the fact that young Aki (Non) is a young trainee, and rather than the suffix &#8220;san&#8221;, the suffix &#8220;chan&#8221; is used.\u00a0<\/p>\n\n\n\n<p>The dives take place in rather cold water, to which the women must first become accustomed. Here, Aki will have to pass several tests before she is allowed to dive for sea urchins. She&#8217;ll have to show that she can listen to the seniors, that she can stand the cold water, and above all, that she can hold her breath for at least 1 minute.&nbsp;<\/p>\n\n\n\n<p>The first episodes focus on the young woman&#8217;s training.<\/p>\n\n\n\n<h3 class=\"wp-block-heading\"><strong>An astonishing series<\/strong><\/h3>\n\n\n\n<p>I have to be honest and say that I haven&#8217;t yet had time to watch the whole series, since it has over 150 episodes. But I&#8217;ve seen enough to be able to tell you about it.&nbsp;<\/p>\n\n\n\n<figure class=\"wp-block-image aligncenter size-full\"><img loading=\"lazy\" decoding=\"async\" width=\"1500\" height=\"844\" src=\"https:\/\/lepetitseptieme.ca\/wp-content\/uploads\/2023\/07\/Amachan-Une-serie-etonnante.jpg\" alt=\"Amachan - Une s\u00e9rie \u00e9tonnante\" class=\"wp-image-37201\" srcset=\"https:\/\/lepetitseptieme.ca\/wp-content\/uploads\/2023\/07\/Amachan-Une-serie-etonnante.jpg 1500w, https:\/\/lepetitseptieme.ca\/wp-content\/uploads\/2023\/07\/Amachan-Une-serie-etonnante-300x169.jpg 300w, https:\/\/lepetitseptieme.ca\/wp-content\/uploads\/2023\/07\/Amachan-Une-serie-etonnante-1024x576.jpg 1024w, https:\/\/lepetitseptieme.ca\/wp-content\/uploads\/2023\/07\/Amachan-Une-serie-etonnante-768x432.jpg 768w, https:\/\/lepetitseptieme.ca\/wp-content\/uploads\/2023\/07\/Amachan-Une-serie-etonnante-600x338.jpg 600w\" sizes=\"auto, (max-width: 1500px) 100vw, 1500px\" \/><figcaption class=\"wp-element-caption\"><em>Aki et Yui<\/em><\/figcaption><\/figure>\n\n\n\n<p>As I was saying, it was this series that revealed Non, then known by her real name, Rena Nounen. The young woman literally bursts onto the screen. As I said above, it was after discovering her in the films <em>Hold me back<\/em> (\u79c1\u3092\u304f\u3044\u3068\u3081\u3066), <em>Ribbon<\/em> and <em>The Fish Tale<\/em> (\u3055\u304b\u306a\u306e\u3053) that I wanted to see more of her. And what better than the series that revealed her?<\/p>\n\n\n\n<p>Without being the series of the century, <em>Amachan<\/em> is perfect for someone who, like me, is interested in Japan, its culture, and its language. On the other hand, you have to hang on, because the characters talk a lot, and fast.&nbsp;<\/p>\n\n\n\n<p>The first 2 or 3 episodes didn&#8217;t convince me, but from the 4th onwards, the series takes off and becomes interesting. And by the 10th, I was hooked. I never thought I&#8217;d find myself interested in a series for &#8220;women at home&#8221;. In Japan they&#8217;re called asa-dora (\u3042\u3055\u30c9\u30e9), or morning dramas.&nbsp;<\/p>\n\n\n\n<p>Frankly, the series is well-composed and develops quickly if you compare it to the kind of show we have in North America.<\/p>\n\n\n\n<h3 class=\"wp-block-heading\"><strong>A little more&#8230;<\/strong><\/h3>\n\n\n\n<figure class=\"wp-block-image aligncenter size-full\"><img loading=\"lazy\" decoding=\"async\" width=\"800\" height=\"338\" src=\"https:\/\/lepetitseptieme.ca\/wp-content\/uploads\/2023\/07\/Amachan-Un-peu-plus.jpg\" alt=\"Amachan - Un peu plus\" class=\"wp-image-37197\" srcset=\"https:\/\/lepetitseptieme.ca\/wp-content\/uploads\/2023\/07\/Amachan-Un-peu-plus.jpg 800w, https:\/\/lepetitseptieme.ca\/wp-content\/uploads\/2023\/07\/Amachan-Un-peu-plus-300x127.jpg 300w, https:\/\/lepetitseptieme.ca\/wp-content\/uploads\/2023\/07\/Amachan-Un-peu-plus-768x324.jpg 768w, https:\/\/lepetitseptieme.ca\/wp-content\/uploads\/2023\/07\/Amachan-Un-peu-plus-600x254.jpg 600w\" sizes=\"auto, (max-width: 800px) 100vw, 800px\" \/><\/figure>\n\n\n\n<p>To be totally honest, I don&#8217;t think I&#8217;d be interested in this series if I didn&#8217;t have a love for Japan. But it&#8217;s excellent for anyone who wants to discover this country, and part of its culture.&nbsp;<\/p>\n\n\n\n<p>I fully intend to watch all 154 episodes. And since they&#8217;re 15-minute episodes, they&#8217;re really easy to watch. And there are no commercials \ud83d\ude09<\/p>\n\n\n\n<p>Trailer <i class=\"fas fa-arrow-alt-circle-down \" ><\/i><\/p>\n\n\n\n<figure class=\"wp-block-embed is-type-video is-provider-youtube wp-block-embed-youtube wp-embed-aspect-16-9 wp-has-aspect-ratio\"><div class=\"wp-block-embed__wrapper\">\n<iframe loading=\"lazy\" title=\"Amachan Trailer 01\" width=\"500\" height=\"281\" src=\"https:\/\/www.youtube.com\/embed\/pvbjDRgCyEc?feature=oembed\" frameborder=\"0\" allow=\"accelerometer; autoplay; clipboard-write; encrypted-media; gyroscope; picture-in-picture; web-share\" referrerpolicy=\"strict-origin-when-cross-origin\" allowfullscreen><\/iframe>\n<\/div><\/figure>\n","protected":false},"excerpt":{"rendered":"<p>&#8220;I don&#8217;t want to go back to Tokyo.&#8221; High school student Aki (Rena Nounen) tries to become a female diver in her mother&#8217;s (Kyoko Koizumi) rural hometown, located in Iwate Prefecture. Aki is influenced by her grandmother Natsu (Nobuko Miyamoto). With Amachan (\u3042\u307e\u3061\u3083\u3093), NHK offered a morning series that ended up being a great success. [&hellip;]<\/p>\n","protected":false},"author":2,"featured_media":37203,"comment_status":"open","ping_status":"open","sticky":false,"template":"","format":"standard","meta":{"_acf_changed":false,"site-sidebar-layout":"default","site-content-layout":"","ast-site-content-layout":"default","site-content-style":"default","site-sidebar-style":"default","ast-global-header-display":"","ast-banner-title-visibility":"","ast-main-header-display":"","ast-hfb-above-header-display":"","ast-hfb-below-header-display":"","ast-hfb-mobile-header-display":"","site-post-title":"","ast-breadcrumbs-content":"","ast-featured-img":"","footer-sml-layout":"","ast-disable-related-posts":"","theme-transparent-header-meta":"","adv-header-id-meta":"","stick-header-meta":"","header-above-stick-meta":"","header-main-stick-meta":"","header-below-stick-meta":"","astra-migrate-meta-layouts":"default","ast-page-background-enabled":"default","ast-page-background-meta":{"desktop":{"background-color":"var(--ast-global-color-4)","background-image":"","background-repeat":"repeat","background-position":"center center","background-size":"auto","background-attachment":"scroll","background-type":"","background-media":"","overlay-type":"","overlay-color":"","overlay-opacity":"","overlay-gradient":""},"tablet":{"background-color":"","background-image":"","background-repeat":"repeat","background-position":"center center","background-size":"auto","background-attachment":"scroll","background-type":"","background-media":"","overlay-type":"","overlay-color":"","overlay-opacity":"","overlay-gradient":""},"mobile":{"background-color":"","background-image":"","background-repeat":"repeat","background-position":"center center","background-size":"auto","background-attachment":"scroll","background-type":"","background-media":"","overlay-type":"","overlay-color":"","overlay-opacity":"","overlay-gradient":""}},"ast-content-background-meta":{"desktop":{"background-color":"var(--ast-global-color-5)","background-image":"","background-repeat":"repeat","background-position":"center center","background-size":"auto","background-attachment":"scroll","background-type":"","background-media":"","overlay-type":"","overlay-color":"","overlay-opacity":"","overlay-gradient":""},"tablet":{"background-color":"var(--ast-global-color-5)","background-image":"","background-repeat":"repeat","background-position":"center center","background-size":"auto","background-attachment":"scroll","background-type":"","background-media":"","overlay-type":"","overlay-color":"","overlay-opacity":"","overlay-gradient":""},"mobile":{"background-color":"var(--ast-global-color-5)","background-image":"","background-repeat":"repeat","background-position":"center center","background-size":"auto","background-attachment":"scroll","background-type":"","background-media":"","overlay-type":"","overlay-color":"","overlay-opacity":"","overlay-gradient":""}},"footnotes":""},"categories":[5584,5600],"tags":[26456,26453,26452,17177,26454,26455,23434],"class_list":["post-37219","post","type-post","status-publish","format-standard","has-post-thumbnail","hentry","category-oldies","category-series","tag-amachan","tag-hold-me-back","tag-nhk","tag-non-en","tag-ribbon","tag-the-fish-tale","tag-23434"],"acf":[],"yoast_head":"<!-- This site is optimized with the Yoast SEO plugin v27.1.1 - https:\/\/yoast.com\/product\/yoast-seo-wordpress\/ -->\n<title>Amachan \u2013 A success that launched Non&#039;s career (Rena Nounen) - Le petit septi\u00e8me<\/title>\n<meta name=\"description\" content=\"With Amachan (\u3042\u307e\u3061\u3083\u3093), NHK offered a morning series that was ultimately a great success. It was also the debut of Non (\u306e\u3093), an artist Fran\u00e7ois is particularly fond of.\" \/>\n<meta name=\"robots\" content=\"index, follow, max-snippet:-1, max-image-preview:large, max-video-preview:-1\" \/>\n<link rel=\"canonical\" href=\"https:\/\/lepetitseptieme.ca\/en\/2023\/07\/04\/amachan-a-success-that-launched-nons-career-rena-nounen\/\" \/>\n<meta property=\"og:locale\" content=\"en_US\" \/>\n<meta property=\"og:type\" content=\"article\" \/>\n<meta property=\"og:title\" content=\"Amachan \u2013 A success that launched Non&#039;s career (Rena Nounen)\" \/>\n<meta property=\"og:description\" content=\"With Amachan (\u3042\u307e\u3061\u3083\u3093), NHK offered a morning series that was ultimately a great success. It was also the debut of Non (\u306e\u3093), an artist Fran\u00e7ois is particularly fond of.\" \/>\n<meta property=\"og:url\" content=\"https:\/\/lepetitseptieme.ca\/en\/2023\/07\/04\/amachan-a-success-that-launched-nons-career-rena-nounen\/\" \/>\n<meta property=\"og:site_name\" content=\"Le petit septi\u00e8me\" \/>\n<meta property=\"article:publisher\" content=\"https:\/\/www.facebook.com\/pages\/Le-Petit-Septi%c3%a8me\/494448933948121?ref=hl\" \/>\n<meta property=\"article:author\" content=\"https:\/\/www.facebook.com\/FGrondinArt\/\" \/>\n<meta property=\"article:published_time\" content=\"2023-07-04T11:00:00+00:00\" \/>\n<meta property=\"article:modified_time\" content=\"2023-07-04T11:58:46+00:00\" \/>\n<meta property=\"og:image\" content=\"https:\/\/lepetitseptieme.ca\/wp-content\/uploads\/2023\/07\/Amachan-Une.jpg\" \/>\n\t<meta property=\"og:image:width\" content=\"1920\" \/>\n\t<meta property=\"og:image:height\" content=\"1080\" \/>\n\t<meta property=\"og:image:type\" content=\"image\/jpeg\" \/>\n<meta name=\"author\" content=\"Francois Grondin\" \/>\n<meta name=\"twitter:card\" content=\"summary_large_image\" \/>\n<meta name=\"twitter:title\" content=\"Amachan \u2013 A success that launched Non&#039;s career (Rena Nounen)\" \/>\n<meta name=\"twitter:description\" content=\"With Amachan (\u3042\u307e\u3061\u3083\u3093), NHK offered a morning series that was ultimately a great success. It was also the debut of Non (\u306e\u3093), an artist Fran\u00e7ois is particularly fond of.\" \/>\n<meta name=\"twitter:image\" content=\"https:\/\/lepetitseptieme.ca\/wp-content\/uploads\/2023\/07\/Amachan-Une.jpg\" \/>\n<meta name=\"twitter:creator\" content=\"@fgrondin1221\" \/>\n<meta name=\"twitter:site\" content=\"@LePetitSeptieme\" \/>\n<meta name=\"twitter:label1\" content=\"Written by\" \/>\n\t<meta name=\"twitter:data1\" content=\"Francois Grondin\" \/>\n\t<meta name=\"twitter:label2\" content=\"Est. reading time\" \/>\n\t<meta name=\"twitter:data2\" content=\"4 minutes\" \/>\n<script type=\"application\/ld+json\" class=\"yoast-schema-graph\">{\"@context\":\"https:\/\/schema.org\",\"@graph\":[{\"@type\":\"Article\",\"@id\":\"https:\/\/lepetitseptieme.ca\/en\/2023\/07\/04\/amachan-a-success-that-launched-nons-career-rena-nounen\/#article\",\"isPartOf\":{\"@id\":\"https:\/\/lepetitseptieme.ca\/en\/2023\/07\/04\/amachan-a-success-that-launched-nons-career-rena-nounen\/\"},\"author\":{\"name\":\"Francois Grondin\",\"@id\":\"https:\/\/lepetitseptieme.ca\/en\/#\/schema\/person\/12a0b9476b07b0f9a7cc8a82db87e8af\"},\"headline\":\"Amachan \u2013 A success that launched Non&#8217;s career (Rena Nounen)\",\"datePublished\":\"2023-07-04T11:00:00+00:00\",\"dateModified\":\"2023-07-04T11:58:46+00:00\",\"mainEntityOfPage\":{\"@id\":\"https:\/\/lepetitseptieme.ca\/en\/2023\/07\/04\/amachan-a-success-that-launched-nons-career-rena-nounen\/\"},\"wordCount\":595,\"commentCount\":0,\"publisher\":{\"@id\":\"https:\/\/lepetitseptieme.ca\/en\/#organization\"},\"image\":{\"@id\":\"https:\/\/lepetitseptieme.ca\/en\/2023\/07\/04\/amachan-a-success-that-launched-nons-career-rena-nounen\/#primaryimage\"},\"thumbnailUrl\":\"https:\/\/lepetitseptieme.ca\/wp-content\/uploads\/2023\/07\/Amachan-Une.jpg\",\"keywords\":[\"Amachan\",\"Hold me back\",\"NHK\",\"Non\",\"Ribbon\",\"The Fish Tale\",\"\u306e\u3093\"],\"articleSection\":[\"Oldies\",\"Series in streaming\"],\"inLanguage\":\"en-US\",\"potentialAction\":[{\"@type\":\"CommentAction\",\"name\":\"Comment\",\"target\":[\"https:\/\/lepetitseptieme.ca\/en\/2023\/07\/04\/amachan-a-success-that-launched-nons-career-rena-nounen\/#respond\"]}]},{\"@type\":\"WebPage\",\"@id\":\"https:\/\/lepetitseptieme.ca\/en\/2023\/07\/04\/amachan-a-success-that-launched-nons-career-rena-nounen\/\",\"url\":\"https:\/\/lepetitseptieme.ca\/en\/2023\/07\/04\/amachan-a-success-that-launched-nons-career-rena-nounen\/\",\"name\":\"Amachan \u2013 A success that launched Non's career (Rena Nounen) - Le petit septi\u00e8me\",\"isPartOf\":{\"@id\":\"https:\/\/lepetitseptieme.ca\/en\/#website\"},\"primaryImageOfPage\":{\"@id\":\"https:\/\/lepetitseptieme.ca\/en\/2023\/07\/04\/amachan-a-success-that-launched-nons-career-rena-nounen\/#primaryimage\"},\"image\":{\"@id\":\"https:\/\/lepetitseptieme.ca\/en\/2023\/07\/04\/amachan-a-success-that-launched-nons-career-rena-nounen\/#primaryimage\"},\"thumbnailUrl\":\"https:\/\/lepetitseptieme.ca\/wp-content\/uploads\/2023\/07\/Amachan-Une.jpg\",\"datePublished\":\"2023-07-04T11:00:00+00:00\",\"dateModified\":\"2023-07-04T11:58:46+00:00\",\"description\":\"With Amachan (\u3042\u307e\u3061\u3083\u3093), NHK offered a morning series that was ultimately a great success. It was also the debut of Non (\u306e\u3093), an artist Fran\u00e7ois is particularly fond of.\",\"breadcrumb\":{\"@id\":\"https:\/\/lepetitseptieme.ca\/en\/2023\/07\/04\/amachan-a-success-that-launched-nons-career-rena-nounen\/#breadcrumb\"},\"inLanguage\":\"en-US\",\"potentialAction\":[{\"@type\":\"ReadAction\",\"target\":[\"https:\/\/lepetitseptieme.ca\/en\/2023\/07\/04\/amachan-a-success-that-launched-nons-career-rena-nounen\/\"]}]},{\"@type\":\"ImageObject\",\"inLanguage\":\"en-US\",\"@id\":\"https:\/\/lepetitseptieme.ca\/en\/2023\/07\/04\/amachan-a-success-that-launched-nons-career-rena-nounen\/#primaryimage\",\"url\":\"https:\/\/lepetitseptieme.ca\/wp-content\/uploads\/2023\/07\/Amachan-Une.jpg\",\"contentUrl\":\"https:\/\/lepetitseptieme.ca\/wp-content\/uploads\/2023\/07\/Amachan-Une.jpg\",\"width\":1920,\"height\":1080,\"caption\":\"Amachan - Une\"},{\"@type\":\"BreadcrumbList\",\"@id\":\"https:\/\/lepetitseptieme.ca\/en\/2023\/07\/04\/amachan-a-success-that-launched-nons-career-rena-nounen\/#breadcrumb\",\"itemListElement\":[{\"@type\":\"ListItem\",\"position\":1,\"name\":\"Home\",\"item\":\"https:\/\/lepetitseptieme.ca\/en\/\"},{\"@type\":\"ListItem\",\"position\":2,\"name\":\"Amachan \u2013 A success that launched Non&#8217;s career (Rena Nounen)\"}]},{\"@type\":\"WebSite\",\"@id\":\"https:\/\/lepetitseptieme.ca\/en\/#website\",\"url\":\"https:\/\/lepetitseptieme.ca\/en\/\",\"name\":\"Le petit septi\u00e8me\",\"description\":\"Reviews and comments on Quebec, international and author cinema\",\"publisher\":{\"@id\":\"https:\/\/lepetitseptieme.ca\/en\/#organization\"},\"potentialAction\":[{\"@type\":\"SearchAction\",\"target\":{\"@type\":\"EntryPoint\",\"urlTemplate\":\"https:\/\/lepetitseptieme.ca\/en\/?s={search_term_string}\"},\"query-input\":{\"@type\":\"PropertyValueSpecification\",\"valueRequired\":true,\"valueName\":\"search_term_string\"}}],\"inLanguage\":\"en-US\"},{\"@type\":\"Organization\",\"@id\":\"https:\/\/lepetitseptieme.ca\/en\/#organization\",\"name\":\"Le Petit Septi\u00e8me\",\"url\":\"https:\/\/lepetitseptieme.ca\/en\/\",\"logo\":{\"@type\":\"ImageObject\",\"inLanguage\":\"en-US\",\"@id\":\"https:\/\/lepetitseptieme.ca\/en\/#\/schema\/logo\/image\/\",\"url\":\"https:\/\/lepetitseptieme.ca\/wp-content\/uploads\/2016\/05\/cropped-Logo-Le-Petit-Septi\u00e8me-2016-BW.png\",\"contentUrl\":\"https:\/\/lepetitseptieme.ca\/wp-content\/uploads\/2016\/05\/cropped-Logo-Le-Petit-Septi\u00e8me-2016-BW.png\",\"width\":512,\"height\":512,\"caption\":\"Le Petit Septi\u00e8me\"},\"image\":{\"@id\":\"https:\/\/lepetitseptieme.ca\/en\/#\/schema\/logo\/image\/\"},\"sameAs\":[\"https:\/\/www.facebook.com\/pages\/Le-Petit-Septi\u00e8me\/494448933948121?ref=hl\",\"https:\/\/x.com\/LePetitSeptieme\",\"https:\/\/www.youtube.com\/channel\/UC5mdhI_jJvDN1I9fkk5RcIw\"]},{\"@type\":\"Person\",\"@id\":\"https:\/\/lepetitseptieme.ca\/en\/#\/schema\/person\/12a0b9476b07b0f9a7cc8a82db87e8af\",\"name\":\"Francois Grondin\",\"image\":{\"@type\":\"ImageObject\",\"inLanguage\":\"en-US\",\"@id\":\"https:\/\/lepetitseptieme.ca\/en\/#\/schema\/person\/image\/\",\"url\":\"https:\/\/secure.gravatar.com\/avatar\/cbc7d427b20502f8a471e632a3ac28d3200b0a6f80a7e6d8056f088f651d3888?s=96&d=mm&r=r\",\"contentUrl\":\"https:\/\/secure.gravatar.com\/avatar\/cbc7d427b20502f8a471e632a3ac28d3200b0a6f80a7e6d8056f088f651d3888?s=96&d=mm&r=r\",\"caption\":\"Francois Grondin\"},\"description\":\"Sp\u00e9cialiste en cin\u00e9ma international et en communication num\u00e9rique, cin\u00e9aste, photographe et passionn\u00e9 de cin\u00e9ma italien et japonais. Membre du jury pour le festival FICMAN et le SIFA Festival 2022 et, bien s\u00fbr, fier papa de 2!\",\"sameAs\":[\"https:\/\/lepetitseptieme.ca\",\"https:\/\/www.facebook.com\/FGrondinArt\/\",\"https:\/\/www.linkedin.com\/in\/francois-grondin-05895816\/\",\"https:\/\/x.com\/fgrondin1221\"],\"url\":\"https:\/\/lepetitseptieme.ca\/en\/author\/francois\/\"}]}<\/script>\n<!-- \/ Yoast SEO plugin. -->","yoast_head_json":{"title":"Amachan \u2013 A success that launched Non's career (Rena Nounen) - Le petit septi\u00e8me","description":"With Amachan (\u3042\u307e\u3061\u3083\u3093), NHK offered a morning series that was ultimately a great success. It was also the debut of Non (\u306e\u3093), an artist Fran\u00e7ois is particularly fond of.","robots":{"index":"index","follow":"follow","max-snippet":"max-snippet:-1","max-image-preview":"max-image-preview:large","max-video-preview":"max-video-preview:-1"},"canonical":"https:\/\/lepetitseptieme.ca\/en\/2023\/07\/04\/amachan-a-success-that-launched-nons-career-rena-nounen\/","og_locale":"en_US","og_type":"article","og_title":"Amachan \u2013 A success that launched Non's career (Rena Nounen)","og_description":"With Amachan (\u3042\u307e\u3061\u3083\u3093), NHK offered a morning series that was ultimately a great success. It was also the debut of Non (\u306e\u3093), an artist Fran\u00e7ois is particularly fond of.","og_url":"https:\/\/lepetitseptieme.ca\/en\/2023\/07\/04\/amachan-a-success-that-launched-nons-career-rena-nounen\/","og_site_name":"Le petit septi\u00e8me","article_publisher":"https:\/\/www.facebook.com\/pages\/Le-Petit-Septi%c3%a8me\/494448933948121?ref=hl","article_author":"https:\/\/www.facebook.com\/FGrondinArt\/","article_published_time":"2023-07-04T11:00:00+00:00","article_modified_time":"2023-07-04T11:58:46+00:00","og_image":[{"width":1920,"height":1080,"url":"https:\/\/lepetitseptieme.ca\/wp-content\/uploads\/2023\/07\/Amachan-Une.jpg","type":"image\/jpeg"}],"author":"Francois Grondin","twitter_card":"summary_large_image","twitter_title":"Amachan \u2013 A success that launched Non's career (Rena Nounen)","twitter_description":"With Amachan (\u3042\u307e\u3061\u3083\u3093), NHK offered a morning series that was ultimately a great success. It was also the debut of Non (\u306e\u3093), an artist Fran\u00e7ois is particularly fond of.","twitter_image":"https:\/\/lepetitseptieme.ca\/wp-content\/uploads\/2023\/07\/Amachan-Une.jpg","twitter_creator":"@fgrondin1221","twitter_site":"@LePetitSeptieme","twitter_misc":{"Written by":"Francois Grondin","Est. reading time":"4 minutes"},"schema":{"@context":"https:\/\/schema.org","@graph":[{"@type":"Article","@id":"https:\/\/lepetitseptieme.ca\/en\/2023\/07\/04\/amachan-a-success-that-launched-nons-career-rena-nounen\/#article","isPartOf":{"@id":"https:\/\/lepetitseptieme.ca\/en\/2023\/07\/04\/amachan-a-success-that-launched-nons-career-rena-nounen\/"},"author":{"name":"Francois Grondin","@id":"https:\/\/lepetitseptieme.ca\/en\/#\/schema\/person\/12a0b9476b07b0f9a7cc8a82db87e8af"},"headline":"Amachan \u2013 A success that launched Non&#8217;s career (Rena Nounen)","datePublished":"2023-07-04T11:00:00+00:00","dateModified":"2023-07-04T11:58:46+00:00","mainEntityOfPage":{"@id":"https:\/\/lepetitseptieme.ca\/en\/2023\/07\/04\/amachan-a-success-that-launched-nons-career-rena-nounen\/"},"wordCount":595,"commentCount":0,"publisher":{"@id":"https:\/\/lepetitseptieme.ca\/en\/#organization"},"image":{"@id":"https:\/\/lepetitseptieme.ca\/en\/2023\/07\/04\/amachan-a-success-that-launched-nons-career-rena-nounen\/#primaryimage"},"thumbnailUrl":"https:\/\/lepetitseptieme.ca\/wp-content\/uploads\/2023\/07\/Amachan-Une.jpg","keywords":["Amachan","Hold me back","NHK","Non","Ribbon","The Fish Tale","\u306e\u3093"],"articleSection":["Oldies","Series in streaming"],"inLanguage":"en-US","potentialAction":[{"@type":"CommentAction","name":"Comment","target":["https:\/\/lepetitseptieme.ca\/en\/2023\/07\/04\/amachan-a-success-that-launched-nons-career-rena-nounen\/#respond"]}]},{"@type":"WebPage","@id":"https:\/\/lepetitseptieme.ca\/en\/2023\/07\/04\/amachan-a-success-that-launched-nons-career-rena-nounen\/","url":"https:\/\/lepetitseptieme.ca\/en\/2023\/07\/04\/amachan-a-success-that-launched-nons-career-rena-nounen\/","name":"Amachan \u2013 A success that launched Non's career (Rena Nounen) - Le petit septi\u00e8me","isPartOf":{"@id":"https:\/\/lepetitseptieme.ca\/en\/#website"},"primaryImageOfPage":{"@id":"https:\/\/lepetitseptieme.ca\/en\/2023\/07\/04\/amachan-a-success-that-launched-nons-career-rena-nounen\/#primaryimage"},"image":{"@id":"https:\/\/lepetitseptieme.ca\/en\/2023\/07\/04\/amachan-a-success-that-launched-nons-career-rena-nounen\/#primaryimage"},"thumbnailUrl":"https:\/\/lepetitseptieme.ca\/wp-content\/uploads\/2023\/07\/Amachan-Une.jpg","datePublished":"2023-07-04T11:00:00+00:00","dateModified":"2023-07-04T11:58:46+00:00","description":"With Amachan (\u3042\u307e\u3061\u3083\u3093), NHK offered a morning series that was ultimately a great success. It was also the debut of Non (\u306e\u3093), an artist Fran\u00e7ois is particularly fond of.","breadcrumb":{"@id":"https:\/\/lepetitseptieme.ca\/en\/2023\/07\/04\/amachan-a-success-that-launched-nons-career-rena-nounen\/#breadcrumb"},"inLanguage":"en-US","potentialAction":[{"@type":"ReadAction","target":["https:\/\/lepetitseptieme.ca\/en\/2023\/07\/04\/amachan-a-success-that-launched-nons-career-rena-nounen\/"]}]},{"@type":"ImageObject","inLanguage":"en-US","@id":"https:\/\/lepetitseptieme.ca\/en\/2023\/07\/04\/amachan-a-success-that-launched-nons-career-rena-nounen\/#primaryimage","url":"https:\/\/lepetitseptieme.ca\/wp-content\/uploads\/2023\/07\/Amachan-Une.jpg","contentUrl":"https:\/\/lepetitseptieme.ca\/wp-content\/uploads\/2023\/07\/Amachan-Une.jpg","width":1920,"height":1080,"caption":"Amachan - Une"},{"@type":"BreadcrumbList","@id":"https:\/\/lepetitseptieme.ca\/en\/2023\/07\/04\/amachan-a-success-that-launched-nons-career-rena-nounen\/#breadcrumb","itemListElement":[{"@type":"ListItem","position":1,"name":"Home","item":"https:\/\/lepetitseptieme.ca\/en\/"},{"@type":"ListItem","position":2,"name":"Amachan \u2013 A success that launched Non&#8217;s career (Rena Nounen)"}]},{"@type":"WebSite","@id":"https:\/\/lepetitseptieme.ca\/en\/#website","url":"https:\/\/lepetitseptieme.ca\/en\/","name":"Le petit septi\u00e8me","description":"Reviews and comments on Quebec, international and author cinema","publisher":{"@id":"https:\/\/lepetitseptieme.ca\/en\/#organization"},"potentialAction":[{"@type":"SearchAction","target":{"@type":"EntryPoint","urlTemplate":"https:\/\/lepetitseptieme.ca\/en\/?s={search_term_string}"},"query-input":{"@type":"PropertyValueSpecification","valueRequired":true,"valueName":"search_term_string"}}],"inLanguage":"en-US"},{"@type":"Organization","@id":"https:\/\/lepetitseptieme.ca\/en\/#organization","name":"Le Petit Septi\u00e8me","url":"https:\/\/lepetitseptieme.ca\/en\/","logo":{"@type":"ImageObject","inLanguage":"en-US","@id":"https:\/\/lepetitseptieme.ca\/en\/#\/schema\/logo\/image\/","url":"https:\/\/lepetitseptieme.ca\/wp-content\/uploads\/2016\/05\/cropped-Logo-Le-Petit-Septi\u00e8me-2016-BW.png","contentUrl":"https:\/\/lepetitseptieme.ca\/wp-content\/uploads\/2016\/05\/cropped-Logo-Le-Petit-Septi\u00e8me-2016-BW.png","width":512,"height":512,"caption":"Le Petit Septi\u00e8me"},"image":{"@id":"https:\/\/lepetitseptieme.ca\/en\/#\/schema\/logo\/image\/"},"sameAs":["https:\/\/www.facebook.com\/pages\/Le-Petit-Septi\u00e8me\/494448933948121?ref=hl","https:\/\/x.com\/LePetitSeptieme","https:\/\/www.youtube.com\/channel\/UC5mdhI_jJvDN1I9fkk5RcIw"]},{"@type":"Person","@id":"https:\/\/lepetitseptieme.ca\/en\/#\/schema\/person\/12a0b9476b07b0f9a7cc8a82db87e8af","name":"Francois Grondin","image":{"@type":"ImageObject","inLanguage":"en-US","@id":"https:\/\/lepetitseptieme.ca\/en\/#\/schema\/person\/image\/","url":"https:\/\/secure.gravatar.com\/avatar\/cbc7d427b20502f8a471e632a3ac28d3200b0a6f80a7e6d8056f088f651d3888?s=96&d=mm&r=r","contentUrl":"https:\/\/secure.gravatar.com\/avatar\/cbc7d427b20502f8a471e632a3ac28d3200b0a6f80a7e6d8056f088f651d3888?s=96&d=mm&r=r","caption":"Francois Grondin"},"description":"Sp\u00e9cialiste en cin\u00e9ma international et en communication num\u00e9rique, cin\u00e9aste, photographe et passionn\u00e9 de cin\u00e9ma italien et japonais. Membre du jury pour le festival FICMAN et le SIFA Festival 2022 et, bien s\u00fbr, fier papa de 2!","sameAs":["https:\/\/lepetitseptieme.ca","https:\/\/www.facebook.com\/FGrondinArt\/","https:\/\/www.linkedin.com\/in\/francois-grondin-05895816\/","https:\/\/x.com\/fgrondin1221"],"url":"https:\/\/lepetitseptieme.ca\/en\/author\/francois\/"}]}},"_links":{"self":[{"href":"https:\/\/lepetitseptieme.ca\/en\/wp-json\/wp\/v2\/posts\/37219","targetHints":{"allow":["GET"]}}],"collection":[{"href":"https:\/\/lepetitseptieme.ca\/en\/wp-json\/wp\/v2\/posts"}],"about":[{"href":"https:\/\/lepetitseptieme.ca\/en\/wp-json\/wp\/v2\/types\/post"}],"author":[{"embeddable":true,"href":"https:\/\/lepetitseptieme.ca\/en\/wp-json\/wp\/v2\/users\/2"}],"replies":[{"embeddable":true,"href":"https:\/\/lepetitseptieme.ca\/en\/wp-json\/wp\/v2\/comments?post=37219"}],"version-history":[{"count":4,"href":"https:\/\/lepetitseptieme.ca\/en\/wp-json\/wp\/v2\/posts\/37219\/revisions"}],"predecessor-version":[{"id":37231,"href":"https:\/\/lepetitseptieme.ca\/en\/wp-json\/wp\/v2\/posts\/37219\/revisions\/37231"}],"wp:featuredmedia":[{"embeddable":true,"href":"https:\/\/lepetitseptieme.ca\/en\/wp-json\/wp\/v2\/media\/37203"}],"wp:attachment":[{"href":"https:\/\/lepetitseptieme.ca\/en\/wp-json\/wp\/v2\/media?parent=37219"}],"wp:term":[{"taxonomy":"category","embeddable":true,"href":"https:\/\/lepetitseptieme.ca\/en\/wp-json\/wp\/v2\/categories?post=37219"},{"taxonomy":"post_tag","embeddable":true,"href":"https:\/\/lepetitseptieme.ca\/en\/wp-json\/wp\/v2\/tags?post=37219"}],"curies":[{"name":"wp","href":"https:\/\/api.w.org\/{rel}","templated":true}]}}