{"id":36173,"date":"2023-05-14T07:00:00","date_gmt":"2023-05-14T11:00:00","guid":{"rendered":"https:\/\/lepetitseptieme.ca\/?p=36173"},"modified":"2024-02-10T16:50:15","modified_gmt":"2024-02-10T21:50:15","slug":"acces-asie-asiate-en-court-program-1","status":"publish","type":"post","link":"https:\/\/lepetitseptieme.ca\/en\/2023\/05\/14\/acces-asie-asiate-en-court-program-1\/","title":{"rendered":"[Acc\u00e8s Asie] Asiate en court | Program 1"},"content":{"rendered":"\n<p>This article is not available in English. Why?<\/p>\n\n\n\n<p>Unfortunately, we do not have the necessary financial support to provide a good translation of each of our texts.<\/p>\n\n\n\n<p>Support us by purchasing one of <a href=\"https:\/\/lepetitseptieme.ca\/en\/store\/\">our products<\/a> or with <a href=\"https:\/\/lepetitseptieme.ca\/en\/produit\/donation\/\">a donation<\/a> so we can make it!<\/p>\n\n\n\n<figure class=\"wp-block-image aligncenter size-full\"><img loading=\"lazy\" decoding=\"async\" width=\"1920\" height=\"1288\" src=\"https:\/\/lepetitseptieme.ca\/wp-content\/uploads\/2023\/05\/Realisateur-programme-1-Asiate-en-court.jpg\" alt=\"\" class=\"wp-image-36160\" srcset=\"https:\/\/lepetitseptieme.ca\/wp-content\/uploads\/2023\/05\/Realisateur-programme-1-Asiate-en-court.jpg 1920w, https:\/\/lepetitseptieme.ca\/wp-content\/uploads\/2023\/05\/Realisateur-programme-1-Asiate-en-court-300x201.jpg 300w, https:\/\/lepetitseptieme.ca\/wp-content\/uploads\/2023\/05\/Realisateur-programme-1-Asiate-en-court-1024x687.jpg 1024w, https:\/\/lepetitseptieme.ca\/wp-content\/uploads\/2023\/05\/Realisateur-programme-1-Asiate-en-court-768x515.jpg 768w, https:\/\/lepetitseptieme.ca\/wp-content\/uploads\/2023\/05\/Realisateur-programme-1-Asiate-en-court-1536x1030.jpg 1536w, https:\/\/lepetitseptieme.ca\/wp-content\/uploads\/2023\/05\/Realisateur-programme-1-Asiate-en-court-600x403.jpg 600w\" sizes=\"auto, (max-width: 1920px) 100vw, 1920px\" \/><\/figure>\n","protected":false},"excerpt":{"rendered":"<p>This article is not available in English. Why? Unfortunately, we do not have the necessary financial support to provide a good translation of each of our texts. Support us by purchasing one of our products or with a donation so we can make it!<\/p>\n","protected":false},"author":2,"featured_media":36162,"comment_status":"open","ping_status":"open","sticky":false,"template":"","format":"standard","meta":{"_acf_changed":false,"site-sidebar-layout":"default","site-content-layout":"","ast-site-content-layout":"default","site-content-style":"default","site-sidebar-style":"default","ast-global-header-display":"","ast-banner-title-visibility":"","ast-main-header-display":"","ast-hfb-above-header-display":"","ast-hfb-below-header-display":"","ast-hfb-mobile-header-display":"","site-post-title":"","ast-breadcrumbs-content":"","ast-featured-img":"","footer-sml-layout":"","ast-disable-related-posts":"","theme-transparent-header-meta":"","adv-header-id-meta":"","stick-header-meta":"","header-above-stick-meta":"","header-main-stick-meta":"","header-below-stick-meta":"","astra-migrate-meta-layouts":"default","ast-page-background-enabled":"default","ast-page-background-meta":{"desktop":{"background-color":"var(--ast-global-color-4)","background-image":"","background-repeat":"repeat","background-position":"center center","background-size":"auto","background-attachment":"scroll","background-type":"","background-media":"","overlay-type":"","overlay-color":"","overlay-opacity":"","overlay-gradient":""},"tablet":{"background-color":"","background-image":"","background-repeat":"repeat","background-position":"center center","background-size":"auto","background-attachment":"scroll","background-type":"","background-media":"","overlay-type":"","overlay-color":"","overlay-opacity":"","overlay-gradient":""},"mobile":{"background-color":"","background-image":"","background-repeat":"repeat","background-position":"center center","background-size":"auto","background-attachment":"scroll","background-type":"","background-media":"","overlay-type":"","overlay-color":"","overlay-opacity":"","overlay-gradient":""}},"ast-content-background-meta":{"desktop":{"background-color":"var(--ast-global-color-5)","background-image":"","background-repeat":"repeat","background-position":"center center","background-size":"auto","background-attachment":"scroll","background-type":"","background-media":"","overlay-type":"","overlay-color":"","overlay-opacity":"","overlay-gradient":""},"tablet":{"background-color":"var(--ast-global-color-5)","background-image":"","background-repeat":"repeat","background-position":"center center","background-size":"auto","background-attachment":"scroll","background-type":"","background-media":"","overlay-type":"","overlay-color":"","overlay-opacity":"","overlay-gradient":""},"mobile":{"background-color":"var(--ast-global-color-5)","background-image":"","background-repeat":"repeat","background-position":"center center","background-size":"auto","background-attachment":"scroll","background-type":"","background-media":"","overlay-type":"","overlay-color":"","overlay-opacity":"","overlay-gradient":""}},"footnotes":""},"categories":[5498,5508,20833,5522,5378],"tags":[26067,25988,25989,26066,22094,26065,26062,26068,26063,26064],"class_list":["post-36173","post","type-post","status-publish","format-standard","has-post-thumbnail","hentry","category-asian-films","category-canadian-films","category-festivals-coverage","category-quebecers-films","category-short-films","tag-its-the-pits","tag-acces-asie","tag-acces-asie-2023","tag-infinite","tag-in-the-shadow-of-the-pines-2","tag-lave-tes-mains","tag-ma-buhay-musical-broadway-dream","tag-marginalizing-minorities","tag-papaya","tag-there"],"acf":[],"yoast_head":"<!-- This site is optimized with the Yoast SEO plugin v27.1.1 - https:\/\/yoast.com\/product\/yoast-seo-wordpress\/ -->\n<title>[Acc\u00e8s Asie] Asiate en court | Program 1 - Le petit septi\u00e8me<\/title>\n<meta name=\"description\" content=\"May 12 was the evening of the screening of short films. Fran\u00e7ois attended both programs, watched a lot of movies and talked to a lot of people. Here, he presents program 1 of Asiate en court.\" \/>\n<meta name=\"robots\" content=\"index, follow, max-snippet:-1, max-image-preview:large, max-video-preview:-1\" \/>\n<link rel=\"canonical\" href=\"https:\/\/lepetitseptieme.ca\/en\/2023\/05\/14\/acces-asie-asiate-en-court-program-1\/\" \/>\n<meta property=\"og:locale\" content=\"en_US\" \/>\n<meta property=\"og:type\" content=\"article\" \/>\n<meta property=\"og:title\" content=\"[Acc\u00e8s Asie] Asiate en court | Program 1 - Le petit septi\u00e8me\" \/>\n<meta property=\"og:description\" content=\"May 12 was the evening of the screening of short films. Fran\u00e7ois attended both programs, watched a lot of movies and talked to a lot of people. Here, he presents program 1 of Asiate en court.\" \/>\n<meta property=\"og:url\" content=\"https:\/\/lepetitseptieme.ca\/en\/2023\/05\/14\/acces-asie-asiate-en-court-program-1\/\" \/>\n<meta property=\"og:site_name\" content=\"Le petit septi\u00e8me\" \/>\n<meta property=\"article:publisher\" content=\"https:\/\/www.facebook.com\/pages\/Le-Petit-Septi%c3%a8me\/494448933948121?ref=hl\" \/>\n<meta property=\"article:author\" content=\"https:\/\/www.facebook.com\/FGrondinArt\/\" \/>\n<meta property=\"article:published_time\" content=\"2023-05-14T11:00:00+00:00\" \/>\n<meta property=\"article:modified_time\" content=\"2024-02-10T21:50:15+00:00\" \/>\n<meta property=\"og:image\" content=\"https:\/\/lepetitseptieme.ca\/wp-content\/uploads\/2023\/05\/Asiate-en-court-programme-1-Une-1024x576.jpg\" \/>\n<meta name=\"author\" content=\"Francois Grondin\" \/>\n<meta name=\"twitter:card\" content=\"summary_large_image\" \/>\n<meta name=\"twitter:image\" content=\"https:\/\/lepetitseptieme.ca\/wp-content\/uploads\/2023\/05\/Asiate-en-court-programme-1-Une-1024x576.jpg\" \/>\n<meta name=\"twitter:creator\" content=\"@fgrondin1221\" \/>\n<meta name=\"twitter:site\" content=\"@LePetitSeptieme\" \/>\n<meta name=\"twitter:label1\" content=\"Written by\" \/>\n\t<meta name=\"twitter:data1\" content=\"Francois Grondin\" \/>\n\t<meta name=\"twitter:label2\" content=\"Est. reading time\" \/>\n\t<meta name=\"twitter:data2\" content=\"1 minute\" \/>\n<script type=\"application\/ld+json\" class=\"yoast-schema-graph\">{\"@context\":\"https:\/\/schema.org\",\"@graph\":[{\"@type\":\"Article\",\"@id\":\"https:\/\/lepetitseptieme.ca\/en\/2023\/05\/14\/acces-asie-asiate-en-court-program-1\/#article\",\"isPartOf\":{\"@id\":\"https:\/\/lepetitseptieme.ca\/en\/2023\/05\/14\/acces-asie-asiate-en-court-program-1\/\"},\"author\":{\"name\":\"Francois Grondin\",\"@id\":\"https:\/\/lepetitseptieme.ca\/en\/#\/schema\/person\/12a0b9476b07b0f9a7cc8a82db87e8af\"},\"headline\":\"[Acc\u00e8s Asie] Asiate en court | Program 1\",\"datePublished\":\"2023-05-14T11:00:00+00:00\",\"dateModified\":\"2024-02-10T21:50:15+00:00\",\"mainEntityOfPage\":{\"@id\":\"https:\/\/lepetitseptieme.ca\/en\/2023\/05\/14\/acces-asie-asiate-en-court-program-1\/\"},\"wordCount\":51,\"commentCount\":0,\"publisher\":{\"@id\":\"https:\/\/lepetitseptieme.ca\/en\/#organization\"},\"image\":{\"@id\":\"https:\/\/lepetitseptieme.ca\/en\/2023\/05\/14\/acces-asie-asiate-en-court-program-1\/#primaryimage\"},\"thumbnailUrl\":\"https:\/\/lepetitseptieme.ca\/wp-content\/uploads\/2023\/05\/Asiate-en-court-programme-1-Une.jpg\",\"keywords\":[\"(It\u2019s) the pits\",\"Acc\u00e8s Asie\",\"Acc\u00e8s Asie 2023\",\"I(N)FINITE\",\"In the Shadow of the Pines\",\"Lave tes mains\",\"Ma \u2013 Buhay! Musical Broadway dream\",\"Marginalizing minorities\",\"Papaya\",\"There\"],\"articleSection\":[\"Asian movies\",\"Canadian movies\",\"Festivals coverage\",\"Quebecers movies\",\"Short films\"],\"inLanguage\":\"en-US\",\"potentialAction\":[{\"@type\":\"CommentAction\",\"name\":\"Comment\",\"target\":[\"https:\/\/lepetitseptieme.ca\/en\/2023\/05\/14\/acces-asie-asiate-en-court-program-1\/#respond\"]}]},{\"@type\":\"WebPage\",\"@id\":\"https:\/\/lepetitseptieme.ca\/en\/2023\/05\/14\/acces-asie-asiate-en-court-program-1\/\",\"url\":\"https:\/\/lepetitseptieme.ca\/en\/2023\/05\/14\/acces-asie-asiate-en-court-program-1\/\",\"name\":\"[Acc\u00e8s Asie] Asiate en court | Program 1 - Le petit septi\u00e8me\",\"isPartOf\":{\"@id\":\"https:\/\/lepetitseptieme.ca\/en\/#website\"},\"primaryImageOfPage\":{\"@id\":\"https:\/\/lepetitseptieme.ca\/en\/2023\/05\/14\/acces-asie-asiate-en-court-program-1\/#primaryimage\"},\"image\":{\"@id\":\"https:\/\/lepetitseptieme.ca\/en\/2023\/05\/14\/acces-asie-asiate-en-court-program-1\/#primaryimage\"},\"thumbnailUrl\":\"https:\/\/lepetitseptieme.ca\/wp-content\/uploads\/2023\/05\/Asiate-en-court-programme-1-Une.jpg\",\"datePublished\":\"2023-05-14T11:00:00+00:00\",\"dateModified\":\"2024-02-10T21:50:15+00:00\",\"description\":\"May 12 was the evening of the screening of short films. Fran\u00e7ois attended both programs, watched a lot of movies and talked to a lot of people. Here, he presents program 1 of Asiate en court.\",\"breadcrumb\":{\"@id\":\"https:\/\/lepetitseptieme.ca\/en\/2023\/05\/14\/acces-asie-asiate-en-court-program-1\/#breadcrumb\"},\"inLanguage\":\"en-US\",\"potentialAction\":[{\"@type\":\"ReadAction\",\"target\":[\"https:\/\/lepetitseptieme.ca\/en\/2023\/05\/14\/acces-asie-asiate-en-court-program-1\/\"]}]},{\"@type\":\"ImageObject\",\"inLanguage\":\"en-US\",\"@id\":\"https:\/\/lepetitseptieme.ca\/en\/2023\/05\/14\/acces-asie-asiate-en-court-program-1\/#primaryimage\",\"url\":\"https:\/\/lepetitseptieme.ca\/wp-content\/uploads\/2023\/05\/Asiate-en-court-programme-1-Une.jpg\",\"contentUrl\":\"https:\/\/lepetitseptieme.ca\/wp-content\/uploads\/2023\/05\/Asiate-en-court-programme-1-Une.jpg\",\"width\":1920,\"height\":1080,\"caption\":\"Asiate en court programme 1 - Une\"},{\"@type\":\"BreadcrumbList\",\"@id\":\"https:\/\/lepetitseptieme.ca\/en\/2023\/05\/14\/acces-asie-asiate-en-court-program-1\/#breadcrumb\",\"itemListElement\":[{\"@type\":\"ListItem\",\"position\":1,\"name\":\"Home\",\"item\":\"https:\/\/lepetitseptieme.ca\/en\/\"},{\"@type\":\"ListItem\",\"position\":2,\"name\":\"[Acc\u00e8s Asie] Asiate en court | Program 1\"}]},{\"@type\":\"WebSite\",\"@id\":\"https:\/\/lepetitseptieme.ca\/en\/#website\",\"url\":\"https:\/\/lepetitseptieme.ca\/en\/\",\"name\":\"Le petit septi\u00e8me\",\"description\":\"Reviews and comments on Quebec, international and author cinema\",\"publisher\":{\"@id\":\"https:\/\/lepetitseptieme.ca\/en\/#organization\"},\"potentialAction\":[{\"@type\":\"SearchAction\",\"target\":{\"@type\":\"EntryPoint\",\"urlTemplate\":\"https:\/\/lepetitseptieme.ca\/en\/?s={search_term_string}\"},\"query-input\":{\"@type\":\"PropertyValueSpecification\",\"valueRequired\":true,\"valueName\":\"search_term_string\"}}],\"inLanguage\":\"en-US\"},{\"@type\":\"Organization\",\"@id\":\"https:\/\/lepetitseptieme.ca\/en\/#organization\",\"name\":\"Le Petit Septi\u00e8me\",\"url\":\"https:\/\/lepetitseptieme.ca\/en\/\",\"logo\":{\"@type\":\"ImageObject\",\"inLanguage\":\"en-US\",\"@id\":\"https:\/\/lepetitseptieme.ca\/en\/#\/schema\/logo\/image\/\",\"url\":\"https:\/\/lepetitseptieme.ca\/wp-content\/uploads\/2016\/05\/cropped-Logo-Le-Petit-Septi\u00e8me-2016-BW.png\",\"contentUrl\":\"https:\/\/lepetitseptieme.ca\/wp-content\/uploads\/2016\/05\/cropped-Logo-Le-Petit-Septi\u00e8me-2016-BW.png\",\"width\":512,\"height\":512,\"caption\":\"Le Petit Septi\u00e8me\"},\"image\":{\"@id\":\"https:\/\/lepetitseptieme.ca\/en\/#\/schema\/logo\/image\/\"},\"sameAs\":[\"https:\/\/www.facebook.com\/pages\/Le-Petit-Septi\u00e8me\/494448933948121?ref=hl\",\"https:\/\/x.com\/LePetitSeptieme\",\"https:\/\/www.youtube.com\/channel\/UC5mdhI_jJvDN1I9fkk5RcIw\"]},{\"@type\":\"Person\",\"@id\":\"https:\/\/lepetitseptieme.ca\/en\/#\/schema\/person\/12a0b9476b07b0f9a7cc8a82db87e8af\",\"name\":\"Francois Grondin\",\"image\":{\"@type\":\"ImageObject\",\"inLanguage\":\"en-US\",\"@id\":\"https:\/\/lepetitseptieme.ca\/en\/#\/schema\/person\/image\/\",\"url\":\"https:\/\/secure.gravatar.com\/avatar\/cbc7d427b20502f8a471e632a3ac28d3200b0a6f80a7e6d8056f088f651d3888?s=96&d=mm&r=r\",\"contentUrl\":\"https:\/\/secure.gravatar.com\/avatar\/cbc7d427b20502f8a471e632a3ac28d3200b0a6f80a7e6d8056f088f651d3888?s=96&d=mm&r=r\",\"caption\":\"Francois Grondin\"},\"description\":\"Sp\u00e9cialiste en cin\u00e9ma international et en communication num\u00e9rique, cin\u00e9aste, photographe et passionn\u00e9 de cin\u00e9ma italien et japonais. Membre du jury pour le festival FICMAN et le SIFA Festival 2022 et, bien s\u00fbr, fier papa de 2!\",\"sameAs\":[\"https:\/\/lepetitseptieme.ca\",\"https:\/\/www.facebook.com\/FGrondinArt\/\",\"https:\/\/www.linkedin.com\/in\/francois-grondin-05895816\/\",\"https:\/\/x.com\/fgrondin1221\"],\"url\":\"https:\/\/lepetitseptieme.ca\/en\/author\/francois\/\"}]}<\/script>\n<!-- \/ Yoast SEO plugin. -->","yoast_head_json":{"title":"[Acc\u00e8s Asie] Asiate en court | Program 1 - Le petit septi\u00e8me","description":"May 12 was the evening of the screening of short films. Fran\u00e7ois attended both programs, watched a lot of movies and talked to a lot of people. Here, he presents program 1 of Asiate en court.","robots":{"index":"index","follow":"follow","max-snippet":"max-snippet:-1","max-image-preview":"max-image-preview:large","max-video-preview":"max-video-preview:-1"},"canonical":"https:\/\/lepetitseptieme.ca\/en\/2023\/05\/14\/acces-asie-asiate-en-court-program-1\/","og_locale":"en_US","og_type":"article","og_title":"[Acc\u00e8s Asie] Asiate en court | Program 1 - Le petit septi\u00e8me","og_description":"May 12 was the evening of the screening of short films. Fran\u00e7ois attended both programs, watched a lot of movies and talked to a lot of people. Here, he presents program 1 of Asiate en court.","og_url":"https:\/\/lepetitseptieme.ca\/en\/2023\/05\/14\/acces-asie-asiate-en-court-program-1\/","og_site_name":"Le petit septi\u00e8me","article_publisher":"https:\/\/www.facebook.com\/pages\/Le-Petit-Septi%c3%a8me\/494448933948121?ref=hl","article_author":"https:\/\/www.facebook.com\/FGrondinArt\/","article_published_time":"2023-05-14T11:00:00+00:00","article_modified_time":"2024-02-10T21:50:15+00:00","og_image":[{"url":"https:\/\/lepetitseptieme.ca\/wp-content\/uploads\/2023\/05\/Asiate-en-court-programme-1-Une-1024x576.jpg","type":"","width":"","height":""}],"author":"Francois Grondin","twitter_card":"summary_large_image","twitter_image":"https:\/\/lepetitseptieme.ca\/wp-content\/uploads\/2023\/05\/Asiate-en-court-programme-1-Une-1024x576.jpg","twitter_creator":"@fgrondin1221","twitter_site":"@LePetitSeptieme","twitter_misc":{"Written by":"Francois Grondin","Est. reading time":"1 minute"},"schema":{"@context":"https:\/\/schema.org","@graph":[{"@type":"Article","@id":"https:\/\/lepetitseptieme.ca\/en\/2023\/05\/14\/acces-asie-asiate-en-court-program-1\/#article","isPartOf":{"@id":"https:\/\/lepetitseptieme.ca\/en\/2023\/05\/14\/acces-asie-asiate-en-court-program-1\/"},"author":{"name":"Francois Grondin","@id":"https:\/\/lepetitseptieme.ca\/en\/#\/schema\/person\/12a0b9476b07b0f9a7cc8a82db87e8af"},"headline":"[Acc\u00e8s Asie] Asiate en court | Program 1","datePublished":"2023-05-14T11:00:00+00:00","dateModified":"2024-02-10T21:50:15+00:00","mainEntityOfPage":{"@id":"https:\/\/lepetitseptieme.ca\/en\/2023\/05\/14\/acces-asie-asiate-en-court-program-1\/"},"wordCount":51,"commentCount":0,"publisher":{"@id":"https:\/\/lepetitseptieme.ca\/en\/#organization"},"image":{"@id":"https:\/\/lepetitseptieme.ca\/en\/2023\/05\/14\/acces-asie-asiate-en-court-program-1\/#primaryimage"},"thumbnailUrl":"https:\/\/lepetitseptieme.ca\/wp-content\/uploads\/2023\/05\/Asiate-en-court-programme-1-Une.jpg","keywords":["(It\u2019s) the pits","Acc\u00e8s Asie","Acc\u00e8s Asie 2023","I(N)FINITE","In the Shadow of the Pines","Lave tes mains","Ma \u2013 Buhay! Musical Broadway dream","Marginalizing minorities","Papaya","There"],"articleSection":["Asian movies","Canadian movies","Festivals coverage","Quebecers movies","Short films"],"inLanguage":"en-US","potentialAction":[{"@type":"CommentAction","name":"Comment","target":["https:\/\/lepetitseptieme.ca\/en\/2023\/05\/14\/acces-asie-asiate-en-court-program-1\/#respond"]}]},{"@type":"WebPage","@id":"https:\/\/lepetitseptieme.ca\/en\/2023\/05\/14\/acces-asie-asiate-en-court-program-1\/","url":"https:\/\/lepetitseptieme.ca\/en\/2023\/05\/14\/acces-asie-asiate-en-court-program-1\/","name":"[Acc\u00e8s Asie] Asiate en court | Program 1 - Le petit septi\u00e8me","isPartOf":{"@id":"https:\/\/lepetitseptieme.ca\/en\/#website"},"primaryImageOfPage":{"@id":"https:\/\/lepetitseptieme.ca\/en\/2023\/05\/14\/acces-asie-asiate-en-court-program-1\/#primaryimage"},"image":{"@id":"https:\/\/lepetitseptieme.ca\/en\/2023\/05\/14\/acces-asie-asiate-en-court-program-1\/#primaryimage"},"thumbnailUrl":"https:\/\/lepetitseptieme.ca\/wp-content\/uploads\/2023\/05\/Asiate-en-court-programme-1-Une.jpg","datePublished":"2023-05-14T11:00:00+00:00","dateModified":"2024-02-10T21:50:15+00:00","description":"May 12 was the evening of the screening of short films. Fran\u00e7ois attended both programs, watched a lot of movies and talked to a lot of people. Here, he presents program 1 of Asiate en court.","breadcrumb":{"@id":"https:\/\/lepetitseptieme.ca\/en\/2023\/05\/14\/acces-asie-asiate-en-court-program-1\/#breadcrumb"},"inLanguage":"en-US","potentialAction":[{"@type":"ReadAction","target":["https:\/\/lepetitseptieme.ca\/en\/2023\/05\/14\/acces-asie-asiate-en-court-program-1\/"]}]},{"@type":"ImageObject","inLanguage":"en-US","@id":"https:\/\/lepetitseptieme.ca\/en\/2023\/05\/14\/acces-asie-asiate-en-court-program-1\/#primaryimage","url":"https:\/\/lepetitseptieme.ca\/wp-content\/uploads\/2023\/05\/Asiate-en-court-programme-1-Une.jpg","contentUrl":"https:\/\/lepetitseptieme.ca\/wp-content\/uploads\/2023\/05\/Asiate-en-court-programme-1-Une.jpg","width":1920,"height":1080,"caption":"Asiate en court programme 1 - Une"},{"@type":"BreadcrumbList","@id":"https:\/\/lepetitseptieme.ca\/en\/2023\/05\/14\/acces-asie-asiate-en-court-program-1\/#breadcrumb","itemListElement":[{"@type":"ListItem","position":1,"name":"Home","item":"https:\/\/lepetitseptieme.ca\/en\/"},{"@type":"ListItem","position":2,"name":"[Acc\u00e8s Asie] Asiate en court | Program 1"}]},{"@type":"WebSite","@id":"https:\/\/lepetitseptieme.ca\/en\/#website","url":"https:\/\/lepetitseptieme.ca\/en\/","name":"Le petit septi\u00e8me","description":"Reviews and comments on Quebec, international and author cinema","publisher":{"@id":"https:\/\/lepetitseptieme.ca\/en\/#organization"},"potentialAction":[{"@type":"SearchAction","target":{"@type":"EntryPoint","urlTemplate":"https:\/\/lepetitseptieme.ca\/en\/?s={search_term_string}"},"query-input":{"@type":"PropertyValueSpecification","valueRequired":true,"valueName":"search_term_string"}}],"inLanguage":"en-US"},{"@type":"Organization","@id":"https:\/\/lepetitseptieme.ca\/en\/#organization","name":"Le Petit Septi\u00e8me","url":"https:\/\/lepetitseptieme.ca\/en\/","logo":{"@type":"ImageObject","inLanguage":"en-US","@id":"https:\/\/lepetitseptieme.ca\/en\/#\/schema\/logo\/image\/","url":"https:\/\/lepetitseptieme.ca\/wp-content\/uploads\/2016\/05\/cropped-Logo-Le-Petit-Septi\u00e8me-2016-BW.png","contentUrl":"https:\/\/lepetitseptieme.ca\/wp-content\/uploads\/2016\/05\/cropped-Logo-Le-Petit-Septi\u00e8me-2016-BW.png","width":512,"height":512,"caption":"Le Petit Septi\u00e8me"},"image":{"@id":"https:\/\/lepetitseptieme.ca\/en\/#\/schema\/logo\/image\/"},"sameAs":["https:\/\/www.facebook.com\/pages\/Le-Petit-Septi\u00e8me\/494448933948121?ref=hl","https:\/\/x.com\/LePetitSeptieme","https:\/\/www.youtube.com\/channel\/UC5mdhI_jJvDN1I9fkk5RcIw"]},{"@type":"Person","@id":"https:\/\/lepetitseptieme.ca\/en\/#\/schema\/person\/12a0b9476b07b0f9a7cc8a82db87e8af","name":"Francois Grondin","image":{"@type":"ImageObject","inLanguage":"en-US","@id":"https:\/\/lepetitseptieme.ca\/en\/#\/schema\/person\/image\/","url":"https:\/\/secure.gravatar.com\/avatar\/cbc7d427b20502f8a471e632a3ac28d3200b0a6f80a7e6d8056f088f651d3888?s=96&d=mm&r=r","contentUrl":"https:\/\/secure.gravatar.com\/avatar\/cbc7d427b20502f8a471e632a3ac28d3200b0a6f80a7e6d8056f088f651d3888?s=96&d=mm&r=r","caption":"Francois Grondin"},"description":"Sp\u00e9cialiste en cin\u00e9ma international et en communication num\u00e9rique, cin\u00e9aste, photographe et passionn\u00e9 de cin\u00e9ma italien et japonais. Membre du jury pour le festival FICMAN et le SIFA Festival 2022 et, bien s\u00fbr, fier papa de 2!","sameAs":["https:\/\/lepetitseptieme.ca","https:\/\/www.facebook.com\/FGrondinArt\/","https:\/\/www.linkedin.com\/in\/francois-grondin-05895816\/","https:\/\/x.com\/fgrondin1221"],"url":"https:\/\/lepetitseptieme.ca\/en\/author\/francois\/"}]}},"_links":{"self":[{"href":"https:\/\/lepetitseptieme.ca\/en\/wp-json\/wp\/v2\/posts\/36173","targetHints":{"allow":["GET"]}}],"collection":[{"href":"https:\/\/lepetitseptieme.ca\/en\/wp-json\/wp\/v2\/posts"}],"about":[{"href":"https:\/\/lepetitseptieme.ca\/en\/wp-json\/wp\/v2\/types\/post"}],"author":[{"embeddable":true,"href":"https:\/\/lepetitseptieme.ca\/en\/wp-json\/wp\/v2\/users\/2"}],"replies":[{"embeddable":true,"href":"https:\/\/lepetitseptieme.ca\/en\/wp-json\/wp\/v2\/comments?post=36173"}],"version-history":[{"count":1,"href":"https:\/\/lepetitseptieme.ca\/en\/wp-json\/wp\/v2\/posts\/36173\/revisions"}],"predecessor-version":[{"id":36174,"href":"https:\/\/lepetitseptieme.ca\/en\/wp-json\/wp\/v2\/posts\/36173\/revisions\/36174"}],"wp:featuredmedia":[{"embeddable":true,"href":"https:\/\/lepetitseptieme.ca\/en\/wp-json\/wp\/v2\/media\/36162"}],"wp:attachment":[{"href":"https:\/\/lepetitseptieme.ca\/en\/wp-json\/wp\/v2\/media?parent=36173"}],"wp:term":[{"taxonomy":"category","embeddable":true,"href":"https:\/\/lepetitseptieme.ca\/en\/wp-json\/wp\/v2\/categories?post=36173"},{"taxonomy":"post_tag","embeddable":true,"href":"https:\/\/lepetitseptieme.ca\/en\/wp-json\/wp\/v2\/tags?post=36173"}],"curies":[{"name":"wp","href":"https:\/\/api.w.org\/{rel}","templated":true}]}}