{"id":35470,"date":"2023-04-16T07:00:00","date_gmt":"2023-04-16T11:00:00","guid":{"rendered":"https:\/\/lepetitseptieme.ca\/?p=35470"},"modified":"2023-04-13T18:42:56","modified_gmt":"2023-04-13T22:42:56","slug":"cannes-2023-official-selection","status":"publish","type":"post","link":"https:\/\/lepetitseptieme.ca\/en\/2023\/04\/16\/cannes-2023-official-selection\/","title":{"rendered":"Cannes 2023 | Official Selection"},"content":{"rendered":"\n<p>Cannes has announced its official selection for its 76th edition which will be held from May 16 to 27, 2023.<\/p>\n\n\n\n<p>There are always big names in Cannes. But this year, the list is particularly long. We look at this.<\/p>\n\n\n\n<h3 class=\"wp-block-heading\"><strong>Official competition<\/strong><\/h3>\n\n\n\n<p>For the opening night of the competition, it is Ma\u00efwenn\u2019s <em>Jeanne du Barry<\/em> who will be presented at the opening \u2013 and out of competition. The film stars Johnny Depp.<\/p>\n\n\n\n<figure class=\"wp-block-image aligncenter size-full\"><img loading=\"lazy\" decoding=\"async\" width=\"1920\" height=\"1280\" src=\"https:\/\/lepetitseptieme.ca\/wp-content\/uploads\/2023\/04\/Jeanne-du-Barry.jpg\" alt=\"Jeanne du Barry\" class=\"wp-image-35453\" srcset=\"https:\/\/lepetitseptieme.ca\/wp-content\/uploads\/2023\/04\/Jeanne-du-Barry.jpg 1920w, https:\/\/lepetitseptieme.ca\/wp-content\/uploads\/2023\/04\/Jeanne-du-Barry-300x200.jpg 300w, https:\/\/lepetitseptieme.ca\/wp-content\/uploads\/2023\/04\/Jeanne-du-Barry-1024x683.jpg 1024w, https:\/\/lepetitseptieme.ca\/wp-content\/uploads\/2023\/04\/Jeanne-du-Barry-768x512.jpg 768w, https:\/\/lepetitseptieme.ca\/wp-content\/uploads\/2023\/04\/Jeanne-du-Barry-1536x1024.jpg 1536w, https:\/\/lepetitseptieme.ca\/wp-content\/uploads\/2023\/04\/Jeanne-du-Barry-600x400.jpg 600w\" sizes=\"auto, (max-width: 1920px) 100vw, 1920px\" \/><figcaption class=\"wp-element-caption\"><em>Jeanne du Barry<\/em><\/figcaption><\/figure>\n\n\n\n<h4 class=\"wp-block-heading\"><strong>The films selected are:<\/strong><\/h4>\n\n\n\n<ul class=\"wp-block-list\">\n<li>Club Zero (Jessica Hausner)<\/li>\n\n\n\n<li>The Zone of Interest (Jonathan Glazer)<\/li>\n\n\n\n<li>Fallen Leaves (Aki Kaurismaki)<\/li>\n\n\n\n<li>Les filles d\u2019Olfa (Kaouther Ben Hania)<\/li>\n\n\n\n<li>Asteroid city (Wes Anderson)<\/li>\n\n\n\n<li>Anatomie d\u2019une chute (Justine Tiret)<\/li>\n\n\n\n<li>Monster (Hirokazu Kore-Eda)<\/li>\n\n\n\n<li>Il sol dell\u2019avvenire (Nanni Moretti)<\/li>\n\n\n\n<li>L\u2019\u00e9t\u00e9 dernier (Catherine Breillat)<\/li>\n\n\n\n<li>Kuru otlar ustune (Nuri Bilge Ceylan)<\/li>\n\n\n\n<li>La chimera (Alice Rohrwacher)<\/li>\n\n\n\n<li>La passion de Dodin Bouffant (H\u00f9ng Tran Anh)<\/li>\n\n\n\n<li>Rapito (Marco Bellocchio)<\/li>\n\n\n\n<li>May December (Todd Haynes)<\/li>\n\n\n\n<li>Jeunesse (Wang Bing)<\/li>\n\n\n\n<li>The old oak (Ken Loach)<\/li>\n\n\n\n<li>Banel e Adama (Ramata-Toulaye Sy)&nbsp;<\/li>\n\n\n\n<li>Perfect days (Wim Wenders)<\/li>\n\n\n\n<li>Firebrand (Karim A\u00efnouz)<\/li>\n<\/ul>\n\n\n\n<h3 class=\"wp-block-heading\"><strong>Un certain regard<\/strong><\/h3>\n\n\n\n<p>For the opening night, the movie <em>The Animal Kingdom<\/em>, by Thomas Cailley, will be presented. The film stars Romain Duris and Ad\u00e8le Exarchopoulos.<\/p>\n\n\n\n<h4 class=\"wp-block-heading\"><strong>In competition we find:<\/strong><\/h4>\n\n\n\n<ul class=\"wp-block-list\">\n<li>Los Delincuentes (Rodrigo Moreno)&nbsp;<\/li>\n\n\n\n<li>How to have sex (Molly Manning Walker)<\/li>\n\n\n\n<li>Goodbye Julia (Mohamed Kordofani)<\/li>\n\n\n\n<li>Kadib abyad (Asmae El Moudir)<\/li>\n\n\n\n<li>Simple comme Sylvain (Monia Chokri)<\/li>\n\n\n\n<li>Crowr\u00e3 (Jo\u00e3o Salaviza et Ren\u00e9e Nader Messora)<\/li>\n\n\n\n<li>Los colonos (Felipe G\u00e1lvez)<\/li>\n\n\n\n<li>Augure (Baloji Tshiani)<\/li>\n\n\n\n<li>The breaking ice (Anthony Chen)<\/li>\n\n\n\n<li>Rosalie (St\u00e9phanie Di Giusto)<\/li>\n\n\n\n<li>The new boy (Warwick Thornton)<\/li>\n\n\n\n<li>If only I could hibernate (Zoljargal Purevdash)<\/li>\n\n\n\n<li>Hopeless (Chang-hoon Kim)<\/li>\n\n\n\n<li>Terrestrial verses (Ali Asgari et Alizera Khatami)<\/li>\n\n\n\n<li>Rien \u00e0 perdre (Delphine Deloget)<\/li>\n\n\n\n<li>Les meutes (Kamal Lazraq)<\/li>\n<\/ul>\n\n\n\n<h3 class=\"wp-block-heading\"><strong>Out of competition<\/strong><\/h3>\n\n\n\n<ul class=\"wp-block-list\">\n<li>Indiana Jones et le cadran de la destin\u00e9e (James Mangold)<\/li>\n\n\n\n<li>Cobweb (Jee-woon Kim)<\/li>\n\n\n\n<li>The Idol (Sam Levinson)<\/li>\n\n\n\n<li>Killers of the flower moon (Martin Scorsese)<\/li>\n<\/ul>\n\n\n\n<figure class=\"wp-block-image aligncenter size-full\"><img loading=\"lazy\" decoding=\"async\" width=\"1750\" height=\"1050\" src=\"https:\/\/lepetitseptieme.ca\/wp-content\/uploads\/2023\/04\/indiana-jones-et-le-cadran-de-la-destinee-trailer.jpg\" alt=\"indiana-jones-et-le-cadran-de-la-destin\u00e9e-trailer\" class=\"wp-image-35451\" srcset=\"https:\/\/lepetitseptieme.ca\/wp-content\/uploads\/2023\/04\/indiana-jones-et-le-cadran-de-la-destinee-trailer.jpg 1750w, https:\/\/lepetitseptieme.ca\/wp-content\/uploads\/2023\/04\/indiana-jones-et-le-cadran-de-la-destinee-trailer-300x180.jpg 300w, https:\/\/lepetitseptieme.ca\/wp-content\/uploads\/2023\/04\/indiana-jones-et-le-cadran-de-la-destinee-trailer-1024x614.jpg 1024w, https:\/\/lepetitseptieme.ca\/wp-content\/uploads\/2023\/04\/indiana-jones-et-le-cadran-de-la-destinee-trailer-768x461.jpg 768w, https:\/\/lepetitseptieme.ca\/wp-content\/uploads\/2023\/04\/indiana-jones-et-le-cadran-de-la-destinee-trailer-1536x922.jpg 1536w, https:\/\/lepetitseptieme.ca\/wp-content\/uploads\/2023\/04\/indiana-jones-et-le-cadran-de-la-destinee-trailer-600x360.jpg 600w\" sizes=\"auto, (max-width: 1750px) 100vw, 1750px\" \/><figcaption class=\"wp-element-caption\"><em>Indiana Jones et le cadran de la destin\u00e9e<\/em><\/figcaption><\/figure>\n\n\n\n<h3 class=\"wp-block-heading\"><strong>Midnight sessions<\/strong><\/h3>\n\n\n\n<ul class=\"wp-block-list\">\n<li>Kennedy (Anurag Kashyap)<\/li>\n\n\n\n<li>Omar la fraise (Elias Belkeddar)<\/li>\n\n\n\n<li>Acide (Just Philippot)<\/li>\n<\/ul>\n\n\n\n<h3 class=\"wp-block-heading\"><strong>Cannes premiere<\/strong><\/h3>\n\n\n\n<ul class=\"wp-block-list\">\n<li>Kubi (Takeshi Kitano)<\/li>\n\n\n\n<li>Bonnard, Pierre et Marthe (Martin Provost)<\/li>\n\n\n\n<li>Cerrar los ojor (Victor Erice)<\/li>\n\n\n\n<li>Le temps d\u2019aimer (Katell Quill\u00e9v\u00e9r\u00e9)<\/li>\n<\/ul>\n\n\n\n<h3 class=\"wp-block-heading\"><strong>Special screenings<\/strong><\/h3>\n\n\n\n<ul class=\"wp-block-list\">\n<li>Man in black (Wang Bing)<\/li>\n\n\n\n<li>Occupied city (Steve McQueen)<\/li>\n\n\n\n<li>Anselm (Das rauschen der zeit) (Wim Wenders)<\/li>\n\n\n\n<li>Retratos fantasmas (Kleber Mendon\u00e7a Filho)<\/li>\n<\/ul>\n","protected":false},"excerpt":{"rendered":"<p>Cannes has announced its official selection for its 76th edition which will be held from May 16 to 27, 2023. There are always big names in Cannes. But this year, the list is particularly long. We look at this. Official competition For the opening night of the competition, it is Ma\u00efwenn\u2019s Jeanne du Barry who [&hellip;]<\/p>\n","protected":false},"author":2,"featured_media":35449,"comment_status":"open","ping_status":"open","sticky":false,"template":"","format":"standard","meta":{"_acf_changed":false,"site-sidebar-layout":"default","site-content-layout":"","ast-site-content-layout":"default","site-content-style":"default","site-sidebar-style":"default","ast-global-header-display":"","ast-banner-title-visibility":"","ast-main-header-display":"","ast-hfb-above-header-display":"","ast-hfb-below-header-display":"","ast-hfb-mobile-header-display":"","site-post-title":"","ast-breadcrumbs-content":"","ast-featured-img":"","footer-sml-layout":"","ast-disable-related-posts":"","theme-transparent-header-meta":"","adv-header-id-meta":"","stick-header-meta":"","header-above-stick-meta":"","header-main-stick-meta":"","header-below-stick-meta":"","astra-migrate-meta-layouts":"default","ast-page-background-enabled":"default","ast-page-background-meta":{"desktop":{"background-color":"var(--ast-global-color-4)","background-image":"","background-repeat":"repeat","background-position":"center center","background-size":"auto","background-attachment":"scroll","background-type":"","background-media":"","overlay-type":"","overlay-color":"","overlay-opacity":"","overlay-gradient":""},"tablet":{"background-color":"","background-image":"","background-repeat":"repeat","background-position":"center center","background-size":"auto","background-attachment":"scroll","background-type":"","background-media":"","overlay-type":"","overlay-color":"","overlay-opacity":"","overlay-gradient":""},"mobile":{"background-color":"","background-image":"","background-repeat":"repeat","background-position":"center center","background-size":"auto","background-attachment":"scroll","background-type":"","background-media":"","overlay-type":"","overlay-color":"","overlay-opacity":"","overlay-gradient":""}},"ast-content-background-meta":{"desktop":{"background-color":"var(--ast-global-color-5)","background-image":"","background-repeat":"repeat","background-position":"center center","background-size":"auto","background-attachment":"scroll","background-type":"","background-media":"","overlay-type":"","overlay-color":"","overlay-opacity":"","overlay-gradient":""},"tablet":{"background-color":"var(--ast-global-color-5)","background-image":"","background-repeat":"repeat","background-position":"center center","background-size":"auto","background-attachment":"scroll","background-type":"","background-media":"","overlay-type":"","overlay-color":"","overlay-opacity":"","overlay-gradient":""},"mobile":{"background-color":"var(--ast-global-color-5)","background-image":"","background-repeat":"repeat","background-position":"center center","background-size":"auto","background-attachment":"scroll","background-type":"","background-media":"","overlay-type":"","overlay-color":"","overlay-opacity":"","overlay-gradient":""}},"footnotes":""},"categories":[5162],"tags":[25736,6196,25735,25737],"class_list":["post-35470","post","type-post","status-publish","format-standard","has-post-thumbnail","hentry","category-news","tag-canne-2023","tag-cannes-en","tag-cannes-film-festival","tag-cannes-film-festival-2023"],"acf":[],"yoast_head":"<!-- This site is optimized with the Yoast SEO plugin v27.1.1 - https:\/\/yoast.com\/product\/yoast-seo-wordpress\/ -->\n<title>Cannes 2023 | Official Selection - Le petit septi\u00e8me<\/title>\n<meta name=\"description\" content=\"Cannes has announced its official selection for its 76th edition which will be held from May 16 to 27, 2023.There are always big names in Cannes. But this year, the list is particularly long. We look at it.\" \/>\n<meta name=\"robots\" content=\"index, follow, max-snippet:-1, max-image-preview:large, max-video-preview:-1\" \/>\n<link rel=\"canonical\" href=\"https:\/\/lepetitseptieme.ca\/en\/2023\/04\/16\/cannes-2023-official-selection\/\" \/>\n<meta property=\"og:locale\" content=\"en_US\" \/>\n<meta property=\"og:type\" content=\"article\" \/>\n<meta property=\"og:title\" content=\"Cannes 2023 | Official Selection\" \/>\n<meta property=\"og:description\" content=\"Cannes has announced its official selection for its 76th edition which will be held from May 16 to 27, 2023.There are always big names in Cannes. But this year, the list is particularly long. We look at it.\" \/>\n<meta property=\"og:url\" content=\"https:\/\/lepetitseptieme.ca\/en\/2023\/04\/16\/cannes-2023-official-selection\/\" \/>\n<meta property=\"og:site_name\" content=\"Le petit septi\u00e8me\" \/>\n<meta property=\"article:publisher\" content=\"https:\/\/www.facebook.com\/pages\/Le-Petit-Septi%c3%a8me\/494448933948121?ref=hl\" \/>\n<meta property=\"article:author\" content=\"https:\/\/www.facebook.com\/FGrondinArt\/\" \/>\n<meta property=\"article:published_time\" content=\"2023-04-16T11:00:00+00:00\" \/>\n<meta property=\"og:image\" content=\"https:\/\/lepetitseptieme.ca\/wp-content\/uploads\/2023\/04\/Cannes-2023-Selection-officielle-une.jpg\" \/>\n\t<meta property=\"og:image:width\" content=\"1920\" \/>\n\t<meta property=\"og:image:height\" content=\"1080\" \/>\n\t<meta property=\"og:image:type\" content=\"image\/jpeg\" \/>\n<meta name=\"author\" content=\"Francois Grondin\" \/>\n<meta name=\"twitter:card\" content=\"summary_large_image\" \/>\n<meta name=\"twitter:title\" content=\"Cannes 2023 | Official Selection\" \/>\n<meta name=\"twitter:description\" content=\"Cannes has announced its official selection for its 76th edition which will be held from May 16 to 27, 2023.There are always big names in Cannes. But this year, the list is particularly long. We look at it.\" \/>\n<meta name=\"twitter:image\" content=\"https:\/\/lepetitseptieme.ca\/wp-content\/uploads\/2023\/04\/Cannes-2023-Selection-officielle-une.jpg\" \/>\n<meta name=\"twitter:creator\" content=\"@fgrondin1221\" \/>\n<meta name=\"twitter:site\" content=\"@LePetitSeptieme\" \/>\n<meta name=\"twitter:label1\" content=\"Written by\" \/>\n\t<meta name=\"twitter:data1\" content=\"Francois Grondin\" \/>\n\t<meta name=\"twitter:label2\" content=\"Est. reading time\" \/>\n\t<meta name=\"twitter:data2\" content=\"3 minutes\" \/>\n<script type=\"application\/ld+json\" class=\"yoast-schema-graph\">{\"@context\":\"https:\/\/schema.org\",\"@graph\":[{\"@type\":\"Article\",\"@id\":\"https:\/\/lepetitseptieme.ca\/en\/2023\/04\/16\/cannes-2023-official-selection\/#article\",\"isPartOf\":{\"@id\":\"https:\/\/lepetitseptieme.ca\/en\/2023\/04\/16\/cannes-2023-official-selection\/\"},\"author\":{\"name\":\"Francois Grondin\",\"@id\":\"https:\/\/lepetitseptieme.ca\/en\/#\/schema\/person\/12a0b9476b07b0f9a7cc8a82db87e8af\"},\"headline\":\"Cannes 2023 | Official Selection\",\"datePublished\":\"2023-04-16T11:00:00+00:00\",\"mainEntityOfPage\":{\"@id\":\"https:\/\/lepetitseptieme.ca\/en\/2023\/04\/16\/cannes-2023-official-selection\/\"},\"wordCount\":384,\"commentCount\":0,\"publisher\":{\"@id\":\"https:\/\/lepetitseptieme.ca\/en\/#organization\"},\"image\":{\"@id\":\"https:\/\/lepetitseptieme.ca\/en\/2023\/04\/16\/cannes-2023-official-selection\/#primaryimage\"},\"thumbnailUrl\":\"https:\/\/lepetitseptieme.ca\/wp-content\/uploads\/2023\/04\/Cannes-2023-Selection-officielle-une.jpg\",\"keywords\":[\"Canne 2023\",\"Cannes\",\"Cannes film festival\",\"Cannes Film Festival 2023\"],\"articleSection\":[\"News\"],\"inLanguage\":\"en-US\",\"potentialAction\":[{\"@type\":\"CommentAction\",\"name\":\"Comment\",\"target\":[\"https:\/\/lepetitseptieme.ca\/en\/2023\/04\/16\/cannes-2023-official-selection\/#respond\"]}]},{\"@type\":\"WebPage\",\"@id\":\"https:\/\/lepetitseptieme.ca\/en\/2023\/04\/16\/cannes-2023-official-selection\/\",\"url\":\"https:\/\/lepetitseptieme.ca\/en\/2023\/04\/16\/cannes-2023-official-selection\/\",\"name\":\"Cannes 2023 | Official Selection - Le petit septi\u00e8me\",\"isPartOf\":{\"@id\":\"https:\/\/lepetitseptieme.ca\/en\/#website\"},\"primaryImageOfPage\":{\"@id\":\"https:\/\/lepetitseptieme.ca\/en\/2023\/04\/16\/cannes-2023-official-selection\/#primaryimage\"},\"image\":{\"@id\":\"https:\/\/lepetitseptieme.ca\/en\/2023\/04\/16\/cannes-2023-official-selection\/#primaryimage\"},\"thumbnailUrl\":\"https:\/\/lepetitseptieme.ca\/wp-content\/uploads\/2023\/04\/Cannes-2023-Selection-officielle-une.jpg\",\"datePublished\":\"2023-04-16T11:00:00+00:00\",\"description\":\"Cannes has announced its official selection for its 76th edition which will be held from May 16 to 27, 2023.There are always big names in Cannes. But this year, the list is particularly long. We look at it.\",\"breadcrumb\":{\"@id\":\"https:\/\/lepetitseptieme.ca\/en\/2023\/04\/16\/cannes-2023-official-selection\/#breadcrumb\"},\"inLanguage\":\"en-US\",\"potentialAction\":[{\"@type\":\"ReadAction\",\"target\":[\"https:\/\/lepetitseptieme.ca\/en\/2023\/04\/16\/cannes-2023-official-selection\/\"]}]},{\"@type\":\"ImageObject\",\"inLanguage\":\"en-US\",\"@id\":\"https:\/\/lepetitseptieme.ca\/en\/2023\/04\/16\/cannes-2023-official-selection\/#primaryimage\",\"url\":\"https:\/\/lepetitseptieme.ca\/wp-content\/uploads\/2023\/04\/Cannes-2023-Selection-officielle-une.jpg\",\"contentUrl\":\"https:\/\/lepetitseptieme.ca\/wp-content\/uploads\/2023\/04\/Cannes-2023-Selection-officielle-une.jpg\",\"width\":1920,\"height\":1080,\"caption\":\"Cannes 2023 - S\u00e9lection officielle - une\"},{\"@type\":\"BreadcrumbList\",\"@id\":\"https:\/\/lepetitseptieme.ca\/en\/2023\/04\/16\/cannes-2023-official-selection\/#breadcrumb\",\"itemListElement\":[{\"@type\":\"ListItem\",\"position\":1,\"name\":\"Home\",\"item\":\"https:\/\/lepetitseptieme.ca\/en\/\"},{\"@type\":\"ListItem\",\"position\":2,\"name\":\"Cannes 2023 | Official Selection\"}]},{\"@type\":\"WebSite\",\"@id\":\"https:\/\/lepetitseptieme.ca\/en\/#website\",\"url\":\"https:\/\/lepetitseptieme.ca\/en\/\",\"name\":\"Le petit septi\u00e8me\",\"description\":\"Reviews and comments on Quebec, international and author cinema\",\"publisher\":{\"@id\":\"https:\/\/lepetitseptieme.ca\/en\/#organization\"},\"potentialAction\":[{\"@type\":\"SearchAction\",\"target\":{\"@type\":\"EntryPoint\",\"urlTemplate\":\"https:\/\/lepetitseptieme.ca\/en\/?s={search_term_string}\"},\"query-input\":{\"@type\":\"PropertyValueSpecification\",\"valueRequired\":true,\"valueName\":\"search_term_string\"}}],\"inLanguage\":\"en-US\"},{\"@type\":\"Organization\",\"@id\":\"https:\/\/lepetitseptieme.ca\/en\/#organization\",\"name\":\"Le Petit Septi\u00e8me\",\"url\":\"https:\/\/lepetitseptieme.ca\/en\/\",\"logo\":{\"@type\":\"ImageObject\",\"inLanguage\":\"en-US\",\"@id\":\"https:\/\/lepetitseptieme.ca\/en\/#\/schema\/logo\/image\/\",\"url\":\"https:\/\/lepetitseptieme.ca\/wp-content\/uploads\/2016\/05\/cropped-Logo-Le-Petit-Septi\u00e8me-2016-BW.png\",\"contentUrl\":\"https:\/\/lepetitseptieme.ca\/wp-content\/uploads\/2016\/05\/cropped-Logo-Le-Petit-Septi\u00e8me-2016-BW.png\",\"width\":512,\"height\":512,\"caption\":\"Le Petit Septi\u00e8me\"},\"image\":{\"@id\":\"https:\/\/lepetitseptieme.ca\/en\/#\/schema\/logo\/image\/\"},\"sameAs\":[\"https:\/\/www.facebook.com\/pages\/Le-Petit-Septi\u00e8me\/494448933948121?ref=hl\",\"https:\/\/x.com\/LePetitSeptieme\",\"https:\/\/www.youtube.com\/channel\/UC5mdhI_jJvDN1I9fkk5RcIw\"]},{\"@type\":\"Person\",\"@id\":\"https:\/\/lepetitseptieme.ca\/en\/#\/schema\/person\/12a0b9476b07b0f9a7cc8a82db87e8af\",\"name\":\"Francois Grondin\",\"image\":{\"@type\":\"ImageObject\",\"inLanguage\":\"en-US\",\"@id\":\"https:\/\/lepetitseptieme.ca\/en\/#\/schema\/person\/image\/\",\"url\":\"https:\/\/secure.gravatar.com\/avatar\/cbc7d427b20502f8a471e632a3ac28d3200b0a6f80a7e6d8056f088f651d3888?s=96&d=mm&r=r\",\"contentUrl\":\"https:\/\/secure.gravatar.com\/avatar\/cbc7d427b20502f8a471e632a3ac28d3200b0a6f80a7e6d8056f088f651d3888?s=96&d=mm&r=r\",\"caption\":\"Francois Grondin\"},\"description\":\"Sp\u00e9cialiste en cin\u00e9ma international et en communication num\u00e9rique, cin\u00e9aste, photographe et passionn\u00e9 de cin\u00e9ma italien et japonais. Membre du jury pour le festival FICMAN et le SIFA Festival 2022 et, bien s\u00fbr, fier papa de 2!\",\"sameAs\":[\"https:\/\/lepetitseptieme.ca\",\"https:\/\/www.facebook.com\/FGrondinArt\/\",\"https:\/\/www.linkedin.com\/in\/francois-grondin-05895816\/\",\"https:\/\/x.com\/fgrondin1221\"],\"url\":\"https:\/\/lepetitseptieme.ca\/en\/author\/francois\/\"}]}<\/script>\n<!-- \/ Yoast SEO plugin. -->","yoast_head_json":{"title":"Cannes 2023 | Official Selection - Le petit septi\u00e8me","description":"Cannes has announced its official selection for its 76th edition which will be held from May 16 to 27, 2023.There are always big names in Cannes. But this year, the list is particularly long. We look at it.","robots":{"index":"index","follow":"follow","max-snippet":"max-snippet:-1","max-image-preview":"max-image-preview:large","max-video-preview":"max-video-preview:-1"},"canonical":"https:\/\/lepetitseptieme.ca\/en\/2023\/04\/16\/cannes-2023-official-selection\/","og_locale":"en_US","og_type":"article","og_title":"Cannes 2023 | Official Selection","og_description":"Cannes has announced its official selection for its 76th edition which will be held from May 16 to 27, 2023.There are always big names in Cannes. But this year, the list is particularly long. We look at it.","og_url":"https:\/\/lepetitseptieme.ca\/en\/2023\/04\/16\/cannes-2023-official-selection\/","og_site_name":"Le petit septi\u00e8me","article_publisher":"https:\/\/www.facebook.com\/pages\/Le-Petit-Septi%c3%a8me\/494448933948121?ref=hl","article_author":"https:\/\/www.facebook.com\/FGrondinArt\/","article_published_time":"2023-04-16T11:00:00+00:00","og_image":[{"width":1920,"height":1080,"url":"https:\/\/lepetitseptieme.ca\/wp-content\/uploads\/2023\/04\/Cannes-2023-Selection-officielle-une.jpg","type":"image\/jpeg"}],"author":"Francois Grondin","twitter_card":"summary_large_image","twitter_title":"Cannes 2023 | Official Selection","twitter_description":"Cannes has announced its official selection for its 76th edition which will be held from May 16 to 27, 2023.There are always big names in Cannes. But this year, the list is particularly long. We look at it.","twitter_image":"https:\/\/lepetitseptieme.ca\/wp-content\/uploads\/2023\/04\/Cannes-2023-Selection-officielle-une.jpg","twitter_creator":"@fgrondin1221","twitter_site":"@LePetitSeptieme","twitter_misc":{"Written by":"Francois Grondin","Est. reading time":"3 minutes"},"schema":{"@context":"https:\/\/schema.org","@graph":[{"@type":"Article","@id":"https:\/\/lepetitseptieme.ca\/en\/2023\/04\/16\/cannes-2023-official-selection\/#article","isPartOf":{"@id":"https:\/\/lepetitseptieme.ca\/en\/2023\/04\/16\/cannes-2023-official-selection\/"},"author":{"name":"Francois Grondin","@id":"https:\/\/lepetitseptieme.ca\/en\/#\/schema\/person\/12a0b9476b07b0f9a7cc8a82db87e8af"},"headline":"Cannes 2023 | Official Selection","datePublished":"2023-04-16T11:00:00+00:00","mainEntityOfPage":{"@id":"https:\/\/lepetitseptieme.ca\/en\/2023\/04\/16\/cannes-2023-official-selection\/"},"wordCount":384,"commentCount":0,"publisher":{"@id":"https:\/\/lepetitseptieme.ca\/en\/#organization"},"image":{"@id":"https:\/\/lepetitseptieme.ca\/en\/2023\/04\/16\/cannes-2023-official-selection\/#primaryimage"},"thumbnailUrl":"https:\/\/lepetitseptieme.ca\/wp-content\/uploads\/2023\/04\/Cannes-2023-Selection-officielle-une.jpg","keywords":["Canne 2023","Cannes","Cannes film festival","Cannes Film Festival 2023"],"articleSection":["News"],"inLanguage":"en-US","potentialAction":[{"@type":"CommentAction","name":"Comment","target":["https:\/\/lepetitseptieme.ca\/en\/2023\/04\/16\/cannes-2023-official-selection\/#respond"]}]},{"@type":"WebPage","@id":"https:\/\/lepetitseptieme.ca\/en\/2023\/04\/16\/cannes-2023-official-selection\/","url":"https:\/\/lepetitseptieme.ca\/en\/2023\/04\/16\/cannes-2023-official-selection\/","name":"Cannes 2023 | Official Selection - Le petit septi\u00e8me","isPartOf":{"@id":"https:\/\/lepetitseptieme.ca\/en\/#website"},"primaryImageOfPage":{"@id":"https:\/\/lepetitseptieme.ca\/en\/2023\/04\/16\/cannes-2023-official-selection\/#primaryimage"},"image":{"@id":"https:\/\/lepetitseptieme.ca\/en\/2023\/04\/16\/cannes-2023-official-selection\/#primaryimage"},"thumbnailUrl":"https:\/\/lepetitseptieme.ca\/wp-content\/uploads\/2023\/04\/Cannes-2023-Selection-officielle-une.jpg","datePublished":"2023-04-16T11:00:00+00:00","description":"Cannes has announced its official selection for its 76th edition which will be held from May 16 to 27, 2023.There are always big names in Cannes. But this year, the list is particularly long. We look at it.","breadcrumb":{"@id":"https:\/\/lepetitseptieme.ca\/en\/2023\/04\/16\/cannes-2023-official-selection\/#breadcrumb"},"inLanguage":"en-US","potentialAction":[{"@type":"ReadAction","target":["https:\/\/lepetitseptieme.ca\/en\/2023\/04\/16\/cannes-2023-official-selection\/"]}]},{"@type":"ImageObject","inLanguage":"en-US","@id":"https:\/\/lepetitseptieme.ca\/en\/2023\/04\/16\/cannes-2023-official-selection\/#primaryimage","url":"https:\/\/lepetitseptieme.ca\/wp-content\/uploads\/2023\/04\/Cannes-2023-Selection-officielle-une.jpg","contentUrl":"https:\/\/lepetitseptieme.ca\/wp-content\/uploads\/2023\/04\/Cannes-2023-Selection-officielle-une.jpg","width":1920,"height":1080,"caption":"Cannes 2023 - S\u00e9lection officielle - une"},{"@type":"BreadcrumbList","@id":"https:\/\/lepetitseptieme.ca\/en\/2023\/04\/16\/cannes-2023-official-selection\/#breadcrumb","itemListElement":[{"@type":"ListItem","position":1,"name":"Home","item":"https:\/\/lepetitseptieme.ca\/en\/"},{"@type":"ListItem","position":2,"name":"Cannes 2023 | Official Selection"}]},{"@type":"WebSite","@id":"https:\/\/lepetitseptieme.ca\/en\/#website","url":"https:\/\/lepetitseptieme.ca\/en\/","name":"Le petit septi\u00e8me","description":"Reviews and comments on Quebec, international and author cinema","publisher":{"@id":"https:\/\/lepetitseptieme.ca\/en\/#organization"},"potentialAction":[{"@type":"SearchAction","target":{"@type":"EntryPoint","urlTemplate":"https:\/\/lepetitseptieme.ca\/en\/?s={search_term_string}"},"query-input":{"@type":"PropertyValueSpecification","valueRequired":true,"valueName":"search_term_string"}}],"inLanguage":"en-US"},{"@type":"Organization","@id":"https:\/\/lepetitseptieme.ca\/en\/#organization","name":"Le Petit Septi\u00e8me","url":"https:\/\/lepetitseptieme.ca\/en\/","logo":{"@type":"ImageObject","inLanguage":"en-US","@id":"https:\/\/lepetitseptieme.ca\/en\/#\/schema\/logo\/image\/","url":"https:\/\/lepetitseptieme.ca\/wp-content\/uploads\/2016\/05\/cropped-Logo-Le-Petit-Septi\u00e8me-2016-BW.png","contentUrl":"https:\/\/lepetitseptieme.ca\/wp-content\/uploads\/2016\/05\/cropped-Logo-Le-Petit-Septi\u00e8me-2016-BW.png","width":512,"height":512,"caption":"Le Petit Septi\u00e8me"},"image":{"@id":"https:\/\/lepetitseptieme.ca\/en\/#\/schema\/logo\/image\/"},"sameAs":["https:\/\/www.facebook.com\/pages\/Le-Petit-Septi\u00e8me\/494448933948121?ref=hl","https:\/\/x.com\/LePetitSeptieme","https:\/\/www.youtube.com\/channel\/UC5mdhI_jJvDN1I9fkk5RcIw"]},{"@type":"Person","@id":"https:\/\/lepetitseptieme.ca\/en\/#\/schema\/person\/12a0b9476b07b0f9a7cc8a82db87e8af","name":"Francois Grondin","image":{"@type":"ImageObject","inLanguage":"en-US","@id":"https:\/\/lepetitseptieme.ca\/en\/#\/schema\/person\/image\/","url":"https:\/\/secure.gravatar.com\/avatar\/cbc7d427b20502f8a471e632a3ac28d3200b0a6f80a7e6d8056f088f651d3888?s=96&d=mm&r=r","contentUrl":"https:\/\/secure.gravatar.com\/avatar\/cbc7d427b20502f8a471e632a3ac28d3200b0a6f80a7e6d8056f088f651d3888?s=96&d=mm&r=r","caption":"Francois Grondin"},"description":"Sp\u00e9cialiste en cin\u00e9ma international et en communication num\u00e9rique, cin\u00e9aste, photographe et passionn\u00e9 de cin\u00e9ma italien et japonais. Membre du jury pour le festival FICMAN et le SIFA Festival 2022 et, bien s\u00fbr, fier papa de 2!","sameAs":["https:\/\/lepetitseptieme.ca","https:\/\/www.facebook.com\/FGrondinArt\/","https:\/\/www.linkedin.com\/in\/francois-grondin-05895816\/","https:\/\/x.com\/fgrondin1221"],"url":"https:\/\/lepetitseptieme.ca\/en\/author\/francois\/"}]}},"_links":{"self":[{"href":"https:\/\/lepetitseptieme.ca\/en\/wp-json\/wp\/v2\/posts\/35470","targetHints":{"allow":["GET"]}}],"collection":[{"href":"https:\/\/lepetitseptieme.ca\/en\/wp-json\/wp\/v2\/posts"}],"about":[{"href":"https:\/\/lepetitseptieme.ca\/en\/wp-json\/wp\/v2\/types\/post"}],"author":[{"embeddable":true,"href":"https:\/\/lepetitseptieme.ca\/en\/wp-json\/wp\/v2\/users\/2"}],"replies":[{"embeddable":true,"href":"https:\/\/lepetitseptieme.ca\/en\/wp-json\/wp\/v2\/comments?post=35470"}],"version-history":[{"count":1,"href":"https:\/\/lepetitseptieme.ca\/en\/wp-json\/wp\/v2\/posts\/35470\/revisions"}],"predecessor-version":[{"id":35471,"href":"https:\/\/lepetitseptieme.ca\/en\/wp-json\/wp\/v2\/posts\/35470\/revisions\/35471"}],"wp:featuredmedia":[{"embeddable":true,"href":"https:\/\/lepetitseptieme.ca\/en\/wp-json\/wp\/v2\/media\/35449"}],"wp:attachment":[{"href":"https:\/\/lepetitseptieme.ca\/en\/wp-json\/wp\/v2\/media?parent=35470"}],"wp:term":[{"taxonomy":"category","embeddable":true,"href":"https:\/\/lepetitseptieme.ca\/en\/wp-json\/wp\/v2\/categories?post=35470"},{"taxonomy":"post_tag","embeddable":true,"href":"https:\/\/lepetitseptieme.ca\/en\/wp-json\/wp\/v2\/tags?post=35470"}],"curies":[{"name":"wp","href":"https:\/\/api.w.org\/{rel}","templated":true}]}}