{"id":33439,"date":"2022-12-23T07:00:00","date_gmt":"2022-12-23T12:00:00","guid":{"rendered":"https:\/\/lepetitseptieme.ca\/?p=33439"},"modified":"2022-12-22T12:06:48","modified_gmt":"2022-12-22T17:06:48","slug":"oscars-2023-shortlists-announced-part-1","status":"publish","type":"post","link":"https:\/\/lepetitseptieme.ca\/en\/2022\/12\/23\/oscars-2023-shortlists-announced-part-1\/","title":{"rendered":"Oscars 2023 \u2014 Shortlists announced | Part 1"},"content":{"rendered":"\n<p>Here it is. The first categories for the 2023 Oscars shortlists have been announced. Let&#8217;s look at it!<\/p>\n\n\n\n<h3 class=\"wp-block-heading\">Documentary Feature Film<\/h3>\n\n\n\n<p>15 films will advance in the Documentary Feature Film category for the 95th Academy Awards. 144 films were eligible in the category.&nbsp;<\/p>\n\n\n\n<p>The films are listed in alphabetical order.<\/p>\n\n\n\n<p><em>All That Breathes<\/em><em><br><\/em><em>All the Beauty and the Bloodshed<\/em><em><br><\/em><em>Bad Axe<\/em><em><br><\/em><em>Children of the Mist<\/em><em><br><\/em><em>Descendant<\/em><em><br><\/em><em>Fire of Love<\/em><em><br><\/em><em>Hallelujah: Leonard Cohen, a Journey, a Song<\/em><em><br><\/em><em>Hidden Letters<\/em><em><br><\/em><em>A House Made of Splinters<\/em><em><br><\/em><em>The Janes<\/em><em><br><\/em><em>Last Flight Home<\/em><em><br><\/em><em>Moonage Daydream<\/em><em><br><\/em><em>Navalny<\/em><em><br><\/em><em>Retrograde<\/em><em><br><\/em><em>The Territory<\/em><\/p>\n\n\n\n<figure class=\"wp-block-image aligncenter size-full\"><img loading=\"lazy\" decoding=\"async\" width=\"1920\" height=\"1080\" src=\"https:\/\/lepetitseptieme.ca\/wp-content\/uploads\/2022\/07\/Hallelujah-Leonard-Cohen-with-cat-Une.jpg\" alt=\"Leonard Cohen, singer and songwriter\" class=\"wp-image-30862\" srcset=\"https:\/\/lepetitseptieme.ca\/wp-content\/uploads\/2022\/07\/Hallelujah-Leonard-Cohen-with-cat-Une.jpg 1920w, https:\/\/lepetitseptieme.ca\/wp-content\/uploads\/2022\/07\/Hallelujah-Leonard-Cohen-with-cat-Une-300x169.jpg 300w, https:\/\/lepetitseptieme.ca\/wp-content\/uploads\/2022\/07\/Hallelujah-Leonard-Cohen-with-cat-Une-1024x576.jpg 1024w, https:\/\/lepetitseptieme.ca\/wp-content\/uploads\/2022\/07\/Hallelujah-Leonard-Cohen-with-cat-Une-768x432.jpg 768w, https:\/\/lepetitseptieme.ca\/wp-content\/uploads\/2022\/07\/Hallelujah-Leonard-Cohen-with-cat-Une-1536x864.jpg 1536w, https:\/\/lepetitseptieme.ca\/wp-content\/uploads\/2022\/07\/Hallelujah-Leonard-Cohen-with-cat-Une-600x338.jpg 600w\" sizes=\"auto, (max-width: 1920px) 100vw, 1920px\" \/><figcaption><em>Hallelujah: Leonard Cohen, a Journey, a Song<\/em><\/figcaption><\/figure>\n\n\n\n<h3 class=\"wp-block-heading\">Documentary Short Film<\/h3>\n\n\n\n<p>15 films will advance in the Documentary Short Film category for the 95th Academy Awards. 98 films qualified in the category.&nbsp;<\/p>\n\n\n\n<p>The films are listed in alphabetical order.<\/p>\n\n\n\n<p><em>American Justice on Trial: People v. Newton<\/em><em><br><\/em><em>Anastasia<\/em><em><br><\/em><em>Angola Do You Hear Us? Voices from a Plantation Prison<\/em><em><br><\/em><em>As Far as They Can Run<\/em><em><br><\/em><em>The Elephant Whisperers<\/em><em><br><\/em><em>The Flagmakers<\/em><em><br><\/em><em>Happiness Is \u00a34 Million<\/em><em><br><\/em><em>Haulout<\/em><em><br><\/em><em>Holding Moses<\/em><em><br><\/em><em>How Do You Measure a Year?<\/em><em><br><\/em><em>The Martha Mitchell Effect<\/em><em><br><\/em><em>Nuisance Bear<\/em><em><br><\/em><em>Shut Up and Paint<\/em><em><br><\/em><em>Stranger at the Gate<\/em><em><br><\/em><em>38 at the Garden<\/em><\/p>\n\n\n\n<h3 class=\"wp-block-heading\">International Feature Film<\/h3>\n\n\n\n<p>15 films will advance to the next round of voting in the International Feature Film category for the 95th Academy Awards. Films from 92 countries and regions were eligible in the category.<\/p>\n\n\n\n<p>The films are listed in alphabetical order by country.<\/p>\n\n\n\n<p>Argentina,&nbsp;<em>Argentina, 1985<\/em><br>Austria,&nbsp;<em>Corsage<\/em><br>Belgium,&nbsp;<em>Close<\/em><br>Cambodia,&nbsp;<em>Return to Seoul<\/em><br>Denmark,&nbsp;<em>Holy Spider<\/em><br>France,&nbsp;<em>Saint Omer<\/em><br>Germany,&nbsp;<em>All Quiet on the Western Front<\/em><br>India,&nbsp;<em>Last Film Show<\/em><br>Ireland,&nbsp;<em>The Quiet Girl<\/em><br>Mexico,&nbsp;<em>Bardo, False Chronicle of a Handful of Truths<\/em><br>Morocco,&nbsp;<em>The Blue Caftan<\/em><br>Pakistan,&nbsp;<em>Joyland<\/em><br>Poland,&nbsp;<em>EO<\/em><br>South Korea,&nbsp;<em>Decision to Leave<\/em><br>Sweden,&nbsp;<em>Cairo Conspiracy<\/em><\/p>\n\n\n\n<figure class=\"wp-block-image aligncenter size-full\"><img loading=\"lazy\" decoding=\"async\" width=\"1900\" height=\"1214\" src=\"https:\/\/lepetitseptieme.ca\/wp-content\/uploads\/2022\/10\/Decision-to-leave-Il-est-difficile.jpg\" alt=\"Decision to leave - Il est difficile\" class=\"wp-image-32340\" srcset=\"https:\/\/lepetitseptieme.ca\/wp-content\/uploads\/2022\/10\/Decision-to-leave-Il-est-difficile.jpg 1900w, https:\/\/lepetitseptieme.ca\/wp-content\/uploads\/2022\/10\/Decision-to-leave-Il-est-difficile-300x192.jpg 300w, https:\/\/lepetitseptieme.ca\/wp-content\/uploads\/2022\/10\/Decision-to-leave-Il-est-difficile-1024x654.jpg 1024w, https:\/\/lepetitseptieme.ca\/wp-content\/uploads\/2022\/10\/Decision-to-leave-Il-est-difficile-768x491.jpg 768w, https:\/\/lepetitseptieme.ca\/wp-content\/uploads\/2022\/10\/Decision-to-leave-Il-est-difficile-1536x981.jpg 1536w, https:\/\/lepetitseptieme.ca\/wp-content\/uploads\/2022\/10\/Decision-to-leave-Il-est-difficile-600x383.jpg 600w\" sizes=\"auto, (max-width: 1900px) 100vw, 1900px\" \/><figcaption>Seo-rae (Tang Wei) in <em>Decision to leave<\/em><\/figcaption><\/figure>\n\n\n\n<h3 class=\"wp-block-heading\">Makeup and Hairstyling<\/h3>\n\n\n\n<p>10 films will advance in the Makeup and Hairstyling category for the 95th Academy Awards.<\/p>\n\n\n\n<p>The films are listed in alphabetical order.<\/p>\n\n\n\n<p><em>All Quiet on the Western Front<br>Amsterdam<br>Babylon<br>The Batman<br>Black Panther: Wakanda Forever<br>Blonde<br>Crimes of the Future<br>Elvis<br>Emancipation<br>The Whale<\/em><\/p>\n\n\n\n<h3 class=\"wp-block-heading\">Music (Original Score)<\/h3>\n\n\n\n<p>15 scores will advance in the Original Score category for the 95th Academy Awards. 147 scores were eligible in the category.&nbsp;<\/p>\n\n\n\n<p>The scores are listed in alphabetical order by film title.<\/p>\n\n\n\n<p><em>All Quiet on the Western Front<br>Avatar: The Way of Water<br>Babylon<br>The Banshees of Inisherin<br>Black Panther: Wakanda Forever<br>Devotion<br>Don&#8217;t Worry Darling<br>Everything Everywhere All at Once<br>The Fabelmans<br>Glass Onion: A Knives Out Mystery<br>Guillermo del Toro&#8217;s Pinocchio<br>Nope<br>She Said<br>The Woman King<br>Women Talking<\/em><\/p>\n\n\n\n<figure class=\"wp-block-image aligncenter size-full\"><img loading=\"lazy\" decoding=\"async\" width=\"1920\" height=\"1080\" src=\"https:\/\/lepetitseptieme.ca\/wp-content\/uploads\/2022\/12\/Everything_Everywhere_All_At_Once-une.jpg\" alt=\"verything_Everywhere_All_At_Once\" class=\"wp-image-33356\" srcset=\"https:\/\/lepetitseptieme.ca\/wp-content\/uploads\/2022\/12\/Everything_Everywhere_All_At_Once-une.jpg 1920w, https:\/\/lepetitseptieme.ca\/wp-content\/uploads\/2022\/12\/Everything_Everywhere_All_At_Once-une-300x169.jpg 300w, https:\/\/lepetitseptieme.ca\/wp-content\/uploads\/2022\/12\/Everything_Everywhere_All_At_Once-une-1024x576.jpg 1024w, https:\/\/lepetitseptieme.ca\/wp-content\/uploads\/2022\/12\/Everything_Everywhere_All_At_Once-une-768x432.jpg 768w, https:\/\/lepetitseptieme.ca\/wp-content\/uploads\/2022\/12\/Everything_Everywhere_All_At_Once-une-1536x864.jpg 1536w, https:\/\/lepetitseptieme.ca\/wp-content\/uploads\/2022\/12\/Everything_Everywhere_All_At_Once-une-600x338.jpg 600w\" sizes=\"auto, (max-width: 1920px) 100vw, 1920px\" \/><figcaption><em>Everything Everywhere All at Once<\/em><\/figcaption><\/figure>\n\n\n\n<h3 class=\"wp-block-heading\">Music (Original Song)<\/h3>\n\n\n\n<p>15 songs will advance in the Original Song category for the 95th Academy Awards. 81 songs were eligible in the category.&nbsp;<\/p>\n\n\n\n<p>The original songs, along with the motion picture in which each song is featured, are listed below in alphabetical order by film title.<\/p>\n\n\n\n<p>&#8220;Time&#8221; from&nbsp;<em>Amsterdam<\/em><br>&#8220;Nothing Is Lost (You Give Me Strength)&#8221; from&nbsp;<em>Avatar: The Way of Water<\/em><br>&#8220;Lift Me Up&#8221; from&nbsp;<em>Black Panther: Wakanda Forever<\/em><br>&#8220;This Is A Life&#8221; from&nbsp;<em>Everything Everywhere All at Once<\/em><br>&#8220;Ciao Papa&#8221; from&nbsp;<em>Guillermo del Toro&#8217;s Pinocchio<\/em><br>&#8220;Til You\u2019re Home&#8221; from<em>&nbsp;A Man Called Otto<\/em><br>&#8220;Naatu Naatu&#8221; from&nbsp;<em>RRR<\/em><br>&#8220;My Mind &amp; Me&#8221; from&nbsp;<em>Selena Gomez: My Mind &amp; Me<\/em><br>&#8220;Good Afternoon&#8221; from&nbsp;<em>Spirited<\/em><br>&#8220;Applause&#8221; from&nbsp;<em>Tell It like a Woman<\/em><br>&#8220;Stand Up&#8221; from&nbsp;<em>Till<\/em><br>&#8220;Hold My Hand&#8221; from<em>&nbsp;Top Gun: Maverick<\/em><br>&#8220;Dust &amp; Ash&#8221; from&nbsp;<em>The Voice of Dust and Ash<\/em><br>&#8220;Carolina&#8221; from&nbsp;<em>Where the Crawdads Sing<\/em><br>&#8220;New Body Rhumba&#8221; from&nbsp;<em>White Noise<\/em><\/p>\n\n\n\n<h3 class=\"wp-block-heading\">Animated Short Film<\/h3>\n\n\n\n<p>15 films will advance in the Animated Short Film category for the 95th Academy Awards. 81 films qualified in the category.<\/p>\n\n\n\n<p>The films are listed in alphabetical order by title.<\/p>\n\n\n\n<p><em>Black Slide<br>The Boy, the Mole, the Fox and the Horse<br>The Debutante<br>The Flying Sailor<br>The Garbage Man<br>Ice Merchants<br>It\u2019s Nice in Here<br>More than I Want to Remember<br>My Year of Dicks<br>New Moon<br>An Ostrich Told Me the World Is Fake and I Think I Believe It<br>Passenger<br>Save Ralph<br>Sierra<br>Steakhouse<\/em><\/p>\n\n\n\n<figure class=\"wp-block-image aligncenter size-full\"><img loading=\"lazy\" decoding=\"async\" width=\"1920\" height=\"1080\" src=\"https:\/\/lepetitseptieme.ca\/wp-content\/uploads\/2022\/12\/My-year-of-dicks.jpg\" alt=\"My year of dicks\" class=\"wp-image-33434\" srcset=\"https:\/\/lepetitseptieme.ca\/wp-content\/uploads\/2022\/12\/My-year-of-dicks.jpg 1920w, https:\/\/lepetitseptieme.ca\/wp-content\/uploads\/2022\/12\/My-year-of-dicks-300x169.jpg 300w, https:\/\/lepetitseptieme.ca\/wp-content\/uploads\/2022\/12\/My-year-of-dicks-1024x576.jpg 1024w, https:\/\/lepetitseptieme.ca\/wp-content\/uploads\/2022\/12\/My-year-of-dicks-768x432.jpg 768w, https:\/\/lepetitseptieme.ca\/wp-content\/uploads\/2022\/12\/My-year-of-dicks-1536x864.jpg 1536w, https:\/\/lepetitseptieme.ca\/wp-content\/uploads\/2022\/12\/My-year-of-dicks-600x338.jpg 600w\" sizes=\"auto, (max-width: 1920px) 100vw, 1920px\" \/><figcaption><em>My year of dicks<\/em><\/figcaption><\/figure>\n\n\n\n<h3 class=\"wp-block-heading\">Live Action Short Film<\/h3>\n\n\n\n<p>15 films will advance in the Live Action Short Film category for the 95th Academy Awards. 200 films qualified in the category.<\/p>\n\n\n\n<p>The films are listed in alphabetical order by title.<\/p>\n\n\n\n<p><em>All in Favor<br>Almost Home<br>An Irish Goodbye<br>Ivalu<br>Le Pupille<br>The Lone Wolf<br>Nakam<br>Night Ride<br>Plastic Killer<br>The Red Suitcase<br>The Right Words<br>Sideral<br>The Treatment<br>Tula<br>Warsha<\/em><\/p>\n\n\n\n<h3 class=\"wp-block-heading\">Sound<\/h3>\n\n\n\n<p>10 films will advance in the Sound category for the 95th Academy Awards.<\/p>\n\n\n\n<p>The films are listed in alphabetical order by title.<\/p>\n\n\n\n<p><em>All Quiet on the Western Front<br>Avatar: The Way of Water<br>Babylon<br>The Batman<br>Black Panther: Wakanda Forever<br>Elvis<br>Everything Everywhere All at Once<br>Guillermo del Toro&#8217;s Pinocchio<br>Moonage Daydream<br>Top Gun: Maverick<\/em><\/p>\n\n\n\n<h3 class=\"wp-block-heading\">Visual Effects<\/h3>\n\n\n\n<p>10 films remain in the running in the Visual Effects category for the 95th Academy Awards.<\/p>\n\n\n\n<p>The films are listed in alphabetical order by title.<\/p>\n\n\n\n<p><em>All Quiet on the Western Front<br>Avatar: The Way of Water<br>The Batman<br>Black Panther: Wakanda Forever<br>Doctor Strange in the Multiverse of Madness<br>Fantastic Beasts: The Secrets of Dumbledore<br>Jurassic World Dominion<br>Nope<br>Thirteen Lives<br>Top Gun: Maverick<\/em><\/p>\n\n\n\n<p>It remains to be seen who will be the finalist.<\/p>\n","protected":false},"excerpt":{"rendered":"<p>Here it is. The first categories for the 2023 Oscars shortlists have been announced. Let&#8217;s look at it! Documentary Feature Film 15 films will advance in the Documentary Feature Film category for the 95th Academy Awards. 144 films were eligible in the category.&nbsp; The films are listed in alphabetical order. All That BreathesAll the Beauty [&hellip;]<\/p>\n","protected":false},"author":2,"featured_media":33436,"comment_status":"open","ping_status":"open","sticky":false,"template":"","format":"standard","meta":{"_acf_changed":false,"site-sidebar-layout":"default","site-content-layout":"","ast-site-content-layout":"default","site-content-style":"default","site-sidebar-style":"default","ast-global-header-display":"","ast-banner-title-visibility":"","ast-main-header-display":"","ast-hfb-above-header-display":"","ast-hfb-below-header-display":"","ast-hfb-mobile-header-display":"","site-post-title":"","ast-breadcrumbs-content":"","ast-featured-img":"","footer-sml-layout":"","ast-disable-related-posts":"","theme-transparent-header-meta":"","adv-header-id-meta":"","stick-header-meta":"","header-above-stick-meta":"","header-main-stick-meta":"","header-below-stick-meta":"","astra-migrate-meta-layouts":"default","ast-page-background-enabled":"default","ast-page-background-meta":{"desktop":{"background-color":"var(--ast-global-color-4)","background-image":"","background-repeat":"repeat","background-position":"center center","background-size":"auto","background-attachment":"scroll","background-type":"","background-media":"","overlay-type":"","overlay-color":"","overlay-opacity":"","overlay-gradient":""},"tablet":{"background-color":"","background-image":"","background-repeat":"repeat","background-position":"center center","background-size":"auto","background-attachment":"scroll","background-type":"","background-media":"","overlay-type":"","overlay-color":"","overlay-opacity":"","overlay-gradient":""},"mobile":{"background-color":"","background-image":"","background-repeat":"repeat","background-position":"center center","background-size":"auto","background-attachment":"scroll","background-type":"","background-media":"","overlay-type":"","overlay-color":"","overlay-opacity":"","overlay-gradient":""}},"ast-content-background-meta":{"desktop":{"background-color":"var(--ast-global-color-5)","background-image":"","background-repeat":"repeat","background-position":"center center","background-size":"auto","background-attachment":"scroll","background-type":"","background-media":"","overlay-type":"","overlay-color":"","overlay-opacity":"","overlay-gradient":""},"tablet":{"background-color":"var(--ast-global-color-5)","background-image":"","background-repeat":"repeat","background-position":"center center","background-size":"auto","background-attachment":"scroll","background-type":"","background-media":"","overlay-type":"","overlay-color":"","overlay-opacity":"","overlay-gradient":""},"mobile":{"background-color":"var(--ast-global-color-5)","background-image":"","background-repeat":"repeat","background-position":"center center","background-size":"auto","background-attachment":"scroll","background-type":"","background-media":"","overlay-type":"","overlay-color":"","overlay-opacity":"","overlay-gradient":""}},"footnotes":""},"categories":[5162],"tags":[20827,24743,24742],"class_list":["post-33439","post","type-post","status-publish","format-standard","has-post-thumbnail","hentry","category-news","tag-oscars-en","tag-oscars-2023-en","tag-oscars-shortlist"],"acf":[],"yoast_head":"<!-- This site is optimized with the Yoast SEO plugin v27.1.1 - https:\/\/yoast.com\/product\/yoast-seo-wordpress\/ -->\n<title>Oscars 2023 \u2014 Shortlists announced | Part 1 - Le petit septi\u00e8me<\/title>\n<meta name=\"description\" content=\"Here it is. The first categories for the 2023 Oscars shortlists have been announced. Let&#039;s look at it!\" \/>\n<meta name=\"robots\" content=\"index, follow, max-snippet:-1, max-image-preview:large, max-video-preview:-1\" \/>\n<link rel=\"canonical\" href=\"https:\/\/lepetitseptieme.ca\/en\/2022\/12\/23\/oscars-2023-shortlists-announced-part-1\/\" \/>\n<meta property=\"og:locale\" content=\"en_US\" \/>\n<meta property=\"og:type\" content=\"article\" \/>\n<meta property=\"og:title\" content=\"Oscars 2023 \u2014 Shortlists announced | Part 1\" \/>\n<meta property=\"og:description\" content=\"Here it is. The first categories for the 2023 Oscars shortlists have been announced. Let&#039;s look at it!\" \/>\n<meta property=\"og:url\" content=\"https:\/\/lepetitseptieme.ca\/en\/2022\/12\/23\/oscars-2023-shortlists-announced-part-1\/\" \/>\n<meta property=\"og:site_name\" content=\"Le petit septi\u00e8me\" \/>\n<meta property=\"article:publisher\" content=\"https:\/\/www.facebook.com\/pages\/Le-Petit-Septi%c3%a8me\/494448933948121?ref=hl\" \/>\n<meta property=\"article:author\" content=\"https:\/\/www.facebook.com\/FGrondinArt\/\" \/>\n<meta property=\"article:published_time\" content=\"2022-12-23T12:00:00+00:00\" \/>\n<meta property=\"og:image\" content=\"https:\/\/lepetitseptieme.ca\/wp-content\/uploads\/2022\/12\/Oscars-95-Short-listes-part-1-une.jpg\" \/>\n\t<meta property=\"og:image:width\" content=\"1920\" \/>\n\t<meta property=\"og:image:height\" content=\"1080\" \/>\n\t<meta property=\"og:image:type\" content=\"image\/jpeg\" \/>\n<meta name=\"author\" content=\"Francois Grondin\" \/>\n<meta name=\"twitter:card\" content=\"summary_large_image\" \/>\n<meta name=\"twitter:title\" content=\"Oscars 2023 \u2014 Shortlists announced | Part 1\" \/>\n<meta name=\"twitter:description\" content=\"Here it is. The first categories for the 2023 Oscars shortlists have been announced. Let&#039;s look at it!\" \/>\n<meta name=\"twitter:image\" content=\"https:\/\/lepetitseptieme.ca\/wp-content\/uploads\/2022\/12\/Oscars-95-Short-listes-part-1-une.jpg\" \/>\n<meta name=\"twitter:creator\" content=\"@fgrondin1221\" \/>\n<meta name=\"twitter:site\" content=\"@LePetitSeptieme\" \/>\n<meta name=\"twitter:label1\" content=\"Written by\" \/>\n\t<meta name=\"twitter:data1\" content=\"Francois Grondin\" \/>\n\t<meta name=\"twitter:label2\" content=\"Est. reading time\" \/>\n\t<meta name=\"twitter:data2\" content=\"6 minutes\" \/>\n<script type=\"application\/ld+json\" class=\"yoast-schema-graph\">{\"@context\":\"https:\/\/schema.org\",\"@graph\":[{\"@type\":\"Article\",\"@id\":\"https:\/\/lepetitseptieme.ca\/en\/2022\/12\/23\/oscars-2023-shortlists-announced-part-1\/#article\",\"isPartOf\":{\"@id\":\"https:\/\/lepetitseptieme.ca\/en\/2022\/12\/23\/oscars-2023-shortlists-announced-part-1\/\"},\"author\":{\"name\":\"Francois Grondin\",\"@id\":\"https:\/\/lepetitseptieme.ca\/en\/#\/schema\/person\/12a0b9476b07b0f9a7cc8a82db87e8af\"},\"headline\":\"Oscars 2023 \u2014 Shortlists announced | Part 1\",\"datePublished\":\"2022-12-23T12:00:00+00:00\",\"mainEntityOfPage\":{\"@id\":\"https:\/\/lepetitseptieme.ca\/en\/2022\/12\/23\/oscars-2023-shortlists-announced-part-1\/\"},\"wordCount\":836,\"commentCount\":0,\"publisher\":{\"@id\":\"https:\/\/lepetitseptieme.ca\/en\/#organization\"},\"image\":{\"@id\":\"https:\/\/lepetitseptieme.ca\/en\/2022\/12\/23\/oscars-2023-shortlists-announced-part-1\/#primaryimage\"},\"thumbnailUrl\":\"https:\/\/lepetitseptieme.ca\/wp-content\/uploads\/2022\/12\/Oscars-95-Short-listes-part-1-une.jpg\",\"keywords\":[\"Oscars\",\"Oscars 2023\",\"Oscars Shortlist\"],\"articleSection\":[\"News\"],\"inLanguage\":\"en-US\",\"potentialAction\":[{\"@type\":\"CommentAction\",\"name\":\"Comment\",\"target\":[\"https:\/\/lepetitseptieme.ca\/en\/2022\/12\/23\/oscars-2023-shortlists-announced-part-1\/#respond\"]}]},{\"@type\":\"WebPage\",\"@id\":\"https:\/\/lepetitseptieme.ca\/en\/2022\/12\/23\/oscars-2023-shortlists-announced-part-1\/\",\"url\":\"https:\/\/lepetitseptieme.ca\/en\/2022\/12\/23\/oscars-2023-shortlists-announced-part-1\/\",\"name\":\"Oscars 2023 \u2014 Shortlists announced | Part 1 - Le petit septi\u00e8me\",\"isPartOf\":{\"@id\":\"https:\/\/lepetitseptieme.ca\/en\/#website\"},\"primaryImageOfPage\":{\"@id\":\"https:\/\/lepetitseptieme.ca\/en\/2022\/12\/23\/oscars-2023-shortlists-announced-part-1\/#primaryimage\"},\"image\":{\"@id\":\"https:\/\/lepetitseptieme.ca\/en\/2022\/12\/23\/oscars-2023-shortlists-announced-part-1\/#primaryimage\"},\"thumbnailUrl\":\"https:\/\/lepetitseptieme.ca\/wp-content\/uploads\/2022\/12\/Oscars-95-Short-listes-part-1-une.jpg\",\"datePublished\":\"2022-12-23T12:00:00+00:00\",\"description\":\"Here it is. The first categories for the 2023 Oscars shortlists have been announced. Let's look at it!\",\"breadcrumb\":{\"@id\":\"https:\/\/lepetitseptieme.ca\/en\/2022\/12\/23\/oscars-2023-shortlists-announced-part-1\/#breadcrumb\"},\"inLanguage\":\"en-US\",\"potentialAction\":[{\"@type\":\"ReadAction\",\"target\":[\"https:\/\/lepetitseptieme.ca\/en\/2022\/12\/23\/oscars-2023-shortlists-announced-part-1\/\"]}]},{\"@type\":\"ImageObject\",\"inLanguage\":\"en-US\",\"@id\":\"https:\/\/lepetitseptieme.ca\/en\/2022\/12\/23\/oscars-2023-shortlists-announced-part-1\/#primaryimage\",\"url\":\"https:\/\/lepetitseptieme.ca\/wp-content\/uploads\/2022\/12\/Oscars-95-Short-listes-part-1-une.jpg\",\"contentUrl\":\"https:\/\/lepetitseptieme.ca\/wp-content\/uploads\/2022\/12\/Oscars-95-Short-listes-part-1-une.jpg\",\"width\":1920,\"height\":1080,\"caption\":\"Oscars 95 Short listes part 1 - une\"},{\"@type\":\"BreadcrumbList\",\"@id\":\"https:\/\/lepetitseptieme.ca\/en\/2022\/12\/23\/oscars-2023-shortlists-announced-part-1\/#breadcrumb\",\"itemListElement\":[{\"@type\":\"ListItem\",\"position\":1,\"name\":\"Home\",\"item\":\"https:\/\/lepetitseptieme.ca\/en\/\"},{\"@type\":\"ListItem\",\"position\":2,\"name\":\"Oscars 2023 \u2014 Shortlists announced | Part 1\"}]},{\"@type\":\"WebSite\",\"@id\":\"https:\/\/lepetitseptieme.ca\/en\/#website\",\"url\":\"https:\/\/lepetitseptieme.ca\/en\/\",\"name\":\"Le petit septi\u00e8me\",\"description\":\"Reviews and comments on Quebec, international and author cinema\",\"publisher\":{\"@id\":\"https:\/\/lepetitseptieme.ca\/en\/#organization\"},\"potentialAction\":[{\"@type\":\"SearchAction\",\"target\":{\"@type\":\"EntryPoint\",\"urlTemplate\":\"https:\/\/lepetitseptieme.ca\/en\/?s={search_term_string}\"},\"query-input\":{\"@type\":\"PropertyValueSpecification\",\"valueRequired\":true,\"valueName\":\"search_term_string\"}}],\"inLanguage\":\"en-US\"},{\"@type\":\"Organization\",\"@id\":\"https:\/\/lepetitseptieme.ca\/en\/#organization\",\"name\":\"Le Petit Septi\u00e8me\",\"url\":\"https:\/\/lepetitseptieme.ca\/en\/\",\"logo\":{\"@type\":\"ImageObject\",\"inLanguage\":\"en-US\",\"@id\":\"https:\/\/lepetitseptieme.ca\/en\/#\/schema\/logo\/image\/\",\"url\":\"https:\/\/lepetitseptieme.ca\/wp-content\/uploads\/2016\/05\/cropped-Logo-Le-Petit-Septi\u00e8me-2016-BW.png\",\"contentUrl\":\"https:\/\/lepetitseptieme.ca\/wp-content\/uploads\/2016\/05\/cropped-Logo-Le-Petit-Septi\u00e8me-2016-BW.png\",\"width\":512,\"height\":512,\"caption\":\"Le Petit Septi\u00e8me\"},\"image\":{\"@id\":\"https:\/\/lepetitseptieme.ca\/en\/#\/schema\/logo\/image\/\"},\"sameAs\":[\"https:\/\/www.facebook.com\/pages\/Le-Petit-Septi\u00e8me\/494448933948121?ref=hl\",\"https:\/\/x.com\/LePetitSeptieme\",\"https:\/\/www.youtube.com\/channel\/UC5mdhI_jJvDN1I9fkk5RcIw\"]},{\"@type\":\"Person\",\"@id\":\"https:\/\/lepetitseptieme.ca\/en\/#\/schema\/person\/12a0b9476b07b0f9a7cc8a82db87e8af\",\"name\":\"Francois Grondin\",\"image\":{\"@type\":\"ImageObject\",\"inLanguage\":\"en-US\",\"@id\":\"https:\/\/lepetitseptieme.ca\/en\/#\/schema\/person\/image\/\",\"url\":\"https:\/\/secure.gravatar.com\/avatar\/cbc7d427b20502f8a471e632a3ac28d3200b0a6f80a7e6d8056f088f651d3888?s=96&d=mm&r=r\",\"contentUrl\":\"https:\/\/secure.gravatar.com\/avatar\/cbc7d427b20502f8a471e632a3ac28d3200b0a6f80a7e6d8056f088f651d3888?s=96&d=mm&r=r\",\"caption\":\"Francois Grondin\"},\"description\":\"Sp\u00e9cialiste en cin\u00e9ma international et en communication num\u00e9rique, cin\u00e9aste, photographe et passionn\u00e9 de cin\u00e9ma italien et japonais. Membre du jury pour le festival FICMAN et le SIFA Festival 2022 et, bien s\u00fbr, fier papa de 2!\",\"sameAs\":[\"https:\/\/lepetitseptieme.ca\",\"https:\/\/www.facebook.com\/FGrondinArt\/\",\"https:\/\/www.linkedin.com\/in\/francois-grondin-05895816\/\",\"https:\/\/x.com\/fgrondin1221\"],\"url\":\"https:\/\/lepetitseptieme.ca\/en\/author\/francois\/\"}]}<\/script>\n<!-- \/ Yoast SEO plugin. -->","yoast_head_json":{"title":"Oscars 2023 \u2014 Shortlists announced | Part 1 - Le petit septi\u00e8me","description":"Here it is. The first categories for the 2023 Oscars shortlists have been announced. Let's look at it!","robots":{"index":"index","follow":"follow","max-snippet":"max-snippet:-1","max-image-preview":"max-image-preview:large","max-video-preview":"max-video-preview:-1"},"canonical":"https:\/\/lepetitseptieme.ca\/en\/2022\/12\/23\/oscars-2023-shortlists-announced-part-1\/","og_locale":"en_US","og_type":"article","og_title":"Oscars 2023 \u2014 Shortlists announced | Part 1","og_description":"Here it is. The first categories for the 2023 Oscars shortlists have been announced. Let's look at it!","og_url":"https:\/\/lepetitseptieme.ca\/en\/2022\/12\/23\/oscars-2023-shortlists-announced-part-1\/","og_site_name":"Le petit septi\u00e8me","article_publisher":"https:\/\/www.facebook.com\/pages\/Le-Petit-Septi%c3%a8me\/494448933948121?ref=hl","article_author":"https:\/\/www.facebook.com\/FGrondinArt\/","article_published_time":"2022-12-23T12:00:00+00:00","og_image":[{"width":1920,"height":1080,"url":"https:\/\/lepetitseptieme.ca\/wp-content\/uploads\/2022\/12\/Oscars-95-Short-listes-part-1-une.jpg","type":"image\/jpeg"}],"author":"Francois Grondin","twitter_card":"summary_large_image","twitter_title":"Oscars 2023 \u2014 Shortlists announced | Part 1","twitter_description":"Here it is. The first categories for the 2023 Oscars shortlists have been announced. Let's look at it!","twitter_image":"https:\/\/lepetitseptieme.ca\/wp-content\/uploads\/2022\/12\/Oscars-95-Short-listes-part-1-une.jpg","twitter_creator":"@fgrondin1221","twitter_site":"@LePetitSeptieme","twitter_misc":{"Written by":"Francois Grondin","Est. reading time":"6 minutes"},"schema":{"@context":"https:\/\/schema.org","@graph":[{"@type":"Article","@id":"https:\/\/lepetitseptieme.ca\/en\/2022\/12\/23\/oscars-2023-shortlists-announced-part-1\/#article","isPartOf":{"@id":"https:\/\/lepetitseptieme.ca\/en\/2022\/12\/23\/oscars-2023-shortlists-announced-part-1\/"},"author":{"name":"Francois Grondin","@id":"https:\/\/lepetitseptieme.ca\/en\/#\/schema\/person\/12a0b9476b07b0f9a7cc8a82db87e8af"},"headline":"Oscars 2023 \u2014 Shortlists announced | Part 1","datePublished":"2022-12-23T12:00:00+00:00","mainEntityOfPage":{"@id":"https:\/\/lepetitseptieme.ca\/en\/2022\/12\/23\/oscars-2023-shortlists-announced-part-1\/"},"wordCount":836,"commentCount":0,"publisher":{"@id":"https:\/\/lepetitseptieme.ca\/en\/#organization"},"image":{"@id":"https:\/\/lepetitseptieme.ca\/en\/2022\/12\/23\/oscars-2023-shortlists-announced-part-1\/#primaryimage"},"thumbnailUrl":"https:\/\/lepetitseptieme.ca\/wp-content\/uploads\/2022\/12\/Oscars-95-Short-listes-part-1-une.jpg","keywords":["Oscars","Oscars 2023","Oscars Shortlist"],"articleSection":["News"],"inLanguage":"en-US","potentialAction":[{"@type":"CommentAction","name":"Comment","target":["https:\/\/lepetitseptieme.ca\/en\/2022\/12\/23\/oscars-2023-shortlists-announced-part-1\/#respond"]}]},{"@type":"WebPage","@id":"https:\/\/lepetitseptieme.ca\/en\/2022\/12\/23\/oscars-2023-shortlists-announced-part-1\/","url":"https:\/\/lepetitseptieme.ca\/en\/2022\/12\/23\/oscars-2023-shortlists-announced-part-1\/","name":"Oscars 2023 \u2014 Shortlists announced | Part 1 - Le petit septi\u00e8me","isPartOf":{"@id":"https:\/\/lepetitseptieme.ca\/en\/#website"},"primaryImageOfPage":{"@id":"https:\/\/lepetitseptieme.ca\/en\/2022\/12\/23\/oscars-2023-shortlists-announced-part-1\/#primaryimage"},"image":{"@id":"https:\/\/lepetitseptieme.ca\/en\/2022\/12\/23\/oscars-2023-shortlists-announced-part-1\/#primaryimage"},"thumbnailUrl":"https:\/\/lepetitseptieme.ca\/wp-content\/uploads\/2022\/12\/Oscars-95-Short-listes-part-1-une.jpg","datePublished":"2022-12-23T12:00:00+00:00","description":"Here it is. The first categories for the 2023 Oscars shortlists have been announced. Let's look at it!","breadcrumb":{"@id":"https:\/\/lepetitseptieme.ca\/en\/2022\/12\/23\/oscars-2023-shortlists-announced-part-1\/#breadcrumb"},"inLanguage":"en-US","potentialAction":[{"@type":"ReadAction","target":["https:\/\/lepetitseptieme.ca\/en\/2022\/12\/23\/oscars-2023-shortlists-announced-part-1\/"]}]},{"@type":"ImageObject","inLanguage":"en-US","@id":"https:\/\/lepetitseptieme.ca\/en\/2022\/12\/23\/oscars-2023-shortlists-announced-part-1\/#primaryimage","url":"https:\/\/lepetitseptieme.ca\/wp-content\/uploads\/2022\/12\/Oscars-95-Short-listes-part-1-une.jpg","contentUrl":"https:\/\/lepetitseptieme.ca\/wp-content\/uploads\/2022\/12\/Oscars-95-Short-listes-part-1-une.jpg","width":1920,"height":1080,"caption":"Oscars 95 Short listes part 1 - une"},{"@type":"BreadcrumbList","@id":"https:\/\/lepetitseptieme.ca\/en\/2022\/12\/23\/oscars-2023-shortlists-announced-part-1\/#breadcrumb","itemListElement":[{"@type":"ListItem","position":1,"name":"Home","item":"https:\/\/lepetitseptieme.ca\/en\/"},{"@type":"ListItem","position":2,"name":"Oscars 2023 \u2014 Shortlists announced | Part 1"}]},{"@type":"WebSite","@id":"https:\/\/lepetitseptieme.ca\/en\/#website","url":"https:\/\/lepetitseptieme.ca\/en\/","name":"Le petit septi\u00e8me","description":"Reviews and comments on Quebec, international and author cinema","publisher":{"@id":"https:\/\/lepetitseptieme.ca\/en\/#organization"},"potentialAction":[{"@type":"SearchAction","target":{"@type":"EntryPoint","urlTemplate":"https:\/\/lepetitseptieme.ca\/en\/?s={search_term_string}"},"query-input":{"@type":"PropertyValueSpecification","valueRequired":true,"valueName":"search_term_string"}}],"inLanguage":"en-US"},{"@type":"Organization","@id":"https:\/\/lepetitseptieme.ca\/en\/#organization","name":"Le Petit Septi\u00e8me","url":"https:\/\/lepetitseptieme.ca\/en\/","logo":{"@type":"ImageObject","inLanguage":"en-US","@id":"https:\/\/lepetitseptieme.ca\/en\/#\/schema\/logo\/image\/","url":"https:\/\/lepetitseptieme.ca\/wp-content\/uploads\/2016\/05\/cropped-Logo-Le-Petit-Septi\u00e8me-2016-BW.png","contentUrl":"https:\/\/lepetitseptieme.ca\/wp-content\/uploads\/2016\/05\/cropped-Logo-Le-Petit-Septi\u00e8me-2016-BW.png","width":512,"height":512,"caption":"Le Petit Septi\u00e8me"},"image":{"@id":"https:\/\/lepetitseptieme.ca\/en\/#\/schema\/logo\/image\/"},"sameAs":["https:\/\/www.facebook.com\/pages\/Le-Petit-Septi\u00e8me\/494448933948121?ref=hl","https:\/\/x.com\/LePetitSeptieme","https:\/\/www.youtube.com\/channel\/UC5mdhI_jJvDN1I9fkk5RcIw"]},{"@type":"Person","@id":"https:\/\/lepetitseptieme.ca\/en\/#\/schema\/person\/12a0b9476b07b0f9a7cc8a82db87e8af","name":"Francois Grondin","image":{"@type":"ImageObject","inLanguage":"en-US","@id":"https:\/\/lepetitseptieme.ca\/en\/#\/schema\/person\/image\/","url":"https:\/\/secure.gravatar.com\/avatar\/cbc7d427b20502f8a471e632a3ac28d3200b0a6f80a7e6d8056f088f651d3888?s=96&d=mm&r=r","contentUrl":"https:\/\/secure.gravatar.com\/avatar\/cbc7d427b20502f8a471e632a3ac28d3200b0a6f80a7e6d8056f088f651d3888?s=96&d=mm&r=r","caption":"Francois Grondin"},"description":"Sp\u00e9cialiste en cin\u00e9ma international et en communication num\u00e9rique, cin\u00e9aste, photographe et passionn\u00e9 de cin\u00e9ma italien et japonais. Membre du jury pour le festival FICMAN et le SIFA Festival 2022 et, bien s\u00fbr, fier papa de 2!","sameAs":["https:\/\/lepetitseptieme.ca","https:\/\/www.facebook.com\/FGrondinArt\/","https:\/\/www.linkedin.com\/in\/francois-grondin-05895816\/","https:\/\/x.com\/fgrondin1221"],"url":"https:\/\/lepetitseptieme.ca\/en\/author\/francois\/"}]}},"_links":{"self":[{"href":"https:\/\/lepetitseptieme.ca\/en\/wp-json\/wp\/v2\/posts\/33439","targetHints":{"allow":["GET"]}}],"collection":[{"href":"https:\/\/lepetitseptieme.ca\/en\/wp-json\/wp\/v2\/posts"}],"about":[{"href":"https:\/\/lepetitseptieme.ca\/en\/wp-json\/wp\/v2\/types\/post"}],"author":[{"embeddable":true,"href":"https:\/\/lepetitseptieme.ca\/en\/wp-json\/wp\/v2\/users\/2"}],"replies":[{"embeddable":true,"href":"https:\/\/lepetitseptieme.ca\/en\/wp-json\/wp\/v2\/comments?post=33439"}],"version-history":[{"count":2,"href":"https:\/\/lepetitseptieme.ca\/en\/wp-json\/wp\/v2\/posts\/33439\/revisions"}],"predecessor-version":[{"id":33443,"href":"https:\/\/lepetitseptieme.ca\/en\/wp-json\/wp\/v2\/posts\/33439\/revisions\/33443"}],"wp:featuredmedia":[{"embeddable":true,"href":"https:\/\/lepetitseptieme.ca\/en\/wp-json\/wp\/v2\/media\/33436"}],"wp:attachment":[{"href":"https:\/\/lepetitseptieme.ca\/en\/wp-json\/wp\/v2\/media?parent=33439"}],"wp:term":[{"taxonomy":"category","embeddable":true,"href":"https:\/\/lepetitseptieme.ca\/en\/wp-json\/wp\/v2\/categories?post=33439"},{"taxonomy":"post_tag","embeddable":true,"href":"https:\/\/lepetitseptieme.ca\/en\/wp-json\/wp\/v2\/tags?post=33439"}],"curies":[{"name":"wp","href":"https:\/\/api.w.org\/{rel}","templated":true}]}}