{"id":30241,"date":"2022-06-01T07:00:00","date_gmt":"2022-06-01T11:00:00","guid":{"rendered":"https:\/\/lepetitseptieme.ca\/?p=30241"},"modified":"2024-03-12T21:20:19","modified_gmt":"2024-03-13T01:20:19","slug":"whats-new-on-prime-video-june-2022","status":"publish","type":"post","link":"https:\/\/lepetitseptieme.ca\/en\/2022\/06\/01\/whats-new-on-prime-video-june-2022\/","title":{"rendered":"What&#8217;s New on Prime Video \u2014 June 2022"},"content":{"rendered":"\n<div class=\"wp-block-image\"><figure class=\"alignleft size-large is-resized\"><img decoding=\"async\" src=\"https:\/\/lepetitseptieme.ca\/wp-content\/uploads\/2022\/05\/THE_BOYS-saison-3-Affiche-576x1024.jpg\" alt=\"THE_BOYS saison 3 - Affiche\" class=\"wp-image-30234\" width=\"150\" srcset=\"https:\/\/lepetitseptieme.ca\/wp-content\/uploads\/2022\/05\/THE_BOYS-saison-3-Affiche-576x1024.jpg 576w, https:\/\/lepetitseptieme.ca\/wp-content\/uploads\/2022\/05\/THE_BOYS-saison-3-Affiche-169x300.jpg 169w, https:\/\/lepetitseptieme.ca\/wp-content\/uploads\/2022\/05\/THE_BOYS-saison-3-Affiche-600x1066.jpg 600w, https:\/\/lepetitseptieme.ca\/wp-content\/uploads\/2022\/05\/THE_BOYS-saison-3-Affiche.jpg 750w\" sizes=\"(max-width: 576px) 100vw, 576px\" \/><\/figure><\/div>\n\n\n\n<p>Why is this article not available in English?<\/p>\n\n\n\n<p>Unfortunately, we do not have the necessary financial support to provide a good translation of each of our texts.<\/p>\n\n\n\n<p>Support us by purchasing one of <a href=\"https:\/\/lepetitseptieme.ca\/en\/store\/\">our products<\/a> or with <a href=\"https:\/\/lepetitseptieme.ca\/en\/produit\/donation\/\">a $1 donation<\/a> so we can make it!<\/p>\n\n\n\n<p>You can still watch the trailer&#8230;<\/p>\n","protected":false},"excerpt":{"rendered":"<p>Why is this article not available in English? Unfortunately, we do not have the necessary financial support to provide a good translation of each of our texts. Support us by purchasing one of our products or with a $1 donation so we can make it! You can still watch the trailer&#8230;<\/p>\n","protected":false},"author":2,"featured_media":30232,"comment_status":"open","ping_status":"open","sticky":false,"template":"","format":"standard","meta":{"_acf_changed":false,"site-sidebar-layout":"default","site-content-layout":"","ast-site-content-layout":"default","site-content-style":"default","site-sidebar-style":"default","ast-global-header-display":"","ast-banner-title-visibility":"","ast-main-header-display":"","ast-hfb-above-header-display":"","ast-hfb-below-header-display":"","ast-hfb-mobile-header-display":"","site-post-title":"","ast-breadcrumbs-content":"","ast-featured-img":"","footer-sml-layout":"","ast-disable-related-posts":"","theme-transparent-header-meta":"","adv-header-id-meta":"","stick-header-meta":"","header-above-stick-meta":"","header-main-stick-meta":"","header-below-stick-meta":"","astra-migrate-meta-layouts":"default","ast-page-background-enabled":"default","ast-page-background-meta":{"desktop":{"background-color":"var(--ast-global-color-4)","background-image":"","background-repeat":"repeat","background-position":"center center","background-size":"auto","background-attachment":"scroll","background-type":"","background-media":"","overlay-type":"","overlay-color":"","overlay-opacity":"","overlay-gradient":""},"tablet":{"background-color":"","background-image":"","background-repeat":"repeat","background-position":"center center","background-size":"auto","background-attachment":"scroll","background-type":"","background-media":"","overlay-type":"","overlay-color":"","overlay-opacity":"","overlay-gradient":""},"mobile":{"background-color":"","background-image":"","background-repeat":"repeat","background-position":"center center","background-size":"auto","background-attachment":"scroll","background-type":"","background-media":"","overlay-type":"","overlay-color":"","overlay-opacity":"","overlay-gradient":""}},"ast-content-background-meta":{"desktop":{"background-color":"var(--ast-global-color-5)","background-image":"","background-repeat":"repeat","background-position":"center center","background-size":"auto","background-attachment":"scroll","background-type":"","background-media":"","overlay-type":"","overlay-color":"","overlay-opacity":"","overlay-gradient":""},"tablet":{"background-color":"var(--ast-global-color-5)","background-image":"","background-repeat":"repeat","background-position":"center center","background-size":"auto","background-attachment":"scroll","background-type":"","background-media":"","overlay-type":"","overlay-color":"","overlay-opacity":"","overlay-gradient":""},"mobile":{"background-color":"var(--ast-global-color-5)","background-image":"","background-repeat":"repeat","background-position":"center center","background-size":"auto","background-attachment":"scroll","background-type":"","background-media":"","overlay-type":"","overlay-color":"","overlay-opacity":"","overlay-gradient":""}},"footnotes":""},"categories":[5162,5600],"tags":[13675,23235,23238,23242,23236,23240,23239,23237],"class_list":["post-30241","post","type-post","status-publish","format-standard","has-post-thumbnail","hentry","category-news","category-series","tag-amazon-prime","tag-at-home-with-the-gils-2","tag-backstage-with-katherine-ryan-2","tag-chloe-2","tag-fairfax-2","tag-the-boys-2","tag-the-lake-2","tag-the-summer-i-turned-pretty-2"],"acf":[],"yoast_head":"<!-- This site is optimized with the Yoast SEO plugin v27.1.1 - https:\/\/yoast.com\/product\/yoast-seo-wordpress\/ -->\n<title>What&#039;s New on Prime Video \u2014 June 2022 - Le petit septi\u00e8me<\/title>\n<meta name=\"description\" content=\"Summer is coming and with it, 7 new exclusive Prime Video series. We are not unemployed at Amazon Studios. Here&#039;s what&#039;s coming.\" \/>\n<meta name=\"robots\" content=\"index, follow, max-snippet:-1, max-image-preview:large, max-video-preview:-1\" \/>\n<link rel=\"canonical\" href=\"https:\/\/lepetitseptieme.ca\/en\/2022\/06\/01\/whats-new-on-prime-video-june-2022\/\" \/>\n<meta property=\"og:locale\" content=\"en_US\" \/>\n<meta property=\"og:type\" content=\"article\" \/>\n<meta property=\"og:title\" content=\"What&#039;s New on Prime Video \u2014 June 2022 - Le petit septi\u00e8me\" \/>\n<meta property=\"og:description\" content=\"Summer is coming and with it, 7 new exclusive Prime Video series. We are not unemployed at Amazon Studios. Here&#039;s what&#039;s coming.\" \/>\n<meta property=\"og:url\" content=\"https:\/\/lepetitseptieme.ca\/en\/2022\/06\/01\/whats-new-on-prime-video-june-2022\/\" \/>\n<meta property=\"og:site_name\" content=\"Le petit septi\u00e8me\" \/>\n<meta property=\"article:publisher\" content=\"https:\/\/www.facebook.com\/pages\/Le-Petit-Septi%c3%a8me\/494448933948121?ref=hl\" \/>\n<meta property=\"article:author\" content=\"https:\/\/www.facebook.com\/FGrondinArt\/\" \/>\n<meta property=\"article:published_time\" content=\"2022-06-01T11:00:00+00:00\" \/>\n<meta property=\"article:modified_time\" content=\"2024-03-13T01:20:19+00:00\" \/>\n<meta property=\"og:image\" content=\"https:\/\/lepetitseptieme.ca\/wp-content\/uploads\/2022\/05\/Nouveautes-Prime-Video-juin-2022-une-1024x576.jpg\" \/>\n<meta name=\"author\" content=\"Francois Grondin\" \/>\n<meta name=\"twitter:card\" content=\"summary_large_image\" \/>\n<meta name=\"twitter:image\" content=\"https:\/\/lepetitseptieme.ca\/wp-content\/uploads\/2022\/05\/Nouveautes-Prime-Video-juin-2022-une-1024x576.jpg\" \/>\n<meta name=\"twitter:creator\" content=\"@fgrondin1221\" \/>\n<meta name=\"twitter:site\" content=\"@LePetitSeptieme\" \/>\n<meta name=\"twitter:label1\" content=\"Written by\" \/>\n\t<meta name=\"twitter:data1\" content=\"Francois Grondin\" \/>\n\t<meta name=\"twitter:label2\" content=\"Est. reading time\" \/>\n\t<meta name=\"twitter:data2\" content=\"1 minute\" \/>\n<script type=\"application\/ld+json\" class=\"yoast-schema-graph\">{\"@context\":\"https:\/\/schema.org\",\"@graph\":[{\"@type\":\"Article\",\"@id\":\"https:\/\/lepetitseptieme.ca\/en\/2022\/06\/01\/whats-new-on-prime-video-june-2022\/#article\",\"isPartOf\":{\"@id\":\"https:\/\/lepetitseptieme.ca\/en\/2022\/06\/01\/whats-new-on-prime-video-june-2022\/\"},\"author\":{\"name\":\"Francois Grondin\",\"@id\":\"https:\/\/lepetitseptieme.ca\/en\/#\/schema\/person\/12a0b9476b07b0f9a7cc8a82db87e8af\"},\"headline\":\"What&#8217;s New on Prime Video \u2014 June 2022\",\"datePublished\":\"2022-06-01T11:00:00+00:00\",\"dateModified\":\"2024-03-13T01:20:19+00:00\",\"mainEntityOfPage\":{\"@id\":\"https:\/\/lepetitseptieme.ca\/en\/2022\/06\/01\/whats-new-on-prime-video-june-2022\/\"},\"wordCount\":57,\"commentCount\":0,\"publisher\":{\"@id\":\"https:\/\/lepetitseptieme.ca\/en\/#organization\"},\"image\":{\"@id\":\"https:\/\/lepetitseptieme.ca\/en\/2022\/06\/01\/whats-new-on-prime-video-june-2022\/#primaryimage\"},\"thumbnailUrl\":\"https:\/\/lepetitseptieme.ca\/wp-content\/uploads\/2022\/05\/Nouveautes-Prime-Video-juin-2022-une.jpg\",\"keywords\":[\"Amazon Prime\",\"At Home with the Gils\",\"Backstage with Katherine Ryan\",\"Chloe\",\"Fairfax\",\"The Boys\",\"The lake\",\"The summer I turned pretty\"],\"articleSection\":[\"News\",\"Series in streaming\"],\"inLanguage\":\"en-US\",\"potentialAction\":[{\"@type\":\"CommentAction\",\"name\":\"Comment\",\"target\":[\"https:\/\/lepetitseptieme.ca\/en\/2022\/06\/01\/whats-new-on-prime-video-june-2022\/#respond\"]}]},{\"@type\":\"WebPage\",\"@id\":\"https:\/\/lepetitseptieme.ca\/en\/2022\/06\/01\/whats-new-on-prime-video-june-2022\/\",\"url\":\"https:\/\/lepetitseptieme.ca\/en\/2022\/06\/01\/whats-new-on-prime-video-june-2022\/\",\"name\":\"What's New on Prime Video \u2014 June 2022 - Le petit septi\u00e8me\",\"isPartOf\":{\"@id\":\"https:\/\/lepetitseptieme.ca\/en\/#website\"},\"primaryImageOfPage\":{\"@id\":\"https:\/\/lepetitseptieme.ca\/en\/2022\/06\/01\/whats-new-on-prime-video-june-2022\/#primaryimage\"},\"image\":{\"@id\":\"https:\/\/lepetitseptieme.ca\/en\/2022\/06\/01\/whats-new-on-prime-video-june-2022\/#primaryimage\"},\"thumbnailUrl\":\"https:\/\/lepetitseptieme.ca\/wp-content\/uploads\/2022\/05\/Nouveautes-Prime-Video-juin-2022-une.jpg\",\"datePublished\":\"2022-06-01T11:00:00+00:00\",\"dateModified\":\"2024-03-13T01:20:19+00:00\",\"description\":\"Summer is coming and with it, 7 new exclusive Prime Video series. We are not unemployed at Amazon Studios. Here's what's coming.\",\"breadcrumb\":{\"@id\":\"https:\/\/lepetitseptieme.ca\/en\/2022\/06\/01\/whats-new-on-prime-video-june-2022\/#breadcrumb\"},\"inLanguage\":\"en-US\",\"potentialAction\":[{\"@type\":\"ReadAction\",\"target\":[\"https:\/\/lepetitseptieme.ca\/en\/2022\/06\/01\/whats-new-on-prime-video-june-2022\/\"]}]},{\"@type\":\"ImageObject\",\"inLanguage\":\"en-US\",\"@id\":\"https:\/\/lepetitseptieme.ca\/en\/2022\/06\/01\/whats-new-on-prime-video-june-2022\/#primaryimage\",\"url\":\"https:\/\/lepetitseptieme.ca\/wp-content\/uploads\/2022\/05\/Nouveautes-Prime-Video-juin-2022-une.jpg\",\"contentUrl\":\"https:\/\/lepetitseptieme.ca\/wp-content\/uploads\/2022\/05\/Nouveautes-Prime-Video-juin-2022-une.jpg\",\"width\":1920,\"height\":1080,\"caption\":\"Nouveaut\u00e9s Prime Video juin 2022 - une\"},{\"@type\":\"BreadcrumbList\",\"@id\":\"https:\/\/lepetitseptieme.ca\/en\/2022\/06\/01\/whats-new-on-prime-video-june-2022\/#breadcrumb\",\"itemListElement\":[{\"@type\":\"ListItem\",\"position\":1,\"name\":\"Home\",\"item\":\"https:\/\/lepetitseptieme.ca\/en\/\"},{\"@type\":\"ListItem\",\"position\":2,\"name\":\"What&#8217;s New on Prime Video \u2014 June 2022\"}]},{\"@type\":\"WebSite\",\"@id\":\"https:\/\/lepetitseptieme.ca\/en\/#website\",\"url\":\"https:\/\/lepetitseptieme.ca\/en\/\",\"name\":\"Le petit septi\u00e8me\",\"description\":\"Reviews and comments on Quebec, international and author cinema\",\"publisher\":{\"@id\":\"https:\/\/lepetitseptieme.ca\/en\/#organization\"},\"potentialAction\":[{\"@type\":\"SearchAction\",\"target\":{\"@type\":\"EntryPoint\",\"urlTemplate\":\"https:\/\/lepetitseptieme.ca\/en\/?s={search_term_string}\"},\"query-input\":{\"@type\":\"PropertyValueSpecification\",\"valueRequired\":true,\"valueName\":\"search_term_string\"}}],\"inLanguage\":\"en-US\"},{\"@type\":\"Organization\",\"@id\":\"https:\/\/lepetitseptieme.ca\/en\/#organization\",\"name\":\"Le Petit Septi\u00e8me\",\"url\":\"https:\/\/lepetitseptieme.ca\/en\/\",\"logo\":{\"@type\":\"ImageObject\",\"inLanguage\":\"en-US\",\"@id\":\"https:\/\/lepetitseptieme.ca\/en\/#\/schema\/logo\/image\/\",\"url\":\"https:\/\/lepetitseptieme.ca\/wp-content\/uploads\/2016\/05\/cropped-Logo-Le-Petit-Septi\u00e8me-2016-BW.png\",\"contentUrl\":\"https:\/\/lepetitseptieme.ca\/wp-content\/uploads\/2016\/05\/cropped-Logo-Le-Petit-Septi\u00e8me-2016-BW.png\",\"width\":512,\"height\":512,\"caption\":\"Le Petit Septi\u00e8me\"},\"image\":{\"@id\":\"https:\/\/lepetitseptieme.ca\/en\/#\/schema\/logo\/image\/\"},\"sameAs\":[\"https:\/\/www.facebook.com\/pages\/Le-Petit-Septi\u00e8me\/494448933948121?ref=hl\",\"https:\/\/x.com\/LePetitSeptieme\",\"https:\/\/www.youtube.com\/channel\/UC5mdhI_jJvDN1I9fkk5RcIw\"]},{\"@type\":\"Person\",\"@id\":\"https:\/\/lepetitseptieme.ca\/en\/#\/schema\/person\/12a0b9476b07b0f9a7cc8a82db87e8af\",\"name\":\"Francois Grondin\",\"image\":{\"@type\":\"ImageObject\",\"inLanguage\":\"en-US\",\"@id\":\"https:\/\/lepetitseptieme.ca\/en\/#\/schema\/person\/image\/\",\"url\":\"https:\/\/secure.gravatar.com\/avatar\/cbc7d427b20502f8a471e632a3ac28d3200b0a6f80a7e6d8056f088f651d3888?s=96&d=mm&r=r\",\"contentUrl\":\"https:\/\/secure.gravatar.com\/avatar\/cbc7d427b20502f8a471e632a3ac28d3200b0a6f80a7e6d8056f088f651d3888?s=96&d=mm&r=r\",\"caption\":\"Francois Grondin\"},\"description\":\"Sp\u00e9cialiste en cin\u00e9ma international et en communication num\u00e9rique, cin\u00e9aste, photographe et passionn\u00e9 de cin\u00e9ma italien et japonais. Membre du jury pour le festival FICMAN et le SIFA Festival 2022 et, bien s\u00fbr, fier papa de 2!\",\"sameAs\":[\"https:\/\/lepetitseptieme.ca\",\"https:\/\/www.facebook.com\/FGrondinArt\/\",\"https:\/\/www.linkedin.com\/in\/francois-grondin-05895816\/\",\"https:\/\/x.com\/fgrondin1221\"],\"url\":\"https:\/\/lepetitseptieme.ca\/en\/author\/francois\/\"}]}<\/script>\n<!-- \/ Yoast SEO plugin. -->","yoast_head_json":{"title":"What's New on Prime Video \u2014 June 2022 - Le petit septi\u00e8me","description":"Summer is coming and with it, 7 new exclusive Prime Video series. We are not unemployed at Amazon Studios. Here's what's coming.","robots":{"index":"index","follow":"follow","max-snippet":"max-snippet:-1","max-image-preview":"max-image-preview:large","max-video-preview":"max-video-preview:-1"},"canonical":"https:\/\/lepetitseptieme.ca\/en\/2022\/06\/01\/whats-new-on-prime-video-june-2022\/","og_locale":"en_US","og_type":"article","og_title":"What's New on Prime Video \u2014 June 2022 - Le petit septi\u00e8me","og_description":"Summer is coming and with it, 7 new exclusive Prime Video series. We are not unemployed at Amazon Studios. Here's what's coming.","og_url":"https:\/\/lepetitseptieme.ca\/en\/2022\/06\/01\/whats-new-on-prime-video-june-2022\/","og_site_name":"Le petit septi\u00e8me","article_publisher":"https:\/\/www.facebook.com\/pages\/Le-Petit-Septi%c3%a8me\/494448933948121?ref=hl","article_author":"https:\/\/www.facebook.com\/FGrondinArt\/","article_published_time":"2022-06-01T11:00:00+00:00","article_modified_time":"2024-03-13T01:20:19+00:00","og_image":[{"url":"https:\/\/lepetitseptieme.ca\/wp-content\/uploads\/2022\/05\/Nouveautes-Prime-Video-juin-2022-une-1024x576.jpg","type":"","width":"","height":""}],"author":"Francois Grondin","twitter_card":"summary_large_image","twitter_image":"https:\/\/lepetitseptieme.ca\/wp-content\/uploads\/2022\/05\/Nouveautes-Prime-Video-juin-2022-une-1024x576.jpg","twitter_creator":"@fgrondin1221","twitter_site":"@LePetitSeptieme","twitter_misc":{"Written by":"Francois Grondin","Est. reading time":"1 minute"},"schema":{"@context":"https:\/\/schema.org","@graph":[{"@type":"Article","@id":"https:\/\/lepetitseptieme.ca\/en\/2022\/06\/01\/whats-new-on-prime-video-june-2022\/#article","isPartOf":{"@id":"https:\/\/lepetitseptieme.ca\/en\/2022\/06\/01\/whats-new-on-prime-video-june-2022\/"},"author":{"name":"Francois Grondin","@id":"https:\/\/lepetitseptieme.ca\/en\/#\/schema\/person\/12a0b9476b07b0f9a7cc8a82db87e8af"},"headline":"What&#8217;s New on Prime Video \u2014 June 2022","datePublished":"2022-06-01T11:00:00+00:00","dateModified":"2024-03-13T01:20:19+00:00","mainEntityOfPage":{"@id":"https:\/\/lepetitseptieme.ca\/en\/2022\/06\/01\/whats-new-on-prime-video-june-2022\/"},"wordCount":57,"commentCount":0,"publisher":{"@id":"https:\/\/lepetitseptieme.ca\/en\/#organization"},"image":{"@id":"https:\/\/lepetitseptieme.ca\/en\/2022\/06\/01\/whats-new-on-prime-video-june-2022\/#primaryimage"},"thumbnailUrl":"https:\/\/lepetitseptieme.ca\/wp-content\/uploads\/2022\/05\/Nouveautes-Prime-Video-juin-2022-une.jpg","keywords":["Amazon Prime","At Home with the Gils","Backstage with Katherine Ryan","Chloe","Fairfax","The Boys","The lake","The summer I turned pretty"],"articleSection":["News","Series in streaming"],"inLanguage":"en-US","potentialAction":[{"@type":"CommentAction","name":"Comment","target":["https:\/\/lepetitseptieme.ca\/en\/2022\/06\/01\/whats-new-on-prime-video-june-2022\/#respond"]}]},{"@type":"WebPage","@id":"https:\/\/lepetitseptieme.ca\/en\/2022\/06\/01\/whats-new-on-prime-video-june-2022\/","url":"https:\/\/lepetitseptieme.ca\/en\/2022\/06\/01\/whats-new-on-prime-video-june-2022\/","name":"What's New on Prime Video \u2014 June 2022 - Le petit septi\u00e8me","isPartOf":{"@id":"https:\/\/lepetitseptieme.ca\/en\/#website"},"primaryImageOfPage":{"@id":"https:\/\/lepetitseptieme.ca\/en\/2022\/06\/01\/whats-new-on-prime-video-june-2022\/#primaryimage"},"image":{"@id":"https:\/\/lepetitseptieme.ca\/en\/2022\/06\/01\/whats-new-on-prime-video-june-2022\/#primaryimage"},"thumbnailUrl":"https:\/\/lepetitseptieme.ca\/wp-content\/uploads\/2022\/05\/Nouveautes-Prime-Video-juin-2022-une.jpg","datePublished":"2022-06-01T11:00:00+00:00","dateModified":"2024-03-13T01:20:19+00:00","description":"Summer is coming and with it, 7 new exclusive Prime Video series. We are not unemployed at Amazon Studios. Here's what's coming.","breadcrumb":{"@id":"https:\/\/lepetitseptieme.ca\/en\/2022\/06\/01\/whats-new-on-prime-video-june-2022\/#breadcrumb"},"inLanguage":"en-US","potentialAction":[{"@type":"ReadAction","target":["https:\/\/lepetitseptieme.ca\/en\/2022\/06\/01\/whats-new-on-prime-video-june-2022\/"]}]},{"@type":"ImageObject","inLanguage":"en-US","@id":"https:\/\/lepetitseptieme.ca\/en\/2022\/06\/01\/whats-new-on-prime-video-june-2022\/#primaryimage","url":"https:\/\/lepetitseptieme.ca\/wp-content\/uploads\/2022\/05\/Nouveautes-Prime-Video-juin-2022-une.jpg","contentUrl":"https:\/\/lepetitseptieme.ca\/wp-content\/uploads\/2022\/05\/Nouveautes-Prime-Video-juin-2022-une.jpg","width":1920,"height":1080,"caption":"Nouveaut\u00e9s Prime Video juin 2022 - une"},{"@type":"BreadcrumbList","@id":"https:\/\/lepetitseptieme.ca\/en\/2022\/06\/01\/whats-new-on-prime-video-june-2022\/#breadcrumb","itemListElement":[{"@type":"ListItem","position":1,"name":"Home","item":"https:\/\/lepetitseptieme.ca\/en\/"},{"@type":"ListItem","position":2,"name":"What&#8217;s New on Prime Video \u2014 June 2022"}]},{"@type":"WebSite","@id":"https:\/\/lepetitseptieme.ca\/en\/#website","url":"https:\/\/lepetitseptieme.ca\/en\/","name":"Le petit septi\u00e8me","description":"Reviews and comments on Quebec, international and author cinema","publisher":{"@id":"https:\/\/lepetitseptieme.ca\/en\/#organization"},"potentialAction":[{"@type":"SearchAction","target":{"@type":"EntryPoint","urlTemplate":"https:\/\/lepetitseptieme.ca\/en\/?s={search_term_string}"},"query-input":{"@type":"PropertyValueSpecification","valueRequired":true,"valueName":"search_term_string"}}],"inLanguage":"en-US"},{"@type":"Organization","@id":"https:\/\/lepetitseptieme.ca\/en\/#organization","name":"Le Petit Septi\u00e8me","url":"https:\/\/lepetitseptieme.ca\/en\/","logo":{"@type":"ImageObject","inLanguage":"en-US","@id":"https:\/\/lepetitseptieme.ca\/en\/#\/schema\/logo\/image\/","url":"https:\/\/lepetitseptieme.ca\/wp-content\/uploads\/2016\/05\/cropped-Logo-Le-Petit-Septi\u00e8me-2016-BW.png","contentUrl":"https:\/\/lepetitseptieme.ca\/wp-content\/uploads\/2016\/05\/cropped-Logo-Le-Petit-Septi\u00e8me-2016-BW.png","width":512,"height":512,"caption":"Le Petit Septi\u00e8me"},"image":{"@id":"https:\/\/lepetitseptieme.ca\/en\/#\/schema\/logo\/image\/"},"sameAs":["https:\/\/www.facebook.com\/pages\/Le-Petit-Septi\u00e8me\/494448933948121?ref=hl","https:\/\/x.com\/LePetitSeptieme","https:\/\/www.youtube.com\/channel\/UC5mdhI_jJvDN1I9fkk5RcIw"]},{"@type":"Person","@id":"https:\/\/lepetitseptieme.ca\/en\/#\/schema\/person\/12a0b9476b07b0f9a7cc8a82db87e8af","name":"Francois Grondin","image":{"@type":"ImageObject","inLanguage":"en-US","@id":"https:\/\/lepetitseptieme.ca\/en\/#\/schema\/person\/image\/","url":"https:\/\/secure.gravatar.com\/avatar\/cbc7d427b20502f8a471e632a3ac28d3200b0a6f80a7e6d8056f088f651d3888?s=96&d=mm&r=r","contentUrl":"https:\/\/secure.gravatar.com\/avatar\/cbc7d427b20502f8a471e632a3ac28d3200b0a6f80a7e6d8056f088f651d3888?s=96&d=mm&r=r","caption":"Francois Grondin"},"description":"Sp\u00e9cialiste en cin\u00e9ma international et en communication num\u00e9rique, cin\u00e9aste, photographe et passionn\u00e9 de cin\u00e9ma italien et japonais. Membre du jury pour le festival FICMAN et le SIFA Festival 2022 et, bien s\u00fbr, fier papa de 2!","sameAs":["https:\/\/lepetitseptieme.ca","https:\/\/www.facebook.com\/FGrondinArt\/","https:\/\/www.linkedin.com\/in\/francois-grondin-05895816\/","https:\/\/x.com\/fgrondin1221"],"url":"https:\/\/lepetitseptieme.ca\/en\/author\/francois\/"}]}},"_links":{"self":[{"href":"https:\/\/lepetitseptieme.ca\/en\/wp-json\/wp\/v2\/posts\/30241","targetHints":{"allow":["GET"]}}],"collection":[{"href":"https:\/\/lepetitseptieme.ca\/en\/wp-json\/wp\/v2\/posts"}],"about":[{"href":"https:\/\/lepetitseptieme.ca\/en\/wp-json\/wp\/v2\/types\/post"}],"author":[{"embeddable":true,"href":"https:\/\/lepetitseptieme.ca\/en\/wp-json\/wp\/v2\/users\/2"}],"replies":[{"embeddable":true,"href":"https:\/\/lepetitseptieme.ca\/en\/wp-json\/wp\/v2\/comments?post=30241"}],"version-history":[{"count":1,"href":"https:\/\/lepetitseptieme.ca\/en\/wp-json\/wp\/v2\/posts\/30241\/revisions"}],"predecessor-version":[{"id":30242,"href":"https:\/\/lepetitseptieme.ca\/en\/wp-json\/wp\/v2\/posts\/30241\/revisions\/30242"}],"wp:featuredmedia":[{"embeddable":true,"href":"https:\/\/lepetitseptieme.ca\/en\/wp-json\/wp\/v2\/media\/30232"}],"wp:attachment":[{"href":"https:\/\/lepetitseptieme.ca\/en\/wp-json\/wp\/v2\/media?parent=30241"}],"wp:term":[{"taxonomy":"category","embeddable":true,"href":"https:\/\/lepetitseptieme.ca\/en\/wp-json\/wp\/v2\/categories?post=30241"},{"taxonomy":"post_tag","embeddable":true,"href":"https:\/\/lepetitseptieme.ca\/en\/wp-json\/wp\/v2\/tags?post=30241"}],"curies":[{"name":"wp","href":"https:\/\/api.w.org\/{rel}","templated":true}]}}