{"id":16713,"date":"2021-11-13T17:00:41","date_gmt":"2021-11-13T22:00:41","guid":{"rendered":"https:\/\/lepetitseptieme.ca\/?p=16713"},"modified":"2024-05-09T13:47:11","modified_gmt":"2024-05-09T17:47:11","slug":"ridm-dehors-serge-dehors-6-years-without-going-out","status":"publish","type":"post","link":"https:\/\/lepetitseptieme.ca\/en\/2021\/11\/13\/ridm-dehors-serge-dehors-6-years-without-going-out\/","title":{"rendered":"[RIDM] Dehors Serge Dehors \u2014 6 Years Without Going Out"},"content":{"rendered":"<p><span style=\"font-weight: 400;\"><a href=\"https:\/\/lepetitseptieme.ca\/wp-content\/uploads\/2021\/11\/AFFICHE_officielle-Dehors-Serge-Dehors.jpg\"><img loading=\"lazy\" decoding=\"async\" class=\"alignleft wp-image-16705\" src=\"https:\/\/lepetitseptieme.ca\/wp-content\/uploads\/2021\/11\/AFFICHE_officielle-Dehors-Serge-Dehors-194x300.jpg\" alt=\"AFFICHE_officielle - Dehors Serge Dehors\" width=\"150\" height=\"232\" srcset=\"https:\/\/lepetitseptieme.ca\/wp-content\/uploads\/2021\/11\/AFFICHE_officielle-Dehors-Serge-Dehors-194x300.jpg 194w, https:\/\/lepetitseptieme.ca\/wp-content\/uploads\/2021\/11\/AFFICHE_officielle-Dehors-Serge-Dehors-661x1024.jpg 661w, https:\/\/lepetitseptieme.ca\/wp-content\/uploads\/2021\/11\/AFFICHE_officielle-Dehors-Serge-Dehors-768x1190.jpg 768w, https:\/\/lepetitseptieme.ca\/wp-content\/uploads\/2021\/11\/AFFICHE_officielle-Dehors-Serge-Dehors-991x1536.jpg 991w, https:\/\/lepetitseptieme.ca\/wp-content\/uploads\/2021\/11\/AFFICHE_officielle-Dehors-Serge-Dehors-600x930.jpg 600w, https:\/\/lepetitseptieme.ca\/wp-content\/uploads\/2021\/11\/AFFICHE_officielle-Dehors-Serge-Dehors-39x60.jpg 39w, https:\/\/lepetitseptieme.ca\/wp-content\/uploads\/2021\/11\/AFFICHE_officielle-Dehors-Serge-Dehors-58x90.jpg 58w, https:\/\/lepetitseptieme.ca\/wp-content\/uploads\/2021\/11\/AFFICHE_officielle-Dehors-Serge-Dehors.jpg 1198w\" sizes=\"auto, (max-width: 150px) 100vw, 150px\" \/><\/a>Why is this article not available in English?<\/span><\/p>\n<p><span style=\"font-weight: 400;\">Unfortunately, we do not have the necessary financial support to provide a good translation of each of our texts.<\/span><\/p>\n<p><span style=\"font-weight: 400;\">Support us by purchasing one of <\/span><a href=\"https:\/\/lepetitseptieme.ca\/en\/store\/\"><span style=\"font-weight: 400;\">our products<\/span><\/a><span style=\"font-weight: 400;\"> or with <\/span><a href=\"https:\/\/lepetitseptieme.ca\/en\/produit\/donation\/\"><span style=\"font-weight: 400;\">a $1 donation<\/span><\/a><span style=\"font-weight: 400;\"> so we can make it!<\/span><\/p>\n<p><span style=\"font-weight: 400;\">You can still watch the trailer&#8230;<\/span><\/p>\n<p>&nbsp;<\/p>\n<p><iframe loading=\"lazy\" src=\"\/\/www.youtube.com\/embed\/J96w508Ukes\" width=\"560\" height=\"314\" allowfullscreen=\"allowfullscreen\"><\/iframe><\/p>\n","protected":false},"excerpt":{"rendered":"<p>Why is this article not available in English? Unfortunately, we do not have the necessary financial support to provide a good translation of each of our texts. Support us by purchasing one of our products or with a $1 donation so we can make it! You can still watch the trailer&#8230; &nbsp;<\/p>\n","protected":false},"author":2,"featured_media":16706,"comment_status":"open","ping_status":"open","sticky":false,"template":"","format":"standard","meta":{"_acf_changed":false,"site-sidebar-layout":"default","site-content-layout":"","ast-site-content-layout":"default","site-content-style":"default","site-sidebar-style":"default","ast-global-header-display":"","ast-banner-title-visibility":"","ast-main-header-display":"","ast-hfb-above-header-display":"","ast-hfb-below-header-display":"","ast-hfb-mobile-header-display":"","site-post-title":"","ast-breadcrumbs-content":"","ast-featured-img":"","footer-sml-layout":"","ast-disable-related-posts":"","theme-transparent-header-meta":"","adv-header-id-meta":"","stick-header-meta":"","header-above-stick-meta":"","header-main-stick-meta":"","header-below-stick-meta":"","astra-migrate-meta-layouts":"default","ast-page-background-enabled":"default","ast-page-background-meta":{"desktop":{"background-color":"var(--ast-global-color-4)","background-image":"","background-repeat":"repeat","background-position":"center center","background-size":"auto","background-attachment":"scroll","background-type":"","background-media":"","overlay-type":"","overlay-color":"","overlay-opacity":"","overlay-gradient":""},"tablet":{"background-color":"","background-image":"","background-repeat":"repeat","background-position":"center center","background-size":"auto","background-attachment":"scroll","background-type":"","background-media":"","overlay-type":"","overlay-color":"","overlay-opacity":"","overlay-gradient":""},"mobile":{"background-color":"","background-image":"","background-repeat":"repeat","background-position":"center center","background-size":"auto","background-attachment":"scroll","background-type":"","background-media":"","overlay-type":"","overlay-color":"","overlay-opacity":"","overlay-gradient":""}},"ast-content-background-meta":{"desktop":{"background-color":"var(--ast-global-color-5)","background-image":"","background-repeat":"repeat","background-position":"center center","background-size":"auto","background-attachment":"scroll","background-type":"","background-media":"","overlay-type":"","overlay-color":"","overlay-opacity":"","overlay-gradient":""},"tablet":{"background-color":"var(--ast-global-color-5)","background-image":"","background-repeat":"repeat","background-position":"center center","background-size":"auto","background-attachment":"scroll","background-type":"","background-media":"","overlay-type":"","overlay-color":"","overlay-opacity":"","overlay-gradient":""},"mobile":{"background-color":"var(--ast-global-color-5)","background-image":"","background-repeat":"repeat","background-position":"center center","background-size":"auto","background-attachment":"scroll","background-type":"","background-media":"","overlay-type":"","overlay-color":"","overlay-opacity":"","overlay-gradient":""}},"footnotes":""},"categories":[5440,20833,5164,5522],"tags":[10414,21637,21639,6089,21628,21641],"class_list":["post-16713","post","type-post","status-publish","format-standard","has-post-thumbnail","hentry","category-documentaries","category-festivals-coverage","category-newly-available","category-quebecers-films","tag-depression-en","tag-martin-fournier-en","tag-pier-luc-latulippe-en","tag-ridm-en","tag-ridm-2021-en","tag-serge-theriault-en"],"acf":[],"yoast_head":"<!-- This site is optimized with the Yoast SEO plugin v27.1.1 - https:\/\/yoast.com\/product\/yoast-seo-wordpress\/ -->\n<title>[RIDM] Dehors Serge Dehors \u2014 6 Years Without Going Out - Le petit septi\u00e8me<\/title>\n<meta name=\"description\" content=\"With Dehors Serge Dehors, Martin Fournier and Pier-Luc Latulippe offer a film about the waiting and the tale of a slow rise to light and a cry from the heart to extricate Serge Th\u00e9riault from the clutches of mental illness.\" \/>\n<meta name=\"robots\" content=\"index, follow, max-snippet:-1, max-image-preview:large, max-video-preview:-1\" \/>\n<link rel=\"canonical\" href=\"https:\/\/lepetitseptieme.ca\/en\/2021\/11\/13\/ridm-dehors-serge-dehors-6-years-without-going-out\/\" \/>\n<meta property=\"og:locale\" content=\"en_US\" \/>\n<meta property=\"og:type\" content=\"article\" \/>\n<meta property=\"og:title\" content=\"[RIDM] Dehors Serge Dehors \u2014 6 ans sans sortir\" \/>\n<meta property=\"og:description\" content=\"Avec Dehors Serge dehors, Martin Fournier et Pier-Luc Latulippe offrent un film sur l\u2019attente et le r\u00e9cit d\u2019une lente remont\u00e9e vers la lumi\u00e8re et un cri du c\u0153ur pour extirper Serge Th\u00e9riault des griffes de la maladie mentale.\" \/>\n<meta property=\"og:url\" content=\"https:\/\/lepetitseptieme.ca\/en\/2021\/11\/13\/ridm-dehors-serge-dehors-6-years-without-going-out\/\" \/>\n<meta property=\"og:site_name\" content=\"Le petit septi\u00e8me\" \/>\n<meta property=\"article:publisher\" content=\"https:\/\/www.facebook.com\/pages\/Le-Petit-Septi%c3%a8me\/494448933948121?ref=hl\" \/>\n<meta property=\"article:author\" content=\"https:\/\/www.facebook.com\/FGrondinArt\/\" \/>\n<meta property=\"article:published_time\" content=\"2021-11-13T22:00:41+00:00\" \/>\n<meta property=\"article:modified_time\" content=\"2024-05-09T17:47:11+00:00\" \/>\n<meta property=\"og:image\" content=\"https:\/\/lepetitseptieme.ca\/wp-content\/uploads\/2021\/11\/Dehors-Serge-Dehors-Une.jpg\" \/>\n<meta name=\"author\" content=\"Francois Grondin\" \/>\n<meta name=\"twitter:card\" content=\"summary_large_image\" \/>\n<meta name=\"twitter:title\" content=\"[RIDM] Dehors Serge Dehors \u2014 6 ans sans sortir\" \/>\n<meta name=\"twitter:description\" content=\"Avec Dehors Serge dehors, Martin Fournier et Pier-Luc Latulippe offrent un film sur l\u2019attente et le r\u00e9cit d\u2019une lente remont\u00e9e vers la lumi\u00e8re et un cri du c\u0153ur pour extirper Serge Th\u00e9riault des griffes de la maladie mentale.\" \/>\n<meta name=\"twitter:image\" content=\"https:\/\/lepetitseptieme.ca\/wp-content\/uploads\/2021\/11\/Dehors-Serge-Dehors-Une.jpg\" \/>\n<meta name=\"twitter:creator\" content=\"@fgrondin1221\" \/>\n<meta name=\"twitter:site\" content=\"@LePetitSeptieme\" \/>\n<meta name=\"twitter:label1\" content=\"Written by\" \/>\n\t<meta name=\"twitter:data1\" content=\"Francois Grondin\" \/>\n\t<meta name=\"twitter:label2\" content=\"Est. reading time\" \/>\n\t<meta name=\"twitter:data2\" content=\"1 minute\" \/>\n<script type=\"application\/ld+json\" class=\"yoast-schema-graph\">{\"@context\":\"https:\/\/schema.org\",\"@graph\":[{\"@type\":\"Article\",\"@id\":\"https:\/\/lepetitseptieme.ca\/en\/2021\/11\/13\/ridm-dehors-serge-dehors-6-years-without-going-out\/#article\",\"isPartOf\":{\"@id\":\"https:\/\/lepetitseptieme.ca\/en\/2021\/11\/13\/ridm-dehors-serge-dehors-6-years-without-going-out\/\"},\"author\":{\"name\":\"Francois Grondin\",\"@id\":\"https:\/\/lepetitseptieme.ca\/en\/#\/schema\/person\/12a0b9476b07b0f9a7cc8a82db87e8af\"},\"headline\":\"[RIDM] Dehors Serge Dehors \u2014 6 Years Without Going Out\",\"datePublished\":\"2021-11-13T22:00:41+00:00\",\"dateModified\":\"2024-05-09T17:47:11+00:00\",\"mainEntityOfPage\":{\"@id\":\"https:\/\/lepetitseptieme.ca\/en\/2021\/11\/13\/ridm-dehors-serge-dehors-6-years-without-going-out\/\"},\"wordCount\":59,\"commentCount\":0,\"publisher\":{\"@id\":\"https:\/\/lepetitseptieme.ca\/en\/#organization\"},\"image\":{\"@id\":\"https:\/\/lepetitseptieme.ca\/en\/2021\/11\/13\/ridm-dehors-serge-dehors-6-years-without-going-out\/#primaryimage\"},\"thumbnailUrl\":\"https:\/\/lepetitseptieme.ca\/wp-content\/uploads\/2021\/11\/Dehors-Serge-Dehors-Une.jpg\",\"keywords\":[\"D\u00e9pression\",\"Martin Fournier\",\"Pier-Luc Latulippe\",\"RIDM\",\"RIDM 2021\",\"Serge Th\u00e9riault\"],\"articleSection\":[\"Documentaries\",\"Festivals coverage\",\"Newly available\",\"Quebecers movies\"],\"inLanguage\":\"en-US\",\"potentialAction\":[{\"@type\":\"CommentAction\",\"name\":\"Comment\",\"target\":[\"https:\/\/lepetitseptieme.ca\/en\/2021\/11\/13\/ridm-dehors-serge-dehors-6-years-without-going-out\/#respond\"]}]},{\"@type\":\"WebPage\",\"@id\":\"https:\/\/lepetitseptieme.ca\/en\/2021\/11\/13\/ridm-dehors-serge-dehors-6-years-without-going-out\/\",\"url\":\"https:\/\/lepetitseptieme.ca\/en\/2021\/11\/13\/ridm-dehors-serge-dehors-6-years-without-going-out\/\",\"name\":\"[RIDM] Dehors Serge Dehors \u2014 6 Years Without Going Out - Le petit septi\u00e8me\",\"isPartOf\":{\"@id\":\"https:\/\/lepetitseptieme.ca\/en\/#website\"},\"primaryImageOfPage\":{\"@id\":\"https:\/\/lepetitseptieme.ca\/en\/2021\/11\/13\/ridm-dehors-serge-dehors-6-years-without-going-out\/#primaryimage\"},\"image\":{\"@id\":\"https:\/\/lepetitseptieme.ca\/en\/2021\/11\/13\/ridm-dehors-serge-dehors-6-years-without-going-out\/#primaryimage\"},\"thumbnailUrl\":\"https:\/\/lepetitseptieme.ca\/wp-content\/uploads\/2021\/11\/Dehors-Serge-Dehors-Une.jpg\",\"datePublished\":\"2021-11-13T22:00:41+00:00\",\"dateModified\":\"2024-05-09T17:47:11+00:00\",\"description\":\"With Dehors Serge Dehors, Martin Fournier and Pier-Luc Latulippe offer a film about the waiting and the tale of a slow rise to light and a cry from the heart to extricate Serge Th\u00e9riault from the clutches of mental illness.\",\"breadcrumb\":{\"@id\":\"https:\/\/lepetitseptieme.ca\/en\/2021\/11\/13\/ridm-dehors-serge-dehors-6-years-without-going-out\/#breadcrumb\"},\"inLanguage\":\"en-US\",\"potentialAction\":[{\"@type\":\"ReadAction\",\"target\":[\"https:\/\/lepetitseptieme.ca\/en\/2021\/11\/13\/ridm-dehors-serge-dehors-6-years-without-going-out\/\"]}]},{\"@type\":\"ImageObject\",\"inLanguage\":\"en-US\",\"@id\":\"https:\/\/lepetitseptieme.ca\/en\/2021\/11\/13\/ridm-dehors-serge-dehors-6-years-without-going-out\/#primaryimage\",\"url\":\"https:\/\/lepetitseptieme.ca\/wp-content\/uploads\/2021\/11\/Dehors-Serge-Dehors-Une.jpg\",\"contentUrl\":\"https:\/\/lepetitseptieme.ca\/wp-content\/uploads\/2021\/11\/Dehors-Serge-Dehors-Une.jpg\",\"width\":1920,\"height\":1080,\"caption\":\"Dehors Serge Dehors - Une\"},{\"@type\":\"BreadcrumbList\",\"@id\":\"https:\/\/lepetitseptieme.ca\/en\/2021\/11\/13\/ridm-dehors-serge-dehors-6-years-without-going-out\/#breadcrumb\",\"itemListElement\":[{\"@type\":\"ListItem\",\"position\":1,\"name\":\"Home\",\"item\":\"https:\/\/lepetitseptieme.ca\/en\/\"},{\"@type\":\"ListItem\",\"position\":2,\"name\":\"[RIDM] Dehors Serge Dehors \u2014 6 Years Without Going Out\"}]},{\"@type\":\"WebSite\",\"@id\":\"https:\/\/lepetitseptieme.ca\/en\/#website\",\"url\":\"https:\/\/lepetitseptieme.ca\/en\/\",\"name\":\"Le petit septi\u00e8me\",\"description\":\"Reviews and comments on Quebec, international and author cinema\",\"publisher\":{\"@id\":\"https:\/\/lepetitseptieme.ca\/en\/#organization\"},\"potentialAction\":[{\"@type\":\"SearchAction\",\"target\":{\"@type\":\"EntryPoint\",\"urlTemplate\":\"https:\/\/lepetitseptieme.ca\/en\/?s={search_term_string}\"},\"query-input\":{\"@type\":\"PropertyValueSpecification\",\"valueRequired\":true,\"valueName\":\"search_term_string\"}}],\"inLanguage\":\"en-US\"},{\"@type\":\"Organization\",\"@id\":\"https:\/\/lepetitseptieme.ca\/en\/#organization\",\"name\":\"Le Petit Septi\u00e8me\",\"url\":\"https:\/\/lepetitseptieme.ca\/en\/\",\"logo\":{\"@type\":\"ImageObject\",\"inLanguage\":\"en-US\",\"@id\":\"https:\/\/lepetitseptieme.ca\/en\/#\/schema\/logo\/image\/\",\"url\":\"https:\/\/lepetitseptieme.ca\/wp-content\/uploads\/2016\/05\/cropped-Logo-Le-Petit-Septi\u00e8me-2016-BW.png\",\"contentUrl\":\"https:\/\/lepetitseptieme.ca\/wp-content\/uploads\/2016\/05\/cropped-Logo-Le-Petit-Septi\u00e8me-2016-BW.png\",\"width\":512,\"height\":512,\"caption\":\"Le Petit Septi\u00e8me\"},\"image\":{\"@id\":\"https:\/\/lepetitseptieme.ca\/en\/#\/schema\/logo\/image\/\"},\"sameAs\":[\"https:\/\/www.facebook.com\/pages\/Le-Petit-Septi\u00e8me\/494448933948121?ref=hl\",\"https:\/\/x.com\/LePetitSeptieme\",\"https:\/\/www.youtube.com\/channel\/UC5mdhI_jJvDN1I9fkk5RcIw\"]},{\"@type\":\"Person\",\"@id\":\"https:\/\/lepetitseptieme.ca\/en\/#\/schema\/person\/12a0b9476b07b0f9a7cc8a82db87e8af\",\"name\":\"Francois Grondin\",\"image\":{\"@type\":\"ImageObject\",\"inLanguage\":\"en-US\",\"@id\":\"https:\/\/lepetitseptieme.ca\/en\/#\/schema\/person\/image\/\",\"url\":\"https:\/\/secure.gravatar.com\/avatar\/cbc7d427b20502f8a471e632a3ac28d3200b0a6f80a7e6d8056f088f651d3888?s=96&d=mm&r=r\",\"contentUrl\":\"https:\/\/secure.gravatar.com\/avatar\/cbc7d427b20502f8a471e632a3ac28d3200b0a6f80a7e6d8056f088f651d3888?s=96&d=mm&r=r\",\"caption\":\"Francois Grondin\"},\"description\":\"Sp\u00e9cialiste en cin\u00e9ma international et en communication num\u00e9rique, cin\u00e9aste, photographe et passionn\u00e9 de cin\u00e9ma italien et japonais. Membre du jury pour le festival FICMAN et le SIFA Festival 2022 et, bien s\u00fbr, fier papa de 2!\",\"sameAs\":[\"https:\/\/lepetitseptieme.ca\",\"https:\/\/www.facebook.com\/FGrondinArt\/\",\"https:\/\/www.linkedin.com\/in\/francois-grondin-05895816\/\",\"https:\/\/x.com\/fgrondin1221\"],\"url\":\"https:\/\/lepetitseptieme.ca\/en\/author\/francois\/\"}]}<\/script>\n<!-- \/ Yoast SEO plugin. -->","yoast_head_json":{"title":"[RIDM] Dehors Serge Dehors \u2014 6 Years Without Going Out - Le petit septi\u00e8me","description":"With Dehors Serge Dehors, Martin Fournier and Pier-Luc Latulippe offer a film about the waiting and the tale of a slow rise to light and a cry from the heart to extricate Serge Th\u00e9riault from the clutches of mental illness.","robots":{"index":"index","follow":"follow","max-snippet":"max-snippet:-1","max-image-preview":"max-image-preview:large","max-video-preview":"max-video-preview:-1"},"canonical":"https:\/\/lepetitseptieme.ca\/en\/2021\/11\/13\/ridm-dehors-serge-dehors-6-years-without-going-out\/","og_locale":"en_US","og_type":"article","og_title":"[RIDM] Dehors Serge Dehors \u2014 6 ans sans sortir","og_description":"Avec Dehors Serge dehors, Martin Fournier et Pier-Luc Latulippe offrent un film sur l\u2019attente et le r\u00e9cit d\u2019une lente remont\u00e9e vers la lumi\u00e8re et un cri du c\u0153ur pour extirper Serge Th\u00e9riault des griffes de la maladie mentale.","og_url":"https:\/\/lepetitseptieme.ca\/en\/2021\/11\/13\/ridm-dehors-serge-dehors-6-years-without-going-out\/","og_site_name":"Le petit septi\u00e8me","article_publisher":"https:\/\/www.facebook.com\/pages\/Le-Petit-Septi%c3%a8me\/494448933948121?ref=hl","article_author":"https:\/\/www.facebook.com\/FGrondinArt\/","article_published_time":"2021-11-13T22:00:41+00:00","article_modified_time":"2024-05-09T17:47:11+00:00","og_image":[{"url":"https:\/\/lepetitseptieme.ca\/wp-content\/uploads\/2021\/11\/Dehors-Serge-Dehors-Une.jpg","type":"","width":"","height":""}],"author":"Francois Grondin","twitter_card":"summary_large_image","twitter_title":"[RIDM] Dehors Serge Dehors \u2014 6 ans sans sortir","twitter_description":"Avec Dehors Serge dehors, Martin Fournier et Pier-Luc Latulippe offrent un film sur l\u2019attente et le r\u00e9cit d\u2019une lente remont\u00e9e vers la lumi\u00e8re et un cri du c\u0153ur pour extirper Serge Th\u00e9riault des griffes de la maladie mentale.","twitter_image":"https:\/\/lepetitseptieme.ca\/wp-content\/uploads\/2021\/11\/Dehors-Serge-Dehors-Une.jpg","twitter_creator":"@fgrondin1221","twitter_site":"@LePetitSeptieme","twitter_misc":{"Written by":"Francois Grondin","Est. reading time":"1 minute"},"schema":{"@context":"https:\/\/schema.org","@graph":[{"@type":"Article","@id":"https:\/\/lepetitseptieme.ca\/en\/2021\/11\/13\/ridm-dehors-serge-dehors-6-years-without-going-out\/#article","isPartOf":{"@id":"https:\/\/lepetitseptieme.ca\/en\/2021\/11\/13\/ridm-dehors-serge-dehors-6-years-without-going-out\/"},"author":{"name":"Francois Grondin","@id":"https:\/\/lepetitseptieme.ca\/en\/#\/schema\/person\/12a0b9476b07b0f9a7cc8a82db87e8af"},"headline":"[RIDM] Dehors Serge Dehors \u2014 6 Years Without Going Out","datePublished":"2021-11-13T22:00:41+00:00","dateModified":"2024-05-09T17:47:11+00:00","mainEntityOfPage":{"@id":"https:\/\/lepetitseptieme.ca\/en\/2021\/11\/13\/ridm-dehors-serge-dehors-6-years-without-going-out\/"},"wordCount":59,"commentCount":0,"publisher":{"@id":"https:\/\/lepetitseptieme.ca\/en\/#organization"},"image":{"@id":"https:\/\/lepetitseptieme.ca\/en\/2021\/11\/13\/ridm-dehors-serge-dehors-6-years-without-going-out\/#primaryimage"},"thumbnailUrl":"https:\/\/lepetitseptieme.ca\/wp-content\/uploads\/2021\/11\/Dehors-Serge-Dehors-Une.jpg","keywords":["D\u00e9pression","Martin Fournier","Pier-Luc Latulippe","RIDM","RIDM 2021","Serge Th\u00e9riault"],"articleSection":["Documentaries","Festivals coverage","Newly available","Quebecers movies"],"inLanguage":"en-US","potentialAction":[{"@type":"CommentAction","name":"Comment","target":["https:\/\/lepetitseptieme.ca\/en\/2021\/11\/13\/ridm-dehors-serge-dehors-6-years-without-going-out\/#respond"]}]},{"@type":"WebPage","@id":"https:\/\/lepetitseptieme.ca\/en\/2021\/11\/13\/ridm-dehors-serge-dehors-6-years-without-going-out\/","url":"https:\/\/lepetitseptieme.ca\/en\/2021\/11\/13\/ridm-dehors-serge-dehors-6-years-without-going-out\/","name":"[RIDM] Dehors Serge Dehors \u2014 6 Years Without Going Out - Le petit septi\u00e8me","isPartOf":{"@id":"https:\/\/lepetitseptieme.ca\/en\/#website"},"primaryImageOfPage":{"@id":"https:\/\/lepetitseptieme.ca\/en\/2021\/11\/13\/ridm-dehors-serge-dehors-6-years-without-going-out\/#primaryimage"},"image":{"@id":"https:\/\/lepetitseptieme.ca\/en\/2021\/11\/13\/ridm-dehors-serge-dehors-6-years-without-going-out\/#primaryimage"},"thumbnailUrl":"https:\/\/lepetitseptieme.ca\/wp-content\/uploads\/2021\/11\/Dehors-Serge-Dehors-Une.jpg","datePublished":"2021-11-13T22:00:41+00:00","dateModified":"2024-05-09T17:47:11+00:00","description":"With Dehors Serge Dehors, Martin Fournier and Pier-Luc Latulippe offer a film about the waiting and the tale of a slow rise to light and a cry from the heart to extricate Serge Th\u00e9riault from the clutches of mental illness.","breadcrumb":{"@id":"https:\/\/lepetitseptieme.ca\/en\/2021\/11\/13\/ridm-dehors-serge-dehors-6-years-without-going-out\/#breadcrumb"},"inLanguage":"en-US","potentialAction":[{"@type":"ReadAction","target":["https:\/\/lepetitseptieme.ca\/en\/2021\/11\/13\/ridm-dehors-serge-dehors-6-years-without-going-out\/"]}]},{"@type":"ImageObject","inLanguage":"en-US","@id":"https:\/\/lepetitseptieme.ca\/en\/2021\/11\/13\/ridm-dehors-serge-dehors-6-years-without-going-out\/#primaryimage","url":"https:\/\/lepetitseptieme.ca\/wp-content\/uploads\/2021\/11\/Dehors-Serge-Dehors-Une.jpg","contentUrl":"https:\/\/lepetitseptieme.ca\/wp-content\/uploads\/2021\/11\/Dehors-Serge-Dehors-Une.jpg","width":1920,"height":1080,"caption":"Dehors Serge Dehors - Une"},{"@type":"BreadcrumbList","@id":"https:\/\/lepetitseptieme.ca\/en\/2021\/11\/13\/ridm-dehors-serge-dehors-6-years-without-going-out\/#breadcrumb","itemListElement":[{"@type":"ListItem","position":1,"name":"Home","item":"https:\/\/lepetitseptieme.ca\/en\/"},{"@type":"ListItem","position":2,"name":"[RIDM] Dehors Serge Dehors \u2014 6 Years Without Going Out"}]},{"@type":"WebSite","@id":"https:\/\/lepetitseptieme.ca\/en\/#website","url":"https:\/\/lepetitseptieme.ca\/en\/","name":"Le petit septi\u00e8me","description":"Reviews and comments on Quebec, international and author cinema","publisher":{"@id":"https:\/\/lepetitseptieme.ca\/en\/#organization"},"potentialAction":[{"@type":"SearchAction","target":{"@type":"EntryPoint","urlTemplate":"https:\/\/lepetitseptieme.ca\/en\/?s={search_term_string}"},"query-input":{"@type":"PropertyValueSpecification","valueRequired":true,"valueName":"search_term_string"}}],"inLanguage":"en-US"},{"@type":"Organization","@id":"https:\/\/lepetitseptieme.ca\/en\/#organization","name":"Le Petit Septi\u00e8me","url":"https:\/\/lepetitseptieme.ca\/en\/","logo":{"@type":"ImageObject","inLanguage":"en-US","@id":"https:\/\/lepetitseptieme.ca\/en\/#\/schema\/logo\/image\/","url":"https:\/\/lepetitseptieme.ca\/wp-content\/uploads\/2016\/05\/cropped-Logo-Le-Petit-Septi\u00e8me-2016-BW.png","contentUrl":"https:\/\/lepetitseptieme.ca\/wp-content\/uploads\/2016\/05\/cropped-Logo-Le-Petit-Septi\u00e8me-2016-BW.png","width":512,"height":512,"caption":"Le Petit Septi\u00e8me"},"image":{"@id":"https:\/\/lepetitseptieme.ca\/en\/#\/schema\/logo\/image\/"},"sameAs":["https:\/\/www.facebook.com\/pages\/Le-Petit-Septi\u00e8me\/494448933948121?ref=hl","https:\/\/x.com\/LePetitSeptieme","https:\/\/www.youtube.com\/channel\/UC5mdhI_jJvDN1I9fkk5RcIw"]},{"@type":"Person","@id":"https:\/\/lepetitseptieme.ca\/en\/#\/schema\/person\/12a0b9476b07b0f9a7cc8a82db87e8af","name":"Francois Grondin","image":{"@type":"ImageObject","inLanguage":"en-US","@id":"https:\/\/lepetitseptieme.ca\/en\/#\/schema\/person\/image\/","url":"https:\/\/secure.gravatar.com\/avatar\/cbc7d427b20502f8a471e632a3ac28d3200b0a6f80a7e6d8056f088f651d3888?s=96&d=mm&r=r","contentUrl":"https:\/\/secure.gravatar.com\/avatar\/cbc7d427b20502f8a471e632a3ac28d3200b0a6f80a7e6d8056f088f651d3888?s=96&d=mm&r=r","caption":"Francois Grondin"},"description":"Sp\u00e9cialiste en cin\u00e9ma international et en communication num\u00e9rique, cin\u00e9aste, photographe et passionn\u00e9 de cin\u00e9ma italien et japonais. Membre du jury pour le festival FICMAN et le SIFA Festival 2022 et, bien s\u00fbr, fier papa de 2!","sameAs":["https:\/\/lepetitseptieme.ca","https:\/\/www.facebook.com\/FGrondinArt\/","https:\/\/www.linkedin.com\/in\/francois-grondin-05895816\/","https:\/\/x.com\/fgrondin1221"],"url":"https:\/\/lepetitseptieme.ca\/en\/author\/francois\/"}]}},"_links":{"self":[{"href":"https:\/\/lepetitseptieme.ca\/en\/wp-json\/wp\/v2\/posts\/16713","targetHints":{"allow":["GET"]}}],"collection":[{"href":"https:\/\/lepetitseptieme.ca\/en\/wp-json\/wp\/v2\/posts"}],"about":[{"href":"https:\/\/lepetitseptieme.ca\/en\/wp-json\/wp\/v2\/types\/post"}],"author":[{"embeddable":true,"href":"https:\/\/lepetitseptieme.ca\/en\/wp-json\/wp\/v2\/users\/2"}],"replies":[{"embeddable":true,"href":"https:\/\/lepetitseptieme.ca\/en\/wp-json\/wp\/v2\/comments?post=16713"}],"version-history":[{"count":1,"href":"https:\/\/lepetitseptieme.ca\/en\/wp-json\/wp\/v2\/posts\/16713\/revisions"}],"predecessor-version":[{"id":16714,"href":"https:\/\/lepetitseptieme.ca\/en\/wp-json\/wp\/v2\/posts\/16713\/revisions\/16714"}],"wp:featuredmedia":[{"embeddable":true,"href":"https:\/\/lepetitseptieme.ca\/en\/wp-json\/wp\/v2\/media\/16706"}],"wp:attachment":[{"href":"https:\/\/lepetitseptieme.ca\/en\/wp-json\/wp\/v2\/media?parent=16713"}],"wp:term":[{"taxonomy":"category","embeddable":true,"href":"https:\/\/lepetitseptieme.ca\/en\/wp-json\/wp\/v2\/categories?post=16713"},{"taxonomy":"post_tag","embeddable":true,"href":"https:\/\/lepetitseptieme.ca\/en\/wp-json\/wp\/v2\/tags?post=16713"}],"curies":[{"name":"wp","href":"https:\/\/api.w.org\/{rel}","templated":true}]}}