{"id":15815,"date":"2021-09-10T06:30:26","date_gmt":"2021-09-10T10:30:26","guid":{"rendered":"https:\/\/lepetitseptieme.ca\/?p=15815"},"modified":"2024-05-19T18:49:00","modified_gmt":"2024-05-19T22:49:00","slug":"sin-la-habana-life-plan","status":"publish","type":"post","link":"https:\/\/lepetitseptieme.ca\/en\/2021\/09\/10\/sin-la-habana-life-plan\/","title":{"rendered":"Sin La Habana \u2013 Life plan"},"content":{"rendered":"\n<figure class=\"wp-block-image alignleft\"><a href=\"https:\/\/lepetitseptieme.ca\/wp-content\/uploads\/2021\/09\/SinLaHabana_WEB_bientot.jpg\"><img loading=\"lazy\" decoding=\"async\" width=\"208\" height=\"300\" src=\"https:\/\/lepetitseptieme.ca\/wp-content\/uploads\/2021\/09\/SinLaHabana_WEB_bientot-208x300.jpg\" alt=\"Sin La Habana - Poster\" class=\"wp-image-15808\" srcset=\"https:\/\/lepetitseptieme.ca\/wp-content\/uploads\/2021\/09\/SinLaHabana_WEB_bientot-208x300.jpg 208w, https:\/\/lepetitseptieme.ca\/wp-content\/uploads\/2021\/09\/SinLaHabana_WEB_bientot-709x1024.jpg 709w, https:\/\/lepetitseptieme.ca\/wp-content\/uploads\/2021\/09\/SinLaHabana_WEB_bientot-768x1110.jpg 768w, https:\/\/lepetitseptieme.ca\/wp-content\/uploads\/2021\/09\/SinLaHabana_WEB_bientot-600x867.jpg 600w, https:\/\/lepetitseptieme.ca\/wp-content\/uploads\/2021\/09\/SinLaHabana_WEB_bientot-42x60.jpg 42w, https:\/\/lepetitseptieme.ca\/wp-content\/uploads\/2021\/09\/SinLaHabana_WEB_bientot-62x90.jpg 62w, https:\/\/lepetitseptieme.ca\/wp-content\/uploads\/2021\/09\/SinLaHabana_WEB_bientot.jpg 800w\" sizes=\"auto, (max-width: 208px) 100vw, 208px\" \/><\/a><\/figure>\n\n\n\n<p><span style=\"font-weight: 400;\">Why is this article not available in English?<\/span><\/p>\n\n\n\n<p><span style=\"font-weight: 400;\">Unfortunately, we do not have the necessary financial support to provide a good translation of each of our texts.<\/span><\/p>\n\n\n\n<p><span style=\"font-weight: 400;\">Support us by purchasing one of <\/span><a href=\"https:\/\/lepetitseptieme.ca\/en\/store\/\"><span style=\"font-weight: 400;\">our products<\/span><\/a><span style=\"font-weight: 400;\"> or with <\/span><a href=\"https:\/\/lepetitseptieme.ca\/en\/produit\/donation\/\"><span style=\"font-weight: 400;\">a $1 donation<\/span><\/a><span style=\"font-weight: 400;\"> so we can make it!<\/span><\/p>\n\n\n\n<p><span style=\"font-weight: 400;\">You can still watch the trailer&#8230;<\/span><\/p>\n\n\n\n<p><iframe loading=\"lazy\" src=\"\/\/www.youtube.com\/embed\/xXgftV5D750\" width=\"560\" height=\"314\" allowfullscreen=\"allowfullscreen\"><\/iframe><\/p>\n","protected":false},"excerpt":{"rendered":"<p>Why is this article not available in English? Unfortunately, we do not have the necessary financial support to provide a good translation of each of our texts. Support us by purchasing one of our products or with a $1 donation so we can make it! You can still watch the trailer&#8230;<\/p>\n","protected":false},"author":23,"featured_media":15811,"comment_status":"open","ping_status":"open","sticky":false,"template":"","format":"standard","meta":{"_acf_changed":false,"site-sidebar-layout":"default","site-content-layout":"","ast-site-content-layout":"default","site-content-style":"default","site-sidebar-style":"default","ast-global-header-display":"","ast-banner-title-visibility":"","ast-main-header-display":"","ast-hfb-above-header-display":"","ast-hfb-below-header-display":"","ast-hfb-mobile-header-display":"","site-post-title":"","ast-breadcrumbs-content":"","ast-featured-img":"","footer-sml-layout":"","ast-disable-related-posts":"","theme-transparent-header-meta":"","adv-header-id-meta":"","stick-header-meta":"","header-above-stick-meta":"","header-main-stick-meta":"","header-below-stick-meta":"","astra-migrate-meta-layouts":"default","ast-page-background-enabled":"default","ast-page-background-meta":{"desktop":{"background-color":"var(--ast-global-color-4)","background-image":"","background-repeat":"repeat","background-position":"center center","background-size":"auto","background-attachment":"scroll","background-type":"","background-media":"","overlay-type":"","overlay-color":"","overlay-opacity":"","overlay-gradient":""},"tablet":{"background-color":"","background-image":"","background-repeat":"repeat","background-position":"center center","background-size":"auto","background-attachment":"scroll","background-type":"","background-media":"","overlay-type":"","overlay-color":"","overlay-opacity":"","overlay-gradient":""},"mobile":{"background-color":"","background-image":"","background-repeat":"repeat","background-position":"center center","background-size":"auto","background-attachment":"scroll","background-type":"","background-media":"","overlay-type":"","overlay-color":"","overlay-opacity":"","overlay-gradient":""}},"ast-content-background-meta":{"desktop":{"background-color":"var(--ast-global-color-5)","background-image":"","background-repeat":"repeat","background-position":"center center","background-size":"auto","background-attachment":"scroll","background-type":"","background-media":"","overlay-type":"","overlay-color":"","overlay-opacity":"","overlay-gradient":""},"tablet":{"background-color":"var(--ast-global-color-5)","background-image":"","background-repeat":"repeat","background-position":"center center","background-size":"auto","background-attachment":"scroll","background-type":"","background-media":"","overlay-type":"","overlay-color":"","overlay-opacity":"","overlay-gradient":""},"mobile":{"background-color":"var(--ast-global-color-5)","background-image":"","background-repeat":"repeat","background-position":"center center","background-size":"auto","background-attachment":"scroll","background-type":"","background-media":"","overlay-type":"","overlay-color":"","overlay-opacity":"","overlay-gradient":""}},"footnotes":""},"categories":[5516,5164,5522],"tags":[6222,20074,7103,6161,20076],"class_list":["post-15815","post","type-post","status-publish","format-standard","has-post-thumbnail","hentry","category-films-from-antillies","category-newly-available","category-quebecers-films","tag-canada-en","tag-cuba-en","tag-dance","tag-immigration-en","tag-kaveh-nabatian-en"],"acf":[],"yoast_head":"<!-- This site is optimized with the Yoast SEO plugin v27.1.1 - https:\/\/yoast.com\/product\/yoast-seo-wordpress\/ -->\n<title>Sin La Habana \u2013 Life plan - Le petit septi\u00e8me<\/title>\n<meta name=\"description\" content=\"Sin La Habana, first fiction-feature film of Kaveh Nabatian, musician and irano-canadian, shows three determined people who expect to extract themselves of a preordained way of life. This, with, for each, its own way of doing.\" \/>\n<meta name=\"robots\" content=\"index, follow, max-snippet:-1, max-image-preview:large, max-video-preview:-1\" \/>\n<link rel=\"canonical\" href=\"https:\/\/lepetitseptieme.ca\/en\/2021\/09\/10\/sin-la-habana-life-plan\/\" \/>\n<meta property=\"og:locale\" content=\"en_US\" \/>\n<meta property=\"og:type\" content=\"article\" \/>\n<meta property=\"og:title\" content=\"Sin La Habana \u2013 Plan de vie\" \/>\n<meta property=\"og:description\" content=\"Sin La Habana, premier long-m\u00e9trage de fiction de Kaveh Nabatian, musicien et metteur en sc\u00e8ne irano-canadien, met en sc\u00e8ne trois protagonistes dot\u00e9s d&#039;une forte d\u00e9termination afin de r\u00e9ussir \u00e0 s&#039;extraire d&#039;un chemin de vie tout trac\u00e9. Ceci, chacun \u00e0 leur fa\u00e7on.\" \/>\n<meta property=\"og:url\" content=\"https:\/\/lepetitseptieme.ca\/en\/2021\/09\/10\/sin-la-habana-life-plan\/\" \/>\n<meta property=\"og:site_name\" content=\"Le petit septi\u00e8me\" \/>\n<meta property=\"article:publisher\" content=\"https:\/\/www.facebook.com\/pages\/Le-Petit-Septi%c3%a8me\/494448933948121?ref=hl\" \/>\n<meta property=\"article:published_time\" content=\"2021-09-10T10:30:26+00:00\" \/>\n<meta property=\"article:modified_time\" content=\"2024-05-19T22:49:00+00:00\" \/>\n<meta property=\"og:image\" content=\"https:\/\/lepetitseptieme.ca\/wp-content\/uploads\/2021\/09\/Sin-la-Habana-une.jpg\" \/>\n<meta name=\"author\" content=\"Esther Basl\u00e9\" \/>\n<meta name=\"twitter:card\" content=\"summary_large_image\" \/>\n<meta name=\"twitter:title\" content=\"Sin La Habana \u2013 Plan de vie\" \/>\n<meta name=\"twitter:description\" content=\"Sin La Habana, premier long-m\u00e9trage de fiction de Kaveh Nabatian, musicien et metteur en sc\u00e8ne irano-canadien, met en sc\u00e8ne trois protagonistes dot\u00e9s d&#039;une forte d\u00e9termination afin de r\u00e9ussir \u00e0 s&#039;extraire d&#039;un chemin de vie tout trac\u00e9. Ceci, chacun \u00e0 leur fa\u00e7on.\" \/>\n<meta name=\"twitter:image\" content=\"https:\/\/lepetitseptieme.ca\/wp-content\/uploads\/2021\/09\/Sin-la-Habana-une.jpg\" \/>\n<meta name=\"twitter:creator\" content=\"@LePetitSeptieme\" \/>\n<meta name=\"twitter:site\" content=\"@LePetitSeptieme\" \/>\n<meta name=\"twitter:label1\" content=\"Written by\" \/>\n\t<meta name=\"twitter:data1\" content=\"Esther Basl\u00e9\" \/>\n\t<meta name=\"twitter:label2\" content=\"Est. reading time\" \/>\n\t<meta name=\"twitter:data2\" content=\"1 minute\" \/>\n<script type=\"application\/ld+json\" class=\"yoast-schema-graph\">{\"@context\":\"https:\/\/schema.org\",\"@graph\":[{\"@type\":\"Article\",\"@id\":\"https:\/\/lepetitseptieme.ca\/en\/2021\/09\/10\/sin-la-habana-life-plan\/#article\",\"isPartOf\":{\"@id\":\"https:\/\/lepetitseptieme.ca\/en\/2021\/09\/10\/sin-la-habana-life-plan\/\"},\"author\":{\"name\":\"Esther Basl\u00e9\",\"@id\":\"https:\/\/lepetitseptieme.ca\/en\/#\/schema\/person\/e053cd080b13aeb8d9890b8f724d1cee\"},\"headline\":\"Sin La Habana \u2013 Life plan\",\"datePublished\":\"2021-09-10T10:30:26+00:00\",\"dateModified\":\"2024-05-19T22:49:00+00:00\",\"mainEntityOfPage\":{\"@id\":\"https:\/\/lepetitseptieme.ca\/en\/2021\/09\/10\/sin-la-habana-life-plan\/\"},\"wordCount\":55,\"commentCount\":0,\"publisher\":{\"@id\":\"https:\/\/lepetitseptieme.ca\/en\/#organization\"},\"image\":{\"@id\":\"https:\/\/lepetitseptieme.ca\/en\/2021\/09\/10\/sin-la-habana-life-plan\/#primaryimage\"},\"thumbnailUrl\":\"https:\/\/lepetitseptieme.ca\/wp-content\/uploads\/2021\/09\/Sin-la-Habana-une.jpg\",\"keywords\":[\"Canada\",\"Cuba\",\"Dance\",\"Immigration\",\"Kaveh Nabatian\"],\"articleSection\":[\"Movies from Antillies\",\"Newly available\",\"Quebecers movies\"],\"inLanguage\":\"en-US\",\"potentialAction\":[{\"@type\":\"CommentAction\",\"name\":\"Comment\",\"target\":[\"https:\/\/lepetitseptieme.ca\/en\/2021\/09\/10\/sin-la-habana-life-plan\/#respond\"]}]},{\"@type\":\"WebPage\",\"@id\":\"https:\/\/lepetitseptieme.ca\/en\/2021\/09\/10\/sin-la-habana-life-plan\/\",\"url\":\"https:\/\/lepetitseptieme.ca\/en\/2021\/09\/10\/sin-la-habana-life-plan\/\",\"name\":\"Sin La Habana \u2013 Life plan - Le petit septi\u00e8me\",\"isPartOf\":{\"@id\":\"https:\/\/lepetitseptieme.ca\/en\/#website\"},\"primaryImageOfPage\":{\"@id\":\"https:\/\/lepetitseptieme.ca\/en\/2021\/09\/10\/sin-la-habana-life-plan\/#primaryimage\"},\"image\":{\"@id\":\"https:\/\/lepetitseptieme.ca\/en\/2021\/09\/10\/sin-la-habana-life-plan\/#primaryimage\"},\"thumbnailUrl\":\"https:\/\/lepetitseptieme.ca\/wp-content\/uploads\/2021\/09\/Sin-la-Habana-une.jpg\",\"datePublished\":\"2021-09-10T10:30:26+00:00\",\"dateModified\":\"2024-05-19T22:49:00+00:00\",\"description\":\"Sin La Habana, first fiction-feature film of Kaveh Nabatian, musician and irano-canadian, shows three determined people who expect to extract themselves of a preordained way of life. This, with, for each, its own way of doing.\",\"breadcrumb\":{\"@id\":\"https:\/\/lepetitseptieme.ca\/en\/2021\/09\/10\/sin-la-habana-life-plan\/#breadcrumb\"},\"inLanguage\":\"en-US\",\"potentialAction\":[{\"@type\":\"ReadAction\",\"target\":[\"https:\/\/lepetitseptieme.ca\/en\/2021\/09\/10\/sin-la-habana-life-plan\/\"]}]},{\"@type\":\"ImageObject\",\"inLanguage\":\"en-US\",\"@id\":\"https:\/\/lepetitseptieme.ca\/en\/2021\/09\/10\/sin-la-habana-life-plan\/#primaryimage\",\"url\":\"https:\/\/lepetitseptieme.ca\/wp-content\/uploads\/2021\/09\/Sin-la-Habana-une.jpg\",\"contentUrl\":\"https:\/\/lepetitseptieme.ca\/wp-content\/uploads\/2021\/09\/Sin-la-Habana-une.jpg\",\"width\":1920,\"height\":1080,\"caption\":\"Sin la Habana - une\"},{\"@type\":\"BreadcrumbList\",\"@id\":\"https:\/\/lepetitseptieme.ca\/en\/2021\/09\/10\/sin-la-habana-life-plan\/#breadcrumb\",\"itemListElement\":[{\"@type\":\"ListItem\",\"position\":1,\"name\":\"Home\",\"item\":\"https:\/\/lepetitseptieme.ca\/en\/\"},{\"@type\":\"ListItem\",\"position\":2,\"name\":\"Sin La Habana \u2013 Life plan\"}]},{\"@type\":\"WebSite\",\"@id\":\"https:\/\/lepetitseptieme.ca\/en\/#website\",\"url\":\"https:\/\/lepetitseptieme.ca\/en\/\",\"name\":\"Le petit septi\u00e8me\",\"description\":\"Reviews and comments on Quebec, international and author cinema\",\"publisher\":{\"@id\":\"https:\/\/lepetitseptieme.ca\/en\/#organization\"},\"potentialAction\":[{\"@type\":\"SearchAction\",\"target\":{\"@type\":\"EntryPoint\",\"urlTemplate\":\"https:\/\/lepetitseptieme.ca\/en\/?s={search_term_string}\"},\"query-input\":{\"@type\":\"PropertyValueSpecification\",\"valueRequired\":true,\"valueName\":\"search_term_string\"}}],\"inLanguage\":\"en-US\"},{\"@type\":\"Organization\",\"@id\":\"https:\/\/lepetitseptieme.ca\/en\/#organization\",\"name\":\"Le Petit Septi\u00e8me\",\"url\":\"https:\/\/lepetitseptieme.ca\/en\/\",\"logo\":{\"@type\":\"ImageObject\",\"inLanguage\":\"en-US\",\"@id\":\"https:\/\/lepetitseptieme.ca\/en\/#\/schema\/logo\/image\/\",\"url\":\"https:\/\/lepetitseptieme.ca\/wp-content\/uploads\/2016\/05\/cropped-Logo-Le-Petit-Septi\u00e8me-2016-BW.png\",\"contentUrl\":\"https:\/\/lepetitseptieme.ca\/wp-content\/uploads\/2016\/05\/cropped-Logo-Le-Petit-Septi\u00e8me-2016-BW.png\",\"width\":512,\"height\":512,\"caption\":\"Le Petit Septi\u00e8me\"},\"image\":{\"@id\":\"https:\/\/lepetitseptieme.ca\/en\/#\/schema\/logo\/image\/\"},\"sameAs\":[\"https:\/\/www.facebook.com\/pages\/Le-Petit-Septi\u00e8me\/494448933948121?ref=hl\",\"https:\/\/x.com\/LePetitSeptieme\",\"https:\/\/www.youtube.com\/channel\/UC5mdhI_jJvDN1I9fkk5RcIw\"]},{\"@type\":\"Person\",\"@id\":\"https:\/\/lepetitseptieme.ca\/en\/#\/schema\/person\/e053cd080b13aeb8d9890b8f724d1cee\",\"name\":\"Esther Basl\u00e9\",\"image\":{\"@type\":\"ImageObject\",\"inLanguage\":\"en-US\",\"@id\":\"https:\/\/lepetitseptieme.ca\/en\/#\/schema\/person\/image\/\",\"url\":\"https:\/\/secure.gravatar.com\/avatar\/b983d416240d018fde6c0c3990054cc65acc600eadcd283138c00728140052c5?s=96&d=mm&r=r\",\"contentUrl\":\"https:\/\/secure.gravatar.com\/avatar\/b983d416240d018fde6c0c3990054cc65acc600eadcd283138c00728140052c5?s=96&d=mm&r=r\",\"caption\":\"Esther Basl\u00e9\"},\"description\":\"Cin\u00e9phile et dipl\u00f4m\u00e9e en Psychologie et en Cin\u00e9ma. Passionn\u00e9e d'\u00e9criture, de fantastique et de voyages, toujours curieuse de d\u00e9couvrir de nouveaux univers cin\u00e9matographiques.\",\"sameAs\":[\"https:\/\/lepetitseptieme.ca\/\"],\"url\":\"https:\/\/lepetitseptieme.ca\/en\/author\/esther\/\"}]}<\/script>\n<!-- \/ Yoast SEO plugin. -->","yoast_head_json":{"title":"Sin La Habana \u2013 Life plan - Le petit septi\u00e8me","description":"Sin La Habana, first fiction-feature film of Kaveh Nabatian, musician and irano-canadian, shows three determined people who expect to extract themselves of a preordained way of life. This, with, for each, its own way of doing.","robots":{"index":"index","follow":"follow","max-snippet":"max-snippet:-1","max-image-preview":"max-image-preview:large","max-video-preview":"max-video-preview:-1"},"canonical":"https:\/\/lepetitseptieme.ca\/en\/2021\/09\/10\/sin-la-habana-life-plan\/","og_locale":"en_US","og_type":"article","og_title":"Sin La Habana \u2013 Plan de vie","og_description":"Sin La Habana, premier long-m\u00e9trage de fiction de Kaveh Nabatian, musicien et metteur en sc\u00e8ne irano-canadien, met en sc\u00e8ne trois protagonistes dot\u00e9s d'une forte d\u00e9termination afin de r\u00e9ussir \u00e0 s'extraire d'un chemin de vie tout trac\u00e9. Ceci, chacun \u00e0 leur fa\u00e7on.","og_url":"https:\/\/lepetitseptieme.ca\/en\/2021\/09\/10\/sin-la-habana-life-plan\/","og_site_name":"Le petit septi\u00e8me","article_publisher":"https:\/\/www.facebook.com\/pages\/Le-Petit-Septi%c3%a8me\/494448933948121?ref=hl","article_published_time":"2021-09-10T10:30:26+00:00","article_modified_time":"2024-05-19T22:49:00+00:00","og_image":[{"url":"https:\/\/lepetitseptieme.ca\/wp-content\/uploads\/2021\/09\/Sin-la-Habana-une.jpg","type":"","width":"","height":""}],"author":"Esther Basl\u00e9","twitter_card":"summary_large_image","twitter_title":"Sin La Habana \u2013 Plan de vie","twitter_description":"Sin La Habana, premier long-m\u00e9trage de fiction de Kaveh Nabatian, musicien et metteur en sc\u00e8ne irano-canadien, met en sc\u00e8ne trois protagonistes dot\u00e9s d'une forte d\u00e9termination afin de r\u00e9ussir \u00e0 s'extraire d'un chemin de vie tout trac\u00e9. Ceci, chacun \u00e0 leur fa\u00e7on.","twitter_image":"https:\/\/lepetitseptieme.ca\/wp-content\/uploads\/2021\/09\/Sin-la-Habana-une.jpg","twitter_creator":"@LePetitSeptieme","twitter_site":"@LePetitSeptieme","twitter_misc":{"Written by":"Esther Basl\u00e9","Est. reading time":"1 minute"},"schema":{"@context":"https:\/\/schema.org","@graph":[{"@type":"Article","@id":"https:\/\/lepetitseptieme.ca\/en\/2021\/09\/10\/sin-la-habana-life-plan\/#article","isPartOf":{"@id":"https:\/\/lepetitseptieme.ca\/en\/2021\/09\/10\/sin-la-habana-life-plan\/"},"author":{"name":"Esther Basl\u00e9","@id":"https:\/\/lepetitseptieme.ca\/en\/#\/schema\/person\/e053cd080b13aeb8d9890b8f724d1cee"},"headline":"Sin La Habana \u2013 Life plan","datePublished":"2021-09-10T10:30:26+00:00","dateModified":"2024-05-19T22:49:00+00:00","mainEntityOfPage":{"@id":"https:\/\/lepetitseptieme.ca\/en\/2021\/09\/10\/sin-la-habana-life-plan\/"},"wordCount":55,"commentCount":0,"publisher":{"@id":"https:\/\/lepetitseptieme.ca\/en\/#organization"},"image":{"@id":"https:\/\/lepetitseptieme.ca\/en\/2021\/09\/10\/sin-la-habana-life-plan\/#primaryimage"},"thumbnailUrl":"https:\/\/lepetitseptieme.ca\/wp-content\/uploads\/2021\/09\/Sin-la-Habana-une.jpg","keywords":["Canada","Cuba","Dance","Immigration","Kaveh Nabatian"],"articleSection":["Movies from Antillies","Newly available","Quebecers movies"],"inLanguage":"en-US","potentialAction":[{"@type":"CommentAction","name":"Comment","target":["https:\/\/lepetitseptieme.ca\/en\/2021\/09\/10\/sin-la-habana-life-plan\/#respond"]}]},{"@type":"WebPage","@id":"https:\/\/lepetitseptieme.ca\/en\/2021\/09\/10\/sin-la-habana-life-plan\/","url":"https:\/\/lepetitseptieme.ca\/en\/2021\/09\/10\/sin-la-habana-life-plan\/","name":"Sin La Habana \u2013 Life plan - Le petit septi\u00e8me","isPartOf":{"@id":"https:\/\/lepetitseptieme.ca\/en\/#website"},"primaryImageOfPage":{"@id":"https:\/\/lepetitseptieme.ca\/en\/2021\/09\/10\/sin-la-habana-life-plan\/#primaryimage"},"image":{"@id":"https:\/\/lepetitseptieme.ca\/en\/2021\/09\/10\/sin-la-habana-life-plan\/#primaryimage"},"thumbnailUrl":"https:\/\/lepetitseptieme.ca\/wp-content\/uploads\/2021\/09\/Sin-la-Habana-une.jpg","datePublished":"2021-09-10T10:30:26+00:00","dateModified":"2024-05-19T22:49:00+00:00","description":"Sin La Habana, first fiction-feature film of Kaveh Nabatian, musician and irano-canadian, shows three determined people who expect to extract themselves of a preordained way of life. This, with, for each, its own way of doing.","breadcrumb":{"@id":"https:\/\/lepetitseptieme.ca\/en\/2021\/09\/10\/sin-la-habana-life-plan\/#breadcrumb"},"inLanguage":"en-US","potentialAction":[{"@type":"ReadAction","target":["https:\/\/lepetitseptieme.ca\/en\/2021\/09\/10\/sin-la-habana-life-plan\/"]}]},{"@type":"ImageObject","inLanguage":"en-US","@id":"https:\/\/lepetitseptieme.ca\/en\/2021\/09\/10\/sin-la-habana-life-plan\/#primaryimage","url":"https:\/\/lepetitseptieme.ca\/wp-content\/uploads\/2021\/09\/Sin-la-Habana-une.jpg","contentUrl":"https:\/\/lepetitseptieme.ca\/wp-content\/uploads\/2021\/09\/Sin-la-Habana-une.jpg","width":1920,"height":1080,"caption":"Sin la Habana - une"},{"@type":"BreadcrumbList","@id":"https:\/\/lepetitseptieme.ca\/en\/2021\/09\/10\/sin-la-habana-life-plan\/#breadcrumb","itemListElement":[{"@type":"ListItem","position":1,"name":"Home","item":"https:\/\/lepetitseptieme.ca\/en\/"},{"@type":"ListItem","position":2,"name":"Sin La Habana \u2013 Life plan"}]},{"@type":"WebSite","@id":"https:\/\/lepetitseptieme.ca\/en\/#website","url":"https:\/\/lepetitseptieme.ca\/en\/","name":"Le petit septi\u00e8me","description":"Reviews and comments on Quebec, international and author cinema","publisher":{"@id":"https:\/\/lepetitseptieme.ca\/en\/#organization"},"potentialAction":[{"@type":"SearchAction","target":{"@type":"EntryPoint","urlTemplate":"https:\/\/lepetitseptieme.ca\/en\/?s={search_term_string}"},"query-input":{"@type":"PropertyValueSpecification","valueRequired":true,"valueName":"search_term_string"}}],"inLanguage":"en-US"},{"@type":"Organization","@id":"https:\/\/lepetitseptieme.ca\/en\/#organization","name":"Le Petit Septi\u00e8me","url":"https:\/\/lepetitseptieme.ca\/en\/","logo":{"@type":"ImageObject","inLanguage":"en-US","@id":"https:\/\/lepetitseptieme.ca\/en\/#\/schema\/logo\/image\/","url":"https:\/\/lepetitseptieme.ca\/wp-content\/uploads\/2016\/05\/cropped-Logo-Le-Petit-Septi\u00e8me-2016-BW.png","contentUrl":"https:\/\/lepetitseptieme.ca\/wp-content\/uploads\/2016\/05\/cropped-Logo-Le-Petit-Septi\u00e8me-2016-BW.png","width":512,"height":512,"caption":"Le Petit Septi\u00e8me"},"image":{"@id":"https:\/\/lepetitseptieme.ca\/en\/#\/schema\/logo\/image\/"},"sameAs":["https:\/\/www.facebook.com\/pages\/Le-Petit-Septi\u00e8me\/494448933948121?ref=hl","https:\/\/x.com\/LePetitSeptieme","https:\/\/www.youtube.com\/channel\/UC5mdhI_jJvDN1I9fkk5RcIw"]},{"@type":"Person","@id":"https:\/\/lepetitseptieme.ca\/en\/#\/schema\/person\/e053cd080b13aeb8d9890b8f724d1cee","name":"Esther Basl\u00e9","image":{"@type":"ImageObject","inLanguage":"en-US","@id":"https:\/\/lepetitseptieme.ca\/en\/#\/schema\/person\/image\/","url":"https:\/\/secure.gravatar.com\/avatar\/b983d416240d018fde6c0c3990054cc65acc600eadcd283138c00728140052c5?s=96&d=mm&r=r","contentUrl":"https:\/\/secure.gravatar.com\/avatar\/b983d416240d018fde6c0c3990054cc65acc600eadcd283138c00728140052c5?s=96&d=mm&r=r","caption":"Esther Basl\u00e9"},"description":"Cin\u00e9phile et dipl\u00f4m\u00e9e en Psychologie et en Cin\u00e9ma. Passionn\u00e9e d'\u00e9criture, de fantastique et de voyages, toujours curieuse de d\u00e9couvrir de nouveaux univers cin\u00e9matographiques.","sameAs":["https:\/\/lepetitseptieme.ca\/"],"url":"https:\/\/lepetitseptieme.ca\/en\/author\/esther\/"}]}},"_links":{"self":[{"href":"https:\/\/lepetitseptieme.ca\/en\/wp-json\/wp\/v2\/posts\/15815","targetHints":{"allow":["GET"]}}],"collection":[{"href":"https:\/\/lepetitseptieme.ca\/en\/wp-json\/wp\/v2\/posts"}],"about":[{"href":"https:\/\/lepetitseptieme.ca\/en\/wp-json\/wp\/v2\/types\/post"}],"author":[{"embeddable":true,"href":"https:\/\/lepetitseptieme.ca\/en\/wp-json\/wp\/v2\/users\/23"}],"replies":[{"embeddable":true,"href":"https:\/\/lepetitseptieme.ca\/en\/wp-json\/wp\/v2\/comments?post=15815"}],"version-history":[{"count":1,"href":"https:\/\/lepetitseptieme.ca\/en\/wp-json\/wp\/v2\/posts\/15815\/revisions"}],"predecessor-version":[{"id":44767,"href":"https:\/\/lepetitseptieme.ca\/en\/wp-json\/wp\/v2\/posts\/15815\/revisions\/44767"}],"wp:featuredmedia":[{"embeddable":true,"href":"https:\/\/lepetitseptieme.ca\/en\/wp-json\/wp\/v2\/media\/15811"}],"wp:attachment":[{"href":"https:\/\/lepetitseptieme.ca\/en\/wp-json\/wp\/v2\/media?parent=15815"}],"wp:term":[{"taxonomy":"category","embeddable":true,"href":"https:\/\/lepetitseptieme.ca\/en\/wp-json\/wp\/v2\/categories?post=15815"},{"taxonomy":"post_tag","embeddable":true,"href":"https:\/\/lepetitseptieme.ca\/en\/wp-json\/wp\/v2\/tags?post=15815"}],"curies":[{"name":"wp","href":"https:\/\/api.w.org\/{rel}","templated":true}]}}