{"id":14564,"date":"2021-04-19T16:30:10","date_gmt":"2021-04-19T20:30:10","guid":{"rendered":"https:\/\/lepetitseptieme.ca\/?p=14564"},"modified":"2024-06-03T11:16:16","modified_gmt":"2024-06-03T15:16:16","slug":"cine-vert-douce-france-sol-souverain","status":"publish","type":"post","link":"https:\/\/lepetitseptieme.ca\/en\/2021\/04\/19\/cine-vert-douce-france-sol-souverain\/","title":{"rendered":"[Cin\u00e9-Vert] Douce France | Sol souverain"},"content":{"rendered":"<p><span style=\"font-weight: 400;\"><a href=\"https:\/\/lepetitseptieme.ca\/wp-content\/uploads\/2021\/04\/Une-fois-que-tu-sais-affiche.jpg\"><img loading=\"lazy\" decoding=\"async\" class=\"alignleft wp-image-14553\" src=\"https:\/\/lepetitseptieme.ca\/wp-content\/uploads\/2021\/04\/Une-fois-que-tu-sais-affiche-221x300.jpg\" alt=\"Une fois que tu sais - poster\" width=\"150\" height=\"204\" srcset=\"https:\/\/lepetitseptieme.ca\/wp-content\/uploads\/2021\/04\/Une-fois-que-tu-sais-affiche-221x300.jpg 221w, https:\/\/lepetitseptieme.ca\/wp-content\/uploads\/2021\/04\/Une-fois-que-tu-sais-affiche-600x815.jpg 600w, https:\/\/lepetitseptieme.ca\/wp-content\/uploads\/2021\/04\/Une-fois-que-tu-sais-affiche-44x60.jpg 44w, https:\/\/lepetitseptieme.ca\/wp-content\/uploads\/2021\/04\/Une-fois-que-tu-sais-affiche-66x90.jpg 66w, https:\/\/lepetitseptieme.ca\/wp-content\/uploads\/2021\/04\/Une-fois-que-tu-sais-affiche.jpg 604w\" sizes=\"auto, (max-width: 150px) 100vw, 150px\" \/><\/a>Why is this article not available in English?<\/span><\/p>\n<p><span style=\"font-weight: 400;\">Unfortunately, we do not have the necessary financial support to provide a good translation of each of our texts.<\/span><\/p>\n<p><span style=\"font-weight: 400;\">Support us by purchasing one of <\/span><a href=\"https:\/\/lepetitseptieme.ca\/en\/store\/\"><span style=\"font-weight: 400;\">our products<\/span><\/a><span style=\"font-weight: 400;\"> or with <\/span><a href=\"https:\/\/lepetitseptieme.ca\/en\/produit\/donation\/\"><span style=\"font-weight: 400;\">a $1 donation<\/span><\/a><span style=\"font-weight: 400;\"> so we can make it!<\/span><\/p>\n<p><span style=\"font-weight: 400;\">You can still watch the trailer&#8230;<\/span><\/p>\n<p>&nbsp;<\/p>\n<p><iframe loading=\"lazy\" src=\"\/\/player.vimeo.com\/video\/413286646?title=0&amp;byline=0&amp;portrait=0&amp;color=8dc7dc\" width=\"425\" height=\"350\" allowfullscreen=\"allowfullscreen\"><\/iframe><\/p>\n","protected":false},"excerpt":{"rendered":"<p>Why is this article not available in English? Unfortunately, we do not have the necessary financial support to provide a good translation of each of our texts. Support us by purchasing one of our products or with a $1 donation so we can make it! You can still watch the trailer&#8230; &nbsp;<\/p>\n","protected":false},"author":20,"featured_media":14561,"comment_status":"open","ping_status":"open","sticky":false,"template":"","format":"standard","meta":{"_acf_changed":false,"site-sidebar-layout":"default","site-content-layout":"","ast-site-content-layout":"default","site-content-style":"default","site-sidebar-style":"default","ast-global-header-display":"","ast-banner-title-visibility":"","ast-main-header-display":"","ast-hfb-above-header-display":"","ast-hfb-below-header-display":"","ast-hfb-mobile-header-display":"","site-post-title":"","ast-breadcrumbs-content":"","ast-featured-img":"","footer-sml-layout":"","ast-disable-related-posts":"","theme-transparent-header-meta":"","adv-header-id-meta":"","stick-header-meta":"","header-above-stick-meta":"","header-main-stick-meta":"","header-below-stick-meta":"","astra-migrate-meta-layouts":"default","ast-page-background-enabled":"default","ast-page-background-meta":{"desktop":{"background-color":"var(--ast-global-color-4)","background-image":"","background-repeat":"repeat","background-position":"center center","background-size":"auto","background-attachment":"scroll","background-type":"","background-media":"","overlay-type":"","overlay-color":"","overlay-opacity":"","overlay-gradient":""},"tablet":{"background-color":"","background-image":"","background-repeat":"repeat","background-position":"center center","background-size":"auto","background-attachment":"scroll","background-type":"","background-media":"","overlay-type":"","overlay-color":"","overlay-opacity":"","overlay-gradient":""},"mobile":{"background-color":"","background-image":"","background-repeat":"repeat","background-position":"center center","background-size":"auto","background-attachment":"scroll","background-type":"","background-media":"","overlay-type":"","overlay-color":"","overlay-opacity":"","overlay-gradient":""}},"ast-content-background-meta":{"desktop":{"background-color":"var(--ast-global-color-5)","background-image":"","background-repeat":"repeat","background-position":"center center","background-size":"auto","background-attachment":"scroll","background-type":"","background-media":"","overlay-type":"","overlay-color":"","overlay-opacity":"","overlay-gradient":""},"tablet":{"background-color":"var(--ast-global-color-5)","background-image":"","background-repeat":"repeat","background-position":"center center","background-size":"auto","background-attachment":"scroll","background-type":"","background-media":"","overlay-type":"","overlay-color":"","overlay-opacity":"","overlay-gradient":""},"mobile":{"background-color":"var(--ast-global-color-5)","background-image":"","background-repeat":"repeat","background-position":"center center","background-size":"auto","background-attachment":"scroll","background-type":"","background-media":"","overlay-type":"","overlay-color":"","overlay-opacity":"","overlay-gradient":""}},"footnotes":""},"categories":[5440,5574,20833],"tags":[10205,16231,16233,16223,16235,16237,16227,8487,16239,8722,16221,16219,14554,16225,16119,16229,16241],"class_list":["post-14564","post","type-post","status-publish","format-standard","has-post-thumbnail","hentry","category-documentaries","category-european-films","category-festivals-coverage","tag-activism","tag-cine-vert-en","tag-cine-vert-2021-en","tag-cold","tag-david-curtis-en","tag-dawson-city-en","tag-debate","tag-environment","tag-geoffrey-couanon-onf-en","tag-inquiry","tag-landscape","tag-livestock","tag-rural-life","tag-social-inclusion","tag-suburbs","tag-urbanism","tag-yukon-en"],"acf":[],"yoast_head":"<!-- This site is optimized with the Yoast SEO plugin v27.1.1 - https:\/\/yoast.com\/product\/yoast-seo-wordpress\/ -->\n<title>[Cin\u00e9-Vert] Douce France | Sol souverain - Le petit septi\u00e8me<\/title>\n<meta name=\"description\" content=\"Cin\u00e9 Vert has launched its 3rd edition and runs online until April 24, 2021. We are telling you about 2 of the films presented there.\" \/>\n<meta name=\"robots\" content=\"index, follow, max-snippet:-1, max-image-preview:large, max-video-preview:-1\" \/>\n<link rel=\"canonical\" href=\"https:\/\/lepetitseptieme.ca\/en\/2021\/04\/19\/cine-vert-douce-france-sol-souverain\/\" \/>\n<meta property=\"og:locale\" content=\"en_US\" \/>\n<meta property=\"og:type\" content=\"article\" \/>\n<meta property=\"og:title\" content=\"[Festival Cin\u00e9-Vert] Douce France | Sol souverain\" \/>\n<meta property=\"og:description\" content=\"Cin\u00e9 Vert a lanc\u00e9 sa 3e \u00e9dition et se d\u00e9roule en ligne jusqu\u2019au 24 avril 2021. On vous parle de 2 des films qui y sont pr\u00e9sent\u00e9s.\" \/>\n<meta property=\"og:url\" content=\"https:\/\/lepetitseptieme.ca\/en\/2021\/04\/19\/cine-vert-douce-france-sol-souverain\/\" \/>\n<meta property=\"og:site_name\" content=\"Le petit septi\u00e8me\" \/>\n<meta property=\"article:publisher\" content=\"https:\/\/www.facebook.com\/pages\/Le-Petit-Septi%c3%a8me\/494448933948121?ref=hl\" \/>\n<meta property=\"article:published_time\" content=\"2021-04-19T20:30:10+00:00\" \/>\n<meta property=\"article:modified_time\" content=\"2024-06-03T15:16:16+00:00\" \/>\n<meta property=\"og:image\" content=\"https:\/\/lepetitseptieme.ca\/wp-content\/uploads\/2021\/04\/Douce-France-une-finale.jpg\" \/>\n<meta name=\"author\" content=\"Bruno Bo\u00ebz\" \/>\n<meta name=\"twitter:card\" content=\"summary_large_image\" \/>\n<meta name=\"twitter:title\" content=\"[Festival Cin\u00e9-Vert] Douce France | Sol souverain\" \/>\n<meta name=\"twitter:description\" content=\"Cin\u00e9 Vert a lanc\u00e9 sa 3e \u00e9dition et se d\u00e9roule en ligne jusqu\u2019au 24 avril 2021. On vous parle de 2 des films qui y sont pr\u00e9sent\u00e9s.\" \/>\n<meta name=\"twitter:image\" content=\"https:\/\/lepetitseptieme.ca\/wp-content\/uploads\/2021\/04\/Douce-France-une-finale.jpg\" \/>\n<meta name=\"twitter:creator\" content=\"@LePetitSeptieme\" \/>\n<meta name=\"twitter:site\" content=\"@LePetitSeptieme\" \/>\n<meta name=\"twitter:label1\" content=\"Written by\" \/>\n\t<meta name=\"twitter:data1\" content=\"Bruno Bo\u00ebz\" \/>\n\t<meta name=\"twitter:label2\" content=\"Est. reading time\" \/>\n\t<meta name=\"twitter:data2\" content=\"1 minute\" \/>\n<script type=\"application\/ld+json\" class=\"yoast-schema-graph\">{\"@context\":\"https:\/\/schema.org\",\"@graph\":[{\"@type\":\"Article\",\"@id\":\"https:\/\/lepetitseptieme.ca\/en\/2021\/04\/19\/cine-vert-douce-france-sol-souverain\/#article\",\"isPartOf\":{\"@id\":\"https:\/\/lepetitseptieme.ca\/en\/2021\/04\/19\/cine-vert-douce-france-sol-souverain\/\"},\"author\":{\"name\":\"Bruno Bo\u00ebz\",\"@id\":\"https:\/\/lepetitseptieme.ca\/en\/#\/schema\/person\/8c079d5d640f628a4a6f8326e4cd4a57\"},\"headline\":\"[Cin\u00e9-Vert] Douce France | Sol souverain\",\"datePublished\":\"2021-04-19T20:30:10+00:00\",\"dateModified\":\"2024-06-03T15:16:16+00:00\",\"mainEntityOfPage\":{\"@id\":\"https:\/\/lepetitseptieme.ca\/en\/2021\/04\/19\/cine-vert-douce-france-sol-souverain\/\"},\"wordCount\":57,\"commentCount\":0,\"publisher\":{\"@id\":\"https:\/\/lepetitseptieme.ca\/en\/#organization\"},\"image\":{\"@id\":\"https:\/\/lepetitseptieme.ca\/en\/2021\/04\/19\/cine-vert-douce-france-sol-souverain\/#primaryimage\"},\"thumbnailUrl\":\"https:\/\/lepetitseptieme.ca\/wp-content\/uploads\/2021\/04\/Douce-France-une-finale.jpg\",\"keywords\":[\"Activism\",\"Cin\u00e9 Vert\",\"Cin\u00e9 Vert 2021\",\"Cold\",\"David Curtis\",\"Dawson City\",\"Debate\",\"Environment\",\"Geoffrey Couanon. ONF\",\"Inquiry\",\"Landscape\",\"Livestock\",\"Rural life\",\"Social inclusion\",\"Suburbs\",\"Urbanism\",\"Yukon\"],\"articleSection\":[\"Documentaries\",\"European movies\",\"Festivals coverage\"],\"inLanguage\":\"en-US\",\"potentialAction\":[{\"@type\":\"CommentAction\",\"name\":\"Comment\",\"target\":[\"https:\/\/lepetitseptieme.ca\/en\/2021\/04\/19\/cine-vert-douce-france-sol-souverain\/#respond\"]}]},{\"@type\":\"WebPage\",\"@id\":\"https:\/\/lepetitseptieme.ca\/en\/2021\/04\/19\/cine-vert-douce-france-sol-souverain\/\",\"url\":\"https:\/\/lepetitseptieme.ca\/en\/2021\/04\/19\/cine-vert-douce-france-sol-souverain\/\",\"name\":\"[Cin\u00e9-Vert] Douce France | Sol souverain - Le petit septi\u00e8me\",\"isPartOf\":{\"@id\":\"https:\/\/lepetitseptieme.ca\/en\/#website\"},\"primaryImageOfPage\":{\"@id\":\"https:\/\/lepetitseptieme.ca\/en\/2021\/04\/19\/cine-vert-douce-france-sol-souverain\/#primaryimage\"},\"image\":{\"@id\":\"https:\/\/lepetitseptieme.ca\/en\/2021\/04\/19\/cine-vert-douce-france-sol-souverain\/#primaryimage\"},\"thumbnailUrl\":\"https:\/\/lepetitseptieme.ca\/wp-content\/uploads\/2021\/04\/Douce-France-une-finale.jpg\",\"datePublished\":\"2021-04-19T20:30:10+00:00\",\"dateModified\":\"2024-06-03T15:16:16+00:00\",\"description\":\"Cin\u00e9 Vert has launched its 3rd edition and runs online until April 24, 2021. We are telling you about 2 of the films presented there.\",\"breadcrumb\":{\"@id\":\"https:\/\/lepetitseptieme.ca\/en\/2021\/04\/19\/cine-vert-douce-france-sol-souverain\/#breadcrumb\"},\"inLanguage\":\"en-US\",\"potentialAction\":[{\"@type\":\"ReadAction\",\"target\":[\"https:\/\/lepetitseptieme.ca\/en\/2021\/04\/19\/cine-vert-douce-france-sol-souverain\/\"]}]},{\"@type\":\"ImageObject\",\"inLanguage\":\"en-US\",\"@id\":\"https:\/\/lepetitseptieme.ca\/en\/2021\/04\/19\/cine-vert-douce-france-sol-souverain\/#primaryimage\",\"url\":\"https:\/\/lepetitseptieme.ca\/wp-content\/uploads\/2021\/04\/Douce-France-une-finale.jpg\",\"contentUrl\":\"https:\/\/lepetitseptieme.ca\/wp-content\/uploads\/2021\/04\/Douce-France-une-finale.jpg\",\"width\":1920,\"height\":1080,\"caption\":\"Douce France - une critique\"},{\"@type\":\"BreadcrumbList\",\"@id\":\"https:\/\/lepetitseptieme.ca\/en\/2021\/04\/19\/cine-vert-douce-france-sol-souverain\/#breadcrumb\",\"itemListElement\":[{\"@type\":\"ListItem\",\"position\":1,\"name\":\"Home\",\"item\":\"https:\/\/lepetitseptieme.ca\/en\/\"},{\"@type\":\"ListItem\",\"position\":2,\"name\":\"[Cin\u00e9-Vert] Douce France | Sol souverain\"}]},{\"@type\":\"WebSite\",\"@id\":\"https:\/\/lepetitseptieme.ca\/en\/#website\",\"url\":\"https:\/\/lepetitseptieme.ca\/en\/\",\"name\":\"Le petit septi\u00e8me\",\"description\":\"Reviews and comments on Quebec, international and author cinema\",\"publisher\":{\"@id\":\"https:\/\/lepetitseptieme.ca\/en\/#organization\"},\"potentialAction\":[{\"@type\":\"SearchAction\",\"target\":{\"@type\":\"EntryPoint\",\"urlTemplate\":\"https:\/\/lepetitseptieme.ca\/en\/?s={search_term_string}\"},\"query-input\":{\"@type\":\"PropertyValueSpecification\",\"valueRequired\":true,\"valueName\":\"search_term_string\"}}],\"inLanguage\":\"en-US\"},{\"@type\":\"Organization\",\"@id\":\"https:\/\/lepetitseptieme.ca\/en\/#organization\",\"name\":\"Le Petit Septi\u00e8me\",\"url\":\"https:\/\/lepetitseptieme.ca\/en\/\",\"logo\":{\"@type\":\"ImageObject\",\"inLanguage\":\"en-US\",\"@id\":\"https:\/\/lepetitseptieme.ca\/en\/#\/schema\/logo\/image\/\",\"url\":\"https:\/\/lepetitseptieme.ca\/wp-content\/uploads\/2016\/05\/cropped-Logo-Le-Petit-Septi\u00e8me-2016-BW.png\",\"contentUrl\":\"https:\/\/lepetitseptieme.ca\/wp-content\/uploads\/2016\/05\/cropped-Logo-Le-Petit-Septi\u00e8me-2016-BW.png\",\"width\":512,\"height\":512,\"caption\":\"Le Petit Septi\u00e8me\"},\"image\":{\"@id\":\"https:\/\/lepetitseptieme.ca\/en\/#\/schema\/logo\/image\/\"},\"sameAs\":[\"https:\/\/www.facebook.com\/pages\/Le-Petit-Septi\u00e8me\/494448933948121?ref=hl\",\"https:\/\/x.com\/LePetitSeptieme\",\"https:\/\/www.youtube.com\/channel\/UC5mdhI_jJvDN1I9fkk5RcIw\"]},{\"@type\":\"Person\",\"@id\":\"https:\/\/lepetitseptieme.ca\/en\/#\/schema\/person\/8c079d5d640f628a4a6f8326e4cd4a57\",\"name\":\"Bruno Bo\u00ebz\",\"image\":{\"@type\":\"ImageObject\",\"inLanguage\":\"en-US\",\"@id\":\"https:\/\/lepetitseptieme.ca\/en\/#\/schema\/person\/image\/\",\"url\":\"https:\/\/secure.gravatar.com\/avatar\/a61e3aa4ff2b50fc9951da03b0eee78612f237cb8b3a8bcfdc624d96f3e49b17?s=96&d=mm&r=r\",\"contentUrl\":\"https:\/\/secure.gravatar.com\/avatar\/a61e3aa4ff2b50fc9951da03b0eee78612f237cb8b3a8bcfdc624d96f3e49b17?s=96&d=mm&r=r\",\"caption\":\"Bruno Bo\u00ebz\"},\"description\":\"D\u00e9tenteur d'un master de cin\u00e9ma, r\u00e9alisateur et \u00e9crivain \u00e0 mes heures, membre du comit\u00e9 de s\u00e9lection d'un festival de film, je suis passionn\u00e9 par les arts en g\u00e9n\u00e9ral, en particulier le cin\u00e9ma contemporain et de patrimoine, et appr\u00e9cie de contribuer \u00e0 sa diffusion aupr\u00e8s du public.\",\"url\":\"https:\/\/lepetitseptieme.ca\/en\/author\/bruno\/\"}]}<\/script>\n<!-- \/ Yoast SEO plugin. -->","yoast_head_json":{"title":"[Cin\u00e9-Vert] Douce France | Sol souverain - Le petit septi\u00e8me","description":"Cin\u00e9 Vert has launched its 3rd edition and runs online until April 24, 2021. We are telling you about 2 of the films presented there.","robots":{"index":"index","follow":"follow","max-snippet":"max-snippet:-1","max-image-preview":"max-image-preview:large","max-video-preview":"max-video-preview:-1"},"canonical":"https:\/\/lepetitseptieme.ca\/en\/2021\/04\/19\/cine-vert-douce-france-sol-souverain\/","og_locale":"en_US","og_type":"article","og_title":"[Festival Cin\u00e9-Vert] Douce France | Sol souverain","og_description":"Cin\u00e9 Vert a lanc\u00e9 sa 3e \u00e9dition et se d\u00e9roule en ligne jusqu\u2019au 24 avril 2021. On vous parle de 2 des films qui y sont pr\u00e9sent\u00e9s.","og_url":"https:\/\/lepetitseptieme.ca\/en\/2021\/04\/19\/cine-vert-douce-france-sol-souverain\/","og_site_name":"Le petit septi\u00e8me","article_publisher":"https:\/\/www.facebook.com\/pages\/Le-Petit-Septi%c3%a8me\/494448933948121?ref=hl","article_published_time":"2021-04-19T20:30:10+00:00","article_modified_time":"2024-06-03T15:16:16+00:00","og_image":[{"url":"https:\/\/lepetitseptieme.ca\/wp-content\/uploads\/2021\/04\/Douce-France-une-finale.jpg","type":"","width":"","height":""}],"author":"Bruno Bo\u00ebz","twitter_card":"summary_large_image","twitter_title":"[Festival Cin\u00e9-Vert] Douce France | Sol souverain","twitter_description":"Cin\u00e9 Vert a lanc\u00e9 sa 3e \u00e9dition et se d\u00e9roule en ligne jusqu\u2019au 24 avril 2021. On vous parle de 2 des films qui y sont pr\u00e9sent\u00e9s.","twitter_image":"https:\/\/lepetitseptieme.ca\/wp-content\/uploads\/2021\/04\/Douce-France-une-finale.jpg","twitter_creator":"@LePetitSeptieme","twitter_site":"@LePetitSeptieme","twitter_misc":{"Written by":"Bruno Bo\u00ebz","Est. reading time":"1 minute"},"schema":{"@context":"https:\/\/schema.org","@graph":[{"@type":"Article","@id":"https:\/\/lepetitseptieme.ca\/en\/2021\/04\/19\/cine-vert-douce-france-sol-souverain\/#article","isPartOf":{"@id":"https:\/\/lepetitseptieme.ca\/en\/2021\/04\/19\/cine-vert-douce-france-sol-souverain\/"},"author":{"name":"Bruno Bo\u00ebz","@id":"https:\/\/lepetitseptieme.ca\/en\/#\/schema\/person\/8c079d5d640f628a4a6f8326e4cd4a57"},"headline":"[Cin\u00e9-Vert] Douce France | Sol souverain","datePublished":"2021-04-19T20:30:10+00:00","dateModified":"2024-06-03T15:16:16+00:00","mainEntityOfPage":{"@id":"https:\/\/lepetitseptieme.ca\/en\/2021\/04\/19\/cine-vert-douce-france-sol-souverain\/"},"wordCount":57,"commentCount":0,"publisher":{"@id":"https:\/\/lepetitseptieme.ca\/en\/#organization"},"image":{"@id":"https:\/\/lepetitseptieme.ca\/en\/2021\/04\/19\/cine-vert-douce-france-sol-souverain\/#primaryimage"},"thumbnailUrl":"https:\/\/lepetitseptieme.ca\/wp-content\/uploads\/2021\/04\/Douce-France-une-finale.jpg","keywords":["Activism","Cin\u00e9 Vert","Cin\u00e9 Vert 2021","Cold","David Curtis","Dawson City","Debate","Environment","Geoffrey Couanon. ONF","Inquiry","Landscape","Livestock","Rural life","Social inclusion","Suburbs","Urbanism","Yukon"],"articleSection":["Documentaries","European movies","Festivals coverage"],"inLanguage":"en-US","potentialAction":[{"@type":"CommentAction","name":"Comment","target":["https:\/\/lepetitseptieme.ca\/en\/2021\/04\/19\/cine-vert-douce-france-sol-souverain\/#respond"]}]},{"@type":"WebPage","@id":"https:\/\/lepetitseptieme.ca\/en\/2021\/04\/19\/cine-vert-douce-france-sol-souverain\/","url":"https:\/\/lepetitseptieme.ca\/en\/2021\/04\/19\/cine-vert-douce-france-sol-souverain\/","name":"[Cin\u00e9-Vert] Douce France | Sol souverain - Le petit septi\u00e8me","isPartOf":{"@id":"https:\/\/lepetitseptieme.ca\/en\/#website"},"primaryImageOfPage":{"@id":"https:\/\/lepetitseptieme.ca\/en\/2021\/04\/19\/cine-vert-douce-france-sol-souverain\/#primaryimage"},"image":{"@id":"https:\/\/lepetitseptieme.ca\/en\/2021\/04\/19\/cine-vert-douce-france-sol-souverain\/#primaryimage"},"thumbnailUrl":"https:\/\/lepetitseptieme.ca\/wp-content\/uploads\/2021\/04\/Douce-France-une-finale.jpg","datePublished":"2021-04-19T20:30:10+00:00","dateModified":"2024-06-03T15:16:16+00:00","description":"Cin\u00e9 Vert has launched its 3rd edition and runs online until April 24, 2021. We are telling you about 2 of the films presented there.","breadcrumb":{"@id":"https:\/\/lepetitseptieme.ca\/en\/2021\/04\/19\/cine-vert-douce-france-sol-souverain\/#breadcrumb"},"inLanguage":"en-US","potentialAction":[{"@type":"ReadAction","target":["https:\/\/lepetitseptieme.ca\/en\/2021\/04\/19\/cine-vert-douce-france-sol-souverain\/"]}]},{"@type":"ImageObject","inLanguage":"en-US","@id":"https:\/\/lepetitseptieme.ca\/en\/2021\/04\/19\/cine-vert-douce-france-sol-souverain\/#primaryimage","url":"https:\/\/lepetitseptieme.ca\/wp-content\/uploads\/2021\/04\/Douce-France-une-finale.jpg","contentUrl":"https:\/\/lepetitseptieme.ca\/wp-content\/uploads\/2021\/04\/Douce-France-une-finale.jpg","width":1920,"height":1080,"caption":"Douce France - une critique"},{"@type":"BreadcrumbList","@id":"https:\/\/lepetitseptieme.ca\/en\/2021\/04\/19\/cine-vert-douce-france-sol-souverain\/#breadcrumb","itemListElement":[{"@type":"ListItem","position":1,"name":"Home","item":"https:\/\/lepetitseptieme.ca\/en\/"},{"@type":"ListItem","position":2,"name":"[Cin\u00e9-Vert] Douce France | Sol souverain"}]},{"@type":"WebSite","@id":"https:\/\/lepetitseptieme.ca\/en\/#website","url":"https:\/\/lepetitseptieme.ca\/en\/","name":"Le petit septi\u00e8me","description":"Reviews and comments on Quebec, international and author cinema","publisher":{"@id":"https:\/\/lepetitseptieme.ca\/en\/#organization"},"potentialAction":[{"@type":"SearchAction","target":{"@type":"EntryPoint","urlTemplate":"https:\/\/lepetitseptieme.ca\/en\/?s={search_term_string}"},"query-input":{"@type":"PropertyValueSpecification","valueRequired":true,"valueName":"search_term_string"}}],"inLanguage":"en-US"},{"@type":"Organization","@id":"https:\/\/lepetitseptieme.ca\/en\/#organization","name":"Le Petit Septi\u00e8me","url":"https:\/\/lepetitseptieme.ca\/en\/","logo":{"@type":"ImageObject","inLanguage":"en-US","@id":"https:\/\/lepetitseptieme.ca\/en\/#\/schema\/logo\/image\/","url":"https:\/\/lepetitseptieme.ca\/wp-content\/uploads\/2016\/05\/cropped-Logo-Le-Petit-Septi\u00e8me-2016-BW.png","contentUrl":"https:\/\/lepetitseptieme.ca\/wp-content\/uploads\/2016\/05\/cropped-Logo-Le-Petit-Septi\u00e8me-2016-BW.png","width":512,"height":512,"caption":"Le Petit Septi\u00e8me"},"image":{"@id":"https:\/\/lepetitseptieme.ca\/en\/#\/schema\/logo\/image\/"},"sameAs":["https:\/\/www.facebook.com\/pages\/Le-Petit-Septi\u00e8me\/494448933948121?ref=hl","https:\/\/x.com\/LePetitSeptieme","https:\/\/www.youtube.com\/channel\/UC5mdhI_jJvDN1I9fkk5RcIw"]},{"@type":"Person","@id":"https:\/\/lepetitseptieme.ca\/en\/#\/schema\/person\/8c079d5d640f628a4a6f8326e4cd4a57","name":"Bruno Bo\u00ebz","image":{"@type":"ImageObject","inLanguage":"en-US","@id":"https:\/\/lepetitseptieme.ca\/en\/#\/schema\/person\/image\/","url":"https:\/\/secure.gravatar.com\/avatar\/a61e3aa4ff2b50fc9951da03b0eee78612f237cb8b3a8bcfdc624d96f3e49b17?s=96&d=mm&r=r","contentUrl":"https:\/\/secure.gravatar.com\/avatar\/a61e3aa4ff2b50fc9951da03b0eee78612f237cb8b3a8bcfdc624d96f3e49b17?s=96&d=mm&r=r","caption":"Bruno Bo\u00ebz"},"description":"D\u00e9tenteur d'un master de cin\u00e9ma, r\u00e9alisateur et \u00e9crivain \u00e0 mes heures, membre du comit\u00e9 de s\u00e9lection d'un festival de film, je suis passionn\u00e9 par les arts en g\u00e9n\u00e9ral, en particulier le cin\u00e9ma contemporain et de patrimoine, et appr\u00e9cie de contribuer \u00e0 sa diffusion aupr\u00e8s du public.","url":"https:\/\/lepetitseptieme.ca\/en\/author\/bruno\/"}]}},"_links":{"self":[{"href":"https:\/\/lepetitseptieme.ca\/en\/wp-json\/wp\/v2\/posts\/14564","targetHints":{"allow":["GET"]}}],"collection":[{"href":"https:\/\/lepetitseptieme.ca\/en\/wp-json\/wp\/v2\/posts"}],"about":[{"href":"https:\/\/lepetitseptieme.ca\/en\/wp-json\/wp\/v2\/types\/post"}],"author":[{"embeddable":true,"href":"https:\/\/lepetitseptieme.ca\/en\/wp-json\/wp\/v2\/users\/20"}],"replies":[{"embeddable":true,"href":"https:\/\/lepetitseptieme.ca\/en\/wp-json\/wp\/v2\/comments?post=14564"}],"version-history":[{"count":1,"href":"https:\/\/lepetitseptieme.ca\/en\/wp-json\/wp\/v2\/posts\/14564\/revisions"}],"predecessor-version":[{"id":45136,"href":"https:\/\/lepetitseptieme.ca\/en\/wp-json\/wp\/v2\/posts\/14564\/revisions\/45136"}],"wp:featuredmedia":[{"embeddable":true,"href":"https:\/\/lepetitseptieme.ca\/en\/wp-json\/wp\/v2\/media\/14561"}],"wp:attachment":[{"href":"https:\/\/lepetitseptieme.ca\/en\/wp-json\/wp\/v2\/media?parent=14564"}],"wp:term":[{"taxonomy":"category","embeddable":true,"href":"https:\/\/lepetitseptieme.ca\/en\/wp-json\/wp\/v2\/categories?post=14564"},{"taxonomy":"post_tag","embeddable":true,"href":"https:\/\/lepetitseptieme.ca\/en\/wp-json\/wp\/v2\/tags?post=14564"}],"curies":[{"name":"wp","href":"https:\/\/api.w.org\/{rel}","templated":true}]}}