{"id":14211,"date":"2021-02-22T06:30:28","date_gmt":"2021-02-22T11:30:28","guid":{"rendered":"https:\/\/lepetitseptieme.ca\/?p=14211"},"modified":"2024-06-12T14:26:28","modified_gmt":"2024-06-12T18:26:28","slug":"the-whale-and-the-raven-when-the-native-is-part-of-the-film-without-being-the-subject","status":"publish","type":"post","link":"https:\/\/lepetitseptieme.ca\/en\/2021\/02\/22\/the-whale-and-the-raven-when-the-native-is-part-of-the-film-without-being-the-subject\/","title":{"rendered":"The Whale and the Raven \u2013 When the native is part of the film without being the subject"},"content":{"rendered":"<p><span style=\"font-weight: 400;\"><a href=\"https:\/\/lepetitseptieme.ca\/wp-content\/uploads\/2021\/02\/The-whale-and-the-Raven-poster.jpg\"><img loading=\"lazy\" decoding=\"async\" class=\"alignleft wp-image-14202\" src=\"https:\/\/lepetitseptieme.ca\/wp-content\/uploads\/2021\/02\/The-whale-and-the-Raven-poster.jpg\" alt=\"The whale and the Raven - poster\" width=\"150\" height=\"212\" srcset=\"https:\/\/lepetitseptieme.ca\/wp-content\/uploads\/2021\/02\/The-whale-and-the-Raven-poster.jpg 189w, https:\/\/lepetitseptieme.ca\/wp-content\/uploads\/2021\/02\/The-whale-and-the-Raven-poster-42x60.jpg 42w, https:\/\/lepetitseptieme.ca\/wp-content\/uploads\/2021\/02\/The-whale-and-the-Raven-poster-64x90.jpg 64w\" sizes=\"auto, (max-width: 150px) 100vw, 150px\" \/><\/a>Why is this article not available in English?<\/span><\/p>\n<p><span style=\"font-weight: 400;\">Unfortunately, we do not have the necessary financial support to provide a good translation of each of our texts.<\/span><\/p>\n<p><span style=\"font-weight: 400;\">Support us by purchasing one of <\/span><a href=\"https:\/\/lepetitseptieme.ca\/en\/store\/\"><span style=\"font-weight: 400;\">our products<\/span><\/a><span style=\"font-weight: 400;\"> or with <\/span><a href=\"https:\/\/lepetitseptieme.ca\/en\/produit\/donation\/\"><span style=\"font-weight: 400;\">a $1 donation<\/span><\/a><span style=\"font-weight: 400;\"> so we can make it!<\/span><\/p>\n<p><span style=\"font-weight: 400;\">You can still watch the trailer&#8230;<\/span><\/p>\n<p>&nbsp;<\/p>\n<p><iframe loading=\"lazy\" src=\"\/\/player.vimeo.com\/video\/345110142?title=0&amp;byline=0&amp;portrait=0&amp;color=8dc7dc\" width=\"425\" height=\"350\" allowfullscreen=\"allowfullscreen\"><\/iframe><\/p>\n","protected":false},"excerpt":{"rendered":"<p>Why is this article not available in English? Unfortunately, we do not have the necessary financial support to provide a good translation of each of our texts. Support us by purchasing one of our products or with a $1 donation so we can make it! You can still watch the trailer&#8230; &nbsp;<\/p>\n","protected":false},"author":2,"featured_media":14203,"comment_status":"open","ping_status":"open","sticky":false,"template":"","format":"standard","meta":{"_acf_changed":false,"site-sidebar-layout":"default","site-content-layout":"","ast-site-content-layout":"default","site-content-style":"default","site-sidebar-style":"default","ast-global-header-display":"","ast-banner-title-visibility":"","ast-main-header-display":"","ast-hfb-above-header-display":"","ast-hfb-below-header-display":"","ast-hfb-mobile-header-display":"","site-post-title":"","ast-breadcrumbs-content":"","ast-featured-img":"","footer-sml-layout":"","ast-disable-related-posts":"","theme-transparent-header-meta":"","adv-header-id-meta":"","stick-header-meta":"","header-above-stick-meta":"","header-main-stick-meta":"","header-below-stick-meta":"","astra-migrate-meta-layouts":"default","ast-page-background-enabled":"default","ast-page-background-meta":{"desktop":{"background-color":"var(--ast-global-color-4)","background-image":"","background-repeat":"repeat","background-position":"center center","background-size":"auto","background-attachment":"scroll","background-type":"","background-media":"","overlay-type":"","overlay-color":"","overlay-opacity":"","overlay-gradient":""},"tablet":{"background-color":"","background-image":"","background-repeat":"repeat","background-position":"center center","background-size":"auto","background-attachment":"scroll","background-type":"","background-media":"","overlay-type":"","overlay-color":"","overlay-opacity":"","overlay-gradient":""},"mobile":{"background-color":"","background-image":"","background-repeat":"repeat","background-position":"center center","background-size":"auto","background-attachment":"scroll","background-type":"","background-media":"","overlay-type":"","overlay-color":"","overlay-opacity":"","overlay-gradient":""}},"ast-content-background-meta":{"desktop":{"background-color":"var(--ast-global-color-5)","background-image":"","background-repeat":"repeat","background-position":"center center","background-size":"auto","background-attachment":"scroll","background-type":"","background-media":"","overlay-type":"","overlay-color":"","overlay-opacity":"","overlay-gradient":""},"tablet":{"background-color":"var(--ast-global-color-5)","background-image":"","background-repeat":"repeat","background-position":"center center","background-size":"auto","background-attachment":"scroll","background-type":"","background-media":"","overlay-type":"","overlay-color":"","overlay-opacity":"","overlay-gradient":""},"mobile":{"background-color":"var(--ast-global-color-5)","background-image":"","background-repeat":"repeat","background-position":"center center","background-size":"auto","background-attachment":"scroll","background-type":"","background-media":"","overlay-type":"","overlay-color":"","overlay-opacity":"","overlay-gradient":""}},"footnotes":""},"categories":[5508,5440,5164],"tags":[15695,8487,15693,15699,15701,15697],"class_list":["post-14211","post","type-post","status-publish","format-standard","has-post-thumbnail","hentry","category-canadian-films","category-documentaries","category-newly-available","tag-british-columbia","tag-environment","tag-first-nation","tag-gitgaat-en","tag-mirjam-leuze-en","tag-oil"],"acf":[],"yoast_head":"<!-- This site is optimized with the Yoast SEO plugin v27.1.1 - https:\/\/yoast.com\/product\/yoast-seo-wordpress\/ -->\n<title>The Whale and the Raven \u2013 When the native is part of the film without being the subject - Le petit septi\u00e8me<\/title>\n<meta name=\"description\" content=\"Using an animated story, spectacular images, and a sound environment composed of recordings taken from the natural environment, Mirjam Leuze&#039;s The Whale and the Raven, paints a portrait of a remarkable marine ecosystem.\" \/>\n<meta name=\"robots\" content=\"index, follow, max-snippet:-1, max-image-preview:large, max-video-preview:-1\" \/>\n<link rel=\"canonical\" href=\"https:\/\/lepetitseptieme.ca\/en\/2021\/02\/22\/the-whale-and-the-raven-when-the-native-is-part-of-the-film-without-being-the-subject\/\" \/>\n<meta property=\"og:locale\" content=\"en_US\" \/>\n<meta property=\"og:type\" content=\"article\" \/>\n<meta property=\"og:title\" content=\"The Whale and the Raven \u2013 When the native is part of the film without being the subject - Le petit septi\u00e8me\" \/>\n<meta property=\"og:description\" content=\"\u00c0 l&#039;aide d&#039;un r\u00e9cit anim\u00e9, d&#039;images spectaculaires, et d&#039;environnement sonore compos\u00e9 d\u2019enregistrements tir\u00e9s du milieu naturel, La baleine et le corbeau,\u202fde Mirjam Leuze, brosse le portrait d\u2019un remarquable \u00e9cosyst\u00e8me marin.\" \/>\n<meta property=\"og:url\" content=\"https:\/\/lepetitseptieme.ca\/en\/2021\/02\/22\/the-whale-and-the-raven-when-the-native-is-part-of-the-film-without-being-the-subject\/\" \/>\n<meta property=\"og:site_name\" content=\"Le petit septi\u00e8me\" \/>\n<meta property=\"article:publisher\" content=\"https:\/\/www.facebook.com\/pages\/Le-Petit-Septi%c3%a8me\/494448933948121?ref=hl\" \/>\n<meta property=\"article:author\" content=\"https:\/\/www.facebook.com\/FGrondinArt\/\" \/>\n<meta property=\"article:published_time\" content=\"2021-02-22T11:30:28+00:00\" \/>\n<meta property=\"article:modified_time\" content=\"2024-06-12T18:26:28+00:00\" \/>\n<meta property=\"og:image\" content=\"https:\/\/lepetitseptieme.ca\/wp-content\/uploads\/2021\/02\/La-baleine-et-le-corbeau-Une.jpg\" \/>\n\t<meta property=\"og:image:width\" content=\"1920\" \/>\n\t<meta property=\"og:image:height\" content=\"1080\" \/>\n\t<meta property=\"og:image:type\" content=\"image\/jpeg\" \/>\n<meta name=\"author\" content=\"Francois Grondin\" \/>\n<meta name=\"twitter:card\" content=\"summary_large_image\" \/>\n<meta name=\"twitter:creator\" content=\"@fgrondin1221\" \/>\n<meta name=\"twitter:site\" content=\"@LePetitSeptieme\" \/>\n<meta name=\"twitter:label1\" content=\"Written by\" \/>\n\t<meta name=\"twitter:data1\" content=\"Francois Grondin\" \/>\n\t<meta name=\"twitter:label2\" content=\"Est. reading time\" \/>\n\t<meta name=\"twitter:data2\" content=\"1 minute\" \/>\n<script type=\"application\/ld+json\" class=\"yoast-schema-graph\">{\"@context\":\"https:\/\/schema.org\",\"@graph\":[{\"@type\":\"Article\",\"@id\":\"https:\/\/lepetitseptieme.ca\/en\/2021\/02\/22\/the-whale-and-the-raven-when-the-native-is-part-of-the-film-without-being-the-subject\/#article\",\"isPartOf\":{\"@id\":\"https:\/\/lepetitseptieme.ca\/en\/2021\/02\/22\/the-whale-and-the-raven-when-the-native-is-part-of-the-film-without-being-the-subject\/\"},\"author\":{\"name\":\"Francois Grondin\",\"@id\":\"https:\/\/lepetitseptieme.ca\/en\/#\/schema\/person\/12a0b9476b07b0f9a7cc8a82db87e8af\"},\"headline\":\"The Whale and the Raven \u2013 When the native is part of the film without being the subject\",\"datePublished\":\"2021-02-22T11:30:28+00:00\",\"dateModified\":\"2024-06-12T18:26:28+00:00\",\"mainEntityOfPage\":{\"@id\":\"https:\/\/lepetitseptieme.ca\/en\/2021\/02\/22\/the-whale-and-the-raven-when-the-native-is-part-of-the-film-without-being-the-subject\/\"},\"wordCount\":68,\"commentCount\":0,\"publisher\":{\"@id\":\"https:\/\/lepetitseptieme.ca\/en\/#organization\"},\"image\":{\"@id\":\"https:\/\/lepetitseptieme.ca\/en\/2021\/02\/22\/the-whale-and-the-raven-when-the-native-is-part-of-the-film-without-being-the-subject\/#primaryimage\"},\"thumbnailUrl\":\"https:\/\/lepetitseptieme.ca\/wp-content\/uploads\/2021\/02\/La-baleine-et-le-corbeau-Une.jpg\",\"keywords\":[\"British Columbia\",\"Environment\",\"First Nation\",\"Gitga\u2019at\",\"Mirjam Leuze\",\"Oil\"],\"articleSection\":[\"Canadian movies\",\"Documentaries\",\"Newly available\"],\"inLanguage\":\"en-US\",\"potentialAction\":[{\"@type\":\"CommentAction\",\"name\":\"Comment\",\"target\":[\"https:\/\/lepetitseptieme.ca\/en\/2021\/02\/22\/the-whale-and-the-raven-when-the-native-is-part-of-the-film-without-being-the-subject\/#respond\"]}]},{\"@type\":\"WebPage\",\"@id\":\"https:\/\/lepetitseptieme.ca\/en\/2021\/02\/22\/the-whale-and-the-raven-when-the-native-is-part-of-the-film-without-being-the-subject\/\",\"url\":\"https:\/\/lepetitseptieme.ca\/en\/2021\/02\/22\/the-whale-and-the-raven-when-the-native-is-part-of-the-film-without-being-the-subject\/\",\"name\":\"The Whale and the Raven \u2013 When the native is part of the film without being the subject - Le petit septi\u00e8me\",\"isPartOf\":{\"@id\":\"https:\/\/lepetitseptieme.ca\/en\/#website\"},\"primaryImageOfPage\":{\"@id\":\"https:\/\/lepetitseptieme.ca\/en\/2021\/02\/22\/the-whale-and-the-raven-when-the-native-is-part-of-the-film-without-being-the-subject\/#primaryimage\"},\"image\":{\"@id\":\"https:\/\/lepetitseptieme.ca\/en\/2021\/02\/22\/the-whale-and-the-raven-when-the-native-is-part-of-the-film-without-being-the-subject\/#primaryimage\"},\"thumbnailUrl\":\"https:\/\/lepetitseptieme.ca\/wp-content\/uploads\/2021\/02\/La-baleine-et-le-corbeau-Une.jpg\",\"datePublished\":\"2021-02-22T11:30:28+00:00\",\"dateModified\":\"2024-06-12T18:26:28+00:00\",\"description\":\"Using an animated story, spectacular images, and a sound environment composed of recordings taken from the natural environment, Mirjam Leuze's The Whale and the Raven, paints a portrait of a remarkable marine ecosystem.\",\"breadcrumb\":{\"@id\":\"https:\/\/lepetitseptieme.ca\/en\/2021\/02\/22\/the-whale-and-the-raven-when-the-native-is-part-of-the-film-without-being-the-subject\/#breadcrumb\"},\"inLanguage\":\"en-US\",\"potentialAction\":[{\"@type\":\"ReadAction\",\"target\":[\"https:\/\/lepetitseptieme.ca\/en\/2021\/02\/22\/the-whale-and-the-raven-when-the-native-is-part-of-the-film-without-being-the-subject\/\"]}]},{\"@type\":\"ImageObject\",\"inLanguage\":\"en-US\",\"@id\":\"https:\/\/lepetitseptieme.ca\/en\/2021\/02\/22\/the-whale-and-the-raven-when-the-native-is-part-of-the-film-without-being-the-subject\/#primaryimage\",\"url\":\"https:\/\/lepetitseptieme.ca\/wp-content\/uploads\/2021\/02\/La-baleine-et-le-corbeau-Une.jpg\",\"contentUrl\":\"https:\/\/lepetitseptieme.ca\/wp-content\/uploads\/2021\/02\/La-baleine-et-le-corbeau-Une.jpg\",\"width\":1920,\"height\":1080,\"caption\":\"La baleine et le corbeau - Une\"},{\"@type\":\"BreadcrumbList\",\"@id\":\"https:\/\/lepetitseptieme.ca\/en\/2021\/02\/22\/the-whale-and-the-raven-when-the-native-is-part-of-the-film-without-being-the-subject\/#breadcrumb\",\"itemListElement\":[{\"@type\":\"ListItem\",\"position\":1,\"name\":\"Home\",\"item\":\"https:\/\/lepetitseptieme.ca\/en\/\"},{\"@type\":\"ListItem\",\"position\":2,\"name\":\"The Whale and the Raven \u2013 When the native is part of the film without being the subject\"}]},{\"@type\":\"WebSite\",\"@id\":\"https:\/\/lepetitseptieme.ca\/en\/#website\",\"url\":\"https:\/\/lepetitseptieme.ca\/en\/\",\"name\":\"Le petit septi\u00e8me\",\"description\":\"Reviews and comments on Quebec, international and author cinema\",\"publisher\":{\"@id\":\"https:\/\/lepetitseptieme.ca\/en\/#organization\"},\"potentialAction\":[{\"@type\":\"SearchAction\",\"target\":{\"@type\":\"EntryPoint\",\"urlTemplate\":\"https:\/\/lepetitseptieme.ca\/en\/?s={search_term_string}\"},\"query-input\":{\"@type\":\"PropertyValueSpecification\",\"valueRequired\":true,\"valueName\":\"search_term_string\"}}],\"inLanguage\":\"en-US\"},{\"@type\":\"Organization\",\"@id\":\"https:\/\/lepetitseptieme.ca\/en\/#organization\",\"name\":\"Le Petit Septi\u00e8me\",\"url\":\"https:\/\/lepetitseptieme.ca\/en\/\",\"logo\":{\"@type\":\"ImageObject\",\"inLanguage\":\"en-US\",\"@id\":\"https:\/\/lepetitseptieme.ca\/en\/#\/schema\/logo\/image\/\",\"url\":\"https:\/\/lepetitseptieme.ca\/wp-content\/uploads\/2016\/05\/cropped-Logo-Le-Petit-Septi\u00e8me-2016-BW.png\",\"contentUrl\":\"https:\/\/lepetitseptieme.ca\/wp-content\/uploads\/2016\/05\/cropped-Logo-Le-Petit-Septi\u00e8me-2016-BW.png\",\"width\":512,\"height\":512,\"caption\":\"Le Petit Septi\u00e8me\"},\"image\":{\"@id\":\"https:\/\/lepetitseptieme.ca\/en\/#\/schema\/logo\/image\/\"},\"sameAs\":[\"https:\/\/www.facebook.com\/pages\/Le-Petit-Septi\u00e8me\/494448933948121?ref=hl\",\"https:\/\/x.com\/LePetitSeptieme\",\"https:\/\/www.youtube.com\/channel\/UC5mdhI_jJvDN1I9fkk5RcIw\"]},{\"@type\":\"Person\",\"@id\":\"https:\/\/lepetitseptieme.ca\/en\/#\/schema\/person\/12a0b9476b07b0f9a7cc8a82db87e8af\",\"name\":\"Francois Grondin\",\"image\":{\"@type\":\"ImageObject\",\"inLanguage\":\"en-US\",\"@id\":\"https:\/\/lepetitseptieme.ca\/en\/#\/schema\/person\/image\/\",\"url\":\"https:\/\/secure.gravatar.com\/avatar\/cbc7d427b20502f8a471e632a3ac28d3200b0a6f80a7e6d8056f088f651d3888?s=96&d=mm&r=r\",\"contentUrl\":\"https:\/\/secure.gravatar.com\/avatar\/cbc7d427b20502f8a471e632a3ac28d3200b0a6f80a7e6d8056f088f651d3888?s=96&d=mm&r=r\",\"caption\":\"Francois Grondin\"},\"description\":\"Sp\u00e9cialiste en cin\u00e9ma international et en communication num\u00e9rique, cin\u00e9aste, photographe et passionn\u00e9 de cin\u00e9ma italien et japonais. Membre du jury pour le festival FICMAN et le SIFA Festival 2022 et, bien s\u00fbr, fier papa de 2!\",\"sameAs\":[\"https:\/\/lepetitseptieme.ca\",\"https:\/\/www.facebook.com\/FGrondinArt\/\",\"https:\/\/www.linkedin.com\/in\/francois-grondin-05895816\/\",\"https:\/\/x.com\/fgrondin1221\"],\"url\":\"https:\/\/lepetitseptieme.ca\/en\/author\/francois\/\"}]}<\/script>\n<!-- \/ Yoast SEO plugin. -->","yoast_head_json":{"title":"The Whale and the Raven \u2013 When the native is part of the film without being the subject - Le petit septi\u00e8me","description":"Using an animated story, spectacular images, and a sound environment composed of recordings taken from the natural environment, Mirjam Leuze's The Whale and the Raven, paints a portrait of a remarkable marine ecosystem.","robots":{"index":"index","follow":"follow","max-snippet":"max-snippet:-1","max-image-preview":"max-image-preview:large","max-video-preview":"max-video-preview:-1"},"canonical":"https:\/\/lepetitseptieme.ca\/en\/2021\/02\/22\/the-whale-and-the-raven-when-the-native-is-part-of-the-film-without-being-the-subject\/","og_locale":"en_US","og_type":"article","og_title":"The Whale and the Raven \u2013 When the native is part of the film without being the subject - Le petit septi\u00e8me","og_description":"\u00c0 l'aide d'un r\u00e9cit anim\u00e9, d'images spectaculaires, et d'environnement sonore compos\u00e9 d\u2019enregistrements tir\u00e9s du milieu naturel, La baleine et le corbeau,\u202fde Mirjam Leuze, brosse le portrait d\u2019un remarquable \u00e9cosyst\u00e8me marin.","og_url":"https:\/\/lepetitseptieme.ca\/en\/2021\/02\/22\/the-whale-and-the-raven-when-the-native-is-part-of-the-film-without-being-the-subject\/","og_site_name":"Le petit septi\u00e8me","article_publisher":"https:\/\/www.facebook.com\/pages\/Le-Petit-Septi%c3%a8me\/494448933948121?ref=hl","article_author":"https:\/\/www.facebook.com\/FGrondinArt\/","article_published_time":"2021-02-22T11:30:28+00:00","article_modified_time":"2024-06-12T18:26:28+00:00","og_image":[{"width":1920,"height":1080,"url":"https:\/\/lepetitseptieme.ca\/wp-content\/uploads\/2021\/02\/La-baleine-et-le-corbeau-Une.jpg","type":"image\/jpeg"}],"author":"Francois Grondin","twitter_card":"summary_large_image","twitter_creator":"@fgrondin1221","twitter_site":"@LePetitSeptieme","twitter_misc":{"Written by":"Francois Grondin","Est. reading time":"1 minute"},"schema":{"@context":"https:\/\/schema.org","@graph":[{"@type":"Article","@id":"https:\/\/lepetitseptieme.ca\/en\/2021\/02\/22\/the-whale-and-the-raven-when-the-native-is-part-of-the-film-without-being-the-subject\/#article","isPartOf":{"@id":"https:\/\/lepetitseptieme.ca\/en\/2021\/02\/22\/the-whale-and-the-raven-when-the-native-is-part-of-the-film-without-being-the-subject\/"},"author":{"name":"Francois Grondin","@id":"https:\/\/lepetitseptieme.ca\/en\/#\/schema\/person\/12a0b9476b07b0f9a7cc8a82db87e8af"},"headline":"The Whale and the Raven \u2013 When the native is part of the film without being the subject","datePublished":"2021-02-22T11:30:28+00:00","dateModified":"2024-06-12T18:26:28+00:00","mainEntityOfPage":{"@id":"https:\/\/lepetitseptieme.ca\/en\/2021\/02\/22\/the-whale-and-the-raven-when-the-native-is-part-of-the-film-without-being-the-subject\/"},"wordCount":68,"commentCount":0,"publisher":{"@id":"https:\/\/lepetitseptieme.ca\/en\/#organization"},"image":{"@id":"https:\/\/lepetitseptieme.ca\/en\/2021\/02\/22\/the-whale-and-the-raven-when-the-native-is-part-of-the-film-without-being-the-subject\/#primaryimage"},"thumbnailUrl":"https:\/\/lepetitseptieme.ca\/wp-content\/uploads\/2021\/02\/La-baleine-et-le-corbeau-Une.jpg","keywords":["British Columbia","Environment","First Nation","Gitga\u2019at","Mirjam Leuze","Oil"],"articleSection":["Canadian movies","Documentaries","Newly available"],"inLanguage":"en-US","potentialAction":[{"@type":"CommentAction","name":"Comment","target":["https:\/\/lepetitseptieme.ca\/en\/2021\/02\/22\/the-whale-and-the-raven-when-the-native-is-part-of-the-film-without-being-the-subject\/#respond"]}]},{"@type":"WebPage","@id":"https:\/\/lepetitseptieme.ca\/en\/2021\/02\/22\/the-whale-and-the-raven-when-the-native-is-part-of-the-film-without-being-the-subject\/","url":"https:\/\/lepetitseptieme.ca\/en\/2021\/02\/22\/the-whale-and-the-raven-when-the-native-is-part-of-the-film-without-being-the-subject\/","name":"The Whale and the Raven \u2013 When the native is part of the film without being the subject - Le petit septi\u00e8me","isPartOf":{"@id":"https:\/\/lepetitseptieme.ca\/en\/#website"},"primaryImageOfPage":{"@id":"https:\/\/lepetitseptieme.ca\/en\/2021\/02\/22\/the-whale-and-the-raven-when-the-native-is-part-of-the-film-without-being-the-subject\/#primaryimage"},"image":{"@id":"https:\/\/lepetitseptieme.ca\/en\/2021\/02\/22\/the-whale-and-the-raven-when-the-native-is-part-of-the-film-without-being-the-subject\/#primaryimage"},"thumbnailUrl":"https:\/\/lepetitseptieme.ca\/wp-content\/uploads\/2021\/02\/La-baleine-et-le-corbeau-Une.jpg","datePublished":"2021-02-22T11:30:28+00:00","dateModified":"2024-06-12T18:26:28+00:00","description":"Using an animated story, spectacular images, and a sound environment composed of recordings taken from the natural environment, Mirjam Leuze's The Whale and the Raven, paints a portrait of a remarkable marine ecosystem.","breadcrumb":{"@id":"https:\/\/lepetitseptieme.ca\/en\/2021\/02\/22\/the-whale-and-the-raven-when-the-native-is-part-of-the-film-without-being-the-subject\/#breadcrumb"},"inLanguage":"en-US","potentialAction":[{"@type":"ReadAction","target":["https:\/\/lepetitseptieme.ca\/en\/2021\/02\/22\/the-whale-and-the-raven-when-the-native-is-part-of-the-film-without-being-the-subject\/"]}]},{"@type":"ImageObject","inLanguage":"en-US","@id":"https:\/\/lepetitseptieme.ca\/en\/2021\/02\/22\/the-whale-and-the-raven-when-the-native-is-part-of-the-film-without-being-the-subject\/#primaryimage","url":"https:\/\/lepetitseptieme.ca\/wp-content\/uploads\/2021\/02\/La-baleine-et-le-corbeau-Une.jpg","contentUrl":"https:\/\/lepetitseptieme.ca\/wp-content\/uploads\/2021\/02\/La-baleine-et-le-corbeau-Une.jpg","width":1920,"height":1080,"caption":"La baleine et le corbeau - Une"},{"@type":"BreadcrumbList","@id":"https:\/\/lepetitseptieme.ca\/en\/2021\/02\/22\/the-whale-and-the-raven-when-the-native-is-part-of-the-film-without-being-the-subject\/#breadcrumb","itemListElement":[{"@type":"ListItem","position":1,"name":"Home","item":"https:\/\/lepetitseptieme.ca\/en\/"},{"@type":"ListItem","position":2,"name":"The Whale and the Raven \u2013 When the native is part of the film without being the subject"}]},{"@type":"WebSite","@id":"https:\/\/lepetitseptieme.ca\/en\/#website","url":"https:\/\/lepetitseptieme.ca\/en\/","name":"Le petit septi\u00e8me","description":"Reviews and comments on Quebec, international and author cinema","publisher":{"@id":"https:\/\/lepetitseptieme.ca\/en\/#organization"},"potentialAction":[{"@type":"SearchAction","target":{"@type":"EntryPoint","urlTemplate":"https:\/\/lepetitseptieme.ca\/en\/?s={search_term_string}"},"query-input":{"@type":"PropertyValueSpecification","valueRequired":true,"valueName":"search_term_string"}}],"inLanguage":"en-US"},{"@type":"Organization","@id":"https:\/\/lepetitseptieme.ca\/en\/#organization","name":"Le Petit Septi\u00e8me","url":"https:\/\/lepetitseptieme.ca\/en\/","logo":{"@type":"ImageObject","inLanguage":"en-US","@id":"https:\/\/lepetitseptieme.ca\/en\/#\/schema\/logo\/image\/","url":"https:\/\/lepetitseptieme.ca\/wp-content\/uploads\/2016\/05\/cropped-Logo-Le-Petit-Septi\u00e8me-2016-BW.png","contentUrl":"https:\/\/lepetitseptieme.ca\/wp-content\/uploads\/2016\/05\/cropped-Logo-Le-Petit-Septi\u00e8me-2016-BW.png","width":512,"height":512,"caption":"Le Petit Septi\u00e8me"},"image":{"@id":"https:\/\/lepetitseptieme.ca\/en\/#\/schema\/logo\/image\/"},"sameAs":["https:\/\/www.facebook.com\/pages\/Le-Petit-Septi\u00e8me\/494448933948121?ref=hl","https:\/\/x.com\/LePetitSeptieme","https:\/\/www.youtube.com\/channel\/UC5mdhI_jJvDN1I9fkk5RcIw"]},{"@type":"Person","@id":"https:\/\/lepetitseptieme.ca\/en\/#\/schema\/person\/12a0b9476b07b0f9a7cc8a82db87e8af","name":"Francois Grondin","image":{"@type":"ImageObject","inLanguage":"en-US","@id":"https:\/\/lepetitseptieme.ca\/en\/#\/schema\/person\/image\/","url":"https:\/\/secure.gravatar.com\/avatar\/cbc7d427b20502f8a471e632a3ac28d3200b0a6f80a7e6d8056f088f651d3888?s=96&d=mm&r=r","contentUrl":"https:\/\/secure.gravatar.com\/avatar\/cbc7d427b20502f8a471e632a3ac28d3200b0a6f80a7e6d8056f088f651d3888?s=96&d=mm&r=r","caption":"Francois Grondin"},"description":"Sp\u00e9cialiste en cin\u00e9ma international et en communication num\u00e9rique, cin\u00e9aste, photographe et passionn\u00e9 de cin\u00e9ma italien et japonais. Membre du jury pour le festival FICMAN et le SIFA Festival 2022 et, bien s\u00fbr, fier papa de 2!","sameAs":["https:\/\/lepetitseptieme.ca","https:\/\/www.facebook.com\/FGrondinArt\/","https:\/\/www.linkedin.com\/in\/francois-grondin-05895816\/","https:\/\/x.com\/fgrondin1221"],"url":"https:\/\/lepetitseptieme.ca\/en\/author\/francois\/"}]}},"_links":{"self":[{"href":"https:\/\/lepetitseptieme.ca\/en\/wp-json\/wp\/v2\/posts\/14211","targetHints":{"allow":["GET"]}}],"collection":[{"href":"https:\/\/lepetitseptieme.ca\/en\/wp-json\/wp\/v2\/posts"}],"about":[{"href":"https:\/\/lepetitseptieme.ca\/en\/wp-json\/wp\/v2\/types\/post"}],"author":[{"embeddable":true,"href":"https:\/\/lepetitseptieme.ca\/en\/wp-json\/wp\/v2\/users\/2"}],"replies":[{"embeddable":true,"href":"https:\/\/lepetitseptieme.ca\/en\/wp-json\/wp\/v2\/comments?post=14211"}],"version-history":[{"count":1,"href":"https:\/\/lepetitseptieme.ca\/en\/wp-json\/wp\/v2\/posts\/14211\/revisions"}],"predecessor-version":[{"id":45381,"href":"https:\/\/lepetitseptieme.ca\/en\/wp-json\/wp\/v2\/posts\/14211\/revisions\/45381"}],"wp:featuredmedia":[{"embeddable":true,"href":"https:\/\/lepetitseptieme.ca\/en\/wp-json\/wp\/v2\/media\/14203"}],"wp:attachment":[{"href":"https:\/\/lepetitseptieme.ca\/en\/wp-json\/wp\/v2\/media?parent=14211"}],"wp:term":[{"taxonomy":"category","embeddable":true,"href":"https:\/\/lepetitseptieme.ca\/en\/wp-json\/wp\/v2\/categories?post=14211"},{"taxonomy":"post_tag","embeddable":true,"href":"https:\/\/lepetitseptieme.ca\/en\/wp-json\/wp\/v2\/tags?post=14211"}],"curies":[{"name":"wp","href":"https:\/\/api.w.org\/{rel}","templated":true}]}}