{"id":14003,"date":"2021-01-18T06:30:21","date_gmt":"2021-01-18T11:30:21","guid":{"rendered":"https:\/\/lepetitseptieme.ca\/?p=14003"},"modified":"2024-06-13T17:26:30","modified_gmt":"2024-06-13T21:26:30","slug":"pleins-ecrans-2021-selection-from-quebec-week-2","status":"publish","type":"post","link":"https:\/\/lepetitseptieme.ca\/en\/2021\/01\/18\/pleins-ecrans-2021-selection-from-quebec-week-2\/","title":{"rendered":"Plein[s] \u00c9cran[s] 2021 \u2013 Selection from Quebec week 2"},"content":{"rendered":"<p><span style=\"font-weight: 400;\"><a href=\"https:\/\/lepetitseptieme.ca\/wp-content\/uploads\/2021\/01\/Jarvik_Emilie-Mannering.jpg\"><img loading=\"lazy\" decoding=\"async\" class=\"alignleft size-medium wp-image-13994\" src=\"https:\/\/lepetitseptieme.ca\/wp-content\/uploads\/2021\/01\/Jarvik_Emilie-Mannering-300x162.jpg\" alt=\"Jarvik - Emilie Mannering\" width=\"300\" height=\"162\" srcset=\"https:\/\/lepetitseptieme.ca\/wp-content\/uploads\/2021\/01\/Jarvik_Emilie-Mannering-300x162.jpg 300w, https:\/\/lepetitseptieme.ca\/wp-content\/uploads\/2021\/01\/Jarvik_Emilie-Mannering-1024x554.jpg 1024w, https:\/\/lepetitseptieme.ca\/wp-content\/uploads\/2021\/01\/Jarvik_Emilie-Mannering-768x415.jpg 768w, https:\/\/lepetitseptieme.ca\/wp-content\/uploads\/2021\/01\/Jarvik_Emilie-Mannering-1536x830.jpg 1536w, https:\/\/lepetitseptieme.ca\/wp-content\/uploads\/2021\/01\/Jarvik_Emilie-Mannering-547x296.jpg 547w, https:\/\/lepetitseptieme.ca\/wp-content\/uploads\/2021\/01\/Jarvik_Emilie-Mannering-600x324.jpg 600w, https:\/\/lepetitseptieme.ca\/wp-content\/uploads\/2021\/01\/Jarvik_Emilie-Mannering-111x60.jpg 111w, https:\/\/lepetitseptieme.ca\/wp-content\/uploads\/2021\/01\/Jarvik_Emilie-Mannering-167x90.jpg 167w, https:\/\/lepetitseptieme.ca\/wp-content\/uploads\/2021\/01\/Jarvik_Emilie-Mannering.jpg 1998w\" sizes=\"auto, (max-width: 300px) 100vw, 300px\" \/><\/a>Why is this article not available in English?<\/span><\/p>\n<p><span style=\"font-weight: 400;\">Unfortunately, we do not have the necessary financial support to provide a good translation of each of our texts.<\/span><\/p>\n<p><span style=\"font-weight: 400;\">Support us by purchasing one of <\/span><a href=\"https:\/\/lepetitseptieme.ca\/en\/store\/\"><span style=\"font-weight: 400;\">our products<\/span><\/a><span style=\"font-weight: 400;\"> or with <\/span><a href=\"https:\/\/lepetitseptieme.ca\/en\/produit\/donation\/\"><span style=\"font-weight: 400;\">a $1 donation<\/span><\/a><span style=\"font-weight: 400;\"> so we can make it!<\/span><\/p>\n<p><span style=\"font-weight: 400;\">You can still watch the trailer of <em>Clebs<\/em>&#8230;<\/span><\/p>\n<p>&nbsp;<\/p>\n<p><iframe loading=\"lazy\" src=\"\/\/player.vimeo.com\/video\/373527075?title=0&amp;byline=0&amp;portrait=0&amp;color=8dc7dc\" width=\"425\" height=\"350\" allowfullscreen=\"allowfullscreen\"><\/iframe><\/p>\n","protected":false},"excerpt":{"rendered":"<p>Why is this article not available in English? Unfortunately, we do not have the necessary financial support to provide a good translation of each of our texts. Support us by purchasing one of our products or with a $1 donation so we can make it! You can still watch the trailer of Clebs&#8230; &nbsp;<\/p>\n","protected":false},"author":2,"featured_media":13998,"comment_status":"open","ping_status":"open","sticky":false,"template":"","format":"standard","meta":{"_acf_changed":false,"site-sidebar-layout":"default","site-content-layout":"","ast-site-content-layout":"default","site-content-style":"default","site-sidebar-style":"default","ast-global-header-display":"","ast-banner-title-visibility":"","ast-main-header-display":"","ast-hfb-above-header-display":"","ast-hfb-below-header-display":"","ast-hfb-mobile-header-display":"","site-post-title":"","ast-breadcrumbs-content":"","ast-featured-img":"","footer-sml-layout":"","ast-disable-related-posts":"","theme-transparent-header-meta":"","adv-header-id-meta":"","stick-header-meta":"","header-above-stick-meta":"","header-main-stick-meta":"","header-below-stick-meta":"","astra-migrate-meta-layouts":"default","ast-page-background-enabled":"default","ast-page-background-meta":{"desktop":{"background-color":"var(--ast-global-color-4)","background-image":"","background-repeat":"repeat","background-position":"center center","background-size":"auto","background-attachment":"scroll","background-type":"","background-media":"","overlay-type":"","overlay-color":"","overlay-opacity":"","overlay-gradient":""},"tablet":{"background-color":"","background-image":"","background-repeat":"repeat","background-position":"center center","background-size":"auto","background-attachment":"scroll","background-type":"","background-media":"","overlay-type":"","overlay-color":"","overlay-opacity":"","overlay-gradient":""},"mobile":{"background-color":"","background-image":"","background-repeat":"repeat","background-position":"center center","background-size":"auto","background-attachment":"scroll","background-type":"","background-media":"","overlay-type":"","overlay-color":"","overlay-opacity":"","overlay-gradient":""}},"ast-content-background-meta":{"desktop":{"background-color":"var(--ast-global-color-5)","background-image":"","background-repeat":"repeat","background-position":"center center","background-size":"auto","background-attachment":"scroll","background-type":"","background-media":"","overlay-type":"","overlay-color":"","overlay-opacity":"","overlay-gradient":""},"tablet":{"background-color":"var(--ast-global-color-5)","background-image":"","background-repeat":"repeat","background-position":"center center","background-size":"auto","background-attachment":"scroll","background-type":"","background-media":"","overlay-type":"","overlay-color":"","overlay-opacity":"","overlay-gradient":""},"mobile":{"background-color":"var(--ast-global-color-5)","background-image":"","background-repeat":"repeat","background-position":"center center","background-size":"auto","background-attachment":"scroll","background-type":"","background-media":"","overlay-type":"","overlay-color":"","overlay-opacity":"","overlay-gradient":""}},"footnotes":""},"categories":[20833,5522,5378],"tags":[5797,11617,15328,15330,7385,15332,15334,15336,15338,10747,15340,11623],"class_list":["post-14003","post","type-post","status-publish","format-standard","has-post-thumbnail","hentry","category-festivals-coverage","category-quebecers-films","category-short-films","tag-alexa-jeanne-dube-en","tag-cayenne-en","tag-celle-qui-porte-la-pluie-en","tag-clebs-en","tag-emilie-mannering-en","tag-halima-ouardiri-en","tag-il-y-a-un-gorille-dans-le-placard-en","tag-jarvik-en","tag-marianne-metivier-en","tag-remi-frechette-en","tag-sdr-en","tag-simon-gionet-en"],"acf":[],"yoast_head":"<!-- This site is optimized with the Yoast SEO plugin v27.1.1 - https:\/\/yoast.com\/product\/yoast-seo-wordpress\/ -->\n<title>Plein[s] \u00c9cran[s] 2021 \u2013 Selection from Quebec week 2 - Le petit septi\u00e8me<\/title>\n<meta name=\"description\" content=\"Plein(s) \u00c9cran(s) 2021 continues, and we&#039;re bringing you coverage of some of the movies you&#039;ll be able to watch during the last 7 days.\" \/>\n<meta name=\"robots\" content=\"index, follow, max-snippet:-1, max-image-preview:large, max-video-preview:-1\" \/>\n<link rel=\"canonical\" href=\"https:\/\/lepetitseptieme.ca\/en\/2021\/01\/18\/pleins-ecrans-2021-selection-from-quebec-week-2\/\" \/>\n<meta property=\"og:locale\" content=\"en_US\" \/>\n<meta property=\"og:type\" content=\"article\" \/>\n<meta property=\"og:title\" content=\"Plein[s] \u00c9cran[s] 2021 \u2013 Selection from Quebec week 2 - Le petit septi\u00e8me\" \/>\n<meta property=\"og:description\" content=\"Plein(s) \u00c9cran(s) 2021 se poursuit, et nous vous offrons une couverture de quelques-uns des films que vous pourrez voir lors de ces 7 derniers jours.\" \/>\n<meta property=\"og:url\" content=\"https:\/\/lepetitseptieme.ca\/en\/2021\/01\/18\/pleins-ecrans-2021-selection-from-quebec-week-2\/\" \/>\n<meta property=\"og:site_name\" content=\"Le petit septi\u00e8me\" \/>\n<meta property=\"article:publisher\" content=\"https:\/\/www.facebook.com\/pages\/Le-Petit-Septi%c3%a8me\/494448933948121?ref=hl\" \/>\n<meta property=\"article:author\" content=\"https:\/\/www.facebook.com\/FGrondinArt\/\" \/>\n<meta property=\"article:published_time\" content=\"2021-01-18T11:30:21+00:00\" \/>\n<meta property=\"article:modified_time\" content=\"2024-06-13T21:26:30+00:00\" \/>\n<meta property=\"og:image\" content=\"https:\/\/lepetitseptieme.ca\/wp-content\/uploads\/2021\/01\/Pleins-Ecrans-qc-semaine-2-une.jpg\" \/>\n\t<meta property=\"og:image:width\" content=\"1920\" \/>\n\t<meta property=\"og:image:height\" content=\"1080\" \/>\n\t<meta property=\"og:image:type\" content=\"image\/jpeg\" \/>\n<meta name=\"author\" content=\"Francois Grondin\" \/>\n<meta name=\"twitter:card\" content=\"summary_large_image\" \/>\n<meta name=\"twitter:creator\" content=\"@fgrondin1221\" \/>\n<meta name=\"twitter:site\" content=\"@LePetitSeptieme\" \/>\n<meta name=\"twitter:label1\" content=\"Written by\" \/>\n\t<meta name=\"twitter:data1\" content=\"Francois Grondin\" \/>\n<script type=\"application\/ld+json\" class=\"yoast-schema-graph\">{\"@context\":\"https:\/\/schema.org\",\"@graph\":[{\"@type\":\"Article\",\"@id\":\"https:\/\/lepetitseptieme.ca\/en\/2021\/01\/18\/pleins-ecrans-2021-selection-from-quebec-week-2\/#article\",\"isPartOf\":{\"@id\":\"https:\/\/lepetitseptieme.ca\/en\/2021\/01\/18\/pleins-ecrans-2021-selection-from-quebec-week-2\/\"},\"author\":{\"name\":\"Francois Grondin\",\"@id\":\"https:\/\/lepetitseptieme.ca\/en\/#\/schema\/person\/12a0b9476b07b0f9a7cc8a82db87e8af\"},\"headline\":\"Plein[s] \u00c9cran[s] 2021 \u2013 Selection from Quebec week 2\",\"datePublished\":\"2021-01-18T11:30:21+00:00\",\"dateModified\":\"2024-06-13T21:26:30+00:00\",\"mainEntityOfPage\":{\"@id\":\"https:\/\/lepetitseptieme.ca\/en\/2021\/01\/18\/pleins-ecrans-2021-selection-from-quebec-week-2\/\"},\"wordCount\":61,\"commentCount\":0,\"publisher\":{\"@id\":\"https:\/\/lepetitseptieme.ca\/en\/#organization\"},\"image\":{\"@id\":\"https:\/\/lepetitseptieme.ca\/en\/2021\/01\/18\/pleins-ecrans-2021-selection-from-quebec-week-2\/#primaryimage\"},\"thumbnailUrl\":\"https:\/\/lepetitseptieme.ca\/wp-content\/uploads\/2021\/01\/Pleins-Ecrans-qc-semaine-2-une.jpg\",\"keywords\":[\"Alexa-Jeanne Dub\u00e9\",\"Cayenne\",\"Celle qui porte la pluie\",\"Clebs\",\"\u00c9milie Mannering\",\"Halima Ouardiri\",\"Il y a un gorille dans le placard\",\"Jarvik\",\"Marianne M\u00e9tivier\",\"R\u00e9mi Fr\u00e9chette\",\"SDR\",\"Simon Gionet\"],\"articleSection\":[\"Festivals coverage\",\"Quebecers movies\",\"Short films\"],\"inLanguage\":\"en-US\",\"potentialAction\":[{\"@type\":\"CommentAction\",\"name\":\"Comment\",\"target\":[\"https:\/\/lepetitseptieme.ca\/en\/2021\/01\/18\/pleins-ecrans-2021-selection-from-quebec-week-2\/#respond\"]}]},{\"@type\":\"WebPage\",\"@id\":\"https:\/\/lepetitseptieme.ca\/en\/2021\/01\/18\/pleins-ecrans-2021-selection-from-quebec-week-2\/\",\"url\":\"https:\/\/lepetitseptieme.ca\/en\/2021\/01\/18\/pleins-ecrans-2021-selection-from-quebec-week-2\/\",\"name\":\"Plein[s] \u00c9cran[s] 2021 \u2013 Selection from Quebec week 2 - Le petit septi\u00e8me\",\"isPartOf\":{\"@id\":\"https:\/\/lepetitseptieme.ca\/en\/#website\"},\"primaryImageOfPage\":{\"@id\":\"https:\/\/lepetitseptieme.ca\/en\/2021\/01\/18\/pleins-ecrans-2021-selection-from-quebec-week-2\/#primaryimage\"},\"image\":{\"@id\":\"https:\/\/lepetitseptieme.ca\/en\/2021\/01\/18\/pleins-ecrans-2021-selection-from-quebec-week-2\/#primaryimage\"},\"thumbnailUrl\":\"https:\/\/lepetitseptieme.ca\/wp-content\/uploads\/2021\/01\/Pleins-Ecrans-qc-semaine-2-une.jpg\",\"datePublished\":\"2021-01-18T11:30:21+00:00\",\"dateModified\":\"2024-06-13T21:26:30+00:00\",\"description\":\"Plein(s) \u00c9cran(s) 2021 continues, and we're bringing you coverage of some of the movies you'll be able to watch during the last 7 days.\",\"breadcrumb\":{\"@id\":\"https:\/\/lepetitseptieme.ca\/en\/2021\/01\/18\/pleins-ecrans-2021-selection-from-quebec-week-2\/#breadcrumb\"},\"inLanguage\":\"en-US\",\"potentialAction\":[{\"@type\":\"ReadAction\",\"target\":[\"https:\/\/lepetitseptieme.ca\/en\/2021\/01\/18\/pleins-ecrans-2021-selection-from-quebec-week-2\/\"]}]},{\"@type\":\"ImageObject\",\"inLanguage\":\"en-US\",\"@id\":\"https:\/\/lepetitseptieme.ca\/en\/2021\/01\/18\/pleins-ecrans-2021-selection-from-quebec-week-2\/#primaryimage\",\"url\":\"https:\/\/lepetitseptieme.ca\/wp-content\/uploads\/2021\/01\/Pleins-Ecrans-qc-semaine-2-une.jpg\",\"contentUrl\":\"https:\/\/lepetitseptieme.ca\/wp-content\/uploads\/2021\/01\/Pleins-Ecrans-qc-semaine-2-une.jpg\",\"width\":1920,\"height\":1080,\"caption\":\"Pleins \u00c9crans qc semaine 2 - une\"},{\"@type\":\"BreadcrumbList\",\"@id\":\"https:\/\/lepetitseptieme.ca\/en\/2021\/01\/18\/pleins-ecrans-2021-selection-from-quebec-week-2\/#breadcrumb\",\"itemListElement\":[{\"@type\":\"ListItem\",\"position\":1,\"name\":\"Home\",\"item\":\"https:\/\/lepetitseptieme.ca\/en\/\"},{\"@type\":\"ListItem\",\"position\":2,\"name\":\"Plein[s] \u00c9cran[s] 2021 \u2013 Selection from Quebec week 2\"}]},{\"@type\":\"WebSite\",\"@id\":\"https:\/\/lepetitseptieme.ca\/en\/#website\",\"url\":\"https:\/\/lepetitseptieme.ca\/en\/\",\"name\":\"Le petit septi\u00e8me\",\"description\":\"Reviews and comments on Quebec, international and author cinema\",\"publisher\":{\"@id\":\"https:\/\/lepetitseptieme.ca\/en\/#organization\"},\"potentialAction\":[{\"@type\":\"SearchAction\",\"target\":{\"@type\":\"EntryPoint\",\"urlTemplate\":\"https:\/\/lepetitseptieme.ca\/en\/?s={search_term_string}\"},\"query-input\":{\"@type\":\"PropertyValueSpecification\",\"valueRequired\":true,\"valueName\":\"search_term_string\"}}],\"inLanguage\":\"en-US\"},{\"@type\":\"Organization\",\"@id\":\"https:\/\/lepetitseptieme.ca\/en\/#organization\",\"name\":\"Le Petit Septi\u00e8me\",\"url\":\"https:\/\/lepetitseptieme.ca\/en\/\",\"logo\":{\"@type\":\"ImageObject\",\"inLanguage\":\"en-US\",\"@id\":\"https:\/\/lepetitseptieme.ca\/en\/#\/schema\/logo\/image\/\",\"url\":\"https:\/\/lepetitseptieme.ca\/wp-content\/uploads\/2016\/05\/cropped-Logo-Le-Petit-Septi\u00e8me-2016-BW.png\",\"contentUrl\":\"https:\/\/lepetitseptieme.ca\/wp-content\/uploads\/2016\/05\/cropped-Logo-Le-Petit-Septi\u00e8me-2016-BW.png\",\"width\":512,\"height\":512,\"caption\":\"Le Petit Septi\u00e8me\"},\"image\":{\"@id\":\"https:\/\/lepetitseptieme.ca\/en\/#\/schema\/logo\/image\/\"},\"sameAs\":[\"https:\/\/www.facebook.com\/pages\/Le-Petit-Septi\u00e8me\/494448933948121?ref=hl\",\"https:\/\/x.com\/LePetitSeptieme\",\"https:\/\/www.youtube.com\/channel\/UC5mdhI_jJvDN1I9fkk5RcIw\"]},{\"@type\":\"Person\",\"@id\":\"https:\/\/lepetitseptieme.ca\/en\/#\/schema\/person\/12a0b9476b07b0f9a7cc8a82db87e8af\",\"name\":\"Francois Grondin\",\"image\":{\"@type\":\"ImageObject\",\"inLanguage\":\"en-US\",\"@id\":\"https:\/\/lepetitseptieme.ca\/en\/#\/schema\/person\/image\/\",\"url\":\"https:\/\/secure.gravatar.com\/avatar\/cbc7d427b20502f8a471e632a3ac28d3200b0a6f80a7e6d8056f088f651d3888?s=96&d=mm&r=r\",\"contentUrl\":\"https:\/\/secure.gravatar.com\/avatar\/cbc7d427b20502f8a471e632a3ac28d3200b0a6f80a7e6d8056f088f651d3888?s=96&d=mm&r=r\",\"caption\":\"Francois Grondin\"},\"description\":\"Sp\u00e9cialiste en cin\u00e9ma international et en communication num\u00e9rique, cin\u00e9aste, photographe et passionn\u00e9 de cin\u00e9ma italien et japonais. Membre du jury pour le festival FICMAN et le SIFA Festival 2022 et, bien s\u00fbr, fier papa de 2!\",\"sameAs\":[\"https:\/\/lepetitseptieme.ca\",\"https:\/\/www.facebook.com\/FGrondinArt\/\",\"https:\/\/www.linkedin.com\/in\/francois-grondin-05895816\/\",\"https:\/\/x.com\/fgrondin1221\"],\"url\":\"https:\/\/lepetitseptieme.ca\/en\/author\/francois\/\"}]}<\/script>\n<!-- \/ Yoast SEO plugin. -->","yoast_head_json":{"title":"Plein[s] \u00c9cran[s] 2021 \u2013 Selection from Quebec week 2 - Le petit septi\u00e8me","description":"Plein(s) \u00c9cran(s) 2021 continues, and we're bringing you coverage of some of the movies you'll be able to watch during the last 7 days.","robots":{"index":"index","follow":"follow","max-snippet":"max-snippet:-1","max-image-preview":"max-image-preview:large","max-video-preview":"max-video-preview:-1"},"canonical":"https:\/\/lepetitseptieme.ca\/en\/2021\/01\/18\/pleins-ecrans-2021-selection-from-quebec-week-2\/","og_locale":"en_US","og_type":"article","og_title":"Plein[s] \u00c9cran[s] 2021 \u2013 Selection from Quebec week 2 - Le petit septi\u00e8me","og_description":"Plein(s) \u00c9cran(s) 2021 se poursuit, et nous vous offrons une couverture de quelques-uns des films que vous pourrez voir lors de ces 7 derniers jours.","og_url":"https:\/\/lepetitseptieme.ca\/en\/2021\/01\/18\/pleins-ecrans-2021-selection-from-quebec-week-2\/","og_site_name":"Le petit septi\u00e8me","article_publisher":"https:\/\/www.facebook.com\/pages\/Le-Petit-Septi%c3%a8me\/494448933948121?ref=hl","article_author":"https:\/\/www.facebook.com\/FGrondinArt\/","article_published_time":"2021-01-18T11:30:21+00:00","article_modified_time":"2024-06-13T21:26:30+00:00","og_image":[{"width":1920,"height":1080,"url":"https:\/\/lepetitseptieme.ca\/wp-content\/uploads\/2021\/01\/Pleins-Ecrans-qc-semaine-2-une.jpg","type":"image\/jpeg"}],"author":"Francois Grondin","twitter_card":"summary_large_image","twitter_creator":"@fgrondin1221","twitter_site":"@LePetitSeptieme","twitter_misc":{"Written by":"Francois Grondin"},"schema":{"@context":"https:\/\/schema.org","@graph":[{"@type":"Article","@id":"https:\/\/lepetitseptieme.ca\/en\/2021\/01\/18\/pleins-ecrans-2021-selection-from-quebec-week-2\/#article","isPartOf":{"@id":"https:\/\/lepetitseptieme.ca\/en\/2021\/01\/18\/pleins-ecrans-2021-selection-from-quebec-week-2\/"},"author":{"name":"Francois Grondin","@id":"https:\/\/lepetitseptieme.ca\/en\/#\/schema\/person\/12a0b9476b07b0f9a7cc8a82db87e8af"},"headline":"Plein[s] \u00c9cran[s] 2021 \u2013 Selection from Quebec week 2","datePublished":"2021-01-18T11:30:21+00:00","dateModified":"2024-06-13T21:26:30+00:00","mainEntityOfPage":{"@id":"https:\/\/lepetitseptieme.ca\/en\/2021\/01\/18\/pleins-ecrans-2021-selection-from-quebec-week-2\/"},"wordCount":61,"commentCount":0,"publisher":{"@id":"https:\/\/lepetitseptieme.ca\/en\/#organization"},"image":{"@id":"https:\/\/lepetitseptieme.ca\/en\/2021\/01\/18\/pleins-ecrans-2021-selection-from-quebec-week-2\/#primaryimage"},"thumbnailUrl":"https:\/\/lepetitseptieme.ca\/wp-content\/uploads\/2021\/01\/Pleins-Ecrans-qc-semaine-2-une.jpg","keywords":["Alexa-Jeanne Dub\u00e9","Cayenne","Celle qui porte la pluie","Clebs","\u00c9milie Mannering","Halima Ouardiri","Il y a un gorille dans le placard","Jarvik","Marianne M\u00e9tivier","R\u00e9mi Fr\u00e9chette","SDR","Simon Gionet"],"articleSection":["Festivals coverage","Quebecers movies","Short films"],"inLanguage":"en-US","potentialAction":[{"@type":"CommentAction","name":"Comment","target":["https:\/\/lepetitseptieme.ca\/en\/2021\/01\/18\/pleins-ecrans-2021-selection-from-quebec-week-2\/#respond"]}]},{"@type":"WebPage","@id":"https:\/\/lepetitseptieme.ca\/en\/2021\/01\/18\/pleins-ecrans-2021-selection-from-quebec-week-2\/","url":"https:\/\/lepetitseptieme.ca\/en\/2021\/01\/18\/pleins-ecrans-2021-selection-from-quebec-week-2\/","name":"Plein[s] \u00c9cran[s] 2021 \u2013 Selection from Quebec week 2 - Le petit septi\u00e8me","isPartOf":{"@id":"https:\/\/lepetitseptieme.ca\/en\/#website"},"primaryImageOfPage":{"@id":"https:\/\/lepetitseptieme.ca\/en\/2021\/01\/18\/pleins-ecrans-2021-selection-from-quebec-week-2\/#primaryimage"},"image":{"@id":"https:\/\/lepetitseptieme.ca\/en\/2021\/01\/18\/pleins-ecrans-2021-selection-from-quebec-week-2\/#primaryimage"},"thumbnailUrl":"https:\/\/lepetitseptieme.ca\/wp-content\/uploads\/2021\/01\/Pleins-Ecrans-qc-semaine-2-une.jpg","datePublished":"2021-01-18T11:30:21+00:00","dateModified":"2024-06-13T21:26:30+00:00","description":"Plein(s) \u00c9cran(s) 2021 continues, and we're bringing you coverage of some of the movies you'll be able to watch during the last 7 days.","breadcrumb":{"@id":"https:\/\/lepetitseptieme.ca\/en\/2021\/01\/18\/pleins-ecrans-2021-selection-from-quebec-week-2\/#breadcrumb"},"inLanguage":"en-US","potentialAction":[{"@type":"ReadAction","target":["https:\/\/lepetitseptieme.ca\/en\/2021\/01\/18\/pleins-ecrans-2021-selection-from-quebec-week-2\/"]}]},{"@type":"ImageObject","inLanguage":"en-US","@id":"https:\/\/lepetitseptieme.ca\/en\/2021\/01\/18\/pleins-ecrans-2021-selection-from-quebec-week-2\/#primaryimage","url":"https:\/\/lepetitseptieme.ca\/wp-content\/uploads\/2021\/01\/Pleins-Ecrans-qc-semaine-2-une.jpg","contentUrl":"https:\/\/lepetitseptieme.ca\/wp-content\/uploads\/2021\/01\/Pleins-Ecrans-qc-semaine-2-une.jpg","width":1920,"height":1080,"caption":"Pleins \u00c9crans qc semaine 2 - une"},{"@type":"BreadcrumbList","@id":"https:\/\/lepetitseptieme.ca\/en\/2021\/01\/18\/pleins-ecrans-2021-selection-from-quebec-week-2\/#breadcrumb","itemListElement":[{"@type":"ListItem","position":1,"name":"Home","item":"https:\/\/lepetitseptieme.ca\/en\/"},{"@type":"ListItem","position":2,"name":"Plein[s] \u00c9cran[s] 2021 \u2013 Selection from Quebec week 2"}]},{"@type":"WebSite","@id":"https:\/\/lepetitseptieme.ca\/en\/#website","url":"https:\/\/lepetitseptieme.ca\/en\/","name":"Le petit septi\u00e8me","description":"Reviews and comments on Quebec, international and author cinema","publisher":{"@id":"https:\/\/lepetitseptieme.ca\/en\/#organization"},"potentialAction":[{"@type":"SearchAction","target":{"@type":"EntryPoint","urlTemplate":"https:\/\/lepetitseptieme.ca\/en\/?s={search_term_string}"},"query-input":{"@type":"PropertyValueSpecification","valueRequired":true,"valueName":"search_term_string"}}],"inLanguage":"en-US"},{"@type":"Organization","@id":"https:\/\/lepetitseptieme.ca\/en\/#organization","name":"Le Petit Septi\u00e8me","url":"https:\/\/lepetitseptieme.ca\/en\/","logo":{"@type":"ImageObject","inLanguage":"en-US","@id":"https:\/\/lepetitseptieme.ca\/en\/#\/schema\/logo\/image\/","url":"https:\/\/lepetitseptieme.ca\/wp-content\/uploads\/2016\/05\/cropped-Logo-Le-Petit-Septi\u00e8me-2016-BW.png","contentUrl":"https:\/\/lepetitseptieme.ca\/wp-content\/uploads\/2016\/05\/cropped-Logo-Le-Petit-Septi\u00e8me-2016-BW.png","width":512,"height":512,"caption":"Le Petit Septi\u00e8me"},"image":{"@id":"https:\/\/lepetitseptieme.ca\/en\/#\/schema\/logo\/image\/"},"sameAs":["https:\/\/www.facebook.com\/pages\/Le-Petit-Septi\u00e8me\/494448933948121?ref=hl","https:\/\/x.com\/LePetitSeptieme","https:\/\/www.youtube.com\/channel\/UC5mdhI_jJvDN1I9fkk5RcIw"]},{"@type":"Person","@id":"https:\/\/lepetitseptieme.ca\/en\/#\/schema\/person\/12a0b9476b07b0f9a7cc8a82db87e8af","name":"Francois Grondin","image":{"@type":"ImageObject","inLanguage":"en-US","@id":"https:\/\/lepetitseptieme.ca\/en\/#\/schema\/person\/image\/","url":"https:\/\/secure.gravatar.com\/avatar\/cbc7d427b20502f8a471e632a3ac28d3200b0a6f80a7e6d8056f088f651d3888?s=96&d=mm&r=r","contentUrl":"https:\/\/secure.gravatar.com\/avatar\/cbc7d427b20502f8a471e632a3ac28d3200b0a6f80a7e6d8056f088f651d3888?s=96&d=mm&r=r","caption":"Francois Grondin"},"description":"Sp\u00e9cialiste en cin\u00e9ma international et en communication num\u00e9rique, cin\u00e9aste, photographe et passionn\u00e9 de cin\u00e9ma italien et japonais. Membre du jury pour le festival FICMAN et le SIFA Festival 2022 et, bien s\u00fbr, fier papa de 2!","sameAs":["https:\/\/lepetitseptieme.ca","https:\/\/www.facebook.com\/FGrondinArt\/","https:\/\/www.linkedin.com\/in\/francois-grondin-05895816\/","https:\/\/x.com\/fgrondin1221"],"url":"https:\/\/lepetitseptieme.ca\/en\/author\/francois\/"}]}},"_links":{"self":[{"href":"https:\/\/lepetitseptieme.ca\/en\/wp-json\/wp\/v2\/posts\/14003","targetHints":{"allow":["GET"]}}],"collection":[{"href":"https:\/\/lepetitseptieme.ca\/en\/wp-json\/wp\/v2\/posts"}],"about":[{"href":"https:\/\/lepetitseptieme.ca\/en\/wp-json\/wp\/v2\/types\/post"}],"author":[{"embeddable":true,"href":"https:\/\/lepetitseptieme.ca\/en\/wp-json\/wp\/v2\/users\/2"}],"replies":[{"embeddable":true,"href":"https:\/\/lepetitseptieme.ca\/en\/wp-json\/wp\/v2\/comments?post=14003"}],"version-history":[{"count":1,"href":"https:\/\/lepetitseptieme.ca\/en\/wp-json\/wp\/v2\/posts\/14003\/revisions"}],"predecessor-version":[{"id":45427,"href":"https:\/\/lepetitseptieme.ca\/en\/wp-json\/wp\/v2\/posts\/14003\/revisions\/45427"}],"wp:featuredmedia":[{"embeddable":true,"href":"https:\/\/lepetitseptieme.ca\/en\/wp-json\/wp\/v2\/media\/13998"}],"wp:attachment":[{"href":"https:\/\/lepetitseptieme.ca\/en\/wp-json\/wp\/v2\/media?parent=14003"}],"wp:term":[{"taxonomy":"category","embeddable":true,"href":"https:\/\/lepetitseptieme.ca\/en\/wp-json\/wp\/v2\/categories?post=14003"},{"taxonomy":"post_tag","embeddable":true,"href":"https:\/\/lepetitseptieme.ca\/en\/wp-json\/wp\/v2\/tags?post=14003"}],"curies":[{"name":"wp","href":"https:\/\/api.w.org\/{rel}","templated":true}]}}