{"id":13989,"date":"2021-01-15T06:30:00","date_gmt":"2021-01-15T11:30:00","guid":{"rendered":"https:\/\/lepetitseptieme.ca\/?p=13989"},"modified":"2024-06-13T17:28:47","modified_gmt":"2024-06-13T21:28:47","slug":"pleins-ecrans-2021-insomniacs-week-1","status":"publish","type":"post","link":"https:\/\/lepetitseptieme.ca\/en\/2021\/01\/15\/pleins-ecrans-2021-insomniacs-week-1\/","title":{"rendered":"Plein[s] \u00c9cran[s] 2021 \u2013 Insomniac[s] week 1"},"content":{"rendered":"<p><span style=\"font-weight: 400;\"><a href=\"https:\/\/lepetitseptieme.ca\/wp-content\/uploads\/2021\/01\/L-etreinte-des-Valkyries_Alan-Lake.jpg\"><img loading=\"lazy\" decoding=\"async\" class=\"alignleft size-medium wp-image-13979\" src=\"https:\/\/lepetitseptieme.ca\/wp-content\/uploads\/2021\/01\/L-etreinte-des-Valkyries_Alan-Lake-300x169.jpg\" alt=\"L'\u00e9treinte des Valkyries - Alan Lake\" width=\"300\" height=\"169\" srcset=\"https:\/\/lepetitseptieme.ca\/wp-content\/uploads\/2021\/01\/L-etreinte-des-Valkyries_Alan-Lake-300x169.jpg 300w, https:\/\/lepetitseptieme.ca\/wp-content\/uploads\/2021\/01\/L-etreinte-des-Valkyries_Alan-Lake-1024x576.jpg 1024w, https:\/\/lepetitseptieme.ca\/wp-content\/uploads\/2021\/01\/L-etreinte-des-Valkyries_Alan-Lake-768x432.jpg 768w, https:\/\/lepetitseptieme.ca\/wp-content\/uploads\/2021\/01\/L-etreinte-des-Valkyries_Alan-Lake-533x300.jpg 533w, https:\/\/lepetitseptieme.ca\/wp-content\/uploads\/2021\/01\/L-etreinte-des-Valkyries_Alan-Lake-600x338.jpg 600w, https:\/\/lepetitseptieme.ca\/wp-content\/uploads\/2021\/01\/L-etreinte-des-Valkyries_Alan-Lake-107x60.jpg 107w, https:\/\/lepetitseptieme.ca\/wp-content\/uploads\/2021\/01\/L-etreinte-des-Valkyries_Alan-Lake-160x90.jpg 160w, https:\/\/lepetitseptieme.ca\/wp-content\/uploads\/2021\/01\/L-etreinte-des-Valkyries_Alan-Lake.jpg 1500w\" sizes=\"auto, (max-width: 300px) 100vw, 300px\" \/><\/a>Why is this article not available in English?<\/span><\/p>\n<p><span style=\"font-weight: 400;\">Unfortunately, we do not have the necessary financial support to provide a good translation of each of our texts.<\/span><\/p>\n<p><span style=\"font-weight: 400;\">Support us by purchasing one of <\/span><a href=\"https:\/\/lepetitseptieme.ca\/en\/store\/\"><span style=\"font-weight: 400;\">our products<\/span><\/a><span style=\"font-weight: 400;\"> or with <\/span><a href=\"https:\/\/lepetitseptieme.ca\/en\/produit\/donation\/\"><span style=\"font-weight: 400;\">a $1 donation<\/span><\/a><span style=\"font-weight: 400;\"> so we can make it!<\/span><\/p>\n<p><span style=\"font-weight: 400;\">You can still watch the trailers on the French page&#8230;<\/span><\/p>\n","protected":false},"excerpt":{"rendered":"<p>Why is this article not available in English? Unfortunately, we do not have the necessary financial support to provide a good translation of each of our texts. Support us by purchasing one of our products or with a $1 donation so we can make it! You can still watch the trailers on the French page&#8230;<\/p>\n","protected":false},"author":2,"featured_media":13992,"comment_status":"open","ping_status":"open","sticky":false,"template":"","format":"standard","meta":{"_acf_changed":false,"site-sidebar-layout":"default","site-content-layout":"","ast-site-content-layout":"default","site-content-style":"default","site-sidebar-style":"default","ast-global-header-display":"","ast-banner-title-visibility":"","ast-main-header-display":"","ast-hfb-above-header-display":"","ast-hfb-below-header-display":"","ast-hfb-mobile-header-display":"","site-post-title":"","ast-breadcrumbs-content":"","ast-featured-img":"","footer-sml-layout":"","ast-disable-related-posts":"","theme-transparent-header-meta":"","adv-header-id-meta":"","stick-header-meta":"","header-above-stick-meta":"","header-main-stick-meta":"","header-below-stick-meta":"","astra-migrate-meta-layouts":"default","ast-page-background-enabled":"default","ast-page-background-meta":{"desktop":{"background-color":"var(--ast-global-color-4)","background-image":"","background-repeat":"repeat","background-position":"center center","background-size":"auto","background-attachment":"scroll","background-type":"","background-media":"","overlay-type":"","overlay-color":"","overlay-opacity":"","overlay-gradient":""},"tablet":{"background-color":"","background-image":"","background-repeat":"repeat","background-position":"center center","background-size":"auto","background-attachment":"scroll","background-type":"","background-media":"","overlay-type":"","overlay-color":"","overlay-opacity":"","overlay-gradient":""},"mobile":{"background-color":"","background-image":"","background-repeat":"repeat","background-position":"center center","background-size":"auto","background-attachment":"scroll","background-type":"","background-media":"","overlay-type":"","overlay-color":"","overlay-opacity":"","overlay-gradient":""}},"ast-content-background-meta":{"desktop":{"background-color":"var(--ast-global-color-5)","background-image":"","background-repeat":"repeat","background-position":"center center","background-size":"auto","background-attachment":"scroll","background-type":"","background-media":"","overlay-type":"","overlay-color":"","overlay-opacity":"","overlay-gradient":""},"tablet":{"background-color":"var(--ast-global-color-5)","background-image":"","background-repeat":"repeat","background-position":"center center","background-size":"auto","background-attachment":"scroll","background-type":"","background-media":"","overlay-type":"","overlay-color":"","overlay-opacity":"","overlay-gradient":""},"mobile":{"background-color":"var(--ast-global-color-5)","background-image":"","background-repeat":"repeat","background-position":"center center","background-size":"auto","background-attachment":"scroll","background-type":"","background-media":"","overlay-type":"","overlay-color":"","overlay-opacity":"","overlay-gradient":""}},"footnotes":""},"categories":[20833,5522,5378],"tags":[15287,15289,15291,15293,15295,15297,15299,15301,15303,15305,15307,15309,15311],"class_list":["post-13989","post","type-post","status-publish","format-standard","has-post-thumbnail","hentry","category-festivals-coverage","category-quebecers-films","category-short-films","tag-alan-lake-en","tag-alice-bedard-en","tag-awe-en","tag-charlotte-clermont-en","tag-edith-en","tag-felipe-arriagada-nunez-en","tag-jorisch-en","tag-letreinte-des-valkyries-en","tag-nitrate-en","tag-tooth-fairy-en","tag-where-i-dont-meet-you-en","tag-xtermination-en","tag-yousra-benziane-en"],"acf":[],"yoast_head":"<!-- This site is optimized with the Yoast SEO plugin v27.1.1 - https:\/\/yoast.com\/product\/yoast-seo-wordpress\/ -->\n<title>Plein[s] \u00c9cran[s] 2021 \u2013 Insomniac[s] week 1 - Le petit septi\u00e8me<\/title>\n<meta name=\"description\" content=\"The Insomniac(s) section of Plein(s) Ecran(s) 2021 offers a concentration of prodigious staging, soft-sex and varied ambience. A selection for discerning and... smart moviegoers. Here are the titles of the first week.\" \/>\n<meta name=\"robots\" content=\"index, follow, max-snippet:-1, max-image-preview:large, max-video-preview:-1\" \/>\n<link rel=\"canonical\" href=\"https:\/\/lepetitseptieme.ca\/en\/2021\/01\/15\/pleins-ecrans-2021-insomniacs-week-1\/\" \/>\n<meta property=\"og:locale\" content=\"en_US\" \/>\n<meta property=\"og:type\" content=\"article\" \/>\n<meta property=\"og:title\" content=\"Plein[s] \u00c9cran[s] 2021 \u2013 Insomniac[s] week 1 - Le petit septi\u00e8me\" \/>\n<meta property=\"og:description\" content=\"La section Insomniaque(s) de Plein(s) \u00c9cran(s) 2021 offre un concentr\u00e9 de mises en sc\u00e8nes prodigieuses, de soft-sexu et d\u2019ambiances vari\u00e9es. Une s\u00e9lection pour cin\u00e9philes avertis et... d\u00e9gourdis. Voici les titres de la premi\u00e8re semaine.\" \/>\n<meta property=\"og:url\" content=\"https:\/\/lepetitseptieme.ca\/en\/2021\/01\/15\/pleins-ecrans-2021-insomniacs-week-1\/\" \/>\n<meta property=\"og:site_name\" content=\"Le petit septi\u00e8me\" \/>\n<meta property=\"article:publisher\" content=\"https:\/\/www.facebook.com\/pages\/Le-Petit-Septi%c3%a8me\/494448933948121?ref=hl\" \/>\n<meta property=\"article:author\" content=\"https:\/\/www.facebook.com\/FGrondinArt\/\" \/>\n<meta property=\"article:published_time\" content=\"2021-01-15T11:30:00+00:00\" \/>\n<meta property=\"article:modified_time\" content=\"2024-06-13T21:28:47+00:00\" \/>\n<meta property=\"og:image\" content=\"https:\/\/lepetitseptieme.ca\/wp-content\/uploads\/2021\/01\/Pleins-Ecrans-Insomniaques-1-une-1.jpg\" \/>\n\t<meta property=\"og:image:width\" content=\"1920\" \/>\n\t<meta property=\"og:image:height\" content=\"1080\" \/>\n\t<meta property=\"og:image:type\" content=\"image\/jpeg\" \/>\n<meta name=\"author\" content=\"Francois Grondin\" \/>\n<meta name=\"twitter:card\" content=\"summary_large_image\" \/>\n<meta name=\"twitter:creator\" content=\"@fgrondin1221\" \/>\n<meta name=\"twitter:site\" content=\"@LePetitSeptieme\" \/>\n<meta name=\"twitter:label1\" content=\"Written by\" \/>\n\t<meta name=\"twitter:data1\" content=\"Francois Grondin\" \/>\n<script type=\"application\/ld+json\" class=\"yoast-schema-graph\">{\"@context\":\"https:\/\/schema.org\",\"@graph\":[{\"@type\":\"Article\",\"@id\":\"https:\/\/lepetitseptieme.ca\/en\/2021\/01\/15\/pleins-ecrans-2021-insomniacs-week-1\/#article\",\"isPartOf\":{\"@id\":\"https:\/\/lepetitseptieme.ca\/en\/2021\/01\/15\/pleins-ecrans-2021-insomniacs-week-1\/\"},\"author\":{\"name\":\"Francois Grondin\",\"@id\":\"https:\/\/lepetitseptieme.ca\/en\/#\/schema\/person\/12a0b9476b07b0f9a7cc8a82db87e8af\"},\"headline\":\"Plein[s] \u00c9cran[s] 2021 \u2013 Insomniac[s] week 1\",\"datePublished\":\"2021-01-15T11:30:00+00:00\",\"dateModified\":\"2024-06-13T21:28:47+00:00\",\"mainEntityOfPage\":{\"@id\":\"https:\/\/lepetitseptieme.ca\/en\/2021\/01\/15\/pleins-ecrans-2021-insomniacs-week-1\/\"},\"wordCount\":61,\"commentCount\":0,\"publisher\":{\"@id\":\"https:\/\/lepetitseptieme.ca\/en\/#organization\"},\"image\":{\"@id\":\"https:\/\/lepetitseptieme.ca\/en\/2021\/01\/15\/pleins-ecrans-2021-insomniacs-week-1\/#primaryimage\"},\"thumbnailUrl\":\"https:\/\/lepetitseptieme.ca\/wp-content\/uploads\/2021\/01\/Pleins-Ecrans-Insomniaques-1-une-1.jpg\",\"keywords\":[\"Alan Lake\",\"Alice B\u00e9dard\",\"Awe\",\"Charlotte Clermont\",\"\u00c9dith\",\"Felipe Arriagada-nunez\",\"Jorisch\",\"L\u2019\u00e9treinte des valkyries\",\"Nitrate\",\"Tooth fairy\",\"where i don\u2019t meet you\",\"Xtermination\",\"Yousra Benziane\"],\"articleSection\":[\"Festivals coverage\",\"Quebecers movies\",\"Short films\"],\"inLanguage\":\"en-US\",\"potentialAction\":[{\"@type\":\"CommentAction\",\"name\":\"Comment\",\"target\":[\"https:\/\/lepetitseptieme.ca\/en\/2021\/01\/15\/pleins-ecrans-2021-insomniacs-week-1\/#respond\"]}]},{\"@type\":\"WebPage\",\"@id\":\"https:\/\/lepetitseptieme.ca\/en\/2021\/01\/15\/pleins-ecrans-2021-insomniacs-week-1\/\",\"url\":\"https:\/\/lepetitseptieme.ca\/en\/2021\/01\/15\/pleins-ecrans-2021-insomniacs-week-1\/\",\"name\":\"Plein[s] \u00c9cran[s] 2021 \u2013 Insomniac[s] week 1 - Le petit septi\u00e8me\",\"isPartOf\":{\"@id\":\"https:\/\/lepetitseptieme.ca\/en\/#website\"},\"primaryImageOfPage\":{\"@id\":\"https:\/\/lepetitseptieme.ca\/en\/2021\/01\/15\/pleins-ecrans-2021-insomniacs-week-1\/#primaryimage\"},\"image\":{\"@id\":\"https:\/\/lepetitseptieme.ca\/en\/2021\/01\/15\/pleins-ecrans-2021-insomniacs-week-1\/#primaryimage\"},\"thumbnailUrl\":\"https:\/\/lepetitseptieme.ca\/wp-content\/uploads\/2021\/01\/Pleins-Ecrans-Insomniaques-1-une-1.jpg\",\"datePublished\":\"2021-01-15T11:30:00+00:00\",\"dateModified\":\"2024-06-13T21:28:47+00:00\",\"description\":\"The Insomniac(s) section of Plein(s) Ecran(s) 2021 offers a concentration of prodigious staging, soft-sex and varied ambience. A selection for discerning and... smart moviegoers. Here are the titles of the first week.\",\"breadcrumb\":{\"@id\":\"https:\/\/lepetitseptieme.ca\/en\/2021\/01\/15\/pleins-ecrans-2021-insomniacs-week-1\/#breadcrumb\"},\"inLanguage\":\"en-US\",\"potentialAction\":[{\"@type\":\"ReadAction\",\"target\":[\"https:\/\/lepetitseptieme.ca\/en\/2021\/01\/15\/pleins-ecrans-2021-insomniacs-week-1\/\"]}]},{\"@type\":\"ImageObject\",\"inLanguage\":\"en-US\",\"@id\":\"https:\/\/lepetitseptieme.ca\/en\/2021\/01\/15\/pleins-ecrans-2021-insomniacs-week-1\/#primaryimage\",\"url\":\"https:\/\/lepetitseptieme.ca\/wp-content\/uploads\/2021\/01\/Pleins-Ecrans-Insomniaques-1-une-1.jpg\",\"contentUrl\":\"https:\/\/lepetitseptieme.ca\/wp-content\/uploads\/2021\/01\/Pleins-Ecrans-Insomniaques-1-une-1.jpg\",\"width\":1920,\"height\":1080},{\"@type\":\"BreadcrumbList\",\"@id\":\"https:\/\/lepetitseptieme.ca\/en\/2021\/01\/15\/pleins-ecrans-2021-insomniacs-week-1\/#breadcrumb\",\"itemListElement\":[{\"@type\":\"ListItem\",\"position\":1,\"name\":\"Home\",\"item\":\"https:\/\/lepetitseptieme.ca\/en\/\"},{\"@type\":\"ListItem\",\"position\":2,\"name\":\"Plein[s] \u00c9cran[s] 2021 \u2013 Insomniac[s] week 1\"}]},{\"@type\":\"WebSite\",\"@id\":\"https:\/\/lepetitseptieme.ca\/en\/#website\",\"url\":\"https:\/\/lepetitseptieme.ca\/en\/\",\"name\":\"Le petit septi\u00e8me\",\"description\":\"Reviews and comments on Quebec, international and author cinema\",\"publisher\":{\"@id\":\"https:\/\/lepetitseptieme.ca\/en\/#organization\"},\"potentialAction\":[{\"@type\":\"SearchAction\",\"target\":{\"@type\":\"EntryPoint\",\"urlTemplate\":\"https:\/\/lepetitseptieme.ca\/en\/?s={search_term_string}\"},\"query-input\":{\"@type\":\"PropertyValueSpecification\",\"valueRequired\":true,\"valueName\":\"search_term_string\"}}],\"inLanguage\":\"en-US\"},{\"@type\":\"Organization\",\"@id\":\"https:\/\/lepetitseptieme.ca\/en\/#organization\",\"name\":\"Le Petit Septi\u00e8me\",\"url\":\"https:\/\/lepetitseptieme.ca\/en\/\",\"logo\":{\"@type\":\"ImageObject\",\"inLanguage\":\"en-US\",\"@id\":\"https:\/\/lepetitseptieme.ca\/en\/#\/schema\/logo\/image\/\",\"url\":\"https:\/\/lepetitseptieme.ca\/wp-content\/uploads\/2016\/05\/cropped-Logo-Le-Petit-Septi\u00e8me-2016-BW.png\",\"contentUrl\":\"https:\/\/lepetitseptieme.ca\/wp-content\/uploads\/2016\/05\/cropped-Logo-Le-Petit-Septi\u00e8me-2016-BW.png\",\"width\":512,\"height\":512,\"caption\":\"Le Petit Septi\u00e8me\"},\"image\":{\"@id\":\"https:\/\/lepetitseptieme.ca\/en\/#\/schema\/logo\/image\/\"},\"sameAs\":[\"https:\/\/www.facebook.com\/pages\/Le-Petit-Septi\u00e8me\/494448933948121?ref=hl\",\"https:\/\/x.com\/LePetitSeptieme\",\"https:\/\/www.youtube.com\/channel\/UC5mdhI_jJvDN1I9fkk5RcIw\"]},{\"@type\":\"Person\",\"@id\":\"https:\/\/lepetitseptieme.ca\/en\/#\/schema\/person\/12a0b9476b07b0f9a7cc8a82db87e8af\",\"name\":\"Francois Grondin\",\"image\":{\"@type\":\"ImageObject\",\"inLanguage\":\"en-US\",\"@id\":\"https:\/\/lepetitseptieme.ca\/en\/#\/schema\/person\/image\/\",\"url\":\"https:\/\/secure.gravatar.com\/avatar\/cbc7d427b20502f8a471e632a3ac28d3200b0a6f80a7e6d8056f088f651d3888?s=96&d=mm&r=r\",\"contentUrl\":\"https:\/\/secure.gravatar.com\/avatar\/cbc7d427b20502f8a471e632a3ac28d3200b0a6f80a7e6d8056f088f651d3888?s=96&d=mm&r=r\",\"caption\":\"Francois Grondin\"},\"description\":\"Sp\u00e9cialiste en cin\u00e9ma international et en communication num\u00e9rique, cin\u00e9aste, photographe et passionn\u00e9 de cin\u00e9ma italien et japonais. Membre du jury pour le festival FICMAN et le SIFA Festival 2022 et, bien s\u00fbr, fier papa de 2!\",\"sameAs\":[\"https:\/\/lepetitseptieme.ca\",\"https:\/\/www.facebook.com\/FGrondinArt\/\",\"https:\/\/www.linkedin.com\/in\/francois-grondin-05895816\/\",\"https:\/\/x.com\/fgrondin1221\"],\"url\":\"https:\/\/lepetitseptieme.ca\/en\/author\/francois\/\"}]}<\/script>\n<!-- \/ Yoast SEO plugin. -->","yoast_head_json":{"title":"Plein[s] \u00c9cran[s] 2021 \u2013 Insomniac[s] week 1 - Le petit septi\u00e8me","description":"The Insomniac(s) section of Plein(s) Ecran(s) 2021 offers a concentration of prodigious staging, soft-sex and varied ambience. A selection for discerning and... smart moviegoers. Here are the titles of the first week.","robots":{"index":"index","follow":"follow","max-snippet":"max-snippet:-1","max-image-preview":"max-image-preview:large","max-video-preview":"max-video-preview:-1"},"canonical":"https:\/\/lepetitseptieme.ca\/en\/2021\/01\/15\/pleins-ecrans-2021-insomniacs-week-1\/","og_locale":"en_US","og_type":"article","og_title":"Plein[s] \u00c9cran[s] 2021 \u2013 Insomniac[s] week 1 - Le petit septi\u00e8me","og_description":"La section Insomniaque(s) de Plein(s) \u00c9cran(s) 2021 offre un concentr\u00e9 de mises en sc\u00e8nes prodigieuses, de soft-sexu et d\u2019ambiances vari\u00e9es. Une s\u00e9lection pour cin\u00e9philes avertis et... d\u00e9gourdis. Voici les titres de la premi\u00e8re semaine.","og_url":"https:\/\/lepetitseptieme.ca\/en\/2021\/01\/15\/pleins-ecrans-2021-insomniacs-week-1\/","og_site_name":"Le petit septi\u00e8me","article_publisher":"https:\/\/www.facebook.com\/pages\/Le-Petit-Septi%c3%a8me\/494448933948121?ref=hl","article_author":"https:\/\/www.facebook.com\/FGrondinArt\/","article_published_time":"2021-01-15T11:30:00+00:00","article_modified_time":"2024-06-13T21:28:47+00:00","og_image":[{"width":1920,"height":1080,"url":"https:\/\/lepetitseptieme.ca\/wp-content\/uploads\/2021\/01\/Pleins-Ecrans-Insomniaques-1-une-1.jpg","type":"image\/jpeg"}],"author":"Francois Grondin","twitter_card":"summary_large_image","twitter_creator":"@fgrondin1221","twitter_site":"@LePetitSeptieme","twitter_misc":{"Written by":"Francois Grondin"},"schema":{"@context":"https:\/\/schema.org","@graph":[{"@type":"Article","@id":"https:\/\/lepetitseptieme.ca\/en\/2021\/01\/15\/pleins-ecrans-2021-insomniacs-week-1\/#article","isPartOf":{"@id":"https:\/\/lepetitseptieme.ca\/en\/2021\/01\/15\/pleins-ecrans-2021-insomniacs-week-1\/"},"author":{"name":"Francois Grondin","@id":"https:\/\/lepetitseptieme.ca\/en\/#\/schema\/person\/12a0b9476b07b0f9a7cc8a82db87e8af"},"headline":"Plein[s] \u00c9cran[s] 2021 \u2013 Insomniac[s] week 1","datePublished":"2021-01-15T11:30:00+00:00","dateModified":"2024-06-13T21:28:47+00:00","mainEntityOfPage":{"@id":"https:\/\/lepetitseptieme.ca\/en\/2021\/01\/15\/pleins-ecrans-2021-insomniacs-week-1\/"},"wordCount":61,"commentCount":0,"publisher":{"@id":"https:\/\/lepetitseptieme.ca\/en\/#organization"},"image":{"@id":"https:\/\/lepetitseptieme.ca\/en\/2021\/01\/15\/pleins-ecrans-2021-insomniacs-week-1\/#primaryimage"},"thumbnailUrl":"https:\/\/lepetitseptieme.ca\/wp-content\/uploads\/2021\/01\/Pleins-Ecrans-Insomniaques-1-une-1.jpg","keywords":["Alan Lake","Alice B\u00e9dard","Awe","Charlotte Clermont","\u00c9dith","Felipe Arriagada-nunez","Jorisch","L\u2019\u00e9treinte des valkyries","Nitrate","Tooth fairy","where i don\u2019t meet you","Xtermination","Yousra Benziane"],"articleSection":["Festivals coverage","Quebecers movies","Short films"],"inLanguage":"en-US","potentialAction":[{"@type":"CommentAction","name":"Comment","target":["https:\/\/lepetitseptieme.ca\/en\/2021\/01\/15\/pleins-ecrans-2021-insomniacs-week-1\/#respond"]}]},{"@type":"WebPage","@id":"https:\/\/lepetitseptieme.ca\/en\/2021\/01\/15\/pleins-ecrans-2021-insomniacs-week-1\/","url":"https:\/\/lepetitseptieme.ca\/en\/2021\/01\/15\/pleins-ecrans-2021-insomniacs-week-1\/","name":"Plein[s] \u00c9cran[s] 2021 \u2013 Insomniac[s] week 1 - Le petit septi\u00e8me","isPartOf":{"@id":"https:\/\/lepetitseptieme.ca\/en\/#website"},"primaryImageOfPage":{"@id":"https:\/\/lepetitseptieme.ca\/en\/2021\/01\/15\/pleins-ecrans-2021-insomniacs-week-1\/#primaryimage"},"image":{"@id":"https:\/\/lepetitseptieme.ca\/en\/2021\/01\/15\/pleins-ecrans-2021-insomniacs-week-1\/#primaryimage"},"thumbnailUrl":"https:\/\/lepetitseptieme.ca\/wp-content\/uploads\/2021\/01\/Pleins-Ecrans-Insomniaques-1-une-1.jpg","datePublished":"2021-01-15T11:30:00+00:00","dateModified":"2024-06-13T21:28:47+00:00","description":"The Insomniac(s) section of Plein(s) Ecran(s) 2021 offers a concentration of prodigious staging, soft-sex and varied ambience. A selection for discerning and... smart moviegoers. Here are the titles of the first week.","breadcrumb":{"@id":"https:\/\/lepetitseptieme.ca\/en\/2021\/01\/15\/pleins-ecrans-2021-insomniacs-week-1\/#breadcrumb"},"inLanguage":"en-US","potentialAction":[{"@type":"ReadAction","target":["https:\/\/lepetitseptieme.ca\/en\/2021\/01\/15\/pleins-ecrans-2021-insomniacs-week-1\/"]}]},{"@type":"ImageObject","inLanguage":"en-US","@id":"https:\/\/lepetitseptieme.ca\/en\/2021\/01\/15\/pleins-ecrans-2021-insomniacs-week-1\/#primaryimage","url":"https:\/\/lepetitseptieme.ca\/wp-content\/uploads\/2021\/01\/Pleins-Ecrans-Insomniaques-1-une-1.jpg","contentUrl":"https:\/\/lepetitseptieme.ca\/wp-content\/uploads\/2021\/01\/Pleins-Ecrans-Insomniaques-1-une-1.jpg","width":1920,"height":1080},{"@type":"BreadcrumbList","@id":"https:\/\/lepetitseptieme.ca\/en\/2021\/01\/15\/pleins-ecrans-2021-insomniacs-week-1\/#breadcrumb","itemListElement":[{"@type":"ListItem","position":1,"name":"Home","item":"https:\/\/lepetitseptieme.ca\/en\/"},{"@type":"ListItem","position":2,"name":"Plein[s] \u00c9cran[s] 2021 \u2013 Insomniac[s] week 1"}]},{"@type":"WebSite","@id":"https:\/\/lepetitseptieme.ca\/en\/#website","url":"https:\/\/lepetitseptieme.ca\/en\/","name":"Le petit septi\u00e8me","description":"Reviews and comments on Quebec, international and author cinema","publisher":{"@id":"https:\/\/lepetitseptieme.ca\/en\/#organization"},"potentialAction":[{"@type":"SearchAction","target":{"@type":"EntryPoint","urlTemplate":"https:\/\/lepetitseptieme.ca\/en\/?s={search_term_string}"},"query-input":{"@type":"PropertyValueSpecification","valueRequired":true,"valueName":"search_term_string"}}],"inLanguage":"en-US"},{"@type":"Organization","@id":"https:\/\/lepetitseptieme.ca\/en\/#organization","name":"Le Petit Septi\u00e8me","url":"https:\/\/lepetitseptieme.ca\/en\/","logo":{"@type":"ImageObject","inLanguage":"en-US","@id":"https:\/\/lepetitseptieme.ca\/en\/#\/schema\/logo\/image\/","url":"https:\/\/lepetitseptieme.ca\/wp-content\/uploads\/2016\/05\/cropped-Logo-Le-Petit-Septi\u00e8me-2016-BW.png","contentUrl":"https:\/\/lepetitseptieme.ca\/wp-content\/uploads\/2016\/05\/cropped-Logo-Le-Petit-Septi\u00e8me-2016-BW.png","width":512,"height":512,"caption":"Le Petit Septi\u00e8me"},"image":{"@id":"https:\/\/lepetitseptieme.ca\/en\/#\/schema\/logo\/image\/"},"sameAs":["https:\/\/www.facebook.com\/pages\/Le-Petit-Septi\u00e8me\/494448933948121?ref=hl","https:\/\/x.com\/LePetitSeptieme","https:\/\/www.youtube.com\/channel\/UC5mdhI_jJvDN1I9fkk5RcIw"]},{"@type":"Person","@id":"https:\/\/lepetitseptieme.ca\/en\/#\/schema\/person\/12a0b9476b07b0f9a7cc8a82db87e8af","name":"Francois Grondin","image":{"@type":"ImageObject","inLanguage":"en-US","@id":"https:\/\/lepetitseptieme.ca\/en\/#\/schema\/person\/image\/","url":"https:\/\/secure.gravatar.com\/avatar\/cbc7d427b20502f8a471e632a3ac28d3200b0a6f80a7e6d8056f088f651d3888?s=96&d=mm&r=r","contentUrl":"https:\/\/secure.gravatar.com\/avatar\/cbc7d427b20502f8a471e632a3ac28d3200b0a6f80a7e6d8056f088f651d3888?s=96&d=mm&r=r","caption":"Francois Grondin"},"description":"Sp\u00e9cialiste en cin\u00e9ma international et en communication num\u00e9rique, cin\u00e9aste, photographe et passionn\u00e9 de cin\u00e9ma italien et japonais. Membre du jury pour le festival FICMAN et le SIFA Festival 2022 et, bien s\u00fbr, fier papa de 2!","sameAs":["https:\/\/lepetitseptieme.ca","https:\/\/www.facebook.com\/FGrondinArt\/","https:\/\/www.linkedin.com\/in\/francois-grondin-05895816\/","https:\/\/x.com\/fgrondin1221"],"url":"https:\/\/lepetitseptieme.ca\/en\/author\/francois\/"}]}},"_links":{"self":[{"href":"https:\/\/lepetitseptieme.ca\/en\/wp-json\/wp\/v2\/posts\/13989","targetHints":{"allow":["GET"]}}],"collection":[{"href":"https:\/\/lepetitseptieme.ca\/en\/wp-json\/wp\/v2\/posts"}],"about":[{"href":"https:\/\/lepetitseptieme.ca\/en\/wp-json\/wp\/v2\/types\/post"}],"author":[{"embeddable":true,"href":"https:\/\/lepetitseptieme.ca\/en\/wp-json\/wp\/v2\/users\/2"}],"replies":[{"embeddable":true,"href":"https:\/\/lepetitseptieme.ca\/en\/wp-json\/wp\/v2\/comments?post=13989"}],"version-history":[{"count":1,"href":"https:\/\/lepetitseptieme.ca\/en\/wp-json\/wp\/v2\/posts\/13989\/revisions"}],"predecessor-version":[{"id":45428,"href":"https:\/\/lepetitseptieme.ca\/en\/wp-json\/wp\/v2\/posts\/13989\/revisions\/45428"}],"wp:featuredmedia":[{"embeddable":true,"href":"https:\/\/lepetitseptieme.ca\/en\/wp-json\/wp\/v2\/media\/13992"}],"wp:attachment":[{"href":"https:\/\/lepetitseptieme.ca\/en\/wp-json\/wp\/v2\/media?parent=13989"}],"wp:term":[{"taxonomy":"category","embeddable":true,"href":"https:\/\/lepetitseptieme.ca\/en\/wp-json\/wp\/v2\/categories?post=13989"},{"taxonomy":"post_tag","embeddable":true,"href":"https:\/\/lepetitseptieme.ca\/en\/wp-json\/wp\/v2\/tags?post=13989"}],"curies":[{"name":"wp","href":"https:\/\/api.w.org\/{rel}","templated":true}]}}