{"id":13861,"date":"2020-12-23T06:30:19","date_gmt":"2020-12-23T11:30:19","guid":{"rendered":"https:\/\/lepetitseptieme.ca\/?p=13861"},"modified":"2020-12-19T20:56:15","modified_gmt":"2020-12-20T01:56:15","slug":"2-top-5-best-movies-of-2020","status":"publish","type":"post","link":"https:\/\/lepetitseptieme.ca\/en\/2020\/12\/23\/2-top-5-best-movies-of-2020\/","title":{"rendered":"2 top 5 \u2013 Best Movies of 2020"},"content":{"rendered":"<p style=\"text-align: justify;\"><span style=\"font-weight: 400;\">2020\u2026 What to say about 2020? For LPS, the month of January foreshadowed a good year. Then concerns arose from Asia. Then, Europe. And then here. In Quebec, spring was particularly murderous. We haven&#8217;t had the tens of thousands of deaths that other countries have had. But we are only 8 million inhabitants. In fact, we had one of the worst ratios in the world during the first wave of COVID-19. But what does it change for LPS, which offers movie reviews? At first, nothing. The months of February and March passed without any repercussions. Then April. Cinema closings, film postponements, and more and more deaths&#8230; Since then, 2 members of the team have had COVID-19 and 1 has lost a loved one. We are doing well, I suppose&#8230;<\/span><\/p>\n<p style=\"text-align: justify;\"><span style=\"font-weight: 400;\">As for me, 2020 will probably have been the worst year of my life. And yet I have known ugly years. When you have two small businesses, an event like COVID-19 doesn&#8217;t go by without leaving some damages. Drop in income, stress, fear\u2026 then break up. I am one of the thousands of people who will have seen the pandemic destroy their relationship and their lives. And when the couple is made up of 2 employees of LPS, that complicates the matter even more. The result? The worst fall of my life. Hospital\u2026 Consultations\u2026 Getting back to work\u2026<\/span><\/p>\n<p style=\"text-align: justify;\"><span style=\"font-weight: 400;\">So how was 2020? Luckily, there have been a few great movies to get through. Obviously, unlike usual, the majority of the titles I will tell you about here were presented at festivals. This is what happens when cinemas are closed for almost half of the year.<\/span><\/p>\n<p style=\"text-align: justify;\"><span style=\"font-weight: 400;\">Anyway, in 2020, I have seen 2 interactive films, 80 feature films and 147 short films. So what are the best movies of 2020?<\/span><\/p>\n<h3 style=\"text-align: justify;\"><b>Short films<\/b><\/h3>\n<h4 style=\"text-align: justify;\"><b>5 &#8211; Fall Out (Chung Jae-Hoon) &#8211; South Korea<\/b><\/h4>\n<p style=\"text-align: justify;\"><span style=\"font-weight: 400;\">In a devastated Korea in the near future, a family ventures into an apartment building, hoping to reach the life-saving ice. By all means.<\/span><\/p>\n<p style=\"text-align: justify;\"><span style=\"font-weight: 400;\">What could be better in 2020 than a film that offers us a terrible end of the world. Here it is not a virus, but a nuclear power plant that is causing chaos. A wonderfully well put together short film that gives goose bumps. With all the environmental stakes, this doomsday scene doesn&#8217;t quite look like an image from science fiction.<\/span><\/p>\n<h4 style=\"text-align: justify;\"><b>4 &#8211; Judith Hotel (Charlotte Le Bon) &#8211; France<\/b><\/h4>\n<p style=\"text-align: justify;\"><span style=\"font-weight: 400;\"><a href=\"https:\/\/lepetitseptieme.ca\/wp-content\/uploads\/2020\/12\/Judith-hotel-scaled.jpg\"><img loading=\"lazy\" decoding=\"async\" class=\"alignright wp-image-13868\" src=\"https:\/\/lepetitseptieme.ca\/wp-content\/uploads\/2020\/12\/Judith-hotel-300x200.jpg\" alt=\"Judith hotel\" width=\"262\" height=\"175\" srcset=\"https:\/\/lepetitseptieme.ca\/wp-content\/uploads\/2020\/12\/Judith-hotel-300x200.jpg 300w, https:\/\/lepetitseptieme.ca\/wp-content\/uploads\/2020\/12\/Judith-hotel-1024x683.jpg 1024w, https:\/\/lepetitseptieme.ca\/wp-content\/uploads\/2020\/12\/Judith-hotel-768x512.jpg 768w, https:\/\/lepetitseptieme.ca\/wp-content\/uploads\/2020\/12\/Judith-hotel-1536x1025.jpg 1536w, https:\/\/lepetitseptieme.ca\/wp-content\/uploads\/2020\/12\/Judith-hotel-2048x1366.jpg 2048w, https:\/\/lepetitseptieme.ca\/wp-content\/uploads\/2020\/12\/Judith-hotel-450x300.jpg 450w, https:\/\/lepetitseptieme.ca\/wp-content\/uploads\/2020\/12\/Judith-hotel-600x400.jpg 600w, https:\/\/lepetitseptieme.ca\/wp-content\/uploads\/2020\/12\/Judith-hotel-90x60.jpg 90w, https:\/\/lepetitseptieme.ca\/wp-content\/uploads\/2020\/12\/Judith-hotel-135x90.jpg 135w\" sizes=\"auto, (max-width: 262px) 100vw, 262px\" \/><\/a>Sleeping forever is the dream of R\u00e9mi, an insomniac for 8 years&#8230; By booking a room at the Judith Hotel, he offers himself the possibility of a new beginning.<\/span><\/p>\n<p style=\"text-align: justify;\"><span style=\"font-weight: 400;\">I saw <\/span><i><span style=\"font-weight: 400;\">Judith Hotel<\/span><\/i><span style=\"font-weight: 400;\"> 30 years ago\u2026 Oh no wait, it was in January! You remember, that&#8217;s when life was simpler. Insomnia. Have you ever suffered from insomnia for a long time? R\u00e9mi has been suffering from it for 8 years. This film is simply surreal, with a start as strange as the end is surprising. A short film that fits well with the trend of films about suicide places. The first of a dozen I saw in 2020. I guess there is no such thing as fortuity in life.<\/span><\/p>\n<h4 style=\"text-align: justify;\"><b>3 &#8211; Weltschmerz (Lisa Mausbach) &#8211; Germany<\/b><\/h4>\n<p style=\"text-align: justify;\"><a href=\"https:\/\/lepetitseptieme.ca\/wp-content\/uploads\/2020\/12\/Weltschmerz.jpg\"><img loading=\"lazy\" decoding=\"async\" class=\"alignleft wp-image-13853\" src=\"https:\/\/lepetitseptieme.ca\/wp-content\/uploads\/2020\/12\/Weltschmerz-300x199.jpg\" alt=\"Weltschmerz\" width=\"264\" height=\"175\" srcset=\"https:\/\/lepetitseptieme.ca\/wp-content\/uploads\/2020\/12\/Weltschmerz-300x199.jpg 300w, https:\/\/lepetitseptieme.ca\/wp-content\/uploads\/2020\/12\/Weltschmerz-768x510.jpg 768w, https:\/\/lepetitseptieme.ca\/wp-content\/uploads\/2020\/12\/Weltschmerz-452x300.jpg 452w, https:\/\/lepetitseptieme.ca\/wp-content\/uploads\/2020\/12\/Weltschmerz-600x398.jpg 600w, https:\/\/lepetitseptieme.ca\/wp-content\/uploads\/2020\/12\/Weltschmerz-90x60.jpg 90w, https:\/\/lepetitseptieme.ca\/wp-content\/uploads\/2020\/12\/Weltschmerz-136x90.jpg 136w, https:\/\/lepetitseptieme.ca\/wp-content\/uploads\/2020\/12\/Weltschmerz.jpg 800w\" sizes=\"auto, (max-width: 264px) 100vw, 264px\" \/><\/a>2050. At that time, the climate crisis will have a huge impact on our lives. On top of that, the three protagonists also have to face their inner demons.<\/p>\n<p style=\"text-align: justify;\"><span style=\"font-weight: 400;\">Weltschmerz is a poetic short film about the melancholy of its own insufficiency as a consequence of human destructiveness. No, it&#8217;s not a happy movie. I imagine 2020 was a good year to release this kind of movie. There have been a lot of films about ecological disasters in that dark year.<\/span><\/p>\n<p style=\"text-align: justify;\"><span style=\"font-weight: 400;\">By the way, the title of the film is a German word that describes a feeling of unease or unhappiness..<\/span><\/p>\n<p><iframe loading=\"lazy\" src=\"\/\/player.vimeo.com\/video\/382580212?title=0&amp;byline=0&amp;portrait=0&amp;color=8dc7dc\" width=\"425\" height=\"350\" allowfullscreen=\"allowfullscreen\"><\/iframe><\/p>\n<h4 style=\"text-align: justify;\"><b>2 &#8211; The Announcement (Zach Bernbaum) &#8211; Canada<\/b><\/h4>\n<p style=\"text-align: justify;\"><span style=\"font-weight: 400;\"><a href=\"https:\/\/lepetitseptieme.ca\/wp-content\/uploads\/2020\/12\/The-Announcement-affiche.jpg\"><img loading=\"lazy\" decoding=\"async\" class=\"alignright wp-image-13866\" src=\"https:\/\/lepetitseptieme.ca\/wp-content\/uploads\/2020\/12\/The-Announcement-affiche-200x300.jpg\" alt=\"\" width=\"150\" height=\"225\" srcset=\"https:\/\/lepetitseptieme.ca\/wp-content\/uploads\/2020\/12\/The-Announcement-affiche-200x300.jpg 200w, https:\/\/lepetitseptieme.ca\/wp-content\/uploads\/2020\/12\/The-Announcement-affiche-40x60.jpg 40w, https:\/\/lepetitseptieme.ca\/wp-content\/uploads\/2020\/12\/The-Announcement-affiche-60x90.jpg 60w, https:\/\/lepetitseptieme.ca\/wp-content\/uploads\/2020\/12\/The-Announcement-affiche.jpg 500w\" sizes=\"auto, (max-width: 150px) 100vw, 150px\" \/><\/a>Following a traumatic incident, Olive and Jonny face what they have done and what they have lost.<\/span><\/p>\n<p style=\"text-align: justify;\"><i><span style=\"font-weight: 400;\">The Announcement<\/span><\/i><span style=\"font-weight: 400;\"> is a particularly effective suspense. A man. A woman. Swollen faces. Incredible camera movements. One long sequence shot. You can see it for free by following the link (on the title).<\/span><\/p>\n<h4 style=\"text-align: justify;\"><b>1 &#8211; Bora Bora (Fr\u00e9d\u00e9ric De Pontcharra) &#8211; France<\/b><\/h4>\n<p style=\"text-align: justify;\"><span style=\"font-weight: 400;\"><a href=\"https:\/\/lepetitseptieme.ca\/wp-content\/uploads\/2020\/12\/Bora-bora-affiche.jpg\"><img loading=\"lazy\" decoding=\"async\" class=\"alignleft wp-image-13855\" src=\"https:\/\/lepetitseptieme.ca\/wp-content\/uploads\/2020\/12\/Bora-bora-affiche-225x300.jpg\" alt=\"Bora bora - poster\" width=\"150\" height=\"200\" srcset=\"https:\/\/lepetitseptieme.ca\/wp-content\/uploads\/2020\/12\/Bora-bora-affiche-225x300.jpg 225w, https:\/\/lepetitseptieme.ca\/wp-content\/uploads\/2020\/12\/Bora-bora-affiche-45x60.jpg 45w, https:\/\/lepetitseptieme.ca\/wp-content\/uploads\/2020\/12\/Bora-bora-affiche-68x90.jpg 68w, https:\/\/lepetitseptieme.ca\/wp-content\/uploads\/2020\/12\/Bora-bora-affiche.jpg 600w\" sizes=\"auto, (max-width: 150px) 100vw, 150px\" \/><\/a>Lucie, a mother who has just come out of a deep coma, gives her doctor an update on her first week at home since leaving the hospital. And she&#8217;s not happy, oh no.<\/span><\/p>\n<p style=\"text-align: justify;\"><span style=\"font-weight: 400;\">2 characters and quality dialogues. This is what it takes to make a great movie. Imagine waking up from a coma and realizing that you don&#8217;t love your life. <\/span><i><span style=\"font-weight: 400;\">Bora Bora<\/span><\/i><span style=\"font-weight: 400;\"> is 15 minutes of a behind closed doors between this poor woman and her doctor who will try to make her come to her senses. A movie that I would watch over and over again.<\/span><\/p>\n<h3 style=\"text-align: justify;\"><b>Feature films<\/b><\/h3>\n<h4 style=\"text-align: justify;\"><b>5 &#8211; <a href=\"https:\/\/lepetitseptieme.ca\/en\/2020\/12\/04\/another-round-druk-05\/\">Druk<\/a> (Thomas Vinterberg) &#8211; Denmark<\/b><\/h4>\n<p style=\"text-align: justify;\"><span style=\"font-weight: 400;\"><a href=\"https:\/\/lepetitseptieme.ca\/wp-content\/uploads\/2020\/12\/Another-Round-poster.jpg\"><img loading=\"lazy\" decoding=\"async\" class=\"alignright wp-image-13811\" src=\"https:\/\/lepetitseptieme.ca\/wp-content\/uploads\/2020\/12\/Another-Round-poster-208x300.jpg\" alt=\"Another Round - poster\" width=\"150\" height=\"217\" srcset=\"https:\/\/lepetitseptieme.ca\/wp-content\/uploads\/2020\/12\/Another-Round-poster-208x300.jpg 208w, https:\/\/lepetitseptieme.ca\/wp-content\/uploads\/2020\/12\/Another-Round-poster-42x60.jpg 42w, https:\/\/lepetitseptieme.ca\/wp-content\/uploads\/2020\/12\/Another-Round-poster-62x90.jpg 62w, https:\/\/lepetitseptieme.ca\/wp-content\/uploads\/2020\/12\/Another-Round-poster.jpg 600w\" sizes=\"auto, (max-width: 150px) 100vw, 150px\" \/><\/a>There\u2019s a theory that we should be born with a small amount of alcohol in our blood, and that modest inebriation opens our minds to the world around us, diminishing our problems and increasing our creativity. Heartened by that theory, Martin and three of his friends, all weary high school teachers, embark on an experiment to maintain a constant level of intoxication throughout the workday. If Churchill won WW2 in a heavy daze of alcohol, who knows what a few drops might do for them and their students?<\/span><\/p>\n<p style=\"text-align: justify;\"><span style=\"font-weight: 400;\">When you&#8217;re just a shadow of yourself, you&#8217;re ready to try anything to find yourself. This is what Martin does by wanting to validate whether the theory is true. A funny, sad, biting and human film. And in addition, it is possible to watch it online.<\/span><\/p>\n<h4 style=\"text-align: justify;\"><b>4 &#8211; Les chatouilles (Andr\u00e9a Bescond and \u00c9ric Metayer) &#8211; France<\/b><\/h4>\n<p style=\"text-align: justify;\"><span style=\"font-weight: 400;\"><a href=\"https:\/\/lepetitseptieme.ca\/wp-content\/uploads\/2020\/12\/Les-chatouilles-affiche.jpg\"><img loading=\"lazy\" decoding=\"async\" class=\"alignleft wp-image-13867\" src=\"https:\/\/lepetitseptieme.ca\/wp-content\/uploads\/2020\/12\/Les-chatouilles-affiche-221x300.jpg\" alt=\"Les chatouilles - affiche\" width=\"150\" height=\"203\" srcset=\"https:\/\/lepetitseptieme.ca\/wp-content\/uploads\/2020\/12\/Les-chatouilles-affiche-221x300.jpg 221w, https:\/\/lepetitseptieme.ca\/wp-content\/uploads\/2020\/12\/Les-chatouilles-affiche-755x1024.jpg 755w, https:\/\/lepetitseptieme.ca\/wp-content\/uploads\/2020\/12\/Les-chatouilles-affiche-768x1041.jpg 768w, https:\/\/lepetitseptieme.ca\/wp-content\/uploads\/2020\/12\/Les-chatouilles-affiche-1133x1536.jpg 1133w, https:\/\/lepetitseptieme.ca\/wp-content\/uploads\/2020\/12\/Les-chatouilles-affiche-600x814.jpg 600w, https:\/\/lepetitseptieme.ca\/wp-content\/uploads\/2020\/12\/Les-chatouilles-affiche-44x60.jpg 44w, https:\/\/lepetitseptieme.ca\/wp-content\/uploads\/2020\/12\/Les-chatouilles-affiche-66x90.jpg 66w, https:\/\/lepetitseptieme.ca\/wp-content\/uploads\/2020\/12\/Les-chatouilles-affiche.jpg 1180w\" sizes=\"auto, (max-width: 150px) 100vw, 150px\" \/><\/a>Odette is eight years old, she loves to dance and draw. Why would she be suspicious of a friend of her parents who suggests that she &#8220;play tickle&#8221;? Adult, Odette dances her anger, frees her word and embraces life&#8230;<\/span><\/p>\n<p style=\"text-align: justify;\"><span style=\"font-weight: 400;\">2020 will have made me see a lot of sensitive films too. Not so much sensitive subjects for everyone, rather sensitive subjects from a more personal point of view. Like <\/span><i><span style=\"font-weight: 400;\">Druk<\/span><\/i><span style=\"font-weight: 400;\">, <\/span><i><span style=\"font-weight: 400;\">Les chatouilles<\/span><\/i><span style=\"font-weight: 400;\"> falls into this category.<\/span><\/p>\n<p style=\"text-align: justify;\"><span style=\"font-weight: 400;\">Lots of films deal with the sexual abuse of children and tweens. My number 4 is just well done. It touches on a very important point which is not often shown: parents tend to disbelieve it or to downplay the importance of the aggression.<\/span><\/p>\n<p style=\"text-align: justify;\"><span style=\"font-weight: 400;\">Do you know someone who has been sexually assaulted? I am sure you do. But you probably don&#8217;t know. And when the child told their parents about it, what happened? Too often, nothing has happened. It dies in the bud. After all, why put a child through a harsh and terrifying trial? Better let the abuser get away with it, right?<\/span><\/p>\n<h4 style=\"text-align: justify;\"><b>3 &#8211; <a href=\"https:\/\/lepetitseptieme.ca\/en\/2020\/10\/14\/i-am-greta-why-all-of-this\/\">I am Greta<\/a> (Nathan Grossman) &#8211; Sweden<\/b><\/h4>\n<p style=\"text-align: justify;\"><span style=\"font-weight: 400;\"><a href=\"https:\/\/lepetitseptieme.ca\/wp-content\/uploads\/2020\/10\/I-am-Greta-Affiche.jpg\"><img loading=\"lazy\" decoding=\"async\" class=\"alignright wp-image-13323\" src=\"https:\/\/lepetitseptieme.ca\/wp-content\/uploads\/2020\/10\/I-am-Greta-Affiche-208x300.jpg\" alt=\"I am Greta - Poster\" width=\"150\" height=\"217\" srcset=\"https:\/\/lepetitseptieme.ca\/wp-content\/uploads\/2020\/10\/I-am-Greta-Affiche-208x300.jpg 208w, https:\/\/lepetitseptieme.ca\/wp-content\/uploads\/2020\/10\/I-am-Greta-Affiche-709x1024.jpg 709w, https:\/\/lepetitseptieme.ca\/wp-content\/uploads\/2020\/10\/I-am-Greta-Affiche-768x1110.jpg 768w, https:\/\/lepetitseptieme.ca\/wp-content\/uploads\/2020\/10\/I-am-Greta-Affiche-600x867.jpg 600w, https:\/\/lepetitseptieme.ca\/wp-content\/uploads\/2020\/10\/I-am-Greta-Affiche-42x60.jpg 42w, https:\/\/lepetitseptieme.ca\/wp-content\/uploads\/2020\/10\/I-am-Greta-Affiche-62x90.jpg 62w, https:\/\/lepetitseptieme.ca\/wp-content\/uploads\/2020\/10\/I-am-Greta-Affiche.jpg 800w\" sizes=\"auto, (max-width: 150px) 100vw, 150px\" \/><\/a>The story of teenage climate activist Greta Thunberg is told through compelling, never-before-seen footage in this intimate documentary from Swedish director Nathan Grossman. Starting with her one-person school strike for climate action outside the Swedish Parliament, Grossman follows Greta\u2014a shy student with Asperger\u2019s \u2013 in her rise to prominence and her galvanizing global impact as she sparks school strikes around the world. The film culminates with her extraordinary wind-powered voyage across the Atlantic Ocean to speak at the UN Climate Action Summit in New York City.<\/span><\/p>\n<p style=\"text-align: justify;\"><span style=\"font-weight: 400;\">Who does not know this exceptional young woman? And yet there is so much to learn about her. For me, she is a heroine. For others, she&#8217;s a fu**er. With <\/span><i><span style=\"font-weight: 400;\">I Am Greta<\/span><\/i><span style=\"font-weight: 400;\">, you can actually discover the real girl behind the myth.<\/span><\/p>\n<h4 style=\"text-align: justify;\"><b>2 &#8211; Favolacce (the D&#8217;Innocenzo brothers) &#8211; Italy<\/b><\/h4>\n<p style=\"text-align: justify;\"><span style=\"font-weight: 400;\"><a href=\"https:\/\/lepetitseptieme.ca\/wp-content\/uploads\/2020\/12\/Bad-Tales-poster.jpg\"><img loading=\"lazy\" decoding=\"async\" class=\"alignleft wp-image-13864\" src=\"https:\/\/lepetitseptieme.ca\/wp-content\/uploads\/2020\/12\/Bad-Tales-poster-210x300.jpg\" alt=\"Bad Tales - poster\" width=\"150\" height=\"214\" srcset=\"https:\/\/lepetitseptieme.ca\/wp-content\/uploads\/2020\/12\/Bad-Tales-poster-210x300.jpg 210w, https:\/\/lepetitseptieme.ca\/wp-content\/uploads\/2020\/12\/Bad-Tales-poster-717x1024.jpg 717w, https:\/\/lepetitseptieme.ca\/wp-content\/uploads\/2020\/12\/Bad-Tales-poster-768x1097.jpg 768w, https:\/\/lepetitseptieme.ca\/wp-content\/uploads\/2020\/12\/Bad-Tales-poster-600x857.jpg 600w, https:\/\/lepetitseptieme.ca\/wp-content\/uploads\/2020\/12\/Bad-Tales-poster-42x60.jpg 42w, https:\/\/lepetitseptieme.ca\/wp-content\/uploads\/2020\/12\/Bad-Tales-poster-63x90.jpg 63w, https:\/\/lepetitseptieme.ca\/wp-content\/uploads\/2020\/12\/Bad-Tales-poster.jpg 800w\" sizes=\"auto, (max-width: 150px) 100vw, 150px\" \/><\/a>Once upon a time, in a small family suburb on the outskirts of Rome, the cheerful heat of summer camouflages a stifling atmosphere of alienation. From a distance, the families seem normal, but it\u2019s an illusion: in the houses, courtyards and gardens, silence shrouds the subtle sadism of the fathers, the passivity of the mothers and the guilty indifference of adults. But it\u2019s the desperation and repressed rage of the children that will explode and cut through this grotesque facade, with devastating consequences for the entire community.<\/span><\/p>\n<p style=\"text-align: justify;\"><span style=\"font-weight: 400;\">The disillusionment of children, the generation without a future\u2026 Here is another theme that has come up often in recent years. But <\/span><i><span style=\"font-weight: 400;\">Favolacce<\/span><\/i><span style=\"font-weight: 400;\"> (<\/span><i><span style=\"font-weight: 400;\">Bad Tales<\/span><\/i><span style=\"font-weight: 400;\">) is particularly unsettling. Not only does this Italian film show how unhappy and disillusioned children are about the possibilities the future holds, but it also shows adults are just as disillusioned with life. A film told like a tragic fairy tale.<\/span><\/p>\n<h4 style=\"text-align: justify;\"><b>1 &#8211; Ecstasy (Moara Passoni) &#8211; Brazil<\/b><\/h4>\n<p style=\"text-align: justify;\"><span style=\"font-weight: 400;\"><a href=\"https:\/\/lepetitseptieme.ca\/wp-content\/uploads\/2020\/12\/Extase-affiche.jpg\"><img loading=\"lazy\" decoding=\"async\" class=\"alignright wp-image-13863\" src=\"https:\/\/lepetitseptieme.ca\/wp-content\/uploads\/2020\/12\/Extase-affiche-191x300.jpg\" alt=\"Extase - affiche\" width=\"150\" height=\"235\" srcset=\"https:\/\/lepetitseptieme.ca\/wp-content\/uploads\/2020\/12\/Extase-affiche-191x300.jpg 191w, https:\/\/lepetitseptieme.ca\/wp-content\/uploads\/2020\/12\/Extase-affiche-600x940.jpg 600w, https:\/\/lepetitseptieme.ca\/wp-content\/uploads\/2020\/12\/Extase-affiche-38x60.jpg 38w, https:\/\/lepetitseptieme.ca\/wp-content\/uploads\/2020\/12\/Extase-affiche-57x90.jpg 57w, https:\/\/lepetitseptieme.ca\/wp-content\/uploads\/2020\/12\/Extase-affiche.jpg 638w\" sizes=\"auto, (max-width: 150px) 100vw, 150px\" \/><\/a>In Clara&#8217;s life, the personal and the political are inextricably linked. She lives with her parents in the poor suburb of S\u00e3o Paulo which is taken over by organized crime. As her mother becomes an important member of Congress in Brasilia, her family moves to the Federal District. It is there, as Clara feels that her mother&#8217;s life is increasingly threatened, that she enters a downward spiral of self-destruction, in which suffering gives her life force. Because the less she eats, the more power and energy Clara feels. As she keeps herself hungry, Clara dives into a routine based on calculations, repetitions and rituals: she stops having her period and begins to feel ecstatic as she &#8220;controls&#8221; the time. She tries to imagine a geometry of hunger, an impossible theorem where her calculations of destruction incite liberation. At the age of 15, with 37 heartbeats per minute and weighing 29 kilograms on a 1.64 m body, Clara was hospitalized.<\/span><\/p>\n<p style=\"text-align: justify;\"><span style=\"font-weight: 400;\">My top 5 ends with another depressing movie. This time, it is not the end of the world or the ecological crisis that is the subject, but rather anorexia. You have seen a lot of films on this almost boring subject? Well you&#8217;ve never seen one like this. A masterful soundtrack, an incredible actress and something shocking: the deprivation of food brings the body into a state of ecstasy. Ouch!<\/span><\/p>\n<p style=\"text-align: center;\"><span style=\"font-weight: 400;\">***<\/span><\/p>\n<p style=\"text-align: justify;\"><span style=\"font-weight: 400;\">And you, how was your 2020?<\/span><\/p>\n","protected":false},"excerpt":{"rendered":"<p>2020\u2026 What to say about 2020? For LPS, the month of January foreshadowed a good year. Then concerns arose from Asia. Then, Europe. And then here. In Quebec, spring was particularly murderous. We haven&#8217;t had the tens of thousands of deaths that other countries have had. But we are only 8 million inhabitants. In fact, [&hellip;]<\/p>\n","protected":false},"author":2,"featured_media":13858,"comment_status":"open","ping_status":"open","sticky":false,"template":"","format":"standard","meta":{"_acf_changed":false,"site-sidebar-layout":"default","site-content-layout":"","ast-site-content-layout":"default","site-content-style":"default","site-sidebar-style":"default","ast-global-header-display":"","ast-banner-title-visibility":"","ast-main-header-display":"","ast-hfb-above-header-display":"","ast-hfb-below-header-display":"","ast-hfb-mobile-header-display":"","site-post-title":"","ast-breadcrumbs-content":"","ast-featured-img":"","footer-sml-layout":"","ast-disable-related-posts":"","theme-transparent-header-meta":"","adv-header-id-meta":"","stick-header-meta":"","header-above-stick-meta":"","header-main-stick-meta":"","header-below-stick-meta":"","astra-migrate-meta-layouts":"default","ast-page-background-enabled":"default","ast-page-background-meta":{"desktop":{"background-color":"var(--ast-global-color-4)","background-image":"","background-repeat":"repeat","background-position":"center center","background-size":"auto","background-attachment":"scroll","background-type":"","background-media":"","overlay-type":"","overlay-color":"","overlay-opacity":"","overlay-gradient":""},"tablet":{"background-color":"","background-image":"","background-repeat":"repeat","background-position":"center center","background-size":"auto","background-attachment":"scroll","background-type":"","background-media":"","overlay-type":"","overlay-color":"","overlay-opacity":"","overlay-gradient":""},"mobile":{"background-color":"","background-image":"","background-repeat":"repeat","background-position":"center center","background-size":"auto","background-attachment":"scroll","background-type":"","background-media":"","overlay-type":"","overlay-color":"","overlay-opacity":"","overlay-gradient":""}},"ast-content-background-meta":{"desktop":{"background-color":"var(--ast-global-color-5)","background-image":"","background-repeat":"repeat","background-position":"center center","background-size":"auto","background-attachment":"scroll","background-type":"","background-media":"","overlay-type":"","overlay-color":"","overlay-opacity":"","overlay-gradient":""},"tablet":{"background-color":"var(--ast-global-color-5)","background-image":"","background-repeat":"repeat","background-position":"center center","background-size":"auto","background-attachment":"scroll","background-type":"","background-media":"","overlay-type":"","overlay-color":"","overlay-opacity":"","overlay-gradient":""},"mobile":{"background-color":"var(--ast-global-color-5)","background-image":"","background-repeat":"repeat","background-position":"center center","background-size":"auto","background-attachment":"scroll","background-type":"","background-media":"","overlay-type":"","overlay-color":"","overlay-opacity":"","overlay-gradient":""}},"footnotes":""},"categories":[5498,5508,5574,5590,5162,5378],"tags":[15022,15024,15026,14942,15028,13104,15030,15032,10802,15034,15036,15038],"class_list":["post-13861","post","type-post","status-publish","format-standard","has-post-thumbnail","hentry","category-asian-films","category-canadian-films","category-european-films","category-latin-american-movies","category-news","category-short-films","tag-best-movies-of-2020","tag-bora-bora-en","tag-covid-en","tag-druk-en","tag-extase-en","tag-fall-out-en","tag-favolacce-en","tag-i-am-greta-en","tag-judith-hotel-en","tag-les-chatouilles-en","tag-the-announcement-en","tag-weltschmerz-en"],"acf":[],"yoast_head":"<!-- This site is optimized with the Yoast SEO plugin v27.1.1 - https:\/\/yoast.com\/product\/yoast-seo-wordpress\/ -->\n<title>2 top 5 \u2013 Best Movies of 2020 - Le petit septi\u00e8me<\/title>\n<meta name=\"description\" content=\"2020 was a special year. But there were some great movies all the same. Here are Fran\u00e7ois&#039; top 5s. And a very personal text...\" \/>\n<meta name=\"robots\" content=\"index, follow, max-snippet:-1, max-image-preview:large, max-video-preview:-1\" \/>\n<link rel=\"canonical\" href=\"https:\/\/lepetitseptieme.ca\/en\/2020\/12\/23\/2-top-5-best-movies-of-2020\/\" \/>\n<meta property=\"og:locale\" content=\"en_US\" \/>\n<meta property=\"og:type\" content=\"article\" \/>\n<meta property=\"og:title\" content=\"2 top 5 \u2013 Best Movies of 2020\" \/>\n<meta property=\"og:description\" content=\"2020 was a special year. But there were some great movies all the same. Here are Fran\u00e7ois&#039; top 5s. And a very personal text...\" \/>\n<meta property=\"og:url\" content=\"https:\/\/lepetitseptieme.ca\/en\/2020\/12\/23\/2-top-5-best-movies-of-2020\/\" \/>\n<meta property=\"og:site_name\" content=\"Le petit septi\u00e8me\" \/>\n<meta property=\"article:publisher\" content=\"https:\/\/www.facebook.com\/pages\/Le-Petit-Septi%c3%a8me\/494448933948121?ref=hl\" \/>\n<meta property=\"article:author\" content=\"https:\/\/www.facebook.com\/FGrondinArt\/\" \/>\n<meta property=\"article:published_time\" content=\"2020-12-23T11:30:19+00:00\" \/>\n<meta property=\"og:image\" content=\"https:\/\/lepetitseptieme.ca\/wp-content\/uploads\/2020\/12\/Top-5-Francois-2020-Une.jpg\" \/>\n\t<meta property=\"og:image:width\" content=\"1920\" \/>\n\t<meta property=\"og:image:height\" content=\"1080\" \/>\n\t<meta property=\"og:image:type\" content=\"image\/jpeg\" \/>\n<meta name=\"author\" content=\"Francois Grondin\" \/>\n<meta name=\"twitter:card\" content=\"summary_large_image\" \/>\n<meta name=\"twitter:title\" content=\"2 top 5 \u2013 Best Movies of 2020\" \/>\n<meta name=\"twitter:description\" content=\"2020 was a special year. But there were some great movies all the same. Here are Fran\u00e7ois&#039; top 5s. And a very personal text...\" \/>\n<meta name=\"twitter:image\" content=\"https:\/\/lepetitseptieme.ca\/wp-content\/uploads\/2020\/12\/Top-5-Francois-2020-Une.jpg\" \/>\n<meta name=\"twitter:creator\" content=\"@fgrondin1221\" \/>\n<meta name=\"twitter:site\" content=\"@LePetitSeptieme\" \/>\n<meta name=\"twitter:label1\" content=\"Written by\" \/>\n\t<meta name=\"twitter:data1\" content=\"Francois Grondin\" \/>\n\t<meta name=\"twitter:label2\" content=\"Est. reading time\" \/>\n\t<meta name=\"twitter:data2\" content=\"8 minutes\" \/>\n<script type=\"application\/ld+json\" class=\"yoast-schema-graph\">{\"@context\":\"https:\/\/schema.org\",\"@graph\":[{\"@type\":\"Article\",\"@id\":\"https:\/\/lepetitseptieme.ca\/en\/2020\/12\/23\/2-top-5-best-movies-of-2020\/#article\",\"isPartOf\":{\"@id\":\"https:\/\/lepetitseptieme.ca\/en\/2020\/12\/23\/2-top-5-best-movies-of-2020\/\"},\"author\":{\"name\":\"Francois Grondin\",\"@id\":\"https:\/\/lepetitseptieme.ca\/en\/#\/schema\/person\/12a0b9476b07b0f9a7cc8a82db87e8af\"},\"headline\":\"2 top 5 \u2013 Best Movies of 2020\",\"datePublished\":\"2020-12-23T11:30:19+00:00\",\"mainEntityOfPage\":{\"@id\":\"https:\/\/lepetitseptieme.ca\/en\/2020\/12\/23\/2-top-5-best-movies-of-2020\/\"},\"wordCount\":1662,\"commentCount\":1,\"publisher\":{\"@id\":\"https:\/\/lepetitseptieme.ca\/en\/#organization\"},\"image\":{\"@id\":\"https:\/\/lepetitseptieme.ca\/en\/2020\/12\/23\/2-top-5-best-movies-of-2020\/#primaryimage\"},\"thumbnailUrl\":\"https:\/\/lepetitseptieme.ca\/wp-content\/uploads\/2020\/12\/Top-5-Francois-2020-Une-1.jpg\",\"keywords\":[\"Best Movies of 2020\",\"Bora Bora\",\"COVID\",\"Druk\",\"\u00caxtase\",\"Fall out\",\"Favolacce\",\"I Am Greta\",\"Judith H\u00f4tel\",\"Les chatouilles\",\"The Announcement\",\"Weltschmerz\"],\"articleSection\":[\"Asian movies\",\"Canadian movies\",\"European movies\",\"Latin American movies\",\"News\",\"Short films\"],\"inLanguage\":\"en-US\",\"potentialAction\":[{\"@type\":\"CommentAction\",\"name\":\"Comment\",\"target\":[\"https:\/\/lepetitseptieme.ca\/en\/2020\/12\/23\/2-top-5-best-movies-of-2020\/#respond\"]}]},{\"@type\":\"WebPage\",\"@id\":\"https:\/\/lepetitseptieme.ca\/en\/2020\/12\/23\/2-top-5-best-movies-of-2020\/\",\"url\":\"https:\/\/lepetitseptieme.ca\/en\/2020\/12\/23\/2-top-5-best-movies-of-2020\/\",\"name\":\"2 top 5 \u2013 Best Movies of 2020 - Le petit septi\u00e8me\",\"isPartOf\":{\"@id\":\"https:\/\/lepetitseptieme.ca\/en\/#website\"},\"primaryImageOfPage\":{\"@id\":\"https:\/\/lepetitseptieme.ca\/en\/2020\/12\/23\/2-top-5-best-movies-of-2020\/#primaryimage\"},\"image\":{\"@id\":\"https:\/\/lepetitseptieme.ca\/en\/2020\/12\/23\/2-top-5-best-movies-of-2020\/#primaryimage\"},\"thumbnailUrl\":\"https:\/\/lepetitseptieme.ca\/wp-content\/uploads\/2020\/12\/Top-5-Francois-2020-Une-1.jpg\",\"datePublished\":\"2020-12-23T11:30:19+00:00\",\"description\":\"2020 was a special year. But there were some great movies all the same. Here are Fran\u00e7ois' top 5s. And a very personal text...\",\"breadcrumb\":{\"@id\":\"https:\/\/lepetitseptieme.ca\/en\/2020\/12\/23\/2-top-5-best-movies-of-2020\/#breadcrumb\"},\"inLanguage\":\"en-US\",\"potentialAction\":[{\"@type\":\"ReadAction\",\"target\":[\"https:\/\/lepetitseptieme.ca\/en\/2020\/12\/23\/2-top-5-best-movies-of-2020\/\"]}]},{\"@type\":\"ImageObject\",\"inLanguage\":\"en-US\",\"@id\":\"https:\/\/lepetitseptieme.ca\/en\/2020\/12\/23\/2-top-5-best-movies-of-2020\/#primaryimage\",\"url\":\"https:\/\/lepetitseptieme.ca\/wp-content\/uploads\/2020\/12\/Top-5-Francois-2020-Une-1.jpg\",\"contentUrl\":\"https:\/\/lepetitseptieme.ca\/wp-content\/uploads\/2020\/12\/Top-5-Francois-2020-Une-1.jpg\",\"width\":1920,\"height\":1080,\"caption\":\"Top 5 Fran\u00e7ois 2020 - Une\"},{\"@type\":\"BreadcrumbList\",\"@id\":\"https:\/\/lepetitseptieme.ca\/en\/2020\/12\/23\/2-top-5-best-movies-of-2020\/#breadcrumb\",\"itemListElement\":[{\"@type\":\"ListItem\",\"position\":1,\"name\":\"Home\",\"item\":\"https:\/\/lepetitseptieme.ca\/en\/\"},{\"@type\":\"ListItem\",\"position\":2,\"name\":\"2 top 5 \u2013 Best Movies of 2020\"}]},{\"@type\":\"WebSite\",\"@id\":\"https:\/\/lepetitseptieme.ca\/en\/#website\",\"url\":\"https:\/\/lepetitseptieme.ca\/en\/\",\"name\":\"Le petit septi\u00e8me\",\"description\":\"Reviews and comments on Quebec, international and author cinema\",\"publisher\":{\"@id\":\"https:\/\/lepetitseptieme.ca\/en\/#organization\"},\"potentialAction\":[{\"@type\":\"SearchAction\",\"target\":{\"@type\":\"EntryPoint\",\"urlTemplate\":\"https:\/\/lepetitseptieme.ca\/en\/?s={search_term_string}\"},\"query-input\":{\"@type\":\"PropertyValueSpecification\",\"valueRequired\":true,\"valueName\":\"search_term_string\"}}],\"inLanguage\":\"en-US\"},{\"@type\":\"Organization\",\"@id\":\"https:\/\/lepetitseptieme.ca\/en\/#organization\",\"name\":\"Le Petit Septi\u00e8me\",\"url\":\"https:\/\/lepetitseptieme.ca\/en\/\",\"logo\":{\"@type\":\"ImageObject\",\"inLanguage\":\"en-US\",\"@id\":\"https:\/\/lepetitseptieme.ca\/en\/#\/schema\/logo\/image\/\",\"url\":\"https:\/\/lepetitseptieme.ca\/wp-content\/uploads\/2016\/05\/cropped-Logo-Le-Petit-Septi\u00e8me-2016-BW.png\",\"contentUrl\":\"https:\/\/lepetitseptieme.ca\/wp-content\/uploads\/2016\/05\/cropped-Logo-Le-Petit-Septi\u00e8me-2016-BW.png\",\"width\":512,\"height\":512,\"caption\":\"Le Petit Septi\u00e8me\"},\"image\":{\"@id\":\"https:\/\/lepetitseptieme.ca\/en\/#\/schema\/logo\/image\/\"},\"sameAs\":[\"https:\/\/www.facebook.com\/pages\/Le-Petit-Septi\u00e8me\/494448933948121?ref=hl\",\"https:\/\/x.com\/LePetitSeptieme\",\"https:\/\/www.youtube.com\/channel\/UC5mdhI_jJvDN1I9fkk5RcIw\"]},{\"@type\":\"Person\",\"@id\":\"https:\/\/lepetitseptieme.ca\/en\/#\/schema\/person\/12a0b9476b07b0f9a7cc8a82db87e8af\",\"name\":\"Francois Grondin\",\"image\":{\"@type\":\"ImageObject\",\"inLanguage\":\"en-US\",\"@id\":\"https:\/\/lepetitseptieme.ca\/en\/#\/schema\/person\/image\/\",\"url\":\"https:\/\/secure.gravatar.com\/avatar\/cbc7d427b20502f8a471e632a3ac28d3200b0a6f80a7e6d8056f088f651d3888?s=96&d=mm&r=r\",\"contentUrl\":\"https:\/\/secure.gravatar.com\/avatar\/cbc7d427b20502f8a471e632a3ac28d3200b0a6f80a7e6d8056f088f651d3888?s=96&d=mm&r=r\",\"caption\":\"Francois Grondin\"},\"description\":\"Sp\u00e9cialiste en cin\u00e9ma international et en communication num\u00e9rique, cin\u00e9aste, photographe et passionn\u00e9 de cin\u00e9ma italien et japonais. Membre du jury pour le festival FICMAN et le SIFA Festival 2022 et, bien s\u00fbr, fier papa de 2!\",\"sameAs\":[\"https:\/\/lepetitseptieme.ca\",\"https:\/\/www.facebook.com\/FGrondinArt\/\",\"https:\/\/www.linkedin.com\/in\/francois-grondin-05895816\/\",\"https:\/\/x.com\/fgrondin1221\"],\"url\":\"https:\/\/lepetitseptieme.ca\/en\/author\/francois\/\"}]}<\/script>\n<!-- \/ Yoast SEO plugin. -->","yoast_head_json":{"title":"2 top 5 \u2013 Best Movies of 2020 - Le petit septi\u00e8me","description":"2020 was a special year. But there were some great movies all the same. Here are Fran\u00e7ois' top 5s. And a very personal text...","robots":{"index":"index","follow":"follow","max-snippet":"max-snippet:-1","max-image-preview":"max-image-preview:large","max-video-preview":"max-video-preview:-1"},"canonical":"https:\/\/lepetitseptieme.ca\/en\/2020\/12\/23\/2-top-5-best-movies-of-2020\/","og_locale":"en_US","og_type":"article","og_title":"2 top 5 \u2013 Best Movies of 2020","og_description":"2020 was a special year. But there were some great movies all the same. Here are Fran\u00e7ois' top 5s. And a very personal text...","og_url":"https:\/\/lepetitseptieme.ca\/en\/2020\/12\/23\/2-top-5-best-movies-of-2020\/","og_site_name":"Le petit septi\u00e8me","article_publisher":"https:\/\/www.facebook.com\/pages\/Le-Petit-Septi%c3%a8me\/494448933948121?ref=hl","article_author":"https:\/\/www.facebook.com\/FGrondinArt\/","article_published_time":"2020-12-23T11:30:19+00:00","og_image":[{"width":1920,"height":1080,"url":"https:\/\/lepetitseptieme.ca\/wp-content\/uploads\/2020\/12\/Top-5-Francois-2020-Une.jpg","type":"image\/jpeg"}],"author":"Francois Grondin","twitter_card":"summary_large_image","twitter_title":"2 top 5 \u2013 Best Movies of 2020","twitter_description":"2020 was a special year. But there were some great movies all the same. Here are Fran\u00e7ois' top 5s. And a very personal text...","twitter_image":"https:\/\/lepetitseptieme.ca\/wp-content\/uploads\/2020\/12\/Top-5-Francois-2020-Une.jpg","twitter_creator":"@fgrondin1221","twitter_site":"@LePetitSeptieme","twitter_misc":{"Written by":"Francois Grondin","Est. reading time":"8 minutes"},"schema":{"@context":"https:\/\/schema.org","@graph":[{"@type":"Article","@id":"https:\/\/lepetitseptieme.ca\/en\/2020\/12\/23\/2-top-5-best-movies-of-2020\/#article","isPartOf":{"@id":"https:\/\/lepetitseptieme.ca\/en\/2020\/12\/23\/2-top-5-best-movies-of-2020\/"},"author":{"name":"Francois Grondin","@id":"https:\/\/lepetitseptieme.ca\/en\/#\/schema\/person\/12a0b9476b07b0f9a7cc8a82db87e8af"},"headline":"2 top 5 \u2013 Best Movies of 2020","datePublished":"2020-12-23T11:30:19+00:00","mainEntityOfPage":{"@id":"https:\/\/lepetitseptieme.ca\/en\/2020\/12\/23\/2-top-5-best-movies-of-2020\/"},"wordCount":1662,"commentCount":1,"publisher":{"@id":"https:\/\/lepetitseptieme.ca\/en\/#organization"},"image":{"@id":"https:\/\/lepetitseptieme.ca\/en\/2020\/12\/23\/2-top-5-best-movies-of-2020\/#primaryimage"},"thumbnailUrl":"https:\/\/lepetitseptieme.ca\/wp-content\/uploads\/2020\/12\/Top-5-Francois-2020-Une-1.jpg","keywords":["Best Movies of 2020","Bora Bora","COVID","Druk","\u00caxtase","Fall out","Favolacce","I Am Greta","Judith H\u00f4tel","Les chatouilles","The Announcement","Weltschmerz"],"articleSection":["Asian movies","Canadian movies","European movies","Latin American movies","News","Short films"],"inLanguage":"en-US","potentialAction":[{"@type":"CommentAction","name":"Comment","target":["https:\/\/lepetitseptieme.ca\/en\/2020\/12\/23\/2-top-5-best-movies-of-2020\/#respond"]}]},{"@type":"WebPage","@id":"https:\/\/lepetitseptieme.ca\/en\/2020\/12\/23\/2-top-5-best-movies-of-2020\/","url":"https:\/\/lepetitseptieme.ca\/en\/2020\/12\/23\/2-top-5-best-movies-of-2020\/","name":"2 top 5 \u2013 Best Movies of 2020 - Le petit septi\u00e8me","isPartOf":{"@id":"https:\/\/lepetitseptieme.ca\/en\/#website"},"primaryImageOfPage":{"@id":"https:\/\/lepetitseptieme.ca\/en\/2020\/12\/23\/2-top-5-best-movies-of-2020\/#primaryimage"},"image":{"@id":"https:\/\/lepetitseptieme.ca\/en\/2020\/12\/23\/2-top-5-best-movies-of-2020\/#primaryimage"},"thumbnailUrl":"https:\/\/lepetitseptieme.ca\/wp-content\/uploads\/2020\/12\/Top-5-Francois-2020-Une-1.jpg","datePublished":"2020-12-23T11:30:19+00:00","description":"2020 was a special year. But there were some great movies all the same. Here are Fran\u00e7ois' top 5s. And a very personal text...","breadcrumb":{"@id":"https:\/\/lepetitseptieme.ca\/en\/2020\/12\/23\/2-top-5-best-movies-of-2020\/#breadcrumb"},"inLanguage":"en-US","potentialAction":[{"@type":"ReadAction","target":["https:\/\/lepetitseptieme.ca\/en\/2020\/12\/23\/2-top-5-best-movies-of-2020\/"]}]},{"@type":"ImageObject","inLanguage":"en-US","@id":"https:\/\/lepetitseptieme.ca\/en\/2020\/12\/23\/2-top-5-best-movies-of-2020\/#primaryimage","url":"https:\/\/lepetitseptieme.ca\/wp-content\/uploads\/2020\/12\/Top-5-Francois-2020-Une-1.jpg","contentUrl":"https:\/\/lepetitseptieme.ca\/wp-content\/uploads\/2020\/12\/Top-5-Francois-2020-Une-1.jpg","width":1920,"height":1080,"caption":"Top 5 Fran\u00e7ois 2020 - Une"},{"@type":"BreadcrumbList","@id":"https:\/\/lepetitseptieme.ca\/en\/2020\/12\/23\/2-top-5-best-movies-of-2020\/#breadcrumb","itemListElement":[{"@type":"ListItem","position":1,"name":"Home","item":"https:\/\/lepetitseptieme.ca\/en\/"},{"@type":"ListItem","position":2,"name":"2 top 5 \u2013 Best Movies of 2020"}]},{"@type":"WebSite","@id":"https:\/\/lepetitseptieme.ca\/en\/#website","url":"https:\/\/lepetitseptieme.ca\/en\/","name":"Le petit septi\u00e8me","description":"Reviews and comments on Quebec, international and author cinema","publisher":{"@id":"https:\/\/lepetitseptieme.ca\/en\/#organization"},"potentialAction":[{"@type":"SearchAction","target":{"@type":"EntryPoint","urlTemplate":"https:\/\/lepetitseptieme.ca\/en\/?s={search_term_string}"},"query-input":{"@type":"PropertyValueSpecification","valueRequired":true,"valueName":"search_term_string"}}],"inLanguage":"en-US"},{"@type":"Organization","@id":"https:\/\/lepetitseptieme.ca\/en\/#organization","name":"Le Petit Septi\u00e8me","url":"https:\/\/lepetitseptieme.ca\/en\/","logo":{"@type":"ImageObject","inLanguage":"en-US","@id":"https:\/\/lepetitseptieme.ca\/en\/#\/schema\/logo\/image\/","url":"https:\/\/lepetitseptieme.ca\/wp-content\/uploads\/2016\/05\/cropped-Logo-Le-Petit-Septi\u00e8me-2016-BW.png","contentUrl":"https:\/\/lepetitseptieme.ca\/wp-content\/uploads\/2016\/05\/cropped-Logo-Le-Petit-Septi\u00e8me-2016-BW.png","width":512,"height":512,"caption":"Le Petit Septi\u00e8me"},"image":{"@id":"https:\/\/lepetitseptieme.ca\/en\/#\/schema\/logo\/image\/"},"sameAs":["https:\/\/www.facebook.com\/pages\/Le-Petit-Septi\u00e8me\/494448933948121?ref=hl","https:\/\/x.com\/LePetitSeptieme","https:\/\/www.youtube.com\/channel\/UC5mdhI_jJvDN1I9fkk5RcIw"]},{"@type":"Person","@id":"https:\/\/lepetitseptieme.ca\/en\/#\/schema\/person\/12a0b9476b07b0f9a7cc8a82db87e8af","name":"Francois Grondin","image":{"@type":"ImageObject","inLanguage":"en-US","@id":"https:\/\/lepetitseptieme.ca\/en\/#\/schema\/person\/image\/","url":"https:\/\/secure.gravatar.com\/avatar\/cbc7d427b20502f8a471e632a3ac28d3200b0a6f80a7e6d8056f088f651d3888?s=96&d=mm&r=r","contentUrl":"https:\/\/secure.gravatar.com\/avatar\/cbc7d427b20502f8a471e632a3ac28d3200b0a6f80a7e6d8056f088f651d3888?s=96&d=mm&r=r","caption":"Francois Grondin"},"description":"Sp\u00e9cialiste en cin\u00e9ma international et en communication num\u00e9rique, cin\u00e9aste, photographe et passionn\u00e9 de cin\u00e9ma italien et japonais. Membre du jury pour le festival FICMAN et le SIFA Festival 2022 et, bien s\u00fbr, fier papa de 2!","sameAs":["https:\/\/lepetitseptieme.ca","https:\/\/www.facebook.com\/FGrondinArt\/","https:\/\/www.linkedin.com\/in\/francois-grondin-05895816\/","https:\/\/x.com\/fgrondin1221"],"url":"https:\/\/lepetitseptieme.ca\/en\/author\/francois\/"}]}},"_links":{"self":[{"href":"https:\/\/lepetitseptieme.ca\/en\/wp-json\/wp\/v2\/posts\/13861","targetHints":{"allow":["GET"]}}],"collection":[{"href":"https:\/\/lepetitseptieme.ca\/en\/wp-json\/wp\/v2\/posts"}],"about":[{"href":"https:\/\/lepetitseptieme.ca\/en\/wp-json\/wp\/v2\/types\/post"}],"author":[{"embeddable":true,"href":"https:\/\/lepetitseptieme.ca\/en\/wp-json\/wp\/v2\/users\/2"}],"replies":[{"embeddable":true,"href":"https:\/\/lepetitseptieme.ca\/en\/wp-json\/wp\/v2\/comments?post=13861"}],"version-history":[{"count":0,"href":"https:\/\/lepetitseptieme.ca\/en\/wp-json\/wp\/v2\/posts\/13861\/revisions"}],"wp:featuredmedia":[{"embeddable":true,"href":"https:\/\/lepetitseptieme.ca\/en\/wp-json\/wp\/v2\/media\/13858"}],"wp:attachment":[{"href":"https:\/\/lepetitseptieme.ca\/en\/wp-json\/wp\/v2\/media?parent=13861"}],"wp:term":[{"taxonomy":"category","embeddable":true,"href":"https:\/\/lepetitseptieme.ca\/en\/wp-json\/wp\/v2\/categories?post=13861"},{"taxonomy":"post_tag","embeddable":true,"href":"https:\/\/lepetitseptieme.ca\/en\/wp-json\/wp\/v2\/tags?post=13861"}],"curies":[{"name":"wp","href":"https:\/\/api.w.org\/{rel}","templated":true}]}}