{"id":12500,"date":"2020-07-22T06:30:19","date_gmt":"2020-07-22T10:30:19","guid":{"rendered":"https:\/\/lepetitseptieme.ca\/?p=12500"},"modified":"2024-06-28T17:01:55","modified_gmt":"2024-06-28T21:01:55","slug":"au-nom-de-la-terre-peasant-profiles","status":"publish","type":"post","link":"https:\/\/lepetitseptieme.ca\/en\/2020\/07\/22\/au-nom-de-la-terre-peasant-profiles\/","title":{"rendered":"Au nom de la Terre \u2013 Peasant Profiles"},"content":{"rendered":"<p><span style=\"font-weight: 400;\"><img loading=\"lazy\" decoding=\"async\" class=\"alignleft wp-image-12489\" src=\"https:\/\/lepetitseptieme.ca\/wp-content\/uploads\/2020\/07\/Au-nom-de-la-terre-affiche-200x300.jpg\" alt=\"Au nom de la terre - poster\" width=\"150\" height=\"225\" srcset=\"https:\/\/lepetitseptieme.ca\/wp-content\/uploads\/2020\/07\/Au-nom-de-la-terre-affiche-200x300.jpg 200w, https:\/\/lepetitseptieme.ca\/wp-content\/uploads\/2020\/07\/Au-nom-de-la-terre-affiche.jpg 480w\" sizes=\"auto, (max-width: 150px) 100vw, 150px\" \/>Why is this article not available in English?<\/span><\/p>\n<p><span style=\"font-weight: 400;\">Unfortunately, we do not have the necessary financial support to provide a good translation of each of our texts.<\/span><\/p>\n<p><span style=\"font-weight: 400;\">Support us by purchasing one of <\/span><a href=\"https:\/\/lepetitseptieme.ca\/en\/store\/\"><span style=\"font-weight: 400;\">our products<\/span><\/a><span style=\"font-weight: 400;\"> or with <\/span><a href=\"https:\/\/lepetitseptieme.ca\/en\/produit\/donation\/\"><span style=\"font-weight: 400;\">a $1 donation<\/span><\/a><span style=\"font-weight: 400;\"> so we can make it!<\/span><\/p>\n<p><span style=\"font-weight: 400;\">You can still watch the trailer&#8230;<\/span><\/p>\n<p>&nbsp;<\/p>\n<p><iframe loading=\"lazy\" src=\"\/\/www.dailymotion.com\/embed\/video\/x7jr5wg\" width=\"480\" height=\"270\" allowfullscreen=\"allowfullscreen\"><\/iframe><\/p>\n","protected":false},"excerpt":{"rendered":"<p>Why is this article not available in English? Unfortunately, we do not have the necessary financial support to provide a good translation of each of our texts. Support us by purchasing one of our products or with a $1 donation so we can make it! You can still watch the trailer&#8230; &nbsp;<\/p>\n","protected":false},"author":20,"featured_media":12495,"comment_status":"open","ping_status":"open","sticky":false,"template":"","format":"standard","meta":{"_acf_changed":false,"site-sidebar-layout":"default","site-content-layout":"","ast-site-content-layout":"default","site-content-style":"default","site-sidebar-style":"default","ast-global-header-display":"","ast-banner-title-visibility":"","ast-main-header-display":"","ast-hfb-above-header-display":"","ast-hfb-below-header-display":"","ast-hfb-mobile-header-display":"","site-post-title":"","ast-breadcrumbs-content":"","ast-featured-img":"","footer-sml-layout":"","ast-disable-related-posts":"","theme-transparent-header-meta":"","adv-header-id-meta":"","stick-header-meta":"","header-above-stick-meta":"","header-main-stick-meta":"","header-below-stick-meta":"","astra-migrate-meta-layouts":"default","ast-page-background-enabled":"default","ast-page-background-meta":{"desktop":{"background-color":"var(--ast-global-color-4)","background-image":"","background-repeat":"repeat","background-position":"center center","background-size":"auto","background-attachment":"scroll","background-type":"","background-media":"","overlay-type":"","overlay-color":"","overlay-opacity":"","overlay-gradient":""},"tablet":{"background-color":"","background-image":"","background-repeat":"repeat","background-position":"center center","background-size":"auto","background-attachment":"scroll","background-type":"","background-media":"","overlay-type":"","overlay-color":"","overlay-opacity":"","overlay-gradient":""},"mobile":{"background-color":"","background-image":"","background-repeat":"repeat","background-position":"center center","background-size":"auto","background-attachment":"scroll","background-type":"","background-media":"","overlay-type":"","overlay-color":"","overlay-opacity":"","overlay-gradient":""}},"ast-content-background-meta":{"desktop":{"background-color":"var(--ast-global-color-5)","background-image":"","background-repeat":"repeat","background-position":"center center","background-size":"auto","background-attachment":"scroll","background-type":"","background-media":"","overlay-type":"","overlay-color":"","overlay-opacity":"","overlay-gradient":""},"tablet":{"background-color":"var(--ast-global-color-5)","background-image":"","background-repeat":"repeat","background-position":"center center","background-size":"auto","background-attachment":"scroll","background-type":"","background-media":"","overlay-type":"","overlay-color":"","overlay-opacity":"","overlay-gradient":""},"mobile":{"background-color":"var(--ast-global-color-5)","background-image":"","background-repeat":"repeat","background-position":"center center","background-size":"auto","background-attachment":"scroll","background-type":"","background-media":"","overlay-type":"","overlay-color":"","overlay-opacity":"","overlay-gradient":""}},"footnotes":""},"categories":[5574,5164],"tags":[12642,12644,8797,21518,9541,7028,12646,21520,6346,7821,11280,13452],"class_list":["post-12500","post","type-post","status-publish","format-standard","has-post-thumbnail","hentry","category-european-films","category-newly-available","tag-anthony-bajon-en","tag-edouard-bergeon-en","tag-family","tag-farm","tag-france-en","tag-guillaume-canet-en","tag-rufus-en","tag-samir-guesmi-en","tag-suicide-en","tag-veerle-baetens-en","tag-viff-en","tag-viff-2020-en"],"acf":[],"yoast_head":"<!-- This site is optimized with the Yoast SEO plugin v27.1.1 - https:\/\/yoast.com\/product\/yoast-seo-wordpress\/ -->\n<title>Au nom de la Terre \u2013 Peasant Profiles - Le petit septi\u00e8me<\/title>\n<meta name=\"description\" content=\"Au nom de la terre is Edouard Bergeon\u2019s first fiction film, after a remarkable documentary on the agricultural world, Les Fils de la terre. In Au nom de la terre, he tells the drama affecting his own family around an entrepreneur father who is losing ground in the face of his farm debt and the workload.\" \/>\n<meta name=\"robots\" content=\"index, follow, max-snippet:-1, max-image-preview:large, max-video-preview:-1\" \/>\n<link rel=\"canonical\" href=\"https:\/\/lepetitseptieme.ca\/en\/2020\/07\/22\/au-nom-de-la-terre-peasant-profiles\/\" \/>\n<meta property=\"og:locale\" content=\"en_US\" \/>\n<meta property=\"og:type\" content=\"article\" \/>\n<meta property=\"og:title\" content=\"Au nom de la Terre \u2013 Peasant Profiles - Le petit septi\u00e8me\" \/>\n<meta property=\"og:description\" content=\"Au nom de la terre est le premier film de fiction d\u2019Edouard Bergeon, apr\u00e8s un documentaire remarqu\u00e9 sur le monde agricole, Les Fils de la terre. Dans Au nom de la terre, il raconte le drame touchant sa propre famille autour d\u2019un p\u00e8re entrepreneur qui perd pied face \u00e0 l\u2019endettement de son exploitation agricole et \u00e0 la charge de travail.\" \/>\n<meta property=\"og:url\" content=\"https:\/\/lepetitseptieme.ca\/en\/2020\/07\/22\/au-nom-de-la-terre-peasant-profiles\/\" \/>\n<meta property=\"og:site_name\" content=\"Le petit septi\u00e8me\" \/>\n<meta property=\"article:publisher\" content=\"https:\/\/www.facebook.com\/pages\/Le-Petit-Septi%c3%a8me\/494448933948121?ref=hl\" \/>\n<meta property=\"article:published_time\" content=\"2020-07-22T10:30:19+00:00\" \/>\n<meta property=\"article:modified_time\" content=\"2024-06-28T21:01:55+00:00\" \/>\n<meta property=\"og:image\" content=\"https:\/\/lepetitseptieme.ca\/wp-content\/uploads\/2020\/07\/AU-NOM-DE-LA-TERRE-une.jpg\" \/>\n\t<meta property=\"og:image:width\" content=\"1920\" \/>\n\t<meta property=\"og:image:height\" content=\"1080\" \/>\n\t<meta property=\"og:image:type\" content=\"image\/jpeg\" \/>\n<meta name=\"author\" content=\"Bruno Bo\u00ebz\" \/>\n<meta name=\"twitter:card\" content=\"summary_large_image\" \/>\n<meta name=\"twitter:creator\" content=\"@LePetitSeptieme\" \/>\n<meta name=\"twitter:site\" content=\"@LePetitSeptieme\" \/>\n<meta name=\"twitter:label1\" content=\"Written by\" \/>\n\t<meta name=\"twitter:data1\" content=\"Bruno Bo\u00ebz\" \/>\n<script type=\"application\/ld+json\" class=\"yoast-schema-graph\">{\"@context\":\"https:\/\/schema.org\",\"@graph\":[{\"@type\":\"Article\",\"@id\":\"https:\/\/lepetitseptieme.ca\/en\/2020\/07\/22\/au-nom-de-la-terre-peasant-profiles\/#article\",\"isPartOf\":{\"@id\":\"https:\/\/lepetitseptieme.ca\/en\/2020\/07\/22\/au-nom-de-la-terre-peasant-profiles\/\"},\"author\":{\"name\":\"Bruno Bo\u00ebz\",\"@id\":\"https:\/\/lepetitseptieme.ca\/en\/#\/schema\/person\/8c079d5d640f628a4a6f8326e4cd4a57\"},\"headline\":\"Au nom de la Terre \u2013 Peasant Profiles\",\"datePublished\":\"2020-07-22T10:30:19+00:00\",\"dateModified\":\"2024-06-28T21:01:55+00:00\",\"mainEntityOfPage\":{\"@id\":\"https:\/\/lepetitseptieme.ca\/en\/2020\/07\/22\/au-nom-de-la-terre-peasant-profiles\/\"},\"wordCount\":58,\"commentCount\":0,\"publisher\":{\"@id\":\"https:\/\/lepetitseptieme.ca\/en\/#organization\"},\"image\":{\"@id\":\"https:\/\/lepetitseptieme.ca\/en\/2020\/07\/22\/au-nom-de-la-terre-peasant-profiles\/#primaryimage\"},\"thumbnailUrl\":\"https:\/\/lepetitseptieme.ca\/wp-content\/uploads\/2020\/07\/AU-NOM-DE-LA-TERRE-une.jpg\",\"keywords\":[\"Anthony Bajon\",\"Edouard Bergeon\",\"Family\",\"Farm\",\"France\",\"Guillaume Canet\",\"Rufus\",\"Samir Guesmi\",\"suicide\",\"Veerle Baetens\",\"VIFF\",\"VIFF 2020\"],\"articleSection\":[\"European movies\",\"Newly available\"],\"inLanguage\":\"en-US\",\"potentialAction\":[{\"@type\":\"CommentAction\",\"name\":\"Comment\",\"target\":[\"https:\/\/lepetitseptieme.ca\/en\/2020\/07\/22\/au-nom-de-la-terre-peasant-profiles\/#respond\"]}]},{\"@type\":\"WebPage\",\"@id\":\"https:\/\/lepetitseptieme.ca\/en\/2020\/07\/22\/au-nom-de-la-terre-peasant-profiles\/\",\"url\":\"https:\/\/lepetitseptieme.ca\/en\/2020\/07\/22\/au-nom-de-la-terre-peasant-profiles\/\",\"name\":\"Au nom de la Terre \u2013 Peasant Profiles - Le petit septi\u00e8me\",\"isPartOf\":{\"@id\":\"https:\/\/lepetitseptieme.ca\/en\/#website\"},\"primaryImageOfPage\":{\"@id\":\"https:\/\/lepetitseptieme.ca\/en\/2020\/07\/22\/au-nom-de-la-terre-peasant-profiles\/#primaryimage\"},\"image\":{\"@id\":\"https:\/\/lepetitseptieme.ca\/en\/2020\/07\/22\/au-nom-de-la-terre-peasant-profiles\/#primaryimage\"},\"thumbnailUrl\":\"https:\/\/lepetitseptieme.ca\/wp-content\/uploads\/2020\/07\/AU-NOM-DE-LA-TERRE-une.jpg\",\"datePublished\":\"2020-07-22T10:30:19+00:00\",\"dateModified\":\"2024-06-28T21:01:55+00:00\",\"description\":\"Au nom de la terre is Edouard Bergeon\u2019s first fiction film, after a remarkable documentary on the agricultural world, Les Fils de la terre. In Au nom de la terre, he tells the drama affecting his own family around an entrepreneur father who is losing ground in the face of his farm debt and the workload.\",\"breadcrumb\":{\"@id\":\"https:\/\/lepetitseptieme.ca\/en\/2020\/07\/22\/au-nom-de-la-terre-peasant-profiles\/#breadcrumb\"},\"inLanguage\":\"en-US\",\"potentialAction\":[{\"@type\":\"ReadAction\",\"target\":[\"https:\/\/lepetitseptieme.ca\/en\/2020\/07\/22\/au-nom-de-la-terre-peasant-profiles\/\"]}]},{\"@type\":\"ImageObject\",\"inLanguage\":\"en-US\",\"@id\":\"https:\/\/lepetitseptieme.ca\/en\/2020\/07\/22\/au-nom-de-la-terre-peasant-profiles\/#primaryimage\",\"url\":\"https:\/\/lepetitseptieme.ca\/wp-content\/uploads\/2020\/07\/AU-NOM-DE-LA-TERRE-une.jpg\",\"contentUrl\":\"https:\/\/lepetitseptieme.ca\/wp-content\/uploads\/2020\/07\/AU-NOM-DE-LA-TERRE-une.jpg\",\"width\":1920,\"height\":1080,\"caption\":\"AU NOM DE LA TERRE - une\"},{\"@type\":\"BreadcrumbList\",\"@id\":\"https:\/\/lepetitseptieme.ca\/en\/2020\/07\/22\/au-nom-de-la-terre-peasant-profiles\/#breadcrumb\",\"itemListElement\":[{\"@type\":\"ListItem\",\"position\":1,\"name\":\"Home\",\"item\":\"https:\/\/lepetitseptieme.ca\/en\/\"},{\"@type\":\"ListItem\",\"position\":2,\"name\":\"Au nom de la Terre \u2013 Peasant Profiles\"}]},{\"@type\":\"WebSite\",\"@id\":\"https:\/\/lepetitseptieme.ca\/en\/#website\",\"url\":\"https:\/\/lepetitseptieme.ca\/en\/\",\"name\":\"Le petit septi\u00e8me\",\"description\":\"Reviews and comments on Quebec, international and author cinema\",\"publisher\":{\"@id\":\"https:\/\/lepetitseptieme.ca\/en\/#organization\"},\"potentialAction\":[{\"@type\":\"SearchAction\",\"target\":{\"@type\":\"EntryPoint\",\"urlTemplate\":\"https:\/\/lepetitseptieme.ca\/en\/?s={search_term_string}\"},\"query-input\":{\"@type\":\"PropertyValueSpecification\",\"valueRequired\":true,\"valueName\":\"search_term_string\"}}],\"inLanguage\":\"en-US\"},{\"@type\":\"Organization\",\"@id\":\"https:\/\/lepetitseptieme.ca\/en\/#organization\",\"name\":\"Le Petit Septi\u00e8me\",\"url\":\"https:\/\/lepetitseptieme.ca\/en\/\",\"logo\":{\"@type\":\"ImageObject\",\"inLanguage\":\"en-US\",\"@id\":\"https:\/\/lepetitseptieme.ca\/en\/#\/schema\/logo\/image\/\",\"url\":\"https:\/\/lepetitseptieme.ca\/wp-content\/uploads\/2016\/05\/cropped-Logo-Le-Petit-Septi\u00e8me-2016-BW.png\",\"contentUrl\":\"https:\/\/lepetitseptieme.ca\/wp-content\/uploads\/2016\/05\/cropped-Logo-Le-Petit-Septi\u00e8me-2016-BW.png\",\"width\":512,\"height\":512,\"caption\":\"Le Petit Septi\u00e8me\"},\"image\":{\"@id\":\"https:\/\/lepetitseptieme.ca\/en\/#\/schema\/logo\/image\/\"},\"sameAs\":[\"https:\/\/www.facebook.com\/pages\/Le-Petit-Septi\u00e8me\/494448933948121?ref=hl\",\"https:\/\/x.com\/LePetitSeptieme\",\"https:\/\/www.youtube.com\/channel\/UC5mdhI_jJvDN1I9fkk5RcIw\"]},{\"@type\":\"Person\",\"@id\":\"https:\/\/lepetitseptieme.ca\/en\/#\/schema\/person\/8c079d5d640f628a4a6f8326e4cd4a57\",\"name\":\"Bruno Bo\u00ebz\",\"image\":{\"@type\":\"ImageObject\",\"inLanguage\":\"en-US\",\"@id\":\"https:\/\/lepetitseptieme.ca\/en\/#\/schema\/person\/image\/\",\"url\":\"https:\/\/secure.gravatar.com\/avatar\/a61e3aa4ff2b50fc9951da03b0eee78612f237cb8b3a8bcfdc624d96f3e49b17?s=96&d=mm&r=r\",\"contentUrl\":\"https:\/\/secure.gravatar.com\/avatar\/a61e3aa4ff2b50fc9951da03b0eee78612f237cb8b3a8bcfdc624d96f3e49b17?s=96&d=mm&r=r\",\"caption\":\"Bruno Bo\u00ebz\"},\"description\":\"D\u00e9tenteur d'un master de cin\u00e9ma, r\u00e9alisateur et \u00e9crivain \u00e0 mes heures, membre du comit\u00e9 de s\u00e9lection d'un festival de film, je suis passionn\u00e9 par les arts en g\u00e9n\u00e9ral, en particulier le cin\u00e9ma contemporain et de patrimoine, et appr\u00e9cie de contribuer \u00e0 sa diffusion aupr\u00e8s du public.\",\"url\":\"https:\/\/lepetitseptieme.ca\/en\/author\/bruno\/\"}]}<\/script>\n<!-- \/ Yoast SEO plugin. -->","yoast_head_json":{"title":"Au nom de la Terre \u2013 Peasant Profiles - Le petit septi\u00e8me","description":"Au nom de la terre is Edouard Bergeon\u2019s first fiction film, after a remarkable documentary on the agricultural world, Les Fils de la terre. In Au nom de la terre, he tells the drama affecting his own family around an entrepreneur father who is losing ground in the face of his farm debt and the workload.","robots":{"index":"index","follow":"follow","max-snippet":"max-snippet:-1","max-image-preview":"max-image-preview:large","max-video-preview":"max-video-preview:-1"},"canonical":"https:\/\/lepetitseptieme.ca\/en\/2020\/07\/22\/au-nom-de-la-terre-peasant-profiles\/","og_locale":"en_US","og_type":"article","og_title":"Au nom de la Terre \u2013 Peasant Profiles - Le petit septi\u00e8me","og_description":"Au nom de la terre est le premier film de fiction d\u2019Edouard Bergeon, apr\u00e8s un documentaire remarqu\u00e9 sur le monde agricole, Les Fils de la terre. Dans Au nom de la terre, il raconte le drame touchant sa propre famille autour d\u2019un p\u00e8re entrepreneur qui perd pied face \u00e0 l\u2019endettement de son exploitation agricole et \u00e0 la charge de travail.","og_url":"https:\/\/lepetitseptieme.ca\/en\/2020\/07\/22\/au-nom-de-la-terre-peasant-profiles\/","og_site_name":"Le petit septi\u00e8me","article_publisher":"https:\/\/www.facebook.com\/pages\/Le-Petit-Septi%c3%a8me\/494448933948121?ref=hl","article_published_time":"2020-07-22T10:30:19+00:00","article_modified_time":"2024-06-28T21:01:55+00:00","og_image":[{"width":1920,"height":1080,"url":"https:\/\/lepetitseptieme.ca\/wp-content\/uploads\/2020\/07\/AU-NOM-DE-LA-TERRE-une.jpg","type":"image\/jpeg"}],"author":"Bruno Bo\u00ebz","twitter_card":"summary_large_image","twitter_creator":"@LePetitSeptieme","twitter_site":"@LePetitSeptieme","twitter_misc":{"Written by":"Bruno Bo\u00ebz"},"schema":{"@context":"https:\/\/schema.org","@graph":[{"@type":"Article","@id":"https:\/\/lepetitseptieme.ca\/en\/2020\/07\/22\/au-nom-de-la-terre-peasant-profiles\/#article","isPartOf":{"@id":"https:\/\/lepetitseptieme.ca\/en\/2020\/07\/22\/au-nom-de-la-terre-peasant-profiles\/"},"author":{"name":"Bruno Bo\u00ebz","@id":"https:\/\/lepetitseptieme.ca\/en\/#\/schema\/person\/8c079d5d640f628a4a6f8326e4cd4a57"},"headline":"Au nom de la Terre \u2013 Peasant Profiles","datePublished":"2020-07-22T10:30:19+00:00","dateModified":"2024-06-28T21:01:55+00:00","mainEntityOfPage":{"@id":"https:\/\/lepetitseptieme.ca\/en\/2020\/07\/22\/au-nom-de-la-terre-peasant-profiles\/"},"wordCount":58,"commentCount":0,"publisher":{"@id":"https:\/\/lepetitseptieme.ca\/en\/#organization"},"image":{"@id":"https:\/\/lepetitseptieme.ca\/en\/2020\/07\/22\/au-nom-de-la-terre-peasant-profiles\/#primaryimage"},"thumbnailUrl":"https:\/\/lepetitseptieme.ca\/wp-content\/uploads\/2020\/07\/AU-NOM-DE-LA-TERRE-une.jpg","keywords":["Anthony Bajon","Edouard Bergeon","Family","Farm","France","Guillaume Canet","Rufus","Samir Guesmi","suicide","Veerle Baetens","VIFF","VIFF 2020"],"articleSection":["European movies","Newly available"],"inLanguage":"en-US","potentialAction":[{"@type":"CommentAction","name":"Comment","target":["https:\/\/lepetitseptieme.ca\/en\/2020\/07\/22\/au-nom-de-la-terre-peasant-profiles\/#respond"]}]},{"@type":"WebPage","@id":"https:\/\/lepetitseptieme.ca\/en\/2020\/07\/22\/au-nom-de-la-terre-peasant-profiles\/","url":"https:\/\/lepetitseptieme.ca\/en\/2020\/07\/22\/au-nom-de-la-terre-peasant-profiles\/","name":"Au nom de la Terre \u2013 Peasant Profiles - Le petit septi\u00e8me","isPartOf":{"@id":"https:\/\/lepetitseptieme.ca\/en\/#website"},"primaryImageOfPage":{"@id":"https:\/\/lepetitseptieme.ca\/en\/2020\/07\/22\/au-nom-de-la-terre-peasant-profiles\/#primaryimage"},"image":{"@id":"https:\/\/lepetitseptieme.ca\/en\/2020\/07\/22\/au-nom-de-la-terre-peasant-profiles\/#primaryimage"},"thumbnailUrl":"https:\/\/lepetitseptieme.ca\/wp-content\/uploads\/2020\/07\/AU-NOM-DE-LA-TERRE-une.jpg","datePublished":"2020-07-22T10:30:19+00:00","dateModified":"2024-06-28T21:01:55+00:00","description":"Au nom de la terre is Edouard Bergeon\u2019s first fiction film, after a remarkable documentary on the agricultural world, Les Fils de la terre. In Au nom de la terre, he tells the drama affecting his own family around an entrepreneur father who is losing ground in the face of his farm debt and the workload.","breadcrumb":{"@id":"https:\/\/lepetitseptieme.ca\/en\/2020\/07\/22\/au-nom-de-la-terre-peasant-profiles\/#breadcrumb"},"inLanguage":"en-US","potentialAction":[{"@type":"ReadAction","target":["https:\/\/lepetitseptieme.ca\/en\/2020\/07\/22\/au-nom-de-la-terre-peasant-profiles\/"]}]},{"@type":"ImageObject","inLanguage":"en-US","@id":"https:\/\/lepetitseptieme.ca\/en\/2020\/07\/22\/au-nom-de-la-terre-peasant-profiles\/#primaryimage","url":"https:\/\/lepetitseptieme.ca\/wp-content\/uploads\/2020\/07\/AU-NOM-DE-LA-TERRE-une.jpg","contentUrl":"https:\/\/lepetitseptieme.ca\/wp-content\/uploads\/2020\/07\/AU-NOM-DE-LA-TERRE-une.jpg","width":1920,"height":1080,"caption":"AU NOM DE LA TERRE - une"},{"@type":"BreadcrumbList","@id":"https:\/\/lepetitseptieme.ca\/en\/2020\/07\/22\/au-nom-de-la-terre-peasant-profiles\/#breadcrumb","itemListElement":[{"@type":"ListItem","position":1,"name":"Home","item":"https:\/\/lepetitseptieme.ca\/en\/"},{"@type":"ListItem","position":2,"name":"Au nom de la Terre \u2013 Peasant Profiles"}]},{"@type":"WebSite","@id":"https:\/\/lepetitseptieme.ca\/en\/#website","url":"https:\/\/lepetitseptieme.ca\/en\/","name":"Le petit septi\u00e8me","description":"Reviews and comments on Quebec, international and author cinema","publisher":{"@id":"https:\/\/lepetitseptieme.ca\/en\/#organization"},"potentialAction":[{"@type":"SearchAction","target":{"@type":"EntryPoint","urlTemplate":"https:\/\/lepetitseptieme.ca\/en\/?s={search_term_string}"},"query-input":{"@type":"PropertyValueSpecification","valueRequired":true,"valueName":"search_term_string"}}],"inLanguage":"en-US"},{"@type":"Organization","@id":"https:\/\/lepetitseptieme.ca\/en\/#organization","name":"Le Petit Septi\u00e8me","url":"https:\/\/lepetitseptieme.ca\/en\/","logo":{"@type":"ImageObject","inLanguage":"en-US","@id":"https:\/\/lepetitseptieme.ca\/en\/#\/schema\/logo\/image\/","url":"https:\/\/lepetitseptieme.ca\/wp-content\/uploads\/2016\/05\/cropped-Logo-Le-Petit-Septi\u00e8me-2016-BW.png","contentUrl":"https:\/\/lepetitseptieme.ca\/wp-content\/uploads\/2016\/05\/cropped-Logo-Le-Petit-Septi\u00e8me-2016-BW.png","width":512,"height":512,"caption":"Le Petit Septi\u00e8me"},"image":{"@id":"https:\/\/lepetitseptieme.ca\/en\/#\/schema\/logo\/image\/"},"sameAs":["https:\/\/www.facebook.com\/pages\/Le-Petit-Septi\u00e8me\/494448933948121?ref=hl","https:\/\/x.com\/LePetitSeptieme","https:\/\/www.youtube.com\/channel\/UC5mdhI_jJvDN1I9fkk5RcIw"]},{"@type":"Person","@id":"https:\/\/lepetitseptieme.ca\/en\/#\/schema\/person\/8c079d5d640f628a4a6f8326e4cd4a57","name":"Bruno Bo\u00ebz","image":{"@type":"ImageObject","inLanguage":"en-US","@id":"https:\/\/lepetitseptieme.ca\/en\/#\/schema\/person\/image\/","url":"https:\/\/secure.gravatar.com\/avatar\/a61e3aa4ff2b50fc9951da03b0eee78612f237cb8b3a8bcfdc624d96f3e49b17?s=96&d=mm&r=r","contentUrl":"https:\/\/secure.gravatar.com\/avatar\/a61e3aa4ff2b50fc9951da03b0eee78612f237cb8b3a8bcfdc624d96f3e49b17?s=96&d=mm&r=r","caption":"Bruno Bo\u00ebz"},"description":"D\u00e9tenteur d'un master de cin\u00e9ma, r\u00e9alisateur et \u00e9crivain \u00e0 mes heures, membre du comit\u00e9 de s\u00e9lection d'un festival de film, je suis passionn\u00e9 par les arts en g\u00e9n\u00e9ral, en particulier le cin\u00e9ma contemporain et de patrimoine, et appr\u00e9cie de contribuer \u00e0 sa diffusion aupr\u00e8s du public.","url":"https:\/\/lepetitseptieme.ca\/en\/author\/bruno\/"}]}},"_links":{"self":[{"href":"https:\/\/lepetitseptieme.ca\/en\/wp-json\/wp\/v2\/posts\/12500","targetHints":{"allow":["GET"]}}],"collection":[{"href":"https:\/\/lepetitseptieme.ca\/en\/wp-json\/wp\/v2\/posts"}],"about":[{"href":"https:\/\/lepetitseptieme.ca\/en\/wp-json\/wp\/v2\/types\/post"}],"author":[{"embeddable":true,"href":"https:\/\/lepetitseptieme.ca\/en\/wp-json\/wp\/v2\/users\/20"}],"replies":[{"embeddable":true,"href":"https:\/\/lepetitseptieme.ca\/en\/wp-json\/wp\/v2\/comments?post=12500"}],"version-history":[{"count":1,"href":"https:\/\/lepetitseptieme.ca\/en\/wp-json\/wp\/v2\/posts\/12500\/revisions"}],"predecessor-version":[{"id":45811,"href":"https:\/\/lepetitseptieme.ca\/en\/wp-json\/wp\/v2\/posts\/12500\/revisions\/45811"}],"wp:featuredmedia":[{"embeddable":true,"href":"https:\/\/lepetitseptieme.ca\/en\/wp-json\/wp\/v2\/media\/12495"}],"wp:attachment":[{"href":"https:\/\/lepetitseptieme.ca\/en\/wp-json\/wp\/v2\/media?parent=12500"}],"wp:term":[{"taxonomy":"category","embeddable":true,"href":"https:\/\/lepetitseptieme.ca\/en\/wp-json\/wp\/v2\/categories?post=12500"},{"taxonomy":"post_tag","embeddable":true,"href":"https:\/\/lepetitseptieme.ca\/en\/wp-json\/wp\/v2\/tags?post=12500"}],"curies":[{"name":"wp","href":"https:\/\/api.w.org\/{rel}","templated":true}]}}