{"id":10999,"date":"2019-12-09T10:00:43","date_gmt":"2019-12-09T15:00:43","guid":{"rendered":"https:\/\/lepetitseptieme.ca\/?p=10999"},"modified":"2024-07-12T20:59:51","modified_gmt":"2024-07-13T00:59:51","slug":"the-body-remembers-when-the-world-broke-open-when-violence-implodes","status":"publish","type":"post","link":"https:\/\/lepetitseptieme.ca\/en\/2019\/12\/09\/the-body-remembers-when-the-world-broke-open-when-violence-implodes\/","title":{"rendered":"The Body Remembers When the World Broke Open \u2013 When Violence Implodes"},"content":{"rendered":"<p><span style=\"font-weight: 400;\"><img loading=\"lazy\" decoding=\"async\" class=\"alignleft wp-image-10989\" src=\"https:\/\/lepetitseptieme.ca\/wp-content\/uploads\/2019\/12\/The-body-remembers-when-the-world-broke-open-affiche-203x300.jpg\" alt=\"The body remembers when the world broke open - poster\" width=\"150\" height=\"222\" srcset=\"https:\/\/lepetitseptieme.ca\/wp-content\/uploads\/2019\/12\/The-body-remembers-when-the-world-broke-open-affiche-203x300.jpg 203w, https:\/\/lepetitseptieme.ca\/wp-content\/uploads\/2019\/12\/The-body-remembers-when-the-world-broke-open-affiche-768x1138.jpg 768w, https:\/\/lepetitseptieme.ca\/wp-content\/uploads\/2019\/12\/The-body-remembers-when-the-world-broke-open-affiche-691x1024.jpg 691w, https:\/\/lepetitseptieme.ca\/wp-content\/uploads\/2019\/12\/The-body-remembers-when-the-world-broke-open-affiche-600x889.jpg 600w, https:\/\/lepetitseptieme.ca\/wp-content\/uploads\/2019\/12\/The-body-remembers-when-the-world-broke-open-affiche.jpg 800w\" sizes=\"auto, (max-width: 150px) 100vw, 150px\" \/>Why is this article not available in English?<\/span><\/p>\n<p><span style=\"font-weight: 400;\">Unfortunately, we do not have the necessary financial support to provide a good translation of each of our texts.<\/span><\/p>\n<p><span style=\"font-weight: 400;\">Support us by purchasing one of <\/span><a href=\"https:\/\/lepetitseptieme.ca\/en\/store\/\"><span style=\"font-weight: 400;\">our products<\/span><\/a><span style=\"font-weight: 400;\"> or with <\/span><a href=\"https:\/\/lepetitseptieme.ca\/en\/produit\/donation\/\"><span style=\"font-weight: 400;\">a $1 donation<\/span><\/a><span style=\"font-weight: 400;\"> so we can make it!<\/span><\/p>\n<p><span style=\"font-weight: 400;\">You can still watch the trailer&#8230;<\/span><\/p>\n<p>&nbsp;<\/p>\n<p><iframe loading=\"lazy\" src=\"\/\/www.youtube.com\/embed\/8l3WC4wl-SY\" width=\"560\" height=\"314\" allowfullscreen=\"allowfullscreen\"><\/iframe><\/p>\n","protected":false},"excerpt":{"rendered":"<p>Why is this article not available in English? Unfortunately, we do not have the necessary financial support to provide a good translation of each of our texts. Support us by purchasing one of our products or with a $1 donation so we can make it! You can still watch the trailer&#8230; &nbsp;<\/p>\n","protected":false},"author":15,"featured_media":10991,"comment_status":"open","ping_status":"open","sticky":false,"template":"","format":"standard","meta":{"_acf_changed":false,"site-sidebar-layout":"default","site-content-layout":"","ast-site-content-layout":"default","site-content-style":"default","site-sidebar-style":"default","ast-global-header-display":"","ast-banner-title-visibility":"","ast-main-header-display":"","ast-hfb-above-header-display":"","ast-hfb-below-header-display":"","ast-hfb-mobile-header-display":"","site-post-title":"","ast-breadcrumbs-content":"","ast-featured-img":"","footer-sml-layout":"","ast-disable-related-posts":"","theme-transparent-header-meta":"","adv-header-id-meta":"","stick-header-meta":"","header-above-stick-meta":"","header-main-stick-meta":"","header-below-stick-meta":"","astra-migrate-meta-layouts":"default","ast-page-background-enabled":"default","ast-page-background-meta":{"desktop":{"background-color":"var(--ast-global-color-4)","background-image":"","background-repeat":"repeat","background-position":"center center","background-size":"auto","background-attachment":"scroll","background-type":"","background-media":"","overlay-type":"","overlay-color":"","overlay-opacity":"","overlay-gradient":""},"tablet":{"background-color":"","background-image":"","background-repeat":"repeat","background-position":"center center","background-size":"auto","background-attachment":"scroll","background-type":"","background-media":"","overlay-type":"","overlay-color":"","overlay-opacity":"","overlay-gradient":""},"mobile":{"background-color":"","background-image":"","background-repeat":"repeat","background-position":"center center","background-size":"auto","background-attachment":"scroll","background-type":"","background-media":"","overlay-type":"","overlay-color":"","overlay-opacity":"","overlay-gradient":""}},"ast-content-background-meta":{"desktop":{"background-color":"var(--ast-global-color-5)","background-image":"","background-repeat":"repeat","background-position":"center center","background-size":"auto","background-attachment":"scroll","background-type":"","background-media":"","overlay-type":"","overlay-color":"","overlay-opacity":"","overlay-gradient":""},"tablet":{"background-color":"var(--ast-global-color-5)","background-image":"","background-repeat":"repeat","background-position":"center center","background-size":"auto","background-attachment":"scroll","background-type":"","background-media":"","overlay-type":"","overlay-color":"","overlay-opacity":"","overlay-gradient":""},"mobile":{"background-color":"var(--ast-global-color-5)","background-image":"","background-repeat":"repeat","background-position":"center center","background-size":"auto","background-attachment":"scroll","background-type":"","background-media":"","overlay-type":"","overlay-color":"","overlay-opacity":"","overlay-gradient":""}},"footnotes":""},"categories":[5508,5164],"tags":[8545,10463,10465,6222,10455,10467,10469,10461,10457,10459,10471,8098,10473,10453],"class_list":["post-10999","post","type-post","status-publish","format-standard","has-post-thumbnail","hentry","category-canadian-films","category-newly-available","tag-aboriginal","tag-billie-ray-belcourt-en","tag-blackfoot-en","tag-canada-en","tag-decolonization","tag-elle-maija-tailfeathers-en","tag-kathleen-hepburn-en","tag-norway","tag-political","tag-sami","tag-vancouver-en","tag-violence-en","tag-violet-nelson-en","tag-woman"],"acf":[],"yoast_head":"<!-- This site is optimized with the Yoast SEO plugin v27.1.1 - https:\/\/yoast.com\/product\/yoast-seo-wordpress\/ -->\n<title>The Body Remembers When the World Broke Open \u2013 When Violence Implodes - Le petit septi\u00e8me<\/title>\n<meta name=\"description\" content=\"Poignant drama by the power of the subject, The Body Remembers When the World Broke Open puts in images a personal experience of one of the directors, Elle-M\u00e1ij\u00e1 Tailfeathers.\" \/>\n<meta name=\"robots\" content=\"index, follow, max-snippet:-1, max-image-preview:large, max-video-preview:-1\" \/>\n<link rel=\"canonical\" href=\"https:\/\/lepetitseptieme.ca\/en\/2019\/12\/09\/the-body-remembers-when-the-world-broke-open-when-violence-implodes\/\" \/>\n<meta property=\"og:locale\" content=\"en_US\" \/>\n<meta property=\"og:type\" content=\"article\" \/>\n<meta property=\"og:title\" content=\"The Body Remembers When the World Broke Open \u2013 When Violence Implodes - Le petit septi\u00e8me\" \/>\n<meta property=\"og:description\" content=\"Drame poignant par la puissance des propos, The Body Remembers When the World Broke Open met en images une exp\u00e9rience personnelle d\u2019une des r\u00e9alisatrices, Elle-M\u00e1ij\u00e1 Tailfeathers.\" \/>\n<meta property=\"og:url\" content=\"https:\/\/lepetitseptieme.ca\/en\/2019\/12\/09\/the-body-remembers-when-the-world-broke-open-when-violence-implodes\/\" \/>\n<meta property=\"og:site_name\" content=\"Le petit septi\u00e8me\" \/>\n<meta property=\"article:publisher\" content=\"https:\/\/www.facebook.com\/pages\/Le-Petit-Septi%c3%a8me\/494448933948121?ref=hl\" \/>\n<meta property=\"article:published_time\" content=\"2019-12-09T15:00:43+00:00\" \/>\n<meta property=\"article:modified_time\" content=\"2024-07-13T00:59:51+00:00\" \/>\n<meta property=\"og:image\" content=\"https:\/\/lepetitseptieme.ca\/wp-content\/uploads\/2019\/12\/THE-BODY-REMEMBERS-WHEN-THE-WORLD-BROKE-OPEN-une.jpg\" \/>\n\t<meta property=\"og:image:width\" content=\"1920\" \/>\n\t<meta property=\"og:image:height\" content=\"1080\" \/>\n\t<meta property=\"og:image:type\" content=\"image\/jpeg\" \/>\n<meta name=\"author\" content=\"Nay Theam\" \/>\n<meta name=\"twitter:card\" content=\"summary_large_image\" \/>\n<meta name=\"twitter:creator\" content=\"@LePetitSeptieme\" \/>\n<meta name=\"twitter:site\" content=\"@LePetitSeptieme\" \/>\n<meta name=\"twitter:label1\" content=\"Written by\" \/>\n\t<meta name=\"twitter:data1\" content=\"Nay Theam\" \/>\n<script type=\"application\/ld+json\" class=\"yoast-schema-graph\">{\"@context\":\"https:\/\/schema.org\",\"@graph\":[{\"@type\":\"Article\",\"@id\":\"https:\/\/lepetitseptieme.ca\/en\/2019\/12\/09\/the-body-remembers-when-the-world-broke-open-when-violence-implodes\/#article\",\"isPartOf\":{\"@id\":\"https:\/\/lepetitseptieme.ca\/en\/2019\/12\/09\/the-body-remembers-when-the-world-broke-open-when-violence-implodes\/\"},\"author\":{\"name\":\"Nay Theam\",\"@id\":\"https:\/\/lepetitseptieme.ca\/en\/#\/schema\/person\/9c8162bd9cc4e48f456d1e8b7fcd8a99\"},\"headline\":\"The Body Remembers When the World Broke Open \u2013 When Violence Implodes\",\"datePublished\":\"2019-12-09T15:00:43+00:00\",\"dateModified\":\"2024-07-13T00:59:51+00:00\",\"mainEntityOfPage\":{\"@id\":\"https:\/\/lepetitseptieme.ca\/en\/2019\/12\/09\/the-body-remembers-when-the-world-broke-open-when-violence-implodes\/\"},\"wordCount\":62,\"commentCount\":0,\"publisher\":{\"@id\":\"https:\/\/lepetitseptieme.ca\/en\/#organization\"},\"image\":{\"@id\":\"https:\/\/lepetitseptieme.ca\/en\/2019\/12\/09\/the-body-remembers-when-the-world-broke-open-when-violence-implodes\/#primaryimage\"},\"thumbnailUrl\":\"https:\/\/lepetitseptieme.ca\/wp-content\/uploads\/2019\/12\/THE-BODY-REMEMBERS-WHEN-THE-WORLD-BROKE-OPEN-une.jpg\",\"keywords\":[\"Aboriginal\",\"Billie-Ray Belcourt\",\"Blackfoot\",\"Canada\",\"decolonization\",\"Elle-M\u00e1ij\u00e1 Tailfeathers\",\"Kathleen Hepburn\",\"Norway\",\"political\",\"Sami\",\"Vancouver\",\"Violence\",\"Violet Nelson\",\"woman\"],\"articleSection\":[\"Canadian movies\",\"Newly available\"],\"inLanguage\":\"en-US\",\"potentialAction\":[{\"@type\":\"CommentAction\",\"name\":\"Comment\",\"target\":[\"https:\/\/lepetitseptieme.ca\/en\/2019\/12\/09\/the-body-remembers-when-the-world-broke-open-when-violence-implodes\/#respond\"]}]},{\"@type\":\"WebPage\",\"@id\":\"https:\/\/lepetitseptieme.ca\/en\/2019\/12\/09\/the-body-remembers-when-the-world-broke-open-when-violence-implodes\/\",\"url\":\"https:\/\/lepetitseptieme.ca\/en\/2019\/12\/09\/the-body-remembers-when-the-world-broke-open-when-violence-implodes\/\",\"name\":\"The Body Remembers When the World Broke Open \u2013 When Violence Implodes - Le petit septi\u00e8me\",\"isPartOf\":{\"@id\":\"https:\/\/lepetitseptieme.ca\/en\/#website\"},\"primaryImageOfPage\":{\"@id\":\"https:\/\/lepetitseptieme.ca\/en\/2019\/12\/09\/the-body-remembers-when-the-world-broke-open-when-violence-implodes\/#primaryimage\"},\"image\":{\"@id\":\"https:\/\/lepetitseptieme.ca\/en\/2019\/12\/09\/the-body-remembers-when-the-world-broke-open-when-violence-implodes\/#primaryimage\"},\"thumbnailUrl\":\"https:\/\/lepetitseptieme.ca\/wp-content\/uploads\/2019\/12\/THE-BODY-REMEMBERS-WHEN-THE-WORLD-BROKE-OPEN-une.jpg\",\"datePublished\":\"2019-12-09T15:00:43+00:00\",\"dateModified\":\"2024-07-13T00:59:51+00:00\",\"description\":\"Poignant drama by the power of the subject, The Body Remembers When the World Broke Open puts in images a personal experience of one of the directors, Elle-M\u00e1ij\u00e1 Tailfeathers.\",\"breadcrumb\":{\"@id\":\"https:\/\/lepetitseptieme.ca\/en\/2019\/12\/09\/the-body-remembers-when-the-world-broke-open-when-violence-implodes\/#breadcrumb\"},\"inLanguage\":\"en-US\",\"potentialAction\":[{\"@type\":\"ReadAction\",\"target\":[\"https:\/\/lepetitseptieme.ca\/en\/2019\/12\/09\/the-body-remembers-when-the-world-broke-open-when-violence-implodes\/\"]}]},{\"@type\":\"ImageObject\",\"inLanguage\":\"en-US\",\"@id\":\"https:\/\/lepetitseptieme.ca\/en\/2019\/12\/09\/the-body-remembers-when-the-world-broke-open-when-violence-implodes\/#primaryimage\",\"url\":\"https:\/\/lepetitseptieme.ca\/wp-content\/uploads\/2019\/12\/THE-BODY-REMEMBERS-WHEN-THE-WORLD-BROKE-OPEN-une.jpg\",\"contentUrl\":\"https:\/\/lepetitseptieme.ca\/wp-content\/uploads\/2019\/12\/THE-BODY-REMEMBERS-WHEN-THE-WORLD-BROKE-OPEN-une.jpg\",\"width\":1920,\"height\":1080,\"caption\":\"THE BODY REMEMBERS WHEN THE WORLD BROKE OPEN - une\"},{\"@type\":\"BreadcrumbList\",\"@id\":\"https:\/\/lepetitseptieme.ca\/en\/2019\/12\/09\/the-body-remembers-when-the-world-broke-open-when-violence-implodes\/#breadcrumb\",\"itemListElement\":[{\"@type\":\"ListItem\",\"position\":1,\"name\":\"Home\",\"item\":\"https:\/\/lepetitseptieme.ca\/en\/\"},{\"@type\":\"ListItem\",\"position\":2,\"name\":\"The Body Remembers When the World Broke Open \u2013 When Violence Implodes\"}]},{\"@type\":\"WebSite\",\"@id\":\"https:\/\/lepetitseptieme.ca\/en\/#website\",\"url\":\"https:\/\/lepetitseptieme.ca\/en\/\",\"name\":\"Le petit septi\u00e8me\",\"description\":\"Reviews and comments on Quebec, international and author cinema\",\"publisher\":{\"@id\":\"https:\/\/lepetitseptieme.ca\/en\/#organization\"},\"potentialAction\":[{\"@type\":\"SearchAction\",\"target\":{\"@type\":\"EntryPoint\",\"urlTemplate\":\"https:\/\/lepetitseptieme.ca\/en\/?s={search_term_string}\"},\"query-input\":{\"@type\":\"PropertyValueSpecification\",\"valueRequired\":true,\"valueName\":\"search_term_string\"}}],\"inLanguage\":\"en-US\"},{\"@type\":\"Organization\",\"@id\":\"https:\/\/lepetitseptieme.ca\/en\/#organization\",\"name\":\"Le Petit Septi\u00e8me\",\"url\":\"https:\/\/lepetitseptieme.ca\/en\/\",\"logo\":{\"@type\":\"ImageObject\",\"inLanguage\":\"en-US\",\"@id\":\"https:\/\/lepetitseptieme.ca\/en\/#\/schema\/logo\/image\/\",\"url\":\"https:\/\/lepetitseptieme.ca\/wp-content\/uploads\/2016\/05\/cropped-Logo-Le-Petit-Septi\u00e8me-2016-BW.png\",\"contentUrl\":\"https:\/\/lepetitseptieme.ca\/wp-content\/uploads\/2016\/05\/cropped-Logo-Le-Petit-Septi\u00e8me-2016-BW.png\",\"width\":512,\"height\":512,\"caption\":\"Le Petit Septi\u00e8me\"},\"image\":{\"@id\":\"https:\/\/lepetitseptieme.ca\/en\/#\/schema\/logo\/image\/\"},\"sameAs\":[\"https:\/\/www.facebook.com\/pages\/Le-Petit-Septi\u00e8me\/494448933948121?ref=hl\",\"https:\/\/x.com\/LePetitSeptieme\",\"https:\/\/www.youtube.com\/channel\/UC5mdhI_jJvDN1I9fkk5RcIw\"]},{\"@type\":\"Person\",\"@id\":\"https:\/\/lepetitseptieme.ca\/en\/#\/schema\/person\/9c8162bd9cc4e48f456d1e8b7fcd8a99\",\"name\":\"Nay Theam\",\"image\":{\"@type\":\"ImageObject\",\"inLanguage\":\"en-US\",\"@id\":\"https:\/\/lepetitseptieme.ca\/en\/#\/schema\/person\/image\/\",\"url\":\"https:\/\/secure.gravatar.com\/avatar\/041b1ee3031994c6c38a736f6cc6153af3b2e76d6e61a6fbd037e2a58842cd7b?s=96&d=mm&r=r\",\"contentUrl\":\"https:\/\/secure.gravatar.com\/avatar\/041b1ee3031994c6c38a736f6cc6153af3b2e76d6e61a6fbd037e2a58842cd7b?s=96&d=mm&r=r\",\"caption\":\"Nay Theam\"},\"description\":\"Passionn\u00e9e de l'imaginaire du Nord, sp\u00e9cialiste (para\u00eet-il) des \u00e9critures migrantes au Qu\u00e9bec. Les questions autochtones sont au coeur de mes r\u00e9flexions.\",\"url\":\"https:\/\/lepetitseptieme.ca\/en\/author\/nay\/\"}]}<\/script>\n<!-- \/ Yoast SEO plugin. -->","yoast_head_json":{"title":"The Body Remembers When the World Broke Open \u2013 When Violence Implodes - Le petit septi\u00e8me","description":"Poignant drama by the power of the subject, The Body Remembers When the World Broke Open puts in images a personal experience of one of the directors, Elle-M\u00e1ij\u00e1 Tailfeathers.","robots":{"index":"index","follow":"follow","max-snippet":"max-snippet:-1","max-image-preview":"max-image-preview:large","max-video-preview":"max-video-preview:-1"},"canonical":"https:\/\/lepetitseptieme.ca\/en\/2019\/12\/09\/the-body-remembers-when-the-world-broke-open-when-violence-implodes\/","og_locale":"en_US","og_type":"article","og_title":"The Body Remembers When the World Broke Open \u2013 When Violence Implodes - Le petit septi\u00e8me","og_description":"Drame poignant par la puissance des propos, The Body Remembers When the World Broke Open met en images une exp\u00e9rience personnelle d\u2019une des r\u00e9alisatrices, Elle-M\u00e1ij\u00e1 Tailfeathers.","og_url":"https:\/\/lepetitseptieme.ca\/en\/2019\/12\/09\/the-body-remembers-when-the-world-broke-open-when-violence-implodes\/","og_site_name":"Le petit septi\u00e8me","article_publisher":"https:\/\/www.facebook.com\/pages\/Le-Petit-Septi%c3%a8me\/494448933948121?ref=hl","article_published_time":"2019-12-09T15:00:43+00:00","article_modified_time":"2024-07-13T00:59:51+00:00","og_image":[{"width":1920,"height":1080,"url":"https:\/\/lepetitseptieme.ca\/wp-content\/uploads\/2019\/12\/THE-BODY-REMEMBERS-WHEN-THE-WORLD-BROKE-OPEN-une.jpg","type":"image\/jpeg"}],"author":"Nay Theam","twitter_card":"summary_large_image","twitter_creator":"@LePetitSeptieme","twitter_site":"@LePetitSeptieme","twitter_misc":{"Written by":"Nay Theam"},"schema":{"@context":"https:\/\/schema.org","@graph":[{"@type":"Article","@id":"https:\/\/lepetitseptieme.ca\/en\/2019\/12\/09\/the-body-remembers-when-the-world-broke-open-when-violence-implodes\/#article","isPartOf":{"@id":"https:\/\/lepetitseptieme.ca\/en\/2019\/12\/09\/the-body-remembers-when-the-world-broke-open-when-violence-implodes\/"},"author":{"name":"Nay Theam","@id":"https:\/\/lepetitseptieme.ca\/en\/#\/schema\/person\/9c8162bd9cc4e48f456d1e8b7fcd8a99"},"headline":"The Body Remembers When the World Broke Open \u2013 When Violence Implodes","datePublished":"2019-12-09T15:00:43+00:00","dateModified":"2024-07-13T00:59:51+00:00","mainEntityOfPage":{"@id":"https:\/\/lepetitseptieme.ca\/en\/2019\/12\/09\/the-body-remembers-when-the-world-broke-open-when-violence-implodes\/"},"wordCount":62,"commentCount":0,"publisher":{"@id":"https:\/\/lepetitseptieme.ca\/en\/#organization"},"image":{"@id":"https:\/\/lepetitseptieme.ca\/en\/2019\/12\/09\/the-body-remembers-when-the-world-broke-open-when-violence-implodes\/#primaryimage"},"thumbnailUrl":"https:\/\/lepetitseptieme.ca\/wp-content\/uploads\/2019\/12\/THE-BODY-REMEMBERS-WHEN-THE-WORLD-BROKE-OPEN-une.jpg","keywords":["Aboriginal","Billie-Ray Belcourt","Blackfoot","Canada","decolonization","Elle-M\u00e1ij\u00e1 Tailfeathers","Kathleen Hepburn","Norway","political","Sami","Vancouver","Violence","Violet Nelson","woman"],"articleSection":["Canadian movies","Newly available"],"inLanguage":"en-US","potentialAction":[{"@type":"CommentAction","name":"Comment","target":["https:\/\/lepetitseptieme.ca\/en\/2019\/12\/09\/the-body-remembers-when-the-world-broke-open-when-violence-implodes\/#respond"]}]},{"@type":"WebPage","@id":"https:\/\/lepetitseptieme.ca\/en\/2019\/12\/09\/the-body-remembers-when-the-world-broke-open-when-violence-implodes\/","url":"https:\/\/lepetitseptieme.ca\/en\/2019\/12\/09\/the-body-remembers-when-the-world-broke-open-when-violence-implodes\/","name":"The Body Remembers When the World Broke Open \u2013 When Violence Implodes - Le petit septi\u00e8me","isPartOf":{"@id":"https:\/\/lepetitseptieme.ca\/en\/#website"},"primaryImageOfPage":{"@id":"https:\/\/lepetitseptieme.ca\/en\/2019\/12\/09\/the-body-remembers-when-the-world-broke-open-when-violence-implodes\/#primaryimage"},"image":{"@id":"https:\/\/lepetitseptieme.ca\/en\/2019\/12\/09\/the-body-remembers-when-the-world-broke-open-when-violence-implodes\/#primaryimage"},"thumbnailUrl":"https:\/\/lepetitseptieme.ca\/wp-content\/uploads\/2019\/12\/THE-BODY-REMEMBERS-WHEN-THE-WORLD-BROKE-OPEN-une.jpg","datePublished":"2019-12-09T15:00:43+00:00","dateModified":"2024-07-13T00:59:51+00:00","description":"Poignant drama by the power of the subject, The Body Remembers When the World Broke Open puts in images a personal experience of one of the directors, Elle-M\u00e1ij\u00e1 Tailfeathers.","breadcrumb":{"@id":"https:\/\/lepetitseptieme.ca\/en\/2019\/12\/09\/the-body-remembers-when-the-world-broke-open-when-violence-implodes\/#breadcrumb"},"inLanguage":"en-US","potentialAction":[{"@type":"ReadAction","target":["https:\/\/lepetitseptieme.ca\/en\/2019\/12\/09\/the-body-remembers-when-the-world-broke-open-when-violence-implodes\/"]}]},{"@type":"ImageObject","inLanguage":"en-US","@id":"https:\/\/lepetitseptieme.ca\/en\/2019\/12\/09\/the-body-remembers-when-the-world-broke-open-when-violence-implodes\/#primaryimage","url":"https:\/\/lepetitseptieme.ca\/wp-content\/uploads\/2019\/12\/THE-BODY-REMEMBERS-WHEN-THE-WORLD-BROKE-OPEN-une.jpg","contentUrl":"https:\/\/lepetitseptieme.ca\/wp-content\/uploads\/2019\/12\/THE-BODY-REMEMBERS-WHEN-THE-WORLD-BROKE-OPEN-une.jpg","width":1920,"height":1080,"caption":"THE BODY REMEMBERS WHEN THE WORLD BROKE OPEN - une"},{"@type":"BreadcrumbList","@id":"https:\/\/lepetitseptieme.ca\/en\/2019\/12\/09\/the-body-remembers-when-the-world-broke-open-when-violence-implodes\/#breadcrumb","itemListElement":[{"@type":"ListItem","position":1,"name":"Home","item":"https:\/\/lepetitseptieme.ca\/en\/"},{"@type":"ListItem","position":2,"name":"The Body Remembers When the World Broke Open \u2013 When Violence Implodes"}]},{"@type":"WebSite","@id":"https:\/\/lepetitseptieme.ca\/en\/#website","url":"https:\/\/lepetitseptieme.ca\/en\/","name":"Le petit septi\u00e8me","description":"Reviews and comments on Quebec, international and author cinema","publisher":{"@id":"https:\/\/lepetitseptieme.ca\/en\/#organization"},"potentialAction":[{"@type":"SearchAction","target":{"@type":"EntryPoint","urlTemplate":"https:\/\/lepetitseptieme.ca\/en\/?s={search_term_string}"},"query-input":{"@type":"PropertyValueSpecification","valueRequired":true,"valueName":"search_term_string"}}],"inLanguage":"en-US"},{"@type":"Organization","@id":"https:\/\/lepetitseptieme.ca\/en\/#organization","name":"Le Petit Septi\u00e8me","url":"https:\/\/lepetitseptieme.ca\/en\/","logo":{"@type":"ImageObject","inLanguage":"en-US","@id":"https:\/\/lepetitseptieme.ca\/en\/#\/schema\/logo\/image\/","url":"https:\/\/lepetitseptieme.ca\/wp-content\/uploads\/2016\/05\/cropped-Logo-Le-Petit-Septi\u00e8me-2016-BW.png","contentUrl":"https:\/\/lepetitseptieme.ca\/wp-content\/uploads\/2016\/05\/cropped-Logo-Le-Petit-Septi\u00e8me-2016-BW.png","width":512,"height":512,"caption":"Le Petit Septi\u00e8me"},"image":{"@id":"https:\/\/lepetitseptieme.ca\/en\/#\/schema\/logo\/image\/"},"sameAs":["https:\/\/www.facebook.com\/pages\/Le-Petit-Septi\u00e8me\/494448933948121?ref=hl","https:\/\/x.com\/LePetitSeptieme","https:\/\/www.youtube.com\/channel\/UC5mdhI_jJvDN1I9fkk5RcIw"]},{"@type":"Person","@id":"https:\/\/lepetitseptieme.ca\/en\/#\/schema\/person\/9c8162bd9cc4e48f456d1e8b7fcd8a99","name":"Nay Theam","image":{"@type":"ImageObject","inLanguage":"en-US","@id":"https:\/\/lepetitseptieme.ca\/en\/#\/schema\/person\/image\/","url":"https:\/\/secure.gravatar.com\/avatar\/041b1ee3031994c6c38a736f6cc6153af3b2e76d6e61a6fbd037e2a58842cd7b?s=96&d=mm&r=r","contentUrl":"https:\/\/secure.gravatar.com\/avatar\/041b1ee3031994c6c38a736f6cc6153af3b2e76d6e61a6fbd037e2a58842cd7b?s=96&d=mm&r=r","caption":"Nay Theam"},"description":"Passionn\u00e9e de l'imaginaire du Nord, sp\u00e9cialiste (para\u00eet-il) des \u00e9critures migrantes au Qu\u00e9bec. Les questions autochtones sont au coeur de mes r\u00e9flexions.","url":"https:\/\/lepetitseptieme.ca\/en\/author\/nay\/"}]}},"_links":{"self":[{"href":"https:\/\/lepetitseptieme.ca\/en\/wp-json\/wp\/v2\/posts\/10999","targetHints":{"allow":["GET"]}}],"collection":[{"href":"https:\/\/lepetitseptieme.ca\/en\/wp-json\/wp\/v2\/posts"}],"about":[{"href":"https:\/\/lepetitseptieme.ca\/en\/wp-json\/wp\/v2\/types\/post"}],"author":[{"embeddable":true,"href":"https:\/\/lepetitseptieme.ca\/en\/wp-json\/wp\/v2\/users\/15"}],"replies":[{"embeddable":true,"href":"https:\/\/lepetitseptieme.ca\/en\/wp-json\/wp\/v2\/comments?post=10999"}],"version-history":[{"count":1,"href":"https:\/\/lepetitseptieme.ca\/en\/wp-json\/wp\/v2\/posts\/10999\/revisions"}],"predecessor-version":[{"id":46117,"href":"https:\/\/lepetitseptieme.ca\/en\/wp-json\/wp\/v2\/posts\/10999\/revisions\/46117"}],"wp:featuredmedia":[{"embeddable":true,"href":"https:\/\/lepetitseptieme.ca\/en\/wp-json\/wp\/v2\/media\/10991"}],"wp:attachment":[{"href":"https:\/\/lepetitseptieme.ca\/en\/wp-json\/wp\/v2\/media?parent=10999"}],"wp:term":[{"taxonomy":"category","embeddable":true,"href":"https:\/\/lepetitseptieme.ca\/en\/wp-json\/wp\/v2\/categories?post=10999"},{"taxonomy":"post_tag","embeddable":true,"href":"https:\/\/lepetitseptieme.ca\/en\/wp-json\/wp\/v2\/tags?post=10999"}],"curies":[{"name":"wp","href":"https:\/\/api.w.org\/{rel}","templated":true}]}}