{"id":10640,"date":"2019-10-28T06:30:27","date_gmt":"2019-10-28T10:30:27","guid":{"rendered":"https:\/\/lepetitseptieme.ca\/?p=10640"},"modified":"2019-10-28T15:12:00","modified_gmt":"2019-10-28T19:12:00","slug":"program-of-ridms-22nd-edition","status":"publish","type":"post","link":"https:\/\/lepetitseptieme.ca\/en\/2019\/10\/28\/program-of-ridms-22nd-edition\/","title":{"rendered":"Program of RIDM\u2019s 22nd edition"},"content":{"rendered":"<p style=\"text-align: justify;\"><span style=\"font-weight: 400;\"><img loading=\"lazy\" decoding=\"async\" class=\"alignleft wp-image-10629\" src=\"https:\/\/lepetitseptieme.ca\/wp-content\/uploads\/2019\/10\/RIDM2019_24X36-1-202x300.jpg\" alt=\"RIDM 2019 affiche\" width=\"150\" height=\"223\" srcset=\"https:\/\/lepetitseptieme.ca\/wp-content\/uploads\/2019\/10\/RIDM2019_24X36-1-202x300.jpg 202w, https:\/\/lepetitseptieme.ca\/wp-content\/uploads\/2019\/10\/RIDM2019_24X36-1-768x1143.jpg 768w, https:\/\/lepetitseptieme.ca\/wp-content\/uploads\/2019\/10\/RIDM2019_24X36-1-688x1024.jpg 688w, https:\/\/lepetitseptieme.ca\/wp-content\/uploads\/2019\/10\/RIDM2019_24X36-1-600x893.jpg 600w, https:\/\/lepetitseptieme.ca\/wp-content\/uploads\/2019\/10\/RIDM2019_24X36-1.jpg 800w\" sizes=\"auto, (max-width: 150px) 100vw, 150px\" \/>From November 14 to 24, the 22nd edition of the Montreal International Documentary Festival (RIDM) will be held. A total of 154 documentaries from 47 countries will be presented at the festival. In this selection, we will have the chance to watch the screening of 57 Qu\u00e9bec and Canadian films, such as Denis C\u00f4t\u00e9&#8217;s <\/span><i><span style=\"font-weight: 400;\">Wilcox<\/span><\/i><span style=\"font-weight: 400;\"> (<\/span><i><span style=\"font-weight: 400;\">Vic+Flo ont vu un ours<\/span><\/i><span style=\"font-weight: 400;\">, <\/span><i><span style=\"font-weight: 400;\">Boris sans B\u00e9atrice<\/span><\/i><span style=\"font-weight: 400;\">).<\/span><\/p>\n<h4 style=\"text-align: justify;\"><span style=\"font-weight: 400;\">The Identity<\/span><\/h4>\n<figure id=\"attachment_10631\" aria-describedby=\"caption-attachment-10631\" style=\"width: 300px\" class=\"wp-caption alignright\"><img loading=\"lazy\" decoding=\"async\" class=\"size-medium wp-image-10631\" src=\"https:\/\/lepetitseptieme.ca\/wp-content\/uploads\/2019\/10\/Drag-Kids-1-300x150.jpg\" alt=\"Drag Kids\" width=\"300\" height=\"150\" srcset=\"https:\/\/lepetitseptieme.ca\/wp-content\/uploads\/2019\/10\/Drag-Kids-1-300x150.jpg 300w, https:\/\/lepetitseptieme.ca\/wp-content\/uploads\/2019\/10\/Drag-Kids-1-768x385.jpg 768w, https:\/\/lepetitseptieme.ca\/wp-content\/uploads\/2019\/10\/Drag-Kids-1-1024x513.jpg 1024w, https:\/\/lepetitseptieme.ca\/wp-content\/uploads\/2019\/10\/Drag-Kids-1-547x274.jpg 547w, https:\/\/lepetitseptieme.ca\/wp-content\/uploads\/2019\/10\/Drag-Kids-1-600x301.jpg 600w\" sizes=\"auto, (max-width: 300px) 100vw, 300px\" \/><figcaption id=\"caption-attachment-10631\" class=\"wp-caption-text\">Drag Kids<\/figcaption><\/figure>\n<p style=\"text-align: justify;\"><span style=\"font-weight: 400;\">For the opening on November 14, the documentary portrait <\/span><i><span style=\"font-weight: 400;\">The Disappearance of my Mother<\/span><\/i><span style=\"font-weight: 400;\">, first feature film by Italian director Beniamino Barrese will be presented. He devotes it to his mother, the model Benedetta Barzini, formerly the muse of renowned artists such as Andy Warhol and Salvador Dali, who told him his desire to completely escape the spotlight. A revelation at the Sundance Film Festival, the documentary captures the latest images of a woman whose identity was once linked to cameras.<\/span><\/p>\n<p style=\"text-align: justify;\"><span style=\"font-weight: 400;\">The closing film takes a look at an entirely different question of identity: that of children who are passionate about performing as Drag Queen. And they do! The director, Megan Wennberg, follows them on the eve of their first performance at Pride Montreal. <\/span><i><span style=\"font-weight: 400;\">Drag Kids <\/span><\/i><span style=\"font-weight: 400;\">will be presented on November 23 in the presence of Megan Wennberg and Queen Lactatia, protagonist of the film.<\/span><\/p>\n<h4 style=\"text-align: justify;\"><span style=\"font-weight: 400;\">A Look on the World<\/span><\/h4>\n<figure id=\"attachment_10626\" aria-describedby=\"caption-attachment-10626\" style=\"width: 300px\" class=\"wp-caption alignleft\"><img loading=\"lazy\" decoding=\"async\" class=\"size-medium wp-image-10626\" src=\"https:\/\/lepetitseptieme.ca\/wp-content\/uploads\/2019\/10\/La-cordill\u00e8re-des-songes-300x158.jpg\" alt=\"La cordill\u00e8re des songes\" width=\"300\" height=\"158\" srcset=\"https:\/\/lepetitseptieme.ca\/wp-content\/uploads\/2019\/10\/La-cordill\u00e8re-des-songes-300x158.jpg 300w, https:\/\/lepetitseptieme.ca\/wp-content\/uploads\/2019\/10\/La-cordill\u00e8re-des-songes-768x405.jpg 768w, https:\/\/lepetitseptieme.ca\/wp-content\/uploads\/2019\/10\/La-cordill\u00e8re-des-songes-1024x540.jpg 1024w, https:\/\/lepetitseptieme.ca\/wp-content\/uploads\/2019\/10\/La-cordill\u00e8re-des-songes-547x288.jpg 547w, https:\/\/lepetitseptieme.ca\/wp-content\/uploads\/2019\/10\/La-cordill\u00e8re-des-songes-600x316.jpg 600w\" sizes=\"auto, (max-width: 300px) 100vw, 300px\" \/><figcaption id=\"caption-attachment-10626\" class=\"wp-caption-text\">La cordill\u00e8re des songes<\/figcaption><\/figure>\n<p style=\"text-align: justify;\"><span style=\"font-weight: 400;\">RIDM is also an opportunity to travel around the world. For example, you will be able to discover aspects of Chile, thanks to the work <\/span><i><span style=\"font-weight: 400;\">La Cordillera de los sue\u00f1os<\/span><\/i><span style=\"font-weight: 400;\">. The documentary marks the end point of Patricio Guzm\u00e1n&#8217;s geographical and political trilogy on Chile. The filmmaker focuses in this episode on the Andes Cordillera and discusses the relationship of the Chileans to their territory.<\/span><\/p>\n<p style=\"text-align: justify;\"><span style=\"font-weight: 400;\">After winning the Grand Prix of the international RIDM competition in 2016, Chinese director Shengze Zhu shares images of China in <\/span><i><span style=\"font-weight: 400;\">Present.Perfect.<\/span><\/i><span style=\"font-weight: 400;\"> Using only live video, Zhu created a daring documentary that earned her the Golden Tiger at the Rotterdam Film Festival.<\/span><\/p>\n<p style=\"text-align: justify;\"><span style=\"font-weight: 400;\">But RIDM do not only offer an international perspective: we will have the opportunity to make incursions in communities closer to us: those of the Aboriginals especially, with Alanis Obomsawin\u2019s 53rd film, <\/span><i><span style=\"font-weight: 400;\">Jordan River Anderson, the messenger<\/span><\/i><span style=\"font-weight: 400;\">. RIDM is also making room for emerging indigenous filmmakers by partnering with Wapikoni Mobile. The screening of each film of the national competition will be preceded by that of a short film produced by the organization.<\/span><\/p>\n<h4 style=\"text-align: justify;\"><span style=\"font-weight: 400;\">New categories<\/span><\/h4>\n<figure id=\"attachment_10627\" aria-describedby=\"caption-attachment-10627\" style=\"width: 300px\" class=\"wp-caption alignright\"><img loading=\"lazy\" decoding=\"async\" class=\"size-medium wp-image-10627\" src=\"https:\/\/lepetitseptieme.ca\/wp-content\/uploads\/2019\/10\/Fordlandia-Malaise-300x169.jpg\" alt=\"Fordlandia Malaise\" width=\"300\" height=\"169\" srcset=\"https:\/\/lepetitseptieme.ca\/wp-content\/uploads\/2019\/10\/Fordlandia-Malaise-300x169.jpg 300w, https:\/\/lepetitseptieme.ca\/wp-content\/uploads\/2019\/10\/Fordlandia-Malaise-768x432.jpg 768w, https:\/\/lepetitseptieme.ca\/wp-content\/uploads\/2019\/10\/Fordlandia-Malaise-1024x576.jpg 1024w, https:\/\/lepetitseptieme.ca\/wp-content\/uploads\/2019\/10\/Fordlandia-Malaise-533x300.jpg 533w, https:\/\/lepetitseptieme.ca\/wp-content\/uploads\/2019\/10\/Fordlandia-Malaise-600x338.jpg 600w, https:\/\/lepetitseptieme.ca\/wp-content\/uploads\/2019\/10\/Fordlandia-Malaise.jpg 1920w\" sizes=\"auto, (max-width: 300px) 100vw, 300px\" \/><figcaption id=\"caption-attachment-10627\" class=\"wp-caption-text\">Fordlandia Malaise<\/figcaption><\/figure>\n<p style=\"text-align: justify;\"><span style=\"font-weight: 400;\">Alanis Obomsawin&#8217;s film, by treating the reality of health care reserved for Aboriginal children, earns a place in one of the three new categories presented in the RIDM this year, completing the traditional \u201cPortraits\u201d and \u201cStates of the world\u201d: \u201cResistance\u201d. The other two categories will show works that present a current look at history (\u201cRevisited History\u201d) and that take a look at the alarming climate situation (\u201cNatural Histories\u201d).<\/span><\/p>\n<p style=\"text-align: justify;\"><span style=\"font-weight: 400;\">Nine films will contribute to this last section, including <\/span><i><span style=\"font-weight: 400;\">The Hottest August<\/span><\/i><span style=\"font-weight: 400;\">, in which Brett Story offers a lucid portrait of contemporary American society, between Trump and the effects of global warming, and <\/span><i><span style=\"font-weight: 400;\">Fordlandia Malaise<\/span><\/i><span style=\"font-weight: 400;\"> (Susana De Sousa Dias), who returns to a neocolonialist industrial project set up in 1928 in the Amazon rainforest.<\/span><\/p>\n<p style=\"text-align: justify;\"><span style=\"font-weight: 400;\">For complete programming, visit the festival website: <a href=\"https:\/\/ridm.ca\/en\/films\" target=\"_blank\" rel=\"noopener noreferrer\">https:\/\/ridm.ca\/en\/films<\/a>.<\/span><\/p>\n<p><iframe loading=\"lazy\" src=\"\/\/www.youtube.com\/embed\/xNTkWlSaBXU\" width=\"560\" height=\"314\" allowfullscreen=\"allowfullscreen\"><\/iframe><\/p>\n","protected":false},"excerpt":{"rendered":"<p>From November 14 to 24, the 22nd edition of the Montreal International Documentary Festival (RIDM) will be held. A total of 154 documentaries from 47 countries will be presented at the festival. In this selection, we will have the chance to watch the screening of 57 Qu\u00e9bec and Canadian films, such as Denis C\u00f4t\u00e9&#8217;s Wilcox [&hellip;]<\/p>\n","protected":false},"author":13,"featured_media":10636,"comment_status":"open","ping_status":"open","sticky":false,"template":"","format":"standard","meta":{"_acf_changed":false,"site-sidebar-layout":"default","site-content-layout":"","ast-site-content-layout":"default","site-content-style":"default","site-sidebar-style":"default","ast-global-header-display":"","ast-banner-title-visibility":"","ast-main-header-display":"","ast-hfb-above-header-display":"","ast-hfb-below-header-display":"","ast-hfb-mobile-header-display":"","site-post-title":"","ast-breadcrumbs-content":"","ast-featured-img":"","footer-sml-layout":"","ast-disable-related-posts":"","theme-transparent-header-meta":"","adv-header-id-meta":"","stick-header-meta":"","header-above-stick-meta":"","header-main-stick-meta":"","header-below-stick-meta":"","astra-migrate-meta-layouts":"default","ast-page-background-enabled":"default","ast-page-background-meta":{"desktop":{"background-color":"var(--ast-global-color-4)","background-image":"","background-repeat":"repeat","background-position":"center center","background-size":"auto","background-attachment":"scroll","background-type":"","background-media":"","overlay-type":"","overlay-color":"","overlay-opacity":"","overlay-gradient":""},"tablet":{"background-color":"","background-image":"","background-repeat":"repeat","background-position":"center center","background-size":"auto","background-attachment":"scroll","background-type":"","background-media":"","overlay-type":"","overlay-color":"","overlay-opacity":"","overlay-gradient":""},"mobile":{"background-color":"","background-image":"","background-repeat":"repeat","background-position":"center center","background-size":"auto","background-attachment":"scroll","background-type":"","background-media":"","overlay-type":"","overlay-color":"","overlay-opacity":"","overlay-gradient":""}},"ast-content-background-meta":{"desktop":{"background-color":"var(--ast-global-color-5)","background-image":"","background-repeat":"repeat","background-position":"center center","background-size":"auto","background-attachment":"scroll","background-type":"","background-media":"","overlay-type":"","overlay-color":"","overlay-opacity":"","overlay-gradient":""},"tablet":{"background-color":"var(--ast-global-color-5)","background-image":"","background-repeat":"repeat","background-position":"center center","background-size":"auto","background-attachment":"scroll","background-type":"","background-media":"","overlay-type":"","overlay-color":"","overlay-opacity":"","overlay-gradient":""},"mobile":{"background-color":"var(--ast-global-color-5)","background-image":"","background-repeat":"repeat","background-position":"center center","background-size":"auto","background-attachment":"scroll","background-type":"","background-media":"","overlay-type":"","overlay-color":"","overlay-opacity":"","overlay-gradient":""}},"footnotes":""},"categories":[5440,20833,5162],"tags":[9899,9901,9903,6120,9905,8487,9907,9895,9909,9911,6089,9913,9915,9917,9919,9921,8161,9897],"class_list":["post-10640","post","type-post","status-publish","format-standard","has-post-thumbnail","hentry","category-documentaries","category-festivals-coverage","category-news","tag-alanis-obomsawin-en","tag-andy-warhol-en","tag-beniamino-barrese-en","tag-documentary","tag-drag-kids-en","tag-environment","tag-fordlandia-malaise-en","tag-history","tag-megan-wennberg-en","tag-patricio-guzman-en","tag-ridm-en","tag-ridm-2019-en","tag-salvador-dali-en","tag-shengze-zhu-en","tag-the-disappearance-of-my-mother-en","tag-the-hottest-august-en","tag-wapikoni-mobile-en","tag-world"],"acf":[],"yoast_head":"<!-- This site is optimized with the Yoast SEO plugin v27.1.1 - https:\/\/yoast.com\/product\/yoast-seo-wordpress\/ -->\n<title>Program of RIDM\u2019s 22nd edition - Le petit septi\u00e8me<\/title>\n<meta name=\"description\" content=\"Le Petit Septi\u00e8me presents an overview of the program of the 22nd edition of the Montreal International Documentary Festival (RIDM).\" \/>\n<meta name=\"robots\" content=\"index, follow, max-snippet:-1, max-image-preview:large, max-video-preview:-1\" \/>\n<link rel=\"canonical\" href=\"https:\/\/lepetitseptieme.ca\/en\/2019\/10\/28\/program-of-ridms-22nd-edition\/\" \/>\n<meta property=\"og:locale\" content=\"en_US\" \/>\n<meta property=\"og:type\" content=\"article\" \/>\n<meta property=\"og:title\" content=\"Program of RIDM\u2019s 22nd edition\" \/>\n<meta property=\"og:description\" content=\"Le Petit Septi\u00e8me presents an overview of the program of the 22nd edition of the Montreal International Documentary Festival (RIDM).\" \/>\n<meta property=\"og:url\" content=\"https:\/\/lepetitseptieme.ca\/en\/2019\/10\/28\/program-of-ridms-22nd-edition\/\" \/>\n<meta property=\"og:site_name\" content=\"Le petit septi\u00e8me\" \/>\n<meta property=\"article:publisher\" content=\"https:\/\/www.facebook.com\/pages\/Le-Petit-Septi%c3%a8me\/494448933948121?ref=hl\" \/>\n<meta property=\"article:published_time\" content=\"2019-10-28T10:30:27+00:00\" \/>\n<meta property=\"article:modified_time\" content=\"2019-10-28T19:12:00+00:00\" \/>\n<meta property=\"og:image\" content=\"https:\/\/lepetitseptieme.ca\/wp-content\/uploads\/2019\/10\/RIDM-une.jpg\" \/>\n\t<meta property=\"og:image:width\" content=\"1920\" \/>\n\t<meta property=\"og:image:height\" content=\"1080\" \/>\n\t<meta property=\"og:image:type\" content=\"image\/jpeg\" \/>\n<meta name=\"author\" content=\"Fannie Caron-Roy\" \/>\n<meta name=\"twitter:card\" content=\"summary_large_image\" \/>\n<meta name=\"twitter:title\" content=\"Program of RIDM\u2019s 22nd edition\" \/>\n<meta name=\"twitter:description\" content=\"Le Petit Septi\u00e8me presents an overview of the program of the 22nd edition of the Montreal International Documentary Festival (RIDM).\" \/>\n<meta name=\"twitter:image\" content=\"https:\/\/lepetitseptieme.ca\/wp-content\/uploads\/2019\/10\/RIDM-une.jpg\" \/>\n<meta name=\"twitter:creator\" content=\"@LePetitSeptieme\" \/>\n<meta name=\"twitter:site\" content=\"@LePetitSeptieme\" \/>\n<meta name=\"twitter:label1\" content=\"Written by\" \/>\n\t<meta name=\"twitter:data1\" content=\"Fannie Caron-Roy\" \/>\n\t<meta name=\"twitter:label2\" content=\"Est. reading time\" \/>\n\t<meta name=\"twitter:data2\" content=\"3 minutes\" \/>\n<script type=\"application\/ld+json\" class=\"yoast-schema-graph\">{\"@context\":\"https:\/\/schema.org\",\"@graph\":[{\"@type\":\"Article\",\"@id\":\"https:\/\/lepetitseptieme.ca\/en\/2019\/10\/28\/program-of-ridms-22nd-edition\/#article\",\"isPartOf\":{\"@id\":\"https:\/\/lepetitseptieme.ca\/en\/2019\/10\/28\/program-of-ridms-22nd-edition\/\"},\"author\":{\"name\":\"Fannie Caron-Roy\",\"@id\":\"https:\/\/lepetitseptieme.ca\/en\/#\/schema\/person\/b69b741e09ef1ac0b2f445f0ff0a4ab6\"},\"headline\":\"Program of RIDM\u2019s 22nd edition\",\"datePublished\":\"2019-10-28T10:30:27+00:00\",\"dateModified\":\"2019-10-28T19:12:00+00:00\",\"mainEntityOfPage\":{\"@id\":\"https:\/\/lepetitseptieme.ca\/en\/2019\/10\/28\/program-of-ridms-22nd-edition\/\"},\"wordCount\":569,\"commentCount\":0,\"publisher\":{\"@id\":\"https:\/\/lepetitseptieme.ca\/en\/#organization\"},\"image\":{\"@id\":\"https:\/\/lepetitseptieme.ca\/en\/2019\/10\/28\/program-of-ridms-22nd-edition\/#primaryimage\"},\"thumbnailUrl\":\"https:\/\/lepetitseptieme.ca\/wp-content\/uploads\/2019\/10\/RIDM-une-1.jpg\",\"keywords\":[\"Alanis Obomsawin\",\"Andy Warhol\",\"Beniamino Barrese\",\"Documentary\",\"Drag Kids\",\"Environment\",\"Fordlandia Malaise\",\"history\",\"Megan Wennberg\",\"Patricio Guzm\u00e1n\",\"RIDM\",\"RIDM 2019\",\"Salvador Dali\",\"Shengze Zhu\",\"The Disappearance of my Mother\",\"The Hottest August\",\"Wapikoni Mobile\",\"world\"],\"articleSection\":[\"Documentaries\",\"Festivals coverage\",\"News\"],\"inLanguage\":\"en-US\",\"potentialAction\":[{\"@type\":\"CommentAction\",\"name\":\"Comment\",\"target\":[\"https:\/\/lepetitseptieme.ca\/en\/2019\/10\/28\/program-of-ridms-22nd-edition\/#respond\"]}]},{\"@type\":\"WebPage\",\"@id\":\"https:\/\/lepetitseptieme.ca\/en\/2019\/10\/28\/program-of-ridms-22nd-edition\/\",\"url\":\"https:\/\/lepetitseptieme.ca\/en\/2019\/10\/28\/program-of-ridms-22nd-edition\/\",\"name\":\"Program of RIDM\u2019s 22nd edition - Le petit septi\u00e8me\",\"isPartOf\":{\"@id\":\"https:\/\/lepetitseptieme.ca\/en\/#website\"},\"primaryImageOfPage\":{\"@id\":\"https:\/\/lepetitseptieme.ca\/en\/2019\/10\/28\/program-of-ridms-22nd-edition\/#primaryimage\"},\"image\":{\"@id\":\"https:\/\/lepetitseptieme.ca\/en\/2019\/10\/28\/program-of-ridms-22nd-edition\/#primaryimage\"},\"thumbnailUrl\":\"https:\/\/lepetitseptieme.ca\/wp-content\/uploads\/2019\/10\/RIDM-une-1.jpg\",\"datePublished\":\"2019-10-28T10:30:27+00:00\",\"dateModified\":\"2019-10-28T19:12:00+00:00\",\"description\":\"Le Petit Septi\u00e8me presents an overview of the program of the 22nd edition of the Montreal International Documentary Festival (RIDM).\",\"breadcrumb\":{\"@id\":\"https:\/\/lepetitseptieme.ca\/en\/2019\/10\/28\/program-of-ridms-22nd-edition\/#breadcrumb\"},\"inLanguage\":\"en-US\",\"potentialAction\":[{\"@type\":\"ReadAction\",\"target\":[\"https:\/\/lepetitseptieme.ca\/en\/2019\/10\/28\/program-of-ridms-22nd-edition\/\"]}]},{\"@type\":\"ImageObject\",\"inLanguage\":\"en-US\",\"@id\":\"https:\/\/lepetitseptieme.ca\/en\/2019\/10\/28\/program-of-ridms-22nd-edition\/#primaryimage\",\"url\":\"https:\/\/lepetitseptieme.ca\/wp-content\/uploads\/2019\/10\/RIDM-une-1.jpg\",\"contentUrl\":\"https:\/\/lepetitseptieme.ca\/wp-content\/uploads\/2019\/10\/RIDM-une-1.jpg\",\"width\":1920,\"height\":1080,\"caption\":\"RIDM - une nouvelle de Fannie Caron-Roy\"},{\"@type\":\"BreadcrumbList\",\"@id\":\"https:\/\/lepetitseptieme.ca\/en\/2019\/10\/28\/program-of-ridms-22nd-edition\/#breadcrumb\",\"itemListElement\":[{\"@type\":\"ListItem\",\"position\":1,\"name\":\"Home\",\"item\":\"https:\/\/lepetitseptieme.ca\/en\/\"},{\"@type\":\"ListItem\",\"position\":2,\"name\":\"Program of RIDM\u2019s 22nd edition\"}]},{\"@type\":\"WebSite\",\"@id\":\"https:\/\/lepetitseptieme.ca\/en\/#website\",\"url\":\"https:\/\/lepetitseptieme.ca\/en\/\",\"name\":\"Le petit septi\u00e8me\",\"description\":\"Reviews and comments on Quebec, international and author cinema\",\"publisher\":{\"@id\":\"https:\/\/lepetitseptieme.ca\/en\/#organization\"},\"potentialAction\":[{\"@type\":\"SearchAction\",\"target\":{\"@type\":\"EntryPoint\",\"urlTemplate\":\"https:\/\/lepetitseptieme.ca\/en\/?s={search_term_string}\"},\"query-input\":{\"@type\":\"PropertyValueSpecification\",\"valueRequired\":true,\"valueName\":\"search_term_string\"}}],\"inLanguage\":\"en-US\"},{\"@type\":\"Organization\",\"@id\":\"https:\/\/lepetitseptieme.ca\/en\/#organization\",\"name\":\"Le Petit Septi\u00e8me\",\"url\":\"https:\/\/lepetitseptieme.ca\/en\/\",\"logo\":{\"@type\":\"ImageObject\",\"inLanguage\":\"en-US\",\"@id\":\"https:\/\/lepetitseptieme.ca\/en\/#\/schema\/logo\/image\/\",\"url\":\"https:\/\/lepetitseptieme.ca\/wp-content\/uploads\/2016\/05\/cropped-Logo-Le-Petit-Septi\u00e8me-2016-BW.png\",\"contentUrl\":\"https:\/\/lepetitseptieme.ca\/wp-content\/uploads\/2016\/05\/cropped-Logo-Le-Petit-Septi\u00e8me-2016-BW.png\",\"width\":512,\"height\":512,\"caption\":\"Le Petit Septi\u00e8me\"},\"image\":{\"@id\":\"https:\/\/lepetitseptieme.ca\/en\/#\/schema\/logo\/image\/\"},\"sameAs\":[\"https:\/\/www.facebook.com\/pages\/Le-Petit-Septi\u00e8me\/494448933948121?ref=hl\",\"https:\/\/x.com\/LePetitSeptieme\",\"https:\/\/www.youtube.com\/channel\/UC5mdhI_jJvDN1I9fkk5RcIw\"]},{\"@type\":\"Person\",\"@id\":\"https:\/\/lepetitseptieme.ca\/en\/#\/schema\/person\/b69b741e09ef1ac0b2f445f0ff0a4ab6\",\"name\":\"Fannie Caron-Roy\",\"image\":{\"@type\":\"ImageObject\",\"inLanguage\":\"en-US\",\"@id\":\"https:\/\/lepetitseptieme.ca\/en\/#\/schema\/person\/image\/\",\"url\":\"https:\/\/secure.gravatar.com\/avatar\/389ff4113204a9f214f37cacc0f0d1033c9943fa9b47a5c445848cc29759e2a5?s=96&d=mm&r=r\",\"contentUrl\":\"https:\/\/secure.gravatar.com\/avatar\/389ff4113204a9f214f37cacc0f0d1033c9943fa9b47a5c445848cc29759e2a5?s=96&d=mm&r=r\",\"caption\":\"Fannie Caron-Roy\"},\"description\":\"Doctorante en histoire de l'art, sp\u00e9cialiste de la Renaissance et de l'image religieuse, passionn\u00e9e par tous les types d'art, dont le 7e.\",\"url\":\"https:\/\/lepetitseptieme.ca\/en\/author\/fannie\/\"}]}<\/script>\n<!-- \/ Yoast SEO plugin. -->","yoast_head_json":{"title":"Program of RIDM\u2019s 22nd edition - Le petit septi\u00e8me","description":"Le Petit Septi\u00e8me presents an overview of the program of the 22nd edition of the Montreal International Documentary Festival (RIDM).","robots":{"index":"index","follow":"follow","max-snippet":"max-snippet:-1","max-image-preview":"max-image-preview:large","max-video-preview":"max-video-preview:-1"},"canonical":"https:\/\/lepetitseptieme.ca\/en\/2019\/10\/28\/program-of-ridms-22nd-edition\/","og_locale":"en_US","og_type":"article","og_title":"Program of RIDM\u2019s 22nd edition","og_description":"Le Petit Septi\u00e8me presents an overview of the program of the 22nd edition of the Montreal International Documentary Festival (RIDM).","og_url":"https:\/\/lepetitseptieme.ca\/en\/2019\/10\/28\/program-of-ridms-22nd-edition\/","og_site_name":"Le petit septi\u00e8me","article_publisher":"https:\/\/www.facebook.com\/pages\/Le-Petit-Septi%c3%a8me\/494448933948121?ref=hl","article_published_time":"2019-10-28T10:30:27+00:00","article_modified_time":"2019-10-28T19:12:00+00:00","og_image":[{"width":1920,"height":1080,"url":"https:\/\/lepetitseptieme.ca\/wp-content\/uploads\/2019\/10\/RIDM-une.jpg","type":"image\/jpeg"}],"author":"Fannie Caron-Roy","twitter_card":"summary_large_image","twitter_title":"Program of RIDM\u2019s 22nd edition","twitter_description":"Le Petit Septi\u00e8me presents an overview of the program of the 22nd edition of the Montreal International Documentary Festival (RIDM).","twitter_image":"https:\/\/lepetitseptieme.ca\/wp-content\/uploads\/2019\/10\/RIDM-une.jpg","twitter_creator":"@LePetitSeptieme","twitter_site":"@LePetitSeptieme","twitter_misc":{"Written by":"Fannie Caron-Roy","Est. reading time":"3 minutes"},"schema":{"@context":"https:\/\/schema.org","@graph":[{"@type":"Article","@id":"https:\/\/lepetitseptieme.ca\/en\/2019\/10\/28\/program-of-ridms-22nd-edition\/#article","isPartOf":{"@id":"https:\/\/lepetitseptieme.ca\/en\/2019\/10\/28\/program-of-ridms-22nd-edition\/"},"author":{"name":"Fannie Caron-Roy","@id":"https:\/\/lepetitseptieme.ca\/en\/#\/schema\/person\/b69b741e09ef1ac0b2f445f0ff0a4ab6"},"headline":"Program of RIDM\u2019s 22nd edition","datePublished":"2019-10-28T10:30:27+00:00","dateModified":"2019-10-28T19:12:00+00:00","mainEntityOfPage":{"@id":"https:\/\/lepetitseptieme.ca\/en\/2019\/10\/28\/program-of-ridms-22nd-edition\/"},"wordCount":569,"commentCount":0,"publisher":{"@id":"https:\/\/lepetitseptieme.ca\/en\/#organization"},"image":{"@id":"https:\/\/lepetitseptieme.ca\/en\/2019\/10\/28\/program-of-ridms-22nd-edition\/#primaryimage"},"thumbnailUrl":"https:\/\/lepetitseptieme.ca\/wp-content\/uploads\/2019\/10\/RIDM-une-1.jpg","keywords":["Alanis Obomsawin","Andy Warhol","Beniamino Barrese","Documentary","Drag Kids","Environment","Fordlandia Malaise","history","Megan Wennberg","Patricio Guzm\u00e1n","RIDM","RIDM 2019","Salvador Dali","Shengze Zhu","The Disappearance of my Mother","The Hottest August","Wapikoni Mobile","world"],"articleSection":["Documentaries","Festivals coverage","News"],"inLanguage":"en-US","potentialAction":[{"@type":"CommentAction","name":"Comment","target":["https:\/\/lepetitseptieme.ca\/en\/2019\/10\/28\/program-of-ridms-22nd-edition\/#respond"]}]},{"@type":"WebPage","@id":"https:\/\/lepetitseptieme.ca\/en\/2019\/10\/28\/program-of-ridms-22nd-edition\/","url":"https:\/\/lepetitseptieme.ca\/en\/2019\/10\/28\/program-of-ridms-22nd-edition\/","name":"Program of RIDM\u2019s 22nd edition - Le petit septi\u00e8me","isPartOf":{"@id":"https:\/\/lepetitseptieme.ca\/en\/#website"},"primaryImageOfPage":{"@id":"https:\/\/lepetitseptieme.ca\/en\/2019\/10\/28\/program-of-ridms-22nd-edition\/#primaryimage"},"image":{"@id":"https:\/\/lepetitseptieme.ca\/en\/2019\/10\/28\/program-of-ridms-22nd-edition\/#primaryimage"},"thumbnailUrl":"https:\/\/lepetitseptieme.ca\/wp-content\/uploads\/2019\/10\/RIDM-une-1.jpg","datePublished":"2019-10-28T10:30:27+00:00","dateModified":"2019-10-28T19:12:00+00:00","description":"Le Petit Septi\u00e8me presents an overview of the program of the 22nd edition of the Montreal International Documentary Festival (RIDM).","breadcrumb":{"@id":"https:\/\/lepetitseptieme.ca\/en\/2019\/10\/28\/program-of-ridms-22nd-edition\/#breadcrumb"},"inLanguage":"en-US","potentialAction":[{"@type":"ReadAction","target":["https:\/\/lepetitseptieme.ca\/en\/2019\/10\/28\/program-of-ridms-22nd-edition\/"]}]},{"@type":"ImageObject","inLanguage":"en-US","@id":"https:\/\/lepetitseptieme.ca\/en\/2019\/10\/28\/program-of-ridms-22nd-edition\/#primaryimage","url":"https:\/\/lepetitseptieme.ca\/wp-content\/uploads\/2019\/10\/RIDM-une-1.jpg","contentUrl":"https:\/\/lepetitseptieme.ca\/wp-content\/uploads\/2019\/10\/RIDM-une-1.jpg","width":1920,"height":1080,"caption":"RIDM - une nouvelle de Fannie Caron-Roy"},{"@type":"BreadcrumbList","@id":"https:\/\/lepetitseptieme.ca\/en\/2019\/10\/28\/program-of-ridms-22nd-edition\/#breadcrumb","itemListElement":[{"@type":"ListItem","position":1,"name":"Home","item":"https:\/\/lepetitseptieme.ca\/en\/"},{"@type":"ListItem","position":2,"name":"Program of RIDM\u2019s 22nd edition"}]},{"@type":"WebSite","@id":"https:\/\/lepetitseptieme.ca\/en\/#website","url":"https:\/\/lepetitseptieme.ca\/en\/","name":"Le petit septi\u00e8me","description":"Reviews and comments on Quebec, international and author cinema","publisher":{"@id":"https:\/\/lepetitseptieme.ca\/en\/#organization"},"potentialAction":[{"@type":"SearchAction","target":{"@type":"EntryPoint","urlTemplate":"https:\/\/lepetitseptieme.ca\/en\/?s={search_term_string}"},"query-input":{"@type":"PropertyValueSpecification","valueRequired":true,"valueName":"search_term_string"}}],"inLanguage":"en-US"},{"@type":"Organization","@id":"https:\/\/lepetitseptieme.ca\/en\/#organization","name":"Le Petit Septi\u00e8me","url":"https:\/\/lepetitseptieme.ca\/en\/","logo":{"@type":"ImageObject","inLanguage":"en-US","@id":"https:\/\/lepetitseptieme.ca\/en\/#\/schema\/logo\/image\/","url":"https:\/\/lepetitseptieme.ca\/wp-content\/uploads\/2016\/05\/cropped-Logo-Le-Petit-Septi\u00e8me-2016-BW.png","contentUrl":"https:\/\/lepetitseptieme.ca\/wp-content\/uploads\/2016\/05\/cropped-Logo-Le-Petit-Septi\u00e8me-2016-BW.png","width":512,"height":512,"caption":"Le Petit Septi\u00e8me"},"image":{"@id":"https:\/\/lepetitseptieme.ca\/en\/#\/schema\/logo\/image\/"},"sameAs":["https:\/\/www.facebook.com\/pages\/Le-Petit-Septi\u00e8me\/494448933948121?ref=hl","https:\/\/x.com\/LePetitSeptieme","https:\/\/www.youtube.com\/channel\/UC5mdhI_jJvDN1I9fkk5RcIw"]},{"@type":"Person","@id":"https:\/\/lepetitseptieme.ca\/en\/#\/schema\/person\/b69b741e09ef1ac0b2f445f0ff0a4ab6","name":"Fannie Caron-Roy","image":{"@type":"ImageObject","inLanguage":"en-US","@id":"https:\/\/lepetitseptieme.ca\/en\/#\/schema\/person\/image\/","url":"https:\/\/secure.gravatar.com\/avatar\/389ff4113204a9f214f37cacc0f0d1033c9943fa9b47a5c445848cc29759e2a5?s=96&d=mm&r=r","contentUrl":"https:\/\/secure.gravatar.com\/avatar\/389ff4113204a9f214f37cacc0f0d1033c9943fa9b47a5c445848cc29759e2a5?s=96&d=mm&r=r","caption":"Fannie Caron-Roy"},"description":"Doctorante en histoire de l'art, sp\u00e9cialiste de la Renaissance et de l'image religieuse, passionn\u00e9e par tous les types d'art, dont le 7e.","url":"https:\/\/lepetitseptieme.ca\/en\/author\/fannie\/"}]}},"_links":{"self":[{"href":"https:\/\/lepetitseptieme.ca\/en\/wp-json\/wp\/v2\/posts\/10640","targetHints":{"allow":["GET"]}}],"collection":[{"href":"https:\/\/lepetitseptieme.ca\/en\/wp-json\/wp\/v2\/posts"}],"about":[{"href":"https:\/\/lepetitseptieme.ca\/en\/wp-json\/wp\/v2\/types\/post"}],"author":[{"embeddable":true,"href":"https:\/\/lepetitseptieme.ca\/en\/wp-json\/wp\/v2\/users\/13"}],"replies":[{"embeddable":true,"href":"https:\/\/lepetitseptieme.ca\/en\/wp-json\/wp\/v2\/comments?post=10640"}],"version-history":[{"count":0,"href":"https:\/\/lepetitseptieme.ca\/en\/wp-json\/wp\/v2\/posts\/10640\/revisions"}],"wp:featuredmedia":[{"embeddable":true,"href":"https:\/\/lepetitseptieme.ca\/en\/wp-json\/wp\/v2\/media\/10636"}],"wp:attachment":[{"href":"https:\/\/lepetitseptieme.ca\/en\/wp-json\/wp\/v2\/media?parent=10640"}],"wp:term":[{"taxonomy":"category","embeddable":true,"href":"https:\/\/lepetitseptieme.ca\/en\/wp-json\/wp\/v2\/categories?post=10640"},{"taxonomy":"post_tag","embeddable":true,"href":"https:\/\/lepetitseptieme.ca\/en\/wp-json\/wp\/v2\/tags?post=10640"}],"curies":[{"name":"wp","href":"https:\/\/api.w.org\/{rel}","templated":true}]}}