{"id":10371,"date":"2019-10-12T06:30:41","date_gmt":"2019-10-12T10:30:41","guid":{"rendered":"https:\/\/lepetitseptieme.ca\/?p=10371"},"modified":"2024-07-19T12:58:38","modified_gmt":"2024-07-19T16:58:38","slug":"fnc-short-films-international-competition-2","status":"publish","type":"post","link":"https:\/\/lepetitseptieme.ca\/en\/2019\/10\/12\/fnc-short-films-international-competition-2\/","title":{"rendered":"FNC &#8211; Short Films: International Competition 2"},"content":{"rendered":"\n<figure class=\"wp-block-image alignleft\"><img loading=\"lazy\" decoding=\"async\" width=\"300\" height=\"169\" src=\"https:\/\/lepetitseptieme.ca\/wp-content\/uploads\/2019\/10\/Courts_inter2_PleaseSpeak-300x169.jpg\" alt=\"Courts internationaux 2 - Please Speak Continuously and Describe Your Experiences as They Come to You\" class=\"wp-image-10362\" srcset=\"https:\/\/lepetitseptieme.ca\/wp-content\/uploads\/2019\/10\/Courts_inter2_PleaseSpeak-300x169.jpg 300w, https:\/\/lepetitseptieme.ca\/wp-content\/uploads\/2019\/10\/Courts_inter2_PleaseSpeak-768x434.jpg 768w, https:\/\/lepetitseptieme.ca\/wp-content\/uploads\/2019\/10\/Courts_inter2_PleaseSpeak-1024x578.jpg 1024w, https:\/\/lepetitseptieme.ca\/wp-content\/uploads\/2019\/10\/Courts_inter2_PleaseSpeak-531x300.jpg 531w, https:\/\/lepetitseptieme.ca\/wp-content\/uploads\/2019\/10\/Courts_inter2_PleaseSpeak-600x339.jpg 600w, https:\/\/lepetitseptieme.ca\/wp-content\/uploads\/2019\/10\/Courts_inter2_PleaseSpeak.jpg 1080w\" sizes=\"auto, (max-width: 300px) 100vw, 300px\" \/><\/figure>\n\n\n\n<p><span style=\"font-weight: 400;\">Why is this article not available in English?<\/span><\/p>\n\n\n\n<p><span style=\"font-weight: 400;\">Unfortunately, we do not have the necessary financial support to provide a good translation of each of our texts.<\/span><\/p>\n\n\n\n<p><span style=\"font-weight: 400;\">Support us by purchasing one of <\/span><a href=\"https:\/\/lepetitseptieme.ca\/en\/store\/\"><span style=\"font-weight: 400;\">our products<\/span><\/a><span style=\"font-weight: 400;\"> or with <\/span><a href=\"https:\/\/lepetitseptieme.ca\/en\/produit\/donation\/\"><span style=\"font-weight: 400;\">a $1 donation<\/span><\/a><span style=\"font-weight: 400;\"> so we can make it!<\/span><\/p>\n\n\n\n<p><span style=\"font-weight: 400;\">You can still watch the trailers&#8230;<\/span><\/p>\n\n\n\n<p><iframe loading=\"lazy\" src=\"\/\/player.vimeo.com\/video\/344993493?title=0&amp;byline=0&amp;portrait=0&amp;color=8dc7dc\" width=\"425\" height=\"350\" allowfullscreen=\"allowfullscreen\"><\/iframe><\/p>\n\n\n\n<p><iframe loading=\"lazy\" src=\"\/\/player.vimeo.com\/video\/336579000?title=0&amp;byline=0&amp;portrait=0&amp;color=8dc7dc\" width=\"425\" height=\"350\" allowfullscreen=\"allowfullscreen\"><\/iframe><\/p>\n","protected":false},"excerpt":{"rendered":"<p>Why is this article not available in English? Unfortunately, we do not have the necessary financial support to provide a good translation of each of our texts. Support us by purchasing one of our products or with a $1 donation so we can make it! You can still watch the trailers&#8230;<\/p>\n","protected":false},"author":13,"featured_media":10363,"comment_status":"open","ping_status":"open","sticky":false,"template":"","format":"standard","meta":{"_acf_changed":false,"site-sidebar-layout":"default","site-content-layout":"","ast-site-content-layout":"default","site-content-style":"default","site-sidebar-style":"default","ast-global-header-display":"","ast-banner-title-visibility":"","ast-main-header-display":"","ast-hfb-above-header-display":"","ast-hfb-below-header-display":"","ast-hfb-mobile-header-display":"","site-post-title":"","ast-breadcrumbs-content":"","ast-featured-img":"","footer-sml-layout":"","ast-disable-related-posts":"","theme-transparent-header-meta":"","adv-header-id-meta":"","stick-header-meta":"","header-above-stick-meta":"","header-main-stick-meta":"","header-below-stick-meta":"","astra-migrate-meta-layouts":"default","ast-page-background-enabled":"default","ast-page-background-meta":{"desktop":{"background-color":"var(--ast-global-color-4)","background-image":"","background-repeat":"repeat","background-position":"center center","background-size":"auto","background-attachment":"scroll","background-type":"","background-media":"","overlay-type":"","overlay-color":"","overlay-opacity":"","overlay-gradient":""},"tablet":{"background-color":"","background-image":"","background-repeat":"repeat","background-position":"center center","background-size":"auto","background-attachment":"scroll","background-type":"","background-media":"","overlay-type":"","overlay-color":"","overlay-opacity":"","overlay-gradient":""},"mobile":{"background-color":"","background-image":"","background-repeat":"repeat","background-position":"center center","background-size":"auto","background-attachment":"scroll","background-type":"","background-media":"","overlay-type":"","overlay-color":"","overlay-opacity":"","overlay-gradient":""}},"ast-content-background-meta":{"desktop":{"background-color":"var(--ast-global-color-5)","background-image":"","background-repeat":"repeat","background-position":"center center","background-size":"auto","background-attachment":"scroll","background-type":"","background-media":"","overlay-type":"","overlay-color":"","overlay-opacity":"","overlay-gradient":""},"tablet":{"background-color":"var(--ast-global-color-5)","background-image":"","background-repeat":"repeat","background-position":"center center","background-size":"auto","background-attachment":"scroll","background-type":"","background-media":"","overlay-type":"","overlay-color":"","overlay-opacity":"","overlay-gradient":""},"mobile":{"background-color":"var(--ast-global-color-5)","background-image":"","background-repeat":"repeat","background-position":"center center","background-size":"auto","background-attachment":"scroll","background-type":"","background-media":"","overlay-type":"","overlay-color":"","overlay-opacity":"","overlay-gradient":""}},"footnotes":""},"categories":[5508,5440,5574,20833],"tags":[9472,9474,5150,9279,9476,9478,9480,9482,9484,9486],"class_list":["post-10371","post","type-post","status-publish","format-standard","has-post-thumbnail","hentry","category-canadian-films","category-documentaries","category-european-films","category-festivals-coverage","tag-all-cats-are-gray-in-the-dark-en","tag-brandon-cronenberg-en","tag-fnc-en","tag-fnc-2019-en","tag-gabriel-abrantes-en","tag-kerli-kirch-schneider-en","tag-lasse-linder-en","tag-les-extraordinaires-mesaventures-de-la-jeune-fille-de-pierre-en","tag-please-speak-continuously-and-describe-your-experiences-as-they-come-to-you-en","tag-virago-en"],"acf":[],"yoast_head":"<!-- This site is optimized with the Yoast SEO plugin v27.1.1 - https:\/\/yoast.com\/product\/yoast-seo-wordpress\/ -->\n<title>FNC - Short Films: International Competition 2 - Le petit septi\u00e8me<\/title>\n<meta name=\"description\" content=\"Le Petit Septi\u00e8me continues its coverage of international short films in competition at the FNC with 4 other films.\" \/>\n<meta name=\"robots\" content=\"index, follow, max-snippet:-1, max-image-preview:large, max-video-preview:-1\" \/>\n<link rel=\"canonical\" href=\"https:\/\/lepetitseptieme.ca\/en\/2019\/10\/12\/fnc-short-films-international-competition-2\/\" \/>\n<meta property=\"og:locale\" content=\"en_US\" \/>\n<meta property=\"og:type\" content=\"article\" \/>\n<meta property=\"og:title\" content=\"FNC - Short Films: International Competition 2 - Le petit septi\u00e8me\" \/>\n<meta property=\"og:description\" content=\"Le Petit Septi\u00e8me poursuit sa couverture des courts m\u00e9trages internationaux en comp\u00e9tition au FNC avec 4 autres films.\" \/>\n<meta property=\"og:url\" content=\"https:\/\/lepetitseptieme.ca\/en\/2019\/10\/12\/fnc-short-films-international-competition-2\/\" \/>\n<meta property=\"og:site_name\" content=\"Le petit septi\u00e8me\" \/>\n<meta property=\"article:publisher\" content=\"https:\/\/www.facebook.com\/pages\/Le-Petit-Septi%c3%a8me\/494448933948121?ref=hl\" \/>\n<meta property=\"article:published_time\" content=\"2019-10-12T10:30:41+00:00\" \/>\n<meta property=\"article:modified_time\" content=\"2024-07-19T16:58:38+00:00\" \/>\n<meta property=\"og:image\" content=\"https:\/\/lepetitseptieme.ca\/wp-content\/uploads\/2019\/10\/Courts-m\u00e9trages-comp-inter-2-une-1024x576.png\" \/>\n\t<meta property=\"og:image:width\" content=\"1024\" \/>\n\t<meta property=\"og:image:height\" content=\"576\" \/>\n\t<meta property=\"og:image:type\" content=\"image\/png\" \/>\n<meta name=\"author\" content=\"Fannie Caron-Roy\" \/>\n<meta name=\"twitter:card\" content=\"summary_large_image\" \/>\n<meta name=\"twitter:creator\" content=\"@LePetitSeptieme\" \/>\n<meta name=\"twitter:site\" content=\"@LePetitSeptieme\" \/>\n<meta name=\"twitter:label1\" content=\"Written by\" \/>\n\t<meta name=\"twitter:data1\" content=\"Fannie Caron-Roy\" \/>\n<script type=\"application\/ld+json\" class=\"yoast-schema-graph\">{\"@context\":\"https:\/\/schema.org\",\"@graph\":[{\"@type\":\"Article\",\"@id\":\"https:\/\/lepetitseptieme.ca\/en\/2019\/10\/12\/fnc-short-films-international-competition-2\/#article\",\"isPartOf\":{\"@id\":\"https:\/\/lepetitseptieme.ca\/en\/2019\/10\/12\/fnc-short-films-international-competition-2\/\"},\"author\":{\"name\":\"Fannie Caron-Roy\",\"@id\":\"https:\/\/lepetitseptieme.ca\/en\/#\/schema\/person\/b69b741e09ef1ac0b2f445f0ff0a4ab6\"},\"headline\":\"FNC &#8211; Short Films: International Competition 2\",\"datePublished\":\"2019-10-12T10:30:41+00:00\",\"dateModified\":\"2024-07-19T16:58:38+00:00\",\"mainEntityOfPage\":{\"@id\":\"https:\/\/lepetitseptieme.ca\/en\/2019\/10\/12\/fnc-short-films-international-competition-2\/\"},\"wordCount\":56,\"commentCount\":0,\"publisher\":{\"@id\":\"https:\/\/lepetitseptieme.ca\/en\/#organization\"},\"image\":{\"@id\":\"https:\/\/lepetitseptieme.ca\/en\/2019\/10\/12\/fnc-short-films-international-competition-2\/#primaryimage\"},\"thumbnailUrl\":\"https:\/\/lepetitseptieme.ca\/wp-content\/uploads\/2019\/10\/Courts-m\u00e9trages-comp-inter-2-une.png\",\"keywords\":[\"All cats are gray in the dark\",\"Brandon Cronenberg\",\"FNC\",\"FNC 2019\",\"Gabriel Abrantes\",\"Kerli Kirch Schneider\",\"Lasse Linder\",\"Les extraordinaires m\u00e9saventures de la jeune fille de pierre\",\"Please Speak Continuously and Describe Your Experiences as They Come to You\",\"Virago\"],\"articleSection\":[\"Canadian movies\",\"Documentaries\",\"European movies\",\"Festivals coverage\"],\"inLanguage\":\"en-US\",\"potentialAction\":[{\"@type\":\"CommentAction\",\"name\":\"Comment\",\"target\":[\"https:\/\/lepetitseptieme.ca\/en\/2019\/10\/12\/fnc-short-films-international-competition-2\/#respond\"]}]},{\"@type\":\"WebPage\",\"@id\":\"https:\/\/lepetitseptieme.ca\/en\/2019\/10\/12\/fnc-short-films-international-competition-2\/\",\"url\":\"https:\/\/lepetitseptieme.ca\/en\/2019\/10\/12\/fnc-short-films-international-competition-2\/\",\"name\":\"FNC - Short Films: International Competition 2 - Le petit septi\u00e8me\",\"isPartOf\":{\"@id\":\"https:\/\/lepetitseptieme.ca\/en\/#website\"},\"primaryImageOfPage\":{\"@id\":\"https:\/\/lepetitseptieme.ca\/en\/2019\/10\/12\/fnc-short-films-international-competition-2\/#primaryimage\"},\"image\":{\"@id\":\"https:\/\/lepetitseptieme.ca\/en\/2019\/10\/12\/fnc-short-films-international-competition-2\/#primaryimage\"},\"thumbnailUrl\":\"https:\/\/lepetitseptieme.ca\/wp-content\/uploads\/2019\/10\/Courts-m\u00e9trages-comp-inter-2-une.png\",\"datePublished\":\"2019-10-12T10:30:41+00:00\",\"dateModified\":\"2024-07-19T16:58:38+00:00\",\"description\":\"Le Petit Septi\u00e8me continues its coverage of international short films in competition at the FNC with 4 other films.\",\"breadcrumb\":{\"@id\":\"https:\/\/lepetitseptieme.ca\/en\/2019\/10\/12\/fnc-short-films-international-competition-2\/#breadcrumb\"},\"inLanguage\":\"en-US\",\"potentialAction\":[{\"@type\":\"ReadAction\",\"target\":[\"https:\/\/lepetitseptieme.ca\/en\/2019\/10\/12\/fnc-short-films-international-competition-2\/\"]}]},{\"@type\":\"ImageObject\",\"inLanguage\":\"en-US\",\"@id\":\"https:\/\/lepetitseptieme.ca\/en\/2019\/10\/12\/fnc-short-films-international-competition-2\/#primaryimage\",\"url\":\"https:\/\/lepetitseptieme.ca\/wp-content\/uploads\/2019\/10\/Courts-m\u00e9trages-comp-inter-2-une.png\",\"contentUrl\":\"https:\/\/lepetitseptieme.ca\/wp-content\/uploads\/2019\/10\/Courts-m\u00e9trages-comp-inter-2-une.png\",\"width\":1920,\"height\":1080,\"caption\":\"Courts m\u00e9trages comp\u00e9tition internationale 2 - une\"},{\"@type\":\"BreadcrumbList\",\"@id\":\"https:\/\/lepetitseptieme.ca\/en\/2019\/10\/12\/fnc-short-films-international-competition-2\/#breadcrumb\",\"itemListElement\":[{\"@type\":\"ListItem\",\"position\":1,\"name\":\"Home\",\"item\":\"https:\/\/lepetitseptieme.ca\/en\/\"},{\"@type\":\"ListItem\",\"position\":2,\"name\":\"FNC &#8211; Short Films: International Competition 2\"}]},{\"@type\":\"WebSite\",\"@id\":\"https:\/\/lepetitseptieme.ca\/en\/#website\",\"url\":\"https:\/\/lepetitseptieme.ca\/en\/\",\"name\":\"Le petit septi\u00e8me\",\"description\":\"Reviews and comments on Quebec, international and author cinema\",\"publisher\":{\"@id\":\"https:\/\/lepetitseptieme.ca\/en\/#organization\"},\"potentialAction\":[{\"@type\":\"SearchAction\",\"target\":{\"@type\":\"EntryPoint\",\"urlTemplate\":\"https:\/\/lepetitseptieme.ca\/en\/?s={search_term_string}\"},\"query-input\":{\"@type\":\"PropertyValueSpecification\",\"valueRequired\":true,\"valueName\":\"search_term_string\"}}],\"inLanguage\":\"en-US\"},{\"@type\":\"Organization\",\"@id\":\"https:\/\/lepetitseptieme.ca\/en\/#organization\",\"name\":\"Le Petit Septi\u00e8me\",\"url\":\"https:\/\/lepetitseptieme.ca\/en\/\",\"logo\":{\"@type\":\"ImageObject\",\"inLanguage\":\"en-US\",\"@id\":\"https:\/\/lepetitseptieme.ca\/en\/#\/schema\/logo\/image\/\",\"url\":\"https:\/\/lepetitseptieme.ca\/wp-content\/uploads\/2016\/05\/cropped-Logo-Le-Petit-Septi\u00e8me-2016-BW.png\",\"contentUrl\":\"https:\/\/lepetitseptieme.ca\/wp-content\/uploads\/2016\/05\/cropped-Logo-Le-Petit-Septi\u00e8me-2016-BW.png\",\"width\":512,\"height\":512,\"caption\":\"Le Petit Septi\u00e8me\"},\"image\":{\"@id\":\"https:\/\/lepetitseptieme.ca\/en\/#\/schema\/logo\/image\/\"},\"sameAs\":[\"https:\/\/www.facebook.com\/pages\/Le-Petit-Septi\u00e8me\/494448933948121?ref=hl\",\"https:\/\/x.com\/LePetitSeptieme\",\"https:\/\/www.youtube.com\/channel\/UC5mdhI_jJvDN1I9fkk5RcIw\"]},{\"@type\":\"Person\",\"@id\":\"https:\/\/lepetitseptieme.ca\/en\/#\/schema\/person\/b69b741e09ef1ac0b2f445f0ff0a4ab6\",\"name\":\"Fannie Caron-Roy\",\"image\":{\"@type\":\"ImageObject\",\"inLanguage\":\"en-US\",\"@id\":\"https:\/\/lepetitseptieme.ca\/en\/#\/schema\/person\/image\/\",\"url\":\"https:\/\/secure.gravatar.com\/avatar\/389ff4113204a9f214f37cacc0f0d1033c9943fa9b47a5c445848cc29759e2a5?s=96&d=mm&r=r\",\"contentUrl\":\"https:\/\/secure.gravatar.com\/avatar\/389ff4113204a9f214f37cacc0f0d1033c9943fa9b47a5c445848cc29759e2a5?s=96&d=mm&r=r\",\"caption\":\"Fannie Caron-Roy\"},\"description\":\"Doctorante en histoire de l'art, sp\u00e9cialiste de la Renaissance et de l'image religieuse, passionn\u00e9e par tous les types d'art, dont le 7e.\",\"url\":\"https:\/\/lepetitseptieme.ca\/en\/author\/fannie\/\"}]}<\/script>\n<!-- \/ Yoast SEO plugin. -->","yoast_head_json":{"title":"FNC - Short Films: International Competition 2 - Le petit septi\u00e8me","description":"Le Petit Septi\u00e8me continues its coverage of international short films in competition at the FNC with 4 other films.","robots":{"index":"index","follow":"follow","max-snippet":"max-snippet:-1","max-image-preview":"max-image-preview:large","max-video-preview":"max-video-preview:-1"},"canonical":"https:\/\/lepetitseptieme.ca\/en\/2019\/10\/12\/fnc-short-films-international-competition-2\/","og_locale":"en_US","og_type":"article","og_title":"FNC - Short Films: International Competition 2 - Le petit septi\u00e8me","og_description":"Le Petit Septi\u00e8me poursuit sa couverture des courts m\u00e9trages internationaux en comp\u00e9tition au FNC avec 4 autres films.","og_url":"https:\/\/lepetitseptieme.ca\/en\/2019\/10\/12\/fnc-short-films-international-competition-2\/","og_site_name":"Le petit septi\u00e8me","article_publisher":"https:\/\/www.facebook.com\/pages\/Le-Petit-Septi%c3%a8me\/494448933948121?ref=hl","article_published_time":"2019-10-12T10:30:41+00:00","article_modified_time":"2024-07-19T16:58:38+00:00","og_image":[{"width":1024,"height":576,"url":"https:\/\/lepetitseptieme.ca\/wp-content\/uploads\/2019\/10\/Courts-m\u00e9trages-comp-inter-2-une-1024x576.png","type":"image\/png"}],"author":"Fannie Caron-Roy","twitter_card":"summary_large_image","twitter_creator":"@LePetitSeptieme","twitter_site":"@LePetitSeptieme","twitter_misc":{"Written by":"Fannie Caron-Roy"},"schema":{"@context":"https:\/\/schema.org","@graph":[{"@type":"Article","@id":"https:\/\/lepetitseptieme.ca\/en\/2019\/10\/12\/fnc-short-films-international-competition-2\/#article","isPartOf":{"@id":"https:\/\/lepetitseptieme.ca\/en\/2019\/10\/12\/fnc-short-films-international-competition-2\/"},"author":{"name":"Fannie Caron-Roy","@id":"https:\/\/lepetitseptieme.ca\/en\/#\/schema\/person\/b69b741e09ef1ac0b2f445f0ff0a4ab6"},"headline":"FNC &#8211; Short Films: International Competition 2","datePublished":"2019-10-12T10:30:41+00:00","dateModified":"2024-07-19T16:58:38+00:00","mainEntityOfPage":{"@id":"https:\/\/lepetitseptieme.ca\/en\/2019\/10\/12\/fnc-short-films-international-competition-2\/"},"wordCount":56,"commentCount":0,"publisher":{"@id":"https:\/\/lepetitseptieme.ca\/en\/#organization"},"image":{"@id":"https:\/\/lepetitseptieme.ca\/en\/2019\/10\/12\/fnc-short-films-international-competition-2\/#primaryimage"},"thumbnailUrl":"https:\/\/lepetitseptieme.ca\/wp-content\/uploads\/2019\/10\/Courts-m\u00e9trages-comp-inter-2-une.png","keywords":["All cats are gray in the dark","Brandon Cronenberg","FNC","FNC 2019","Gabriel Abrantes","Kerli Kirch Schneider","Lasse Linder","Les extraordinaires m\u00e9saventures de la jeune fille de pierre","Please Speak Continuously and Describe Your Experiences as They Come to You","Virago"],"articleSection":["Canadian movies","Documentaries","European movies","Festivals coverage"],"inLanguage":"en-US","potentialAction":[{"@type":"CommentAction","name":"Comment","target":["https:\/\/lepetitseptieme.ca\/en\/2019\/10\/12\/fnc-short-films-international-competition-2\/#respond"]}]},{"@type":"WebPage","@id":"https:\/\/lepetitseptieme.ca\/en\/2019\/10\/12\/fnc-short-films-international-competition-2\/","url":"https:\/\/lepetitseptieme.ca\/en\/2019\/10\/12\/fnc-short-films-international-competition-2\/","name":"FNC - Short Films: International Competition 2 - Le petit septi\u00e8me","isPartOf":{"@id":"https:\/\/lepetitseptieme.ca\/en\/#website"},"primaryImageOfPage":{"@id":"https:\/\/lepetitseptieme.ca\/en\/2019\/10\/12\/fnc-short-films-international-competition-2\/#primaryimage"},"image":{"@id":"https:\/\/lepetitseptieme.ca\/en\/2019\/10\/12\/fnc-short-films-international-competition-2\/#primaryimage"},"thumbnailUrl":"https:\/\/lepetitseptieme.ca\/wp-content\/uploads\/2019\/10\/Courts-m\u00e9trages-comp-inter-2-une.png","datePublished":"2019-10-12T10:30:41+00:00","dateModified":"2024-07-19T16:58:38+00:00","description":"Le Petit Septi\u00e8me continues its coverage of international short films in competition at the FNC with 4 other films.","breadcrumb":{"@id":"https:\/\/lepetitseptieme.ca\/en\/2019\/10\/12\/fnc-short-films-international-competition-2\/#breadcrumb"},"inLanguage":"en-US","potentialAction":[{"@type":"ReadAction","target":["https:\/\/lepetitseptieme.ca\/en\/2019\/10\/12\/fnc-short-films-international-competition-2\/"]}]},{"@type":"ImageObject","inLanguage":"en-US","@id":"https:\/\/lepetitseptieme.ca\/en\/2019\/10\/12\/fnc-short-films-international-competition-2\/#primaryimage","url":"https:\/\/lepetitseptieme.ca\/wp-content\/uploads\/2019\/10\/Courts-m\u00e9trages-comp-inter-2-une.png","contentUrl":"https:\/\/lepetitseptieme.ca\/wp-content\/uploads\/2019\/10\/Courts-m\u00e9trages-comp-inter-2-une.png","width":1920,"height":1080,"caption":"Courts m\u00e9trages comp\u00e9tition internationale 2 - une"},{"@type":"BreadcrumbList","@id":"https:\/\/lepetitseptieme.ca\/en\/2019\/10\/12\/fnc-short-films-international-competition-2\/#breadcrumb","itemListElement":[{"@type":"ListItem","position":1,"name":"Home","item":"https:\/\/lepetitseptieme.ca\/en\/"},{"@type":"ListItem","position":2,"name":"FNC &#8211; Short Films: International Competition 2"}]},{"@type":"WebSite","@id":"https:\/\/lepetitseptieme.ca\/en\/#website","url":"https:\/\/lepetitseptieme.ca\/en\/","name":"Le petit septi\u00e8me","description":"Reviews and comments on Quebec, international and author cinema","publisher":{"@id":"https:\/\/lepetitseptieme.ca\/en\/#organization"},"potentialAction":[{"@type":"SearchAction","target":{"@type":"EntryPoint","urlTemplate":"https:\/\/lepetitseptieme.ca\/en\/?s={search_term_string}"},"query-input":{"@type":"PropertyValueSpecification","valueRequired":true,"valueName":"search_term_string"}}],"inLanguage":"en-US"},{"@type":"Organization","@id":"https:\/\/lepetitseptieme.ca\/en\/#organization","name":"Le Petit Septi\u00e8me","url":"https:\/\/lepetitseptieme.ca\/en\/","logo":{"@type":"ImageObject","inLanguage":"en-US","@id":"https:\/\/lepetitseptieme.ca\/en\/#\/schema\/logo\/image\/","url":"https:\/\/lepetitseptieme.ca\/wp-content\/uploads\/2016\/05\/cropped-Logo-Le-Petit-Septi\u00e8me-2016-BW.png","contentUrl":"https:\/\/lepetitseptieme.ca\/wp-content\/uploads\/2016\/05\/cropped-Logo-Le-Petit-Septi\u00e8me-2016-BW.png","width":512,"height":512,"caption":"Le Petit Septi\u00e8me"},"image":{"@id":"https:\/\/lepetitseptieme.ca\/en\/#\/schema\/logo\/image\/"},"sameAs":["https:\/\/www.facebook.com\/pages\/Le-Petit-Septi\u00e8me\/494448933948121?ref=hl","https:\/\/x.com\/LePetitSeptieme","https:\/\/www.youtube.com\/channel\/UC5mdhI_jJvDN1I9fkk5RcIw"]},{"@type":"Person","@id":"https:\/\/lepetitseptieme.ca\/en\/#\/schema\/person\/b69b741e09ef1ac0b2f445f0ff0a4ab6","name":"Fannie Caron-Roy","image":{"@type":"ImageObject","inLanguage":"en-US","@id":"https:\/\/lepetitseptieme.ca\/en\/#\/schema\/person\/image\/","url":"https:\/\/secure.gravatar.com\/avatar\/389ff4113204a9f214f37cacc0f0d1033c9943fa9b47a5c445848cc29759e2a5?s=96&d=mm&r=r","contentUrl":"https:\/\/secure.gravatar.com\/avatar\/389ff4113204a9f214f37cacc0f0d1033c9943fa9b47a5c445848cc29759e2a5?s=96&d=mm&r=r","caption":"Fannie Caron-Roy"},"description":"Doctorante en histoire de l'art, sp\u00e9cialiste de la Renaissance et de l'image religieuse, passionn\u00e9e par tous les types d'art, dont le 7e.","url":"https:\/\/lepetitseptieme.ca\/en\/author\/fannie\/"}]}},"_links":{"self":[{"href":"https:\/\/lepetitseptieme.ca\/en\/wp-json\/wp\/v2\/posts\/10371","targetHints":{"allow":["GET"]}}],"collection":[{"href":"https:\/\/lepetitseptieme.ca\/en\/wp-json\/wp\/v2\/posts"}],"about":[{"href":"https:\/\/lepetitseptieme.ca\/en\/wp-json\/wp\/v2\/types\/post"}],"author":[{"embeddable":true,"href":"https:\/\/lepetitseptieme.ca\/en\/wp-json\/wp\/v2\/users\/13"}],"replies":[{"embeddable":true,"href":"https:\/\/lepetitseptieme.ca\/en\/wp-json\/wp\/v2\/comments?post=10371"}],"version-history":[{"count":1,"href":"https:\/\/lepetitseptieme.ca\/en\/wp-json\/wp\/v2\/posts\/10371\/revisions"}],"predecessor-version":[{"id":46253,"href":"https:\/\/lepetitseptieme.ca\/en\/wp-json\/wp\/v2\/posts\/10371\/revisions\/46253"}],"wp:featuredmedia":[{"embeddable":true,"href":"https:\/\/lepetitseptieme.ca\/en\/wp-json\/wp\/v2\/media\/10363"}],"wp:attachment":[{"href":"https:\/\/lepetitseptieme.ca\/en\/wp-json\/wp\/v2\/media?parent=10371"}],"wp:term":[{"taxonomy":"category","embeddable":true,"href":"https:\/\/lepetitseptieme.ca\/en\/wp-json\/wp\/v2\/categories?post=10371"},{"taxonomy":"post_tag","embeddable":true,"href":"https:\/\/lepetitseptieme.ca\/en\/wp-json\/wp\/v2\/tags?post=10371"}],"curies":[{"name":"wp","href":"https:\/\/api.w.org\/{rel}","templated":true}]}}