{"id":10198,"date":"2019-09-28T06:30:35","date_gmt":"2019-09-28T10:30:35","guid":{"rendered":"https:\/\/lepetitseptieme.ca\/?p=10198"},"modified":"2024-07-22T11:44:26","modified_gmt":"2024-07-22T15:44:26","slug":"on-air-the-voice-of-the-voiceless-ones","status":"publish","type":"post","link":"https:\/\/lepetitseptieme.ca\/en\/2019\/09\/28\/on-air-the-voice-of-the-voiceless-ones\/","title":{"rendered":"On Air \u2013 The Voice of the Voiceless Ones"},"content":{"rendered":"<p><span style=\"font-weight: 400;\"><img loading=\"lazy\" decoding=\"async\" class=\"alignleft wp-image-10189\" src=\"https:\/\/lepetitseptieme.ca\/wp-content\/uploads\/2019\/09\/On-air-affiche-207x300.jpg\" alt=\"On air - poster\" width=\"150\" height=\"217\" srcset=\"https:\/\/lepetitseptieme.ca\/wp-content\/uploads\/2019\/09\/On-air-affiche-207x300.jpg 207w, https:\/\/lepetitseptieme.ca\/wp-content\/uploads\/2019\/09\/On-air-affiche.jpg 268w\" sizes=\"auto, (max-width: 150px) 100vw, 150px\" \/>Why is this article not available in English?<\/span><\/p>\n<p><span style=\"font-weight: 400;\">Unfortunately, we do not have the necessary financial support to provide a good translation of each of our texts.<\/span><\/p>\n<p><span style=\"font-weight: 400;\">Support us by purchasing one of <\/span><a href=\"https:\/\/lepetitseptieme.ca\/en\/store\/\"><span style=\"font-weight: 400;\">our products<\/span><\/a><span style=\"font-weight: 400;\"> or with <\/span><a href=\"https:\/\/lepetitseptieme.ca\/en\/produit\/donation\/\"><span style=\"font-weight: 400;\">a $1 donation<\/span><\/a><span style=\"font-weight: 400;\"> so we can make it!<\/span><\/p>\n<p><span style=\"font-weight: 400;\">You can still watch the trailer&#8230;<\/span><\/p>\n<p>&nbsp;<\/p>\n<p><iframe loading=\"lazy\" src=\"\/\/player.vimeo.com\/video\/312114803?title=0&amp;byline=0&amp;portrait=0&amp;color=8dc7dc\" width=\"425\" height=\"350\" allowfullscreen=\"allowfullscreen\"><\/iframe><\/p>\n","protected":false},"excerpt":{"rendered":"<p>Why is this article not available in English? Unfortunately, we do not have the necessary financial support to provide a good translation of each of our texts. Support us by purchasing one of our products or with a $1 donation so we can make it! You can still watch the trailer&#8230; &nbsp;<\/p>\n","protected":false},"author":8,"featured_media":10190,"comment_status":"open","ping_status":"open","sticky":false,"template":"","format":"standard","meta":{"_acf_changed":false,"site-sidebar-layout":"default","site-content-layout":"","ast-site-content-layout":"default","site-content-style":"default","site-sidebar-style":"default","ast-global-header-display":"","ast-banner-title-visibility":"","ast-main-header-display":"","ast-hfb-above-header-display":"","ast-hfb-below-header-display":"","ast-hfb-mobile-header-display":"","site-post-title":"","ast-breadcrumbs-content":"","ast-featured-img":"","footer-sml-layout":"","ast-disable-related-posts":"","theme-transparent-header-meta":"","adv-header-id-meta":"","stick-header-meta":"","header-above-stick-meta":"","header-main-stick-meta":"","header-below-stick-meta":"","astra-migrate-meta-layouts":"default","ast-page-background-enabled":"default","ast-page-background-meta":{"desktop":{"background-color":"var(--ast-global-color-4)","background-image":"","background-repeat":"repeat","background-position":"center center","background-size":"auto","background-attachment":"scroll","background-type":"","background-media":"","overlay-type":"","overlay-color":"","overlay-opacity":"","overlay-gradient":""},"tablet":{"background-color":"","background-image":"","background-repeat":"repeat","background-position":"center center","background-size":"auto","background-attachment":"scroll","background-type":"","background-media":"","overlay-type":"","overlay-color":"","overlay-opacity":"","overlay-gradient":""},"mobile":{"background-color":"","background-image":"","background-repeat":"repeat","background-position":"center center","background-size":"auto","background-attachment":"scroll","background-type":"","background-media":"","overlay-type":"","overlay-color":"","overlay-opacity":"","overlay-gradient":""}},"ast-content-background-meta":{"desktop":{"background-color":"var(--ast-global-color-5)","background-image":"","background-repeat":"repeat","background-position":"center center","background-size":"auto","background-attachment":"scroll","background-type":"","background-media":"","overlay-type":"","overlay-color":"","overlay-opacity":"","overlay-gradient":""},"tablet":{"background-color":"var(--ast-global-color-5)","background-image":"","background-repeat":"repeat","background-position":"center center","background-size":"auto","background-attachment":"scroll","background-type":"","background-media":"","overlay-type":"","overlay-color":"","overlay-opacity":"","overlay-gradient":""},"mobile":{"background-color":"var(--ast-global-color-5)","background-image":"","background-repeat":"repeat","background-position":"center center","background-size":"auto","background-attachment":"scroll","background-type":"","background-media":"","overlay-type":"","overlay-color":"","overlay-opacity":"","overlay-gradient":""}},"footnotes":""},"categories":[5440,5574,20833],"tags":[9151,9153,9155,6175,9157,9101,9128,9159,9161],"class_list":["post-10198","post","type-post","status-publish","format-standard","has-post-thumbnail","hentry","category-documentaries","category-european-films","category-festivals-coverage","tag-african-public-radio","tag-bob-rugurika-en","tag-burundi-en","tag-democracy","tag-manno-lanssens-en","tag-mibff","tag-mibff-2019","tag-pierre-nkurunziza-en","tag-rpa-en"],"acf":[],"yoast_head":"<!-- This site is optimized with the Yoast SEO plugin v27.1.1 - https:\/\/yoast.com\/product\/yoast-seo-wordpress\/ -->\n<title>On Air \u2013 The Voice of the Voiceless Ones - Le petit septi\u00e8me<\/title>\n<meta name=\"description\" content=\"This documentary-reality shows us the street assaulted by Bob&#039;s supporters who want to make sure that President Nkurunziza does not seek a third term, which would contravene the country&#039;s constitution. With this film, Manno Lanssens sheds light on the radio RPA, which is nicknamed \u201cThe voice of the voiceless\u201d.\" \/>\n<meta name=\"robots\" content=\"index, follow, max-snippet:-1, max-image-preview:large, max-video-preview:-1\" \/>\n<link rel=\"canonical\" href=\"https:\/\/lepetitseptieme.ca\/en\/2019\/09\/28\/on-air-the-voice-of-the-voiceless-ones\/\" \/>\n<meta property=\"og:locale\" content=\"en_US\" \/>\n<meta property=\"og:type\" content=\"article\" \/>\n<meta property=\"og:title\" content=\"On Air \u2013 The Voice of the Voiceless Ones - Le petit septi\u00e8me\" \/>\n<meta property=\"og:description\" content=\"Ce documentaire-r\u00e9alit\u00e9 nous montre la rue prise d\u2019assaut par les partisans de Bob qui veulent s\u2019assurer que le pr\u00e9sident Nkurunziza ne brigue pas un troisi\u00e8me mandat, ce qui contreviendrait \u00e0 la constitution du pays. Avec ce film, Manno Lanssens met la lumi\u00e8re sur la radio RPA, que l\u2019on surnomme \u00ab La voix des sans voix \u00bb.\" \/>\n<meta property=\"og:url\" content=\"https:\/\/lepetitseptieme.ca\/en\/2019\/09\/28\/on-air-the-voice-of-the-voiceless-ones\/\" \/>\n<meta property=\"og:site_name\" content=\"Le petit septi\u00e8me\" \/>\n<meta property=\"article:publisher\" content=\"https:\/\/www.facebook.com\/pages\/Le-Petit-Septi%c3%a8me\/494448933948121?ref=hl\" \/>\n<meta property=\"article:published_time\" content=\"2019-09-28T10:30:35+00:00\" \/>\n<meta property=\"article:modified_time\" content=\"2024-07-22T15:44:26+00:00\" \/>\n<meta property=\"og:image\" content=\"https:\/\/lepetitseptieme.ca\/wp-content\/uploads\/2019\/09\/On-air-une.jpg\" \/>\n\t<meta property=\"og:image:width\" content=\"1920\" \/>\n\t<meta property=\"og:image:height\" content=\"1080\" \/>\n\t<meta property=\"og:image:type\" content=\"image\/jpeg\" \/>\n<meta name=\"author\" content=\"Denis Lambert\" \/>\n<meta name=\"twitter:card\" content=\"summary_large_image\" \/>\n<meta name=\"twitter:creator\" content=\"@LePetitSeptieme\" \/>\n<meta name=\"twitter:site\" content=\"@LePetitSeptieme\" \/>\n<meta name=\"twitter:label1\" content=\"Written by\" \/>\n\t<meta name=\"twitter:data1\" content=\"Denis Lambert\" \/>\n<script type=\"application\/ld+json\" class=\"yoast-schema-graph\">{\"@context\":\"https:\/\/schema.org\",\"@graph\":[{\"@type\":\"Article\",\"@id\":\"https:\/\/lepetitseptieme.ca\/en\/2019\/09\/28\/on-air-the-voice-of-the-voiceless-ones\/#article\",\"isPartOf\":{\"@id\":\"https:\/\/lepetitseptieme.ca\/en\/2019\/09\/28\/on-air-the-voice-of-the-voiceless-ones\/\"},\"author\":{\"name\":\"Denis Lambert\",\"@id\":\"https:\/\/lepetitseptieme.ca\/en\/#\/schema\/person\/3a16282a5ac9f5dc19808130fc20758e\"},\"headline\":\"On Air \u2013 The Voice of the Voiceless Ones\",\"datePublished\":\"2019-09-28T10:30:35+00:00\",\"dateModified\":\"2024-07-22T15:44:26+00:00\",\"mainEntityOfPage\":{\"@id\":\"https:\/\/lepetitseptieme.ca\/en\/2019\/09\/28\/on-air-the-voice-of-the-voiceless-ones\/\"},\"wordCount\":59,\"commentCount\":0,\"publisher\":{\"@id\":\"https:\/\/lepetitseptieme.ca\/en\/#organization\"},\"image\":{\"@id\":\"https:\/\/lepetitseptieme.ca\/en\/2019\/09\/28\/on-air-the-voice-of-the-voiceless-ones\/#primaryimage\"},\"thumbnailUrl\":\"https:\/\/lepetitseptieme.ca\/wp-content\/uploads\/2019\/09\/On-air-une.jpg\",\"keywords\":[\"African Public Radio\",\"Bob Rugurika\",\"Burundi\",\"Democracy\",\"Manno Lanssens\",\"MIBFF\",\"MIBFF 2019\",\"Pierre Nkurunziza\",\"RPA\"],\"articleSection\":[\"Documentaries\",\"European movies\",\"Festivals coverage\"],\"inLanguage\":\"en-US\",\"potentialAction\":[{\"@type\":\"CommentAction\",\"name\":\"Comment\",\"target\":[\"https:\/\/lepetitseptieme.ca\/en\/2019\/09\/28\/on-air-the-voice-of-the-voiceless-ones\/#respond\"]}]},{\"@type\":\"WebPage\",\"@id\":\"https:\/\/lepetitseptieme.ca\/en\/2019\/09\/28\/on-air-the-voice-of-the-voiceless-ones\/\",\"url\":\"https:\/\/lepetitseptieme.ca\/en\/2019\/09\/28\/on-air-the-voice-of-the-voiceless-ones\/\",\"name\":\"On Air \u2013 The Voice of the Voiceless Ones - Le petit septi\u00e8me\",\"isPartOf\":{\"@id\":\"https:\/\/lepetitseptieme.ca\/en\/#website\"},\"primaryImageOfPage\":{\"@id\":\"https:\/\/lepetitseptieme.ca\/en\/2019\/09\/28\/on-air-the-voice-of-the-voiceless-ones\/#primaryimage\"},\"image\":{\"@id\":\"https:\/\/lepetitseptieme.ca\/en\/2019\/09\/28\/on-air-the-voice-of-the-voiceless-ones\/#primaryimage\"},\"thumbnailUrl\":\"https:\/\/lepetitseptieme.ca\/wp-content\/uploads\/2019\/09\/On-air-une.jpg\",\"datePublished\":\"2019-09-28T10:30:35+00:00\",\"dateModified\":\"2024-07-22T15:44:26+00:00\",\"description\":\"This documentary-reality shows us the street assaulted by Bob's supporters who want to make sure that President Nkurunziza does not seek a third term, which would contravene the country's constitution. With this film, Manno Lanssens sheds light on the radio RPA, which is nicknamed \u201cThe voice of the voiceless\u201d.\",\"breadcrumb\":{\"@id\":\"https:\/\/lepetitseptieme.ca\/en\/2019\/09\/28\/on-air-the-voice-of-the-voiceless-ones\/#breadcrumb\"},\"inLanguage\":\"en-US\",\"potentialAction\":[{\"@type\":\"ReadAction\",\"target\":[\"https:\/\/lepetitseptieme.ca\/en\/2019\/09\/28\/on-air-the-voice-of-the-voiceless-ones\/\"]}]},{\"@type\":\"ImageObject\",\"inLanguage\":\"en-US\",\"@id\":\"https:\/\/lepetitseptieme.ca\/en\/2019\/09\/28\/on-air-the-voice-of-the-voiceless-ones\/#primaryimage\",\"url\":\"https:\/\/lepetitseptieme.ca\/wp-content\/uploads\/2019\/09\/On-air-une.jpg\",\"contentUrl\":\"https:\/\/lepetitseptieme.ca\/wp-content\/uploads\/2019\/09\/On-air-une.jpg\",\"width\":1920,\"height\":1080,\"caption\":\"On air - une\"},{\"@type\":\"BreadcrumbList\",\"@id\":\"https:\/\/lepetitseptieme.ca\/en\/2019\/09\/28\/on-air-the-voice-of-the-voiceless-ones\/#breadcrumb\",\"itemListElement\":[{\"@type\":\"ListItem\",\"position\":1,\"name\":\"Home\",\"item\":\"https:\/\/lepetitseptieme.ca\/en\/\"},{\"@type\":\"ListItem\",\"position\":2,\"name\":\"On Air \u2013 The Voice of the Voiceless Ones\"}]},{\"@type\":\"WebSite\",\"@id\":\"https:\/\/lepetitseptieme.ca\/en\/#website\",\"url\":\"https:\/\/lepetitseptieme.ca\/en\/\",\"name\":\"Le petit septi\u00e8me\",\"description\":\"Reviews and comments on Quebec, international and author cinema\",\"publisher\":{\"@id\":\"https:\/\/lepetitseptieme.ca\/en\/#organization\"},\"potentialAction\":[{\"@type\":\"SearchAction\",\"target\":{\"@type\":\"EntryPoint\",\"urlTemplate\":\"https:\/\/lepetitseptieme.ca\/en\/?s={search_term_string}\"},\"query-input\":{\"@type\":\"PropertyValueSpecification\",\"valueRequired\":true,\"valueName\":\"search_term_string\"}}],\"inLanguage\":\"en-US\"},{\"@type\":\"Organization\",\"@id\":\"https:\/\/lepetitseptieme.ca\/en\/#organization\",\"name\":\"Le Petit Septi\u00e8me\",\"url\":\"https:\/\/lepetitseptieme.ca\/en\/\",\"logo\":{\"@type\":\"ImageObject\",\"inLanguage\":\"en-US\",\"@id\":\"https:\/\/lepetitseptieme.ca\/en\/#\/schema\/logo\/image\/\",\"url\":\"https:\/\/lepetitseptieme.ca\/wp-content\/uploads\/2016\/05\/cropped-Logo-Le-Petit-Septi\u00e8me-2016-BW.png\",\"contentUrl\":\"https:\/\/lepetitseptieme.ca\/wp-content\/uploads\/2016\/05\/cropped-Logo-Le-Petit-Septi\u00e8me-2016-BW.png\",\"width\":512,\"height\":512,\"caption\":\"Le Petit Septi\u00e8me\"},\"image\":{\"@id\":\"https:\/\/lepetitseptieme.ca\/en\/#\/schema\/logo\/image\/\"},\"sameAs\":[\"https:\/\/www.facebook.com\/pages\/Le-Petit-Septi\u00e8me\/494448933948121?ref=hl\",\"https:\/\/x.com\/LePetitSeptieme\",\"https:\/\/www.youtube.com\/channel\/UC5mdhI_jJvDN1I9fkk5RcIw\"]},{\"@type\":\"Person\",\"@id\":\"https:\/\/lepetitseptieme.ca\/en\/#\/schema\/person\/3a16282a5ac9f5dc19808130fc20758e\",\"name\":\"Denis Lambert\",\"image\":{\"@type\":\"ImageObject\",\"inLanguage\":\"en-US\",\"@id\":\"https:\/\/lepetitseptieme.ca\/en\/#\/schema\/person\/image\/\",\"url\":\"https:\/\/secure.gravatar.com\/avatar\/289da06dc08306df218163ef7761ee5d7e73d198f8e1201fa2ce1d6688cd7d1c?s=96&d=mm&r=r\",\"contentUrl\":\"https:\/\/secure.gravatar.com\/avatar\/289da06dc08306df218163ef7761ee5d7e73d198f8e1201fa2ce1d6688cd7d1c?s=96&d=mm&r=r\",\"caption\":\"Denis Lambert\"},\"description\":\"D\u00e9tenteur d'un baccalaur\u00e9at en arts et en psycho, amateur de cin\u00e9ma depuis toujours (surtout fran\u00e7ais), professeur d'arts visuels et bon voyageur.\",\"url\":\"https:\/\/lepetitseptieme.ca\/en\/author\/denis\/\"}]}<\/script>\n<!-- \/ Yoast SEO plugin. -->","yoast_head_json":{"title":"On Air \u2013 The Voice of the Voiceless Ones - Le petit septi\u00e8me","description":"This documentary-reality shows us the street assaulted by Bob's supporters who want to make sure that President Nkurunziza does not seek a third term, which would contravene the country's constitution. With this film, Manno Lanssens sheds light on the radio RPA, which is nicknamed \u201cThe voice of the voiceless\u201d.","robots":{"index":"index","follow":"follow","max-snippet":"max-snippet:-1","max-image-preview":"max-image-preview:large","max-video-preview":"max-video-preview:-1"},"canonical":"https:\/\/lepetitseptieme.ca\/en\/2019\/09\/28\/on-air-the-voice-of-the-voiceless-ones\/","og_locale":"en_US","og_type":"article","og_title":"On Air \u2013 The Voice of the Voiceless Ones - Le petit septi\u00e8me","og_description":"Ce documentaire-r\u00e9alit\u00e9 nous montre la rue prise d\u2019assaut par les partisans de Bob qui veulent s\u2019assurer que le pr\u00e9sident Nkurunziza ne brigue pas un troisi\u00e8me mandat, ce qui contreviendrait \u00e0 la constitution du pays. Avec ce film, Manno Lanssens met la lumi\u00e8re sur la radio RPA, que l\u2019on surnomme \u00ab La voix des sans voix \u00bb.","og_url":"https:\/\/lepetitseptieme.ca\/en\/2019\/09\/28\/on-air-the-voice-of-the-voiceless-ones\/","og_site_name":"Le petit septi\u00e8me","article_publisher":"https:\/\/www.facebook.com\/pages\/Le-Petit-Septi%c3%a8me\/494448933948121?ref=hl","article_published_time":"2019-09-28T10:30:35+00:00","article_modified_time":"2024-07-22T15:44:26+00:00","og_image":[{"width":1920,"height":1080,"url":"https:\/\/lepetitseptieme.ca\/wp-content\/uploads\/2019\/09\/On-air-une.jpg","type":"image\/jpeg"}],"author":"Denis Lambert","twitter_card":"summary_large_image","twitter_creator":"@LePetitSeptieme","twitter_site":"@LePetitSeptieme","twitter_misc":{"Written by":"Denis Lambert"},"schema":{"@context":"https:\/\/schema.org","@graph":[{"@type":"Article","@id":"https:\/\/lepetitseptieme.ca\/en\/2019\/09\/28\/on-air-the-voice-of-the-voiceless-ones\/#article","isPartOf":{"@id":"https:\/\/lepetitseptieme.ca\/en\/2019\/09\/28\/on-air-the-voice-of-the-voiceless-ones\/"},"author":{"name":"Denis Lambert","@id":"https:\/\/lepetitseptieme.ca\/en\/#\/schema\/person\/3a16282a5ac9f5dc19808130fc20758e"},"headline":"On Air \u2013 The Voice of the Voiceless Ones","datePublished":"2019-09-28T10:30:35+00:00","dateModified":"2024-07-22T15:44:26+00:00","mainEntityOfPage":{"@id":"https:\/\/lepetitseptieme.ca\/en\/2019\/09\/28\/on-air-the-voice-of-the-voiceless-ones\/"},"wordCount":59,"commentCount":0,"publisher":{"@id":"https:\/\/lepetitseptieme.ca\/en\/#organization"},"image":{"@id":"https:\/\/lepetitseptieme.ca\/en\/2019\/09\/28\/on-air-the-voice-of-the-voiceless-ones\/#primaryimage"},"thumbnailUrl":"https:\/\/lepetitseptieme.ca\/wp-content\/uploads\/2019\/09\/On-air-une.jpg","keywords":["African Public Radio","Bob Rugurika","Burundi","Democracy","Manno Lanssens","MIBFF","MIBFF 2019","Pierre Nkurunziza","RPA"],"articleSection":["Documentaries","European movies","Festivals coverage"],"inLanguage":"en-US","potentialAction":[{"@type":"CommentAction","name":"Comment","target":["https:\/\/lepetitseptieme.ca\/en\/2019\/09\/28\/on-air-the-voice-of-the-voiceless-ones\/#respond"]}]},{"@type":"WebPage","@id":"https:\/\/lepetitseptieme.ca\/en\/2019\/09\/28\/on-air-the-voice-of-the-voiceless-ones\/","url":"https:\/\/lepetitseptieme.ca\/en\/2019\/09\/28\/on-air-the-voice-of-the-voiceless-ones\/","name":"On Air \u2013 The Voice of the Voiceless Ones - Le petit septi\u00e8me","isPartOf":{"@id":"https:\/\/lepetitseptieme.ca\/en\/#website"},"primaryImageOfPage":{"@id":"https:\/\/lepetitseptieme.ca\/en\/2019\/09\/28\/on-air-the-voice-of-the-voiceless-ones\/#primaryimage"},"image":{"@id":"https:\/\/lepetitseptieme.ca\/en\/2019\/09\/28\/on-air-the-voice-of-the-voiceless-ones\/#primaryimage"},"thumbnailUrl":"https:\/\/lepetitseptieme.ca\/wp-content\/uploads\/2019\/09\/On-air-une.jpg","datePublished":"2019-09-28T10:30:35+00:00","dateModified":"2024-07-22T15:44:26+00:00","description":"This documentary-reality shows us the street assaulted by Bob's supporters who want to make sure that President Nkurunziza does not seek a third term, which would contravene the country's constitution. With this film, Manno Lanssens sheds light on the radio RPA, which is nicknamed \u201cThe voice of the voiceless\u201d.","breadcrumb":{"@id":"https:\/\/lepetitseptieme.ca\/en\/2019\/09\/28\/on-air-the-voice-of-the-voiceless-ones\/#breadcrumb"},"inLanguage":"en-US","potentialAction":[{"@type":"ReadAction","target":["https:\/\/lepetitseptieme.ca\/en\/2019\/09\/28\/on-air-the-voice-of-the-voiceless-ones\/"]}]},{"@type":"ImageObject","inLanguage":"en-US","@id":"https:\/\/lepetitseptieme.ca\/en\/2019\/09\/28\/on-air-the-voice-of-the-voiceless-ones\/#primaryimage","url":"https:\/\/lepetitseptieme.ca\/wp-content\/uploads\/2019\/09\/On-air-une.jpg","contentUrl":"https:\/\/lepetitseptieme.ca\/wp-content\/uploads\/2019\/09\/On-air-une.jpg","width":1920,"height":1080,"caption":"On air - une"},{"@type":"BreadcrumbList","@id":"https:\/\/lepetitseptieme.ca\/en\/2019\/09\/28\/on-air-the-voice-of-the-voiceless-ones\/#breadcrumb","itemListElement":[{"@type":"ListItem","position":1,"name":"Home","item":"https:\/\/lepetitseptieme.ca\/en\/"},{"@type":"ListItem","position":2,"name":"On Air \u2013 The Voice of the Voiceless Ones"}]},{"@type":"WebSite","@id":"https:\/\/lepetitseptieme.ca\/en\/#website","url":"https:\/\/lepetitseptieme.ca\/en\/","name":"Le petit septi\u00e8me","description":"Reviews and comments on Quebec, international and author cinema","publisher":{"@id":"https:\/\/lepetitseptieme.ca\/en\/#organization"},"potentialAction":[{"@type":"SearchAction","target":{"@type":"EntryPoint","urlTemplate":"https:\/\/lepetitseptieme.ca\/en\/?s={search_term_string}"},"query-input":{"@type":"PropertyValueSpecification","valueRequired":true,"valueName":"search_term_string"}}],"inLanguage":"en-US"},{"@type":"Organization","@id":"https:\/\/lepetitseptieme.ca\/en\/#organization","name":"Le Petit Septi\u00e8me","url":"https:\/\/lepetitseptieme.ca\/en\/","logo":{"@type":"ImageObject","inLanguage":"en-US","@id":"https:\/\/lepetitseptieme.ca\/en\/#\/schema\/logo\/image\/","url":"https:\/\/lepetitseptieme.ca\/wp-content\/uploads\/2016\/05\/cropped-Logo-Le-Petit-Septi\u00e8me-2016-BW.png","contentUrl":"https:\/\/lepetitseptieme.ca\/wp-content\/uploads\/2016\/05\/cropped-Logo-Le-Petit-Septi\u00e8me-2016-BW.png","width":512,"height":512,"caption":"Le Petit Septi\u00e8me"},"image":{"@id":"https:\/\/lepetitseptieme.ca\/en\/#\/schema\/logo\/image\/"},"sameAs":["https:\/\/www.facebook.com\/pages\/Le-Petit-Septi\u00e8me\/494448933948121?ref=hl","https:\/\/x.com\/LePetitSeptieme","https:\/\/www.youtube.com\/channel\/UC5mdhI_jJvDN1I9fkk5RcIw"]},{"@type":"Person","@id":"https:\/\/lepetitseptieme.ca\/en\/#\/schema\/person\/3a16282a5ac9f5dc19808130fc20758e","name":"Denis Lambert","image":{"@type":"ImageObject","inLanguage":"en-US","@id":"https:\/\/lepetitseptieme.ca\/en\/#\/schema\/person\/image\/","url":"https:\/\/secure.gravatar.com\/avatar\/289da06dc08306df218163ef7761ee5d7e73d198f8e1201fa2ce1d6688cd7d1c?s=96&d=mm&r=r","contentUrl":"https:\/\/secure.gravatar.com\/avatar\/289da06dc08306df218163ef7761ee5d7e73d198f8e1201fa2ce1d6688cd7d1c?s=96&d=mm&r=r","caption":"Denis Lambert"},"description":"D\u00e9tenteur d'un baccalaur\u00e9at en arts et en psycho, amateur de cin\u00e9ma depuis toujours (surtout fran\u00e7ais), professeur d'arts visuels et bon voyageur.","url":"https:\/\/lepetitseptieme.ca\/en\/author\/denis\/"}]}},"_links":{"self":[{"href":"https:\/\/lepetitseptieme.ca\/en\/wp-json\/wp\/v2\/posts\/10198","targetHints":{"allow":["GET"]}}],"collection":[{"href":"https:\/\/lepetitseptieme.ca\/en\/wp-json\/wp\/v2\/posts"}],"about":[{"href":"https:\/\/lepetitseptieme.ca\/en\/wp-json\/wp\/v2\/types\/post"}],"author":[{"embeddable":true,"href":"https:\/\/lepetitseptieme.ca\/en\/wp-json\/wp\/v2\/users\/8"}],"replies":[{"embeddable":true,"href":"https:\/\/lepetitseptieme.ca\/en\/wp-json\/wp\/v2\/comments?post=10198"}],"version-history":[{"count":1,"href":"https:\/\/lepetitseptieme.ca\/en\/wp-json\/wp\/v2\/posts\/10198\/revisions"}],"predecessor-version":[{"id":46329,"href":"https:\/\/lepetitseptieme.ca\/en\/wp-json\/wp\/v2\/posts\/10198\/revisions\/46329"}],"wp:featuredmedia":[{"embeddable":true,"href":"https:\/\/lepetitseptieme.ca\/en\/wp-json\/wp\/v2\/media\/10190"}],"wp:attachment":[{"href":"https:\/\/lepetitseptieme.ca\/en\/wp-json\/wp\/v2\/media?parent=10198"}],"wp:term":[{"taxonomy":"category","embeddable":true,"href":"https:\/\/lepetitseptieme.ca\/en\/wp-json\/wp\/v2\/categories?post=10198"},{"taxonomy":"post_tag","embeddable":true,"href":"https:\/\/lepetitseptieme.ca\/en\/wp-json\/wp\/v2\/tags?post=10198"}],"curies":[{"name":"wp","href":"https:\/\/api.w.org\/{rel}","templated":true}]}}